{"id":41270,"date":"2022-09-04T13:00:11","date_gmt":"2022-09-04T11:00:11","guid":{"rendered":"https:\/\/2022.fim-6days.com\/?p=41270"},"modified":"2022-09-03T19:03:11","modified_gmt":"2022-09-03T17:03:11","slug":"largentine-prete-a-accueillir-les-fim-isde-en-2023","status":"publish","type":"post","link":"https:\/\/2022.fim-6days.com\/fr\/largentine-prete-a-accueillir-les-fim-isde-en-2023\/","title":{"rendered":"L&rsquo;Argentine pr\u00eate \u00e0 accueillir les FIM ISDE en 2023!"},"content":{"rendered":"<div class=\"fusion-fullwidth fullwidth-box fusion-builder-row-1 fusion-flex-container nonhundred-percent-fullwidth non-hundred-percent-height-scrolling\" style=\"--awb-border-radius-top-left:0px;--awb-border-radius-top-right:0px;--awb-border-radius-bottom-right:0px;--awb-border-radius-bottom-left:0px;--awb-padding-top:0px;--awb-padding-bottom:0px;--awb-flex-wrap:wrap;\" ><div class=\"fusion-builder-row fusion-row fusion-flex-align-items-flex-start fusion-flex-content-wrap\" style=\"max-width:1248px;margin-left: calc(-4% \/ 2 );margin-right: calc(-4% \/ 2 );\"><div class=\"fusion-layout-column fusion_builder_column fusion-builder-column-0 fusion_builder_column_1_1 1_1 fusion-flex-column\" style=\"--awb-padding-top:0px;--awb-padding-bottom:0px;--awb-bg-size:cover;--awb-width-large:100%;--awb-margin-top-large:0px;--awb-spacing-right-large:1.92%;--awb-margin-bottom-large:0px;--awb-spacing-left-large:1.92%;--awb-width-medium:100%;--awb-order-medium:0;--awb-spacing-right-medium:1.92%;--awb-spacing-left-medium:1.92%;--awb-width-small:100%;--awb-order-small:0;--awb-spacing-right-small:1.92%;--awb-spacing-left-small:1.92%;\"><div class=\"fusion-column-wrapper fusion-column-has-shadow fusion-flex-justify-content-flex-start fusion-content-layout-column\"><div class=\"fusion-text fusion-text-1\" style=\"--awb-text-transform:none;\"><p><strong>Alors qu&rsquo;un Concours international des Six Jours d&rsquo;Enduro (ISDE en anglais) 2022 m\u00e9morable en France se termine, l&rsquo;Argentine est d\u00e9sign\u00e9e h\u00f4te de la 97e \u00e9dition, l&rsquo;ann\u00e9e prochaine.<\/strong><\/p>\n<p>Cinq ans apr\u00e8s l&rsquo;avoir quitt\u00e9e, les ISDE reviendront en Am\u00e9rique du Sud en 2023. San Juan, en Argentine, accueillera \u00e0 nouveau la plus ancienne des comp\u00e9titions de motocyclisme tout-terrain au monde, apr\u00e8s avoir d\u00e9j\u00e0 \u00e9t\u00e9 h\u00f4te de l&rsquo;\u00e9v\u00e9nement en 2014.<\/p>\n<p>Cette \u00e9dition 2014 est d&rsquo;ailleurs toujours dans les m\u00e9moires de beaucoup de concurrents et concurrentes des FIM ISDE. San Juan, c&rsquo;est l&rsquo;assurance d&rsquo;une course spectaculaire gr\u00e2ce \u00e0 un d\u00e9cor naturel incroyable et une immense passion locale pour l&rsquo;Enduro servie par un comit\u00e9 d&rsquo;organisation exceptionnel.<\/p>\n<p>Un tout nouveau trac\u00e9 est en cours d&rsquo;\u00e9laboration, ce qui signifie que celles et ceux qui ont couru en 2014 peuvent \u00e9galement s&rsquo;attendre \u00e0 de la nouveaut\u00e9 et des sentiers \u00e0 d\u00e9couvrir. Il y aura aussi un nouvel emplacement pour le paddock.<\/p>\n<p>En 2023, la course se tiendra d\u00e9but novembre, garantissant des temp\u00e9ratures optimales. Les dates exactes et d&rsquo;autres d\u00e9tails seront annonc\u00e9s en temps voulu.<\/p>\n<p>Rendez-vous \u00e0 San Juan l&rsquo;ann\u00e9e prochaine!<\/p>\n<\/div><\/div><\/div><\/div><\/div>\n","protected":false},"excerpt":{"rendered":"","protected":false},"author":10,"featured_media":41274,"comment_status":"closed","ping_status":"closed","sticky":false,"template":"","format":"standard","meta":{"inline_featured_image":false,"footnotes":""},"categories":[75],"tags":[],"class_list":["post-41270","post","type-post","status-publish","format-standard","has-post-thumbnail","hentry","category-articles"],"yoast_head":"<!-- This site is optimized with the Yoast SEO plugin v25.6 - https:\/\/yoast.com\/wordpress\/plugins\/seo\/ -->\n<title>L&#039;Argentine pr\u00eate \u00e0 accueillir les FIM ISDE en 2023! - FIM ISDE 2022<\/title>\n<meta name=\"description\" content=\"Alors qu&#039;un Concours international des Six Jours d&#039;Enduro (ISDE en anglais) 2022 m\u00e9morable en France se termine, l&#039;Argentine est d\u00e9sign\u00e9e h\u00f4te de la 97e \u00e9dition, l&#039;ann\u00e9e prochaine.\" \/>\n<meta name=\"robots\" content=\"index, follow, max-snippet:-1, max-image-preview:large, max-video-preview:-1\" \/>\n<link rel=\"canonical\" href=\"https:\/\/2022.fim-6days.com\/fr\/largentine-prete-a-accueillir-les-fim-isde-en-2023\/\" \/>\n<meta property=\"og:locale\" content=\"fr_FR\" \/>\n<meta property=\"og:type\" content=\"article\" \/>\n<meta property=\"og:title\" content=\"L&#039;Argentine pr\u00eate \u00e0 accueillir les FIM ISDE en 2023! - FIM ISDE 2022\" \/>\n<meta property=\"og:description\" content=\"Alors qu&#039;un Concours international des Six Jours d&#039;Enduro (ISDE en anglais) 2022 m\u00e9morable en France se termine, l&#039;Argentine est d\u00e9sign\u00e9e h\u00f4te de la 97e \u00e9dition, l&#039;ann\u00e9e prochaine.\" \/>\n<meta property=\"og:url\" content=\"https:\/\/2022.fim-6days.com\/fr\/largentine-prete-a-accueillir-les-fim-isde-en-2023\/\" \/>\n<meta property=\"og:site_name\" content=\"FIM ISDE 2022\" \/>\n<meta property=\"article:publisher\" content=\"https:\/\/www.facebook.com\/FIMISDE\/\" \/>\n<meta property=\"article:published_time\" content=\"2022-09-04T11:00:11+00:00\" \/>\n<meta property=\"og:image\" content=\"https:\/\/2022.fim-6days.com\/wp-content\/uploads\/sites\/7\/2022\/09\/Story8-ISDE.jpg\" \/>\n\t<meta property=\"og:image:width\" content=\"1290\" \/>\n\t<meta property=\"og:image:height\" content=\"860\" \/>\n\t<meta property=\"og:image:type\" content=\"image\/jpeg\" \/>\n<meta name=\"author\" content=\"kategtof\" \/>\n<meta name=\"twitter:card\" content=\"summary_large_image\" \/>\n<meta name=\"twitter:creator\" content=\"@fimisde\" \/>\n<meta name=\"twitter:site\" content=\"@fimisde\" \/>\n<meta name=\"twitter:label1\" content=\"\u00c9crit par\" \/>\n\t<meta name=\"twitter:data1\" content=\"kategtof\" \/>\n\t<meta name=\"twitter:label2\" content=\"Dur\u00e9e de lecture estim\u00e9e\" \/>\n\t<meta name=\"twitter:data2\" content=\"2 minutes\" \/>\n<script type=\"application\/ld+json\" class=\"yoast-schema-graph\">{\"@context\":\"https:\/\/schema.org\",\"@graph\":[{\"@type\":\"Article\",\"@id\":\"https:\/\/2022.fim-6days.com\/fr\/largentine-prete-a-accueillir-les-fim-isde-en-2023\/#article\",\"isPartOf\":{\"@id\":\"https:\/\/2022.fim-6days.com\/fr\/largentine-prete-a-accueillir-les-fim-isde-en-2023\/\"},\"author\":{\"name\":\"kategtof\",\"@id\":\"https:\/\/2022.fim-6days.com\/fr\/#\/schema\/person\/db95d361606346a0067912f18df924ab\"},\"headline\":\"L&rsquo;Argentine pr\u00eate \u00e0 accueillir les FIM ISDE en 2023!\",\"datePublished\":\"2022-09-04T11:00:11+00:00\",\"mainEntityOfPage\":{\"@id\":\"https:\/\/2022.fim-6days.com\/fr\/largentine-prete-a-accueillir-les-fim-isde-en-2023\/\"},\"wordCount\":886,\"publisher\":{\"@id\":\"https:\/\/2022.fim-6days.com\/fr\/#organization\"},\"image\":{\"@id\":\"https:\/\/2022.fim-6days.com\/fr\/largentine-prete-a-accueillir-les-fim-isde-en-2023\/#primaryimage\"},\"thumbnailUrl\":\"https:\/\/2022.fim-6days.com\/wp-content\/uploads\/sites\/7\/2022\/09\/Story8-ISDE.jpg\",\"articleSection\":[\"Articles\"],\"inLanguage\":\"fr-FR\"},{\"@type\":\"WebPage\",\"@id\":\"https:\/\/2022.fim-6days.com\/fr\/largentine-prete-a-accueillir-les-fim-isde-en-2023\/\",\"url\":\"https:\/\/2022.fim-6days.com\/fr\/largentine-prete-a-accueillir-les-fim-isde-en-2023\/\",\"name\":\"L'Argentine pr\u00eate \u00e0 accueillir les FIM ISDE en 2023! - FIM ISDE 2022\",\"isPartOf\":{\"@id\":\"https:\/\/2022.fim-6days.com\/fr\/#website\"},\"primaryImageOfPage\":{\"@id\":\"https:\/\/2022.fim-6days.com\/fr\/largentine-prete-a-accueillir-les-fim-isde-en-2023\/#primaryimage\"},\"image\":{\"@id\":\"https:\/\/2022.fim-6days.com\/fr\/largentine-prete-a-accueillir-les-fim-isde-en-2023\/#primaryimage\"},\"thumbnailUrl\":\"https:\/\/2022.fim-6days.com\/wp-content\/uploads\/sites\/7\/2022\/09\/Story8-ISDE.jpg\",\"datePublished\":\"2022-09-04T11:00:11+00:00\",\"description\":\"Alors qu'un Concours international des Six Jours d'Enduro (ISDE en anglais) 2022 m\u00e9morable en France se termine, l'Argentine est d\u00e9sign\u00e9e h\u00f4te de la 97e \u00e9dition, l'ann\u00e9e prochaine.\",\"breadcrumb\":{\"@id\":\"https:\/\/2022.fim-6days.com\/fr\/largentine-prete-a-accueillir-les-fim-isde-en-2023\/#breadcrumb\"},\"inLanguage\":\"fr-FR\",\"potentialAction\":[{\"@type\":\"ReadAction\",\"target\":[\"https:\/\/2022.fim-6days.com\/fr\/largentine-prete-a-accueillir-les-fim-isde-en-2023\/\"]}]},{\"@type\":\"ImageObject\",\"inLanguage\":\"fr-FR\",\"@id\":\"https:\/\/2022.fim-6days.com\/fr\/largentine-prete-a-accueillir-les-fim-isde-en-2023\/#primaryimage\",\"url\":\"https:\/\/2022.fim-6days.com\/wp-content\/uploads\/sites\/7\/2022\/09\/Story8-ISDE.jpg\",\"contentUrl\":\"https:\/\/2022.fim-6days.com\/wp-content\/uploads\/sites\/7\/2022\/09\/Story8-ISDE.jpg\",\"width\":1290,\"height\":860,\"caption\":\"Future7Media \u00a9\"},{\"@type\":\"BreadcrumbList\",\"@id\":\"https:\/\/2022.fim-6days.com\/fr\/largentine-prete-a-accueillir-les-fim-isde-en-2023\/#breadcrumb\",\"itemListElement\":[{\"@type\":\"ListItem\",\"position\":1,\"name\":\"Home\",\"item\":\"https:\/\/2022.fim-6days.com\/fr\/\"},{\"@type\":\"ListItem\",\"position\":2,\"name\":\"L&rsquo;Argentine pr\u00eate \u00e0 accueillir les FIM ISDE en 2023!\"}]},{\"@type\":\"WebSite\",\"@id\":\"https:\/\/2022.fim-6days.com\/fr\/#website\",\"url\":\"https:\/\/2022.fim-6days.com\/fr\/\",\"name\":\"FIM ISDE 2021\",\"description\":\"FIM ISDE Official website\",\"publisher\":{\"@id\":\"https:\/\/2022.fim-6days.com\/fr\/#organization\"},\"potentialAction\":[{\"@type\":\"SearchAction\",\"target\":{\"@type\":\"EntryPoint\",\"urlTemplate\":\"https:\/\/2022.fim-6days.com\/fr\/?s={search_term_string}\"},\"query-input\":{\"@type\":\"PropertyValueSpecification\",\"valueRequired\":true,\"valueName\":\"search_term_string\"}}],\"inLanguage\":\"fr-FR\"},{\"@type\":\"Organization\",\"@id\":\"https:\/\/2022.fim-6days.com\/fr\/#organization\",\"name\":\"FIM - F\u00e9d\u00e9ration Internationale de Motocyclisme\",\"url\":\"https:\/\/2022.fim-6days.com\/fr\/\",\"logo\":{\"@type\":\"ImageObject\",\"inLanguage\":\"fr-FR\",\"@id\":\"https:\/\/2022.fim-6days.com\/fr\/#\/schema\/logo\/image\/\",\"url\":\"https:\/\/2022.fim-6days.com\/wp-content\/uploads\/sites\/7\/2019\/07\/LogoFIM-CMYK.png\",\"contentUrl\":\"https:\/\/2022.fim-6days.com\/wp-content\/uploads\/sites\/7\/2019\/07\/LogoFIM-CMYK.png\",\"width\":2608,\"height\":1833,\"caption\":\"FIM - F\u00e9d\u00e9ration Internationale de Motocyclisme\"},\"image\":{\"@id\":\"https:\/\/2022.fim-6days.com\/fr\/#\/schema\/logo\/image\/\"},\"sameAs\":[\"https:\/\/www.facebook.com\/FIMISDE\/\",\"https:\/\/x.com\/fimisde\",\"https:\/\/www.instagram.com\/fim_isde\/\"]},{\"@type\":\"Person\",\"@id\":\"https:\/\/2022.fim-6days.com\/fr\/#\/schema\/person\/db95d361606346a0067912f18df924ab\",\"name\":\"kategtof\",\"image\":{\"@type\":\"ImageObject\",\"inLanguage\":\"fr-FR\",\"@id\":\"https:\/\/2022.fim-6days.com\/fr\/#\/schema\/person\/image\/\",\"url\":\"https:\/\/secure.gravatar.com\/avatar\/c3274649b10bd4db8211a9c5582941bc84ee6a5163a0df3f96f7a4130961d5e1?s=96&d=mm&r=g\",\"contentUrl\":\"https:\/\/secure.gravatar.com\/avatar\/c3274649b10bd4db8211a9c5582941bc84ee6a5163a0df3f96f7a4130961d5e1?s=96&d=mm&r=g\",\"caption\":\"kategtof\"},\"url\":\"https:\/\/2022.fim-6days.com\/fr\/author\/kategtof\/\"}]}<\/script>\n<!-- \/ Yoast SEO plugin. -->","yoast_head_json":{"title":"L'Argentine pr\u00eate \u00e0 accueillir les FIM ISDE en 2023! - FIM ISDE 2022","description":"Alors qu'un Concours international des Six Jours d'Enduro (ISDE en anglais) 2022 m\u00e9morable en France se termine, l'Argentine est d\u00e9sign\u00e9e h\u00f4te de la 97e \u00e9dition, l'ann\u00e9e prochaine.","robots":{"index":"index","follow":"follow","max-snippet":"max-snippet:-1","max-image-preview":"max-image-preview:large","max-video-preview":"max-video-preview:-1"},"canonical":"https:\/\/2022.fim-6days.com\/fr\/largentine-prete-a-accueillir-les-fim-isde-en-2023\/","og_locale":"fr_FR","og_type":"article","og_title":"L'Argentine pr\u00eate \u00e0 accueillir les FIM ISDE en 2023! - FIM ISDE 2022","og_description":"Alors qu'un Concours international des Six Jours d'Enduro (ISDE en anglais) 2022 m\u00e9morable en France se termine, l'Argentine est d\u00e9sign\u00e9e h\u00f4te de la 97e \u00e9dition, l'ann\u00e9e prochaine.","og_url":"https:\/\/2022.fim-6days.com\/fr\/largentine-prete-a-accueillir-les-fim-isde-en-2023\/","og_site_name":"FIM ISDE 2022","article_publisher":"https:\/\/www.facebook.com\/FIMISDE\/","article_published_time":"2022-09-04T11:00:11+00:00","og_image":[{"width":1290,"height":860,"url":"https:\/\/2022.fim-6days.com\/wp-content\/uploads\/sites\/7\/2022\/09\/Story8-ISDE.jpg","type":"image\/jpeg"}],"author":"kategtof","twitter_card":"summary_large_image","twitter_creator":"@fimisde","twitter_site":"@fimisde","twitter_misc":{"\u00c9crit par":"kategtof","Dur\u00e9e de lecture estim\u00e9e":"2 minutes"},"schema":{"@context":"https:\/\/schema.org","@graph":[{"@type":"Article","@id":"https:\/\/2022.fim-6days.com\/fr\/largentine-prete-a-accueillir-les-fim-isde-en-2023\/#article","isPartOf":{"@id":"https:\/\/2022.fim-6days.com\/fr\/largentine-prete-a-accueillir-les-fim-isde-en-2023\/"},"author":{"name":"kategtof","@id":"https:\/\/2022.fim-6days.com\/fr\/#\/schema\/person\/db95d361606346a0067912f18df924ab"},"headline":"L&rsquo;Argentine pr\u00eate \u00e0 accueillir les FIM ISDE en 2023!","datePublished":"2022-09-04T11:00:11+00:00","mainEntityOfPage":{"@id":"https:\/\/2022.fim-6days.com\/fr\/largentine-prete-a-accueillir-les-fim-isde-en-2023\/"},"wordCount":886,"publisher":{"@id":"https:\/\/2022.fim-6days.com\/fr\/#organization"},"image":{"@id":"https:\/\/2022.fim-6days.com\/fr\/largentine-prete-a-accueillir-les-fim-isde-en-2023\/#primaryimage"},"thumbnailUrl":"https:\/\/2022.fim-6days.com\/wp-content\/uploads\/sites\/7\/2022\/09\/Story8-ISDE.jpg","articleSection":["Articles"],"inLanguage":"fr-FR"},{"@type":"WebPage","@id":"https:\/\/2022.fim-6days.com\/fr\/largentine-prete-a-accueillir-les-fim-isde-en-2023\/","url":"https:\/\/2022.fim-6days.com\/fr\/largentine-prete-a-accueillir-les-fim-isde-en-2023\/","name":"L'Argentine pr\u00eate \u00e0 accueillir les FIM ISDE en 2023! - FIM ISDE 2022","isPartOf":{"@id":"https:\/\/2022.fim-6days.com\/fr\/#website"},"primaryImageOfPage":{"@id":"https:\/\/2022.fim-6days.com\/fr\/largentine-prete-a-accueillir-les-fim-isde-en-2023\/#primaryimage"},"image":{"@id":"https:\/\/2022.fim-6days.com\/fr\/largentine-prete-a-accueillir-les-fim-isde-en-2023\/#primaryimage"},"thumbnailUrl":"https:\/\/2022.fim-6days.com\/wp-content\/uploads\/sites\/7\/2022\/09\/Story8-ISDE.jpg","datePublished":"2022-09-04T11:00:11+00:00","description":"Alors qu'un Concours international des Six Jours d'Enduro (ISDE en anglais) 2022 m\u00e9morable en France se termine, l'Argentine est d\u00e9sign\u00e9e h\u00f4te de la 97e \u00e9dition, l'ann\u00e9e prochaine.","breadcrumb":{"@id":"https:\/\/2022.fim-6days.com\/fr\/largentine-prete-a-accueillir-les-fim-isde-en-2023\/#breadcrumb"},"inLanguage":"fr-FR","potentialAction":[{"@type":"ReadAction","target":["https:\/\/2022.fim-6days.com\/fr\/largentine-prete-a-accueillir-les-fim-isde-en-2023\/"]}]},{"@type":"ImageObject","inLanguage":"fr-FR","@id":"https:\/\/2022.fim-6days.com\/fr\/largentine-prete-a-accueillir-les-fim-isde-en-2023\/#primaryimage","url":"https:\/\/2022.fim-6days.com\/wp-content\/uploads\/sites\/7\/2022\/09\/Story8-ISDE.jpg","contentUrl":"https:\/\/2022.fim-6days.com\/wp-content\/uploads\/sites\/7\/2022\/09\/Story8-ISDE.jpg","width":1290,"height":860,"caption":"Future7Media \u00a9"},{"@type":"BreadcrumbList","@id":"https:\/\/2022.fim-6days.com\/fr\/largentine-prete-a-accueillir-les-fim-isde-en-2023\/#breadcrumb","itemListElement":[{"@type":"ListItem","position":1,"name":"Home","item":"https:\/\/2022.fim-6days.com\/fr\/"},{"@type":"ListItem","position":2,"name":"L&rsquo;Argentine pr\u00eate \u00e0 accueillir les FIM ISDE en 2023!"}]},{"@type":"WebSite","@id":"https:\/\/2022.fim-6days.com\/fr\/#website","url":"https:\/\/2022.fim-6days.com\/fr\/","name":"FIM ISDE 2021","description":"FIM ISDE Official website","publisher":{"@id":"https:\/\/2022.fim-6days.com\/fr\/#organization"},"potentialAction":[{"@type":"SearchAction","target":{"@type":"EntryPoint","urlTemplate":"https:\/\/2022.fim-6days.com\/fr\/?s={search_term_string}"},"query-input":{"@type":"PropertyValueSpecification","valueRequired":true,"valueName":"search_term_string"}}],"inLanguage":"fr-FR"},{"@type":"Organization","@id":"https:\/\/2022.fim-6days.com\/fr\/#organization","name":"FIM - F\u00e9d\u00e9ration Internationale de Motocyclisme","url":"https:\/\/2022.fim-6days.com\/fr\/","logo":{"@type":"ImageObject","inLanguage":"fr-FR","@id":"https:\/\/2022.fim-6days.com\/fr\/#\/schema\/logo\/image\/","url":"https:\/\/2022.fim-6days.com\/wp-content\/uploads\/sites\/7\/2019\/07\/LogoFIM-CMYK.png","contentUrl":"https:\/\/2022.fim-6days.com\/wp-content\/uploads\/sites\/7\/2019\/07\/LogoFIM-CMYK.png","width":2608,"height":1833,"caption":"FIM - F\u00e9d\u00e9ration Internationale de Motocyclisme"},"image":{"@id":"https:\/\/2022.fim-6days.com\/fr\/#\/schema\/logo\/image\/"},"sameAs":["https:\/\/www.facebook.com\/FIMISDE\/","https:\/\/x.com\/fimisde","https:\/\/www.instagram.com\/fim_isde\/"]},{"@type":"Person","@id":"https:\/\/2022.fim-6days.com\/fr\/#\/schema\/person\/db95d361606346a0067912f18df924ab","name":"kategtof","image":{"@type":"ImageObject","inLanguage":"fr-FR","@id":"https:\/\/2022.fim-6days.com\/fr\/#\/schema\/person\/image\/","url":"https:\/\/secure.gravatar.com\/avatar\/c3274649b10bd4db8211a9c5582941bc84ee6a5163a0df3f96f7a4130961d5e1?s=96&d=mm&r=g","contentUrl":"https:\/\/secure.gravatar.com\/avatar\/c3274649b10bd4db8211a9c5582941bc84ee6a5163a0df3f96f7a4130961d5e1?s=96&d=mm&r=g","caption":"kategtof"},"url":"https:\/\/2022.fim-6days.com\/fr\/author\/kategtof\/"}]}},"_links":{"self":[{"href":"https:\/\/2022.fim-6days.com\/fr\/wp-json\/wp\/v2\/posts\/41270","targetHints":{"allow":["GET"]}}],"collection":[{"href":"https:\/\/2022.fim-6days.com\/fr\/wp-json\/wp\/v2\/posts"}],"about":[{"href":"https:\/\/2022.fim-6days.com\/fr\/wp-json\/wp\/v2\/types\/post"}],"author":[{"embeddable":true,"href":"https:\/\/2022.fim-6days.com\/fr\/wp-json\/wp\/v2\/users\/10"}],"replies":[{"embeddable":true,"href":"https:\/\/2022.fim-6days.com\/fr\/wp-json\/wp\/v2\/comments?post=41270"}],"version-history":[{"count":1,"href":"https:\/\/2022.fim-6days.com\/fr\/wp-json\/wp\/v2\/posts\/41270\/revisions"}],"predecessor-version":[{"id":41276,"href":"https:\/\/2022.fim-6days.com\/fr\/wp-json\/wp\/v2\/posts\/41270\/revisions\/41276"}],"wp:featuredmedia":[{"embeddable":true,"href":"https:\/\/2022.fim-6days.com\/fr\/wp-json\/wp\/v2\/media\/41274"}],"wp:attachment":[{"href":"https:\/\/2022.fim-6days.com\/fr\/wp-json\/wp\/v2\/media?parent=41270"}],"wp:term":[{"taxonomy":"category","embeddable":true,"href":"https:\/\/2022.fim-6days.com\/fr\/wp-json\/wp\/v2\/categories?post=41270"},{"taxonomy":"post_tag","embeddable":true,"href":"https:\/\/2022.fim-6days.com\/fr\/wp-json\/wp\/v2\/tags?post=41270"}],"curies":[{"name":"wp","href":"https:\/\/api.w.org\/{rel}","templated":true}]}}