{"id":41213,"date":"2022-09-03T10:57:49","date_gmt":"2022-09-03T08:57:49","guid":{"rendered":"https:\/\/2022.fim-6days.com\/?p=41213"},"modified":"2022-09-03T10:58:23","modified_gmt":"2022-09-03T08:58:23","slug":"zach-pichon-en-course-pour-etre-le-francais-le-plus-rapide-aux-isde-au-puy-en-velay","status":"publish","type":"post","link":"https:\/\/2022.fim-6days.com\/fr\/zach-pichon-en-course-pour-etre-le-francais-le-plus-rapide-aux-isde-au-puy-en-velay\/","title":{"rendered":"Zach Pichon, en course pour \u00eatre le Fran\u00e7ais le plus rapide aux ISDE au Puy-en-Velay"},"content":{"rendered":"<div class=\"fusion-fullwidth fullwidth-box fusion-builder-row-1 fusion-flex-container nonhundred-percent-fullwidth non-hundred-percent-height-scrolling\" style=\"--awb-border-radius-top-left:0px;--awb-border-radius-top-right:0px;--awb-border-radius-bottom-right:0px;--awb-border-radius-bottom-left:0px;--awb-padding-top:0px;--awb-padding-bottom:0px;--awb-flex-wrap:wrap;\" ><div class=\"fusion-builder-row fusion-row fusion-flex-align-items-flex-start fusion-flex-content-wrap\" style=\"max-width:1248px;margin-left: calc(-4% \/ 2 );margin-right: calc(-4% \/ 2 );\"><div class=\"fusion-layout-column fusion_builder_column fusion-builder-column-0 fusion_builder_column_1_1 1_1 fusion-flex-column\" style=\"--awb-padding-top:0px;--awb-padding-bottom:0px;--awb-bg-size:cover;--awb-width-large:100%;--awb-margin-top-large:0px;--awb-spacing-right-large:1.92%;--awb-margin-bottom-large:0px;--awb-spacing-left-large:1.92%;--awb-width-medium:100%;--awb-order-medium:0;--awb-spacing-right-medium:1.92%;--awb-spacing-left-medium:1.92%;--awb-width-small:100%;--awb-order-small:0;--awb-spacing-right-small:1.92%;--awb-spacing-left-small:1.92%;\"><div class=\"fusion-column-wrapper fusion-column-has-shadow fusion-flex-justify-content-flex-start fusion-content-layout-column\"><div class=\"fusion-text fusion-text-1\" style=\"--awb-text-transform:none;\"><p><strong>Zach Pichon (Sherco) profite d&rsquo;une semaine incroyable au Concours international des Six Jours d&rsquo;Enduro (ISDE en anglais) cette ann\u00e9e.<\/strong><\/p>\n<p>\u00c0 domicile pour ses premiers ISDE, Pichon est actuellement en t\u00eate de la cat\u00e9gorie individuelle du Troph\u00e9e mondial Junior FIM. Il se bat \u00e9galement de mani\u00e8re impressionnante pour une place dans le top 5 du classement g\u00e9n\u00e9ral et esp\u00e8re terminer la semaine avec le titre honorifique de meilleur pilote fran\u00e7ais.<\/p>\n<p>Pichon est certes arriv\u00e9 aur\u00e9ol\u00e9 du titre de champion du monde Junior d&rsquo;Enduro FIM 2022, mais peu s&rsquo;attendaient ce qu&rsquo;il soit aussi performant sur ces ISDE, d\u00e9passant beaucoup d&rsquo;attentes, \u00e0 commencer par les siennes!<\/p>\n<p>\u00abCette semaine se d\u00e9roule incroyablement bien pour moi\u00bb, d\u00e9clare Pichon. \u00abCe sont mes premiers FIM ISDE, donc je ne savais pas exactement \u00e0 quoi m&rsquo;attendre en venant ici, mais j&rsquo;en profite \u00e0 fond.\u00bb<\/p>\n<p>Malheureusement pour Zach, les espoirs de titre par \u00e9quipes se sont envol\u00e9s d\u00e8s le premier jour au Puy-en-Velay lorsque son co\u00e9quipier Antoine Alix (KTM) a abandonn\u00e9 en raison d&rsquo;un probl\u00e8me m\u00e9canique. Cependant, cela lui a permis d&rsquo;attaquer et de se concentrer sur sa performance individuelle.<\/p>\n<p>\u00abC&rsquo;est s\u00fbr que \u00e7a a \u00e9t\u00e9 dur de voir Antoine abandonner\u00bb, rappelle Pichon. \u00abNous voulions bien faire sur le plan collectif, mais cela signifie aussi que je peux prendre un peu plus de risques sans que cela affecte le r\u00e9sultat de l&rsquo;\u00e9quipe.\u00bb<\/p>\n<p>\u00abC&rsquo;est une super exp\u00e9rience de rouler avec les meilleurs comme Josep Garcia et Andrea Verona. J&rsquo;apprends beaucoup, je comprends mieux l&rsquo;Enduro car ce n&rsquo;est que ma premi\u00e8re ann\u00e9e et je m&rsquo;amuse aussi beaucoup. Si je pouvais finir comme le pilote fran\u00e7ais le plus rapide, je serais tr\u00e8s heureux!\u00bb<\/p>\n<\/div><\/div><\/div><\/div><\/div>\n","protected":false},"excerpt":{"rendered":"","protected":false},"author":10,"featured_media":41221,"comment_status":"open","ping_status":"open","sticky":false,"template":"","format":"standard","meta":{"inline_featured_image":false,"footnotes":""},"categories":[75,84],"tags":[],"class_list":["post-41213","post","type-post","status-publish","format-standard","has-post-thumbnail","hentry","category-articles","category-jour-5"],"yoast_head":"<!-- This site is optimized with the Yoast SEO plugin v25.6 - https:\/\/yoast.com\/wordpress\/plugins\/seo\/ -->\n<title>Zach Pichon, en course pour \u00eatre le Fran\u00e7ais le plus rapide aux ISDE au Puy-en-Velay - FIM ISDE 2022<\/title>\n<meta name=\"description\" content=\"Zach Pichon (Sherco) profite d&#039;une semaine incroyable au Concours international des Six Jours d&#039;Enduro (ISDE en anglais) cette ann\u00e9e.\" \/>\n<meta name=\"robots\" content=\"index, follow, max-snippet:-1, max-image-preview:large, max-video-preview:-1\" \/>\n<link rel=\"canonical\" href=\"https:\/\/2022.fim-6days.com\/fr\/zach-pichon-en-course-pour-etre-le-francais-le-plus-rapide-aux-isde-au-puy-en-velay\/\" \/>\n<meta property=\"og:locale\" content=\"fr_FR\" \/>\n<meta property=\"og:type\" content=\"article\" \/>\n<meta property=\"og:title\" content=\"Zach Pichon, en course pour \u00eatre le Fran\u00e7ais le plus rapide aux ISDE au Puy-en-Velay - FIM ISDE 2022\" \/>\n<meta property=\"og:description\" content=\"Zach Pichon (Sherco) profite d&#039;une semaine incroyable au Concours international des Six Jours d&#039;Enduro (ISDE en anglais) cette ann\u00e9e.\" \/>\n<meta property=\"og:url\" content=\"https:\/\/2022.fim-6days.com\/fr\/zach-pichon-en-course-pour-etre-le-francais-le-plus-rapide-aux-isde-au-puy-en-velay\/\" \/>\n<meta property=\"og:site_name\" content=\"FIM ISDE 2022\" \/>\n<meta property=\"article:publisher\" content=\"https:\/\/www.facebook.com\/FIMISDE\/\" \/>\n<meta property=\"article:published_time\" content=\"2022-09-03T08:57:49+00:00\" \/>\n<meta property=\"article:modified_time\" content=\"2022-09-03T08:58:23+00:00\" \/>\n<meta property=\"og:image\" content=\"https:\/\/2022.fim-6days.com\/wp-content\/uploads\/sites\/7\/2022\/09\/Story7-ISDE.jpg\" \/>\n\t<meta property=\"og:image:width\" content=\"1290\" \/>\n\t<meta property=\"og:image:height\" content=\"860\" \/>\n\t<meta property=\"og:image:type\" content=\"image\/jpeg\" \/>\n<meta name=\"author\" content=\"kategtof\" \/>\n<meta name=\"twitter:card\" content=\"summary_large_image\" \/>\n<meta name=\"twitter:creator\" content=\"@fimisde\" \/>\n<meta name=\"twitter:site\" content=\"@fimisde\" \/>\n<meta name=\"twitter:label1\" content=\"\u00c9crit par\" \/>\n\t<meta name=\"twitter:data1\" content=\"kategtof\" \/>\n\t<meta name=\"twitter:label2\" content=\"Dur\u00e9e de lecture estim\u00e9e\" \/>\n\t<meta name=\"twitter:data2\" content=\"3 minutes\" \/>\n<script type=\"application\/ld+json\" class=\"yoast-schema-graph\">{\"@context\":\"https:\/\/schema.org\",\"@graph\":[{\"@type\":\"Article\",\"@id\":\"https:\/\/2022.fim-6days.com\/fr\/zach-pichon-en-course-pour-etre-le-francais-le-plus-rapide-aux-isde-au-puy-en-velay\/#article\",\"isPartOf\":{\"@id\":\"https:\/\/2022.fim-6days.com\/fr\/zach-pichon-en-course-pour-etre-le-francais-le-plus-rapide-aux-isde-au-puy-en-velay\/\"},\"author\":{\"name\":\"kategtof\",\"@id\":\"https:\/\/2022.fim-6days.com\/fr\/#\/schema\/person\/db95d361606346a0067912f18df924ab\"},\"headline\":\"Zach Pichon, en course pour \u00eatre le Fran\u00e7ais le plus rapide aux ISDE au Puy-en-Velay\",\"datePublished\":\"2022-09-03T08:57:49+00:00\",\"dateModified\":\"2022-09-03T08:58:23+00:00\",\"mainEntityOfPage\":{\"@id\":\"https:\/\/2022.fim-6days.com\/fr\/zach-pichon-en-course-pour-etre-le-francais-le-plus-rapide-aux-isde-au-puy-en-velay\/\"},\"wordCount\":990,\"commentCount\":0,\"publisher\":{\"@id\":\"https:\/\/2022.fim-6days.com\/fr\/#organization\"},\"image\":{\"@id\":\"https:\/\/2022.fim-6days.com\/fr\/zach-pichon-en-course-pour-etre-le-francais-le-plus-rapide-aux-isde-au-puy-en-velay\/#primaryimage\"},\"thumbnailUrl\":\"https:\/\/2022.fim-6days.com\/wp-content\/uploads\/sites\/7\/2022\/09\/Story7-ISDE.jpg\",\"articleSection\":[\"Articles\",\"Jour 5\"],\"inLanguage\":\"fr-FR\",\"potentialAction\":[{\"@type\":\"CommentAction\",\"name\":\"Comment\",\"target\":[\"https:\/\/2022.fim-6days.com\/fr\/zach-pichon-en-course-pour-etre-le-francais-le-plus-rapide-aux-isde-au-puy-en-velay\/#respond\"]}]},{\"@type\":\"WebPage\",\"@id\":\"https:\/\/2022.fim-6days.com\/fr\/zach-pichon-en-course-pour-etre-le-francais-le-plus-rapide-aux-isde-au-puy-en-velay\/\",\"url\":\"https:\/\/2022.fim-6days.com\/fr\/zach-pichon-en-course-pour-etre-le-francais-le-plus-rapide-aux-isde-au-puy-en-velay\/\",\"name\":\"Zach Pichon, en course pour \u00eatre le Fran\u00e7ais le plus rapide aux ISDE au Puy-en-Velay - FIM ISDE 2022\",\"isPartOf\":{\"@id\":\"https:\/\/2022.fim-6days.com\/fr\/#website\"},\"primaryImageOfPage\":{\"@id\":\"https:\/\/2022.fim-6days.com\/fr\/zach-pichon-en-course-pour-etre-le-francais-le-plus-rapide-aux-isde-au-puy-en-velay\/#primaryimage\"},\"image\":{\"@id\":\"https:\/\/2022.fim-6days.com\/fr\/zach-pichon-en-course-pour-etre-le-francais-le-plus-rapide-aux-isde-au-puy-en-velay\/#primaryimage\"},\"thumbnailUrl\":\"https:\/\/2022.fim-6days.com\/wp-content\/uploads\/sites\/7\/2022\/09\/Story7-ISDE.jpg\",\"datePublished\":\"2022-09-03T08:57:49+00:00\",\"dateModified\":\"2022-09-03T08:58:23+00:00\",\"description\":\"Zach Pichon (Sherco) profite d'une semaine incroyable au Concours international des Six Jours d'Enduro (ISDE en anglais) cette ann\u00e9e.\",\"breadcrumb\":{\"@id\":\"https:\/\/2022.fim-6days.com\/fr\/zach-pichon-en-course-pour-etre-le-francais-le-plus-rapide-aux-isde-au-puy-en-velay\/#breadcrumb\"},\"inLanguage\":\"fr-FR\",\"potentialAction\":[{\"@type\":\"ReadAction\",\"target\":[\"https:\/\/2022.fim-6days.com\/fr\/zach-pichon-en-course-pour-etre-le-francais-le-plus-rapide-aux-isde-au-puy-en-velay\/\"]}]},{\"@type\":\"ImageObject\",\"inLanguage\":\"fr-FR\",\"@id\":\"https:\/\/2022.fim-6days.com\/fr\/zach-pichon-en-course-pour-etre-le-francais-le-plus-rapide-aux-isde-au-puy-en-velay\/#primaryimage\",\"url\":\"https:\/\/2022.fim-6days.com\/wp-content\/uploads\/sites\/7\/2022\/09\/Story7-ISDE.jpg\",\"contentUrl\":\"https:\/\/2022.fim-6days.com\/wp-content\/uploads\/sites\/7\/2022\/09\/Story7-ISDE.jpg\",\"width\":1290,\"height\":860,\"caption\":\"Future7Media \u00a9\"},{\"@type\":\"BreadcrumbList\",\"@id\":\"https:\/\/2022.fim-6days.com\/fr\/zach-pichon-en-course-pour-etre-le-francais-le-plus-rapide-aux-isde-au-puy-en-velay\/#breadcrumb\",\"itemListElement\":[{\"@type\":\"ListItem\",\"position\":1,\"name\":\"Home\",\"item\":\"https:\/\/2022.fim-6days.com\/fr\/\"},{\"@type\":\"ListItem\",\"position\":2,\"name\":\"Zach Pichon, en course pour \u00eatre le Fran\u00e7ais le plus rapide aux ISDE au Puy-en-Velay\"}]},{\"@type\":\"WebSite\",\"@id\":\"https:\/\/2022.fim-6days.com\/fr\/#website\",\"url\":\"https:\/\/2022.fim-6days.com\/fr\/\",\"name\":\"FIM ISDE 2021\",\"description\":\"FIM ISDE Official website\",\"publisher\":{\"@id\":\"https:\/\/2022.fim-6days.com\/fr\/#organization\"},\"potentialAction\":[{\"@type\":\"SearchAction\",\"target\":{\"@type\":\"EntryPoint\",\"urlTemplate\":\"https:\/\/2022.fim-6days.com\/fr\/?s={search_term_string}\"},\"query-input\":{\"@type\":\"PropertyValueSpecification\",\"valueRequired\":true,\"valueName\":\"search_term_string\"}}],\"inLanguage\":\"fr-FR\"},{\"@type\":\"Organization\",\"@id\":\"https:\/\/2022.fim-6days.com\/fr\/#organization\",\"name\":\"FIM - F\u00e9d\u00e9ration Internationale de Motocyclisme\",\"url\":\"https:\/\/2022.fim-6days.com\/fr\/\",\"logo\":{\"@type\":\"ImageObject\",\"inLanguage\":\"fr-FR\",\"@id\":\"https:\/\/2022.fim-6days.com\/fr\/#\/schema\/logo\/image\/\",\"url\":\"https:\/\/2022.fim-6days.com\/wp-content\/uploads\/sites\/7\/2019\/07\/LogoFIM-CMYK.png\",\"contentUrl\":\"https:\/\/2022.fim-6days.com\/wp-content\/uploads\/sites\/7\/2019\/07\/LogoFIM-CMYK.png\",\"width\":2608,\"height\":1833,\"caption\":\"FIM - F\u00e9d\u00e9ration Internationale de Motocyclisme\"},\"image\":{\"@id\":\"https:\/\/2022.fim-6days.com\/fr\/#\/schema\/logo\/image\/\"},\"sameAs\":[\"https:\/\/www.facebook.com\/FIMISDE\/\",\"https:\/\/x.com\/fimisde\",\"https:\/\/www.instagram.com\/fim_isde\/\"]},{\"@type\":\"Person\",\"@id\":\"https:\/\/2022.fim-6days.com\/fr\/#\/schema\/person\/db95d361606346a0067912f18df924ab\",\"name\":\"kategtof\",\"image\":{\"@type\":\"ImageObject\",\"inLanguage\":\"fr-FR\",\"@id\":\"https:\/\/2022.fim-6days.com\/fr\/#\/schema\/person\/image\/\",\"url\":\"https:\/\/secure.gravatar.com\/avatar\/c3274649b10bd4db8211a9c5582941bc84ee6a5163a0df3f96f7a4130961d5e1?s=96&d=mm&r=g\",\"contentUrl\":\"https:\/\/secure.gravatar.com\/avatar\/c3274649b10bd4db8211a9c5582941bc84ee6a5163a0df3f96f7a4130961d5e1?s=96&d=mm&r=g\",\"caption\":\"kategtof\"},\"url\":\"https:\/\/2022.fim-6days.com\/fr\/author\/kategtof\/\"}]}<\/script>\n<!-- \/ Yoast SEO plugin. -->","yoast_head_json":{"title":"Zach Pichon, en course pour \u00eatre le Fran\u00e7ais le plus rapide aux ISDE au Puy-en-Velay - FIM ISDE 2022","description":"Zach Pichon (Sherco) profite d'une semaine incroyable au Concours international des Six Jours d'Enduro (ISDE en anglais) cette ann\u00e9e.","robots":{"index":"index","follow":"follow","max-snippet":"max-snippet:-1","max-image-preview":"max-image-preview:large","max-video-preview":"max-video-preview:-1"},"canonical":"https:\/\/2022.fim-6days.com\/fr\/zach-pichon-en-course-pour-etre-le-francais-le-plus-rapide-aux-isde-au-puy-en-velay\/","og_locale":"fr_FR","og_type":"article","og_title":"Zach Pichon, en course pour \u00eatre le Fran\u00e7ais le plus rapide aux ISDE au Puy-en-Velay - FIM ISDE 2022","og_description":"Zach Pichon (Sherco) profite d'une semaine incroyable au Concours international des Six Jours d'Enduro (ISDE en anglais) cette ann\u00e9e.","og_url":"https:\/\/2022.fim-6days.com\/fr\/zach-pichon-en-course-pour-etre-le-francais-le-plus-rapide-aux-isde-au-puy-en-velay\/","og_site_name":"FIM ISDE 2022","article_publisher":"https:\/\/www.facebook.com\/FIMISDE\/","article_published_time":"2022-09-03T08:57:49+00:00","article_modified_time":"2022-09-03T08:58:23+00:00","og_image":[{"width":1290,"height":860,"url":"https:\/\/2022.fim-6days.com\/wp-content\/uploads\/sites\/7\/2022\/09\/Story7-ISDE.jpg","type":"image\/jpeg"}],"author":"kategtof","twitter_card":"summary_large_image","twitter_creator":"@fimisde","twitter_site":"@fimisde","twitter_misc":{"\u00c9crit par":"kategtof","Dur\u00e9e de lecture estim\u00e9e":"3 minutes"},"schema":{"@context":"https:\/\/schema.org","@graph":[{"@type":"Article","@id":"https:\/\/2022.fim-6days.com\/fr\/zach-pichon-en-course-pour-etre-le-francais-le-plus-rapide-aux-isde-au-puy-en-velay\/#article","isPartOf":{"@id":"https:\/\/2022.fim-6days.com\/fr\/zach-pichon-en-course-pour-etre-le-francais-le-plus-rapide-aux-isde-au-puy-en-velay\/"},"author":{"name":"kategtof","@id":"https:\/\/2022.fim-6days.com\/fr\/#\/schema\/person\/db95d361606346a0067912f18df924ab"},"headline":"Zach Pichon, en course pour \u00eatre le Fran\u00e7ais le plus rapide aux ISDE au Puy-en-Velay","datePublished":"2022-09-03T08:57:49+00:00","dateModified":"2022-09-03T08:58:23+00:00","mainEntityOfPage":{"@id":"https:\/\/2022.fim-6days.com\/fr\/zach-pichon-en-course-pour-etre-le-francais-le-plus-rapide-aux-isde-au-puy-en-velay\/"},"wordCount":990,"commentCount":0,"publisher":{"@id":"https:\/\/2022.fim-6days.com\/fr\/#organization"},"image":{"@id":"https:\/\/2022.fim-6days.com\/fr\/zach-pichon-en-course-pour-etre-le-francais-le-plus-rapide-aux-isde-au-puy-en-velay\/#primaryimage"},"thumbnailUrl":"https:\/\/2022.fim-6days.com\/wp-content\/uploads\/sites\/7\/2022\/09\/Story7-ISDE.jpg","articleSection":["Articles","Jour 5"],"inLanguage":"fr-FR","potentialAction":[{"@type":"CommentAction","name":"Comment","target":["https:\/\/2022.fim-6days.com\/fr\/zach-pichon-en-course-pour-etre-le-francais-le-plus-rapide-aux-isde-au-puy-en-velay\/#respond"]}]},{"@type":"WebPage","@id":"https:\/\/2022.fim-6days.com\/fr\/zach-pichon-en-course-pour-etre-le-francais-le-plus-rapide-aux-isde-au-puy-en-velay\/","url":"https:\/\/2022.fim-6days.com\/fr\/zach-pichon-en-course-pour-etre-le-francais-le-plus-rapide-aux-isde-au-puy-en-velay\/","name":"Zach Pichon, en course pour \u00eatre le Fran\u00e7ais le plus rapide aux ISDE au Puy-en-Velay - FIM ISDE 2022","isPartOf":{"@id":"https:\/\/2022.fim-6days.com\/fr\/#website"},"primaryImageOfPage":{"@id":"https:\/\/2022.fim-6days.com\/fr\/zach-pichon-en-course-pour-etre-le-francais-le-plus-rapide-aux-isde-au-puy-en-velay\/#primaryimage"},"image":{"@id":"https:\/\/2022.fim-6days.com\/fr\/zach-pichon-en-course-pour-etre-le-francais-le-plus-rapide-aux-isde-au-puy-en-velay\/#primaryimage"},"thumbnailUrl":"https:\/\/2022.fim-6days.com\/wp-content\/uploads\/sites\/7\/2022\/09\/Story7-ISDE.jpg","datePublished":"2022-09-03T08:57:49+00:00","dateModified":"2022-09-03T08:58:23+00:00","description":"Zach Pichon (Sherco) profite d'une semaine incroyable au Concours international des Six Jours d'Enduro (ISDE en anglais) cette ann\u00e9e.","breadcrumb":{"@id":"https:\/\/2022.fim-6days.com\/fr\/zach-pichon-en-course-pour-etre-le-francais-le-plus-rapide-aux-isde-au-puy-en-velay\/#breadcrumb"},"inLanguage":"fr-FR","potentialAction":[{"@type":"ReadAction","target":["https:\/\/2022.fim-6days.com\/fr\/zach-pichon-en-course-pour-etre-le-francais-le-plus-rapide-aux-isde-au-puy-en-velay\/"]}]},{"@type":"ImageObject","inLanguage":"fr-FR","@id":"https:\/\/2022.fim-6days.com\/fr\/zach-pichon-en-course-pour-etre-le-francais-le-plus-rapide-aux-isde-au-puy-en-velay\/#primaryimage","url":"https:\/\/2022.fim-6days.com\/wp-content\/uploads\/sites\/7\/2022\/09\/Story7-ISDE.jpg","contentUrl":"https:\/\/2022.fim-6days.com\/wp-content\/uploads\/sites\/7\/2022\/09\/Story7-ISDE.jpg","width":1290,"height":860,"caption":"Future7Media \u00a9"},{"@type":"BreadcrumbList","@id":"https:\/\/2022.fim-6days.com\/fr\/zach-pichon-en-course-pour-etre-le-francais-le-plus-rapide-aux-isde-au-puy-en-velay\/#breadcrumb","itemListElement":[{"@type":"ListItem","position":1,"name":"Home","item":"https:\/\/2022.fim-6days.com\/fr\/"},{"@type":"ListItem","position":2,"name":"Zach Pichon, en course pour \u00eatre le Fran\u00e7ais le plus rapide aux ISDE au Puy-en-Velay"}]},{"@type":"WebSite","@id":"https:\/\/2022.fim-6days.com\/fr\/#website","url":"https:\/\/2022.fim-6days.com\/fr\/","name":"FIM ISDE 2021","description":"FIM ISDE Official website","publisher":{"@id":"https:\/\/2022.fim-6days.com\/fr\/#organization"},"potentialAction":[{"@type":"SearchAction","target":{"@type":"EntryPoint","urlTemplate":"https:\/\/2022.fim-6days.com\/fr\/?s={search_term_string}"},"query-input":{"@type":"PropertyValueSpecification","valueRequired":true,"valueName":"search_term_string"}}],"inLanguage":"fr-FR"},{"@type":"Organization","@id":"https:\/\/2022.fim-6days.com\/fr\/#organization","name":"FIM - F\u00e9d\u00e9ration Internationale de Motocyclisme","url":"https:\/\/2022.fim-6days.com\/fr\/","logo":{"@type":"ImageObject","inLanguage":"fr-FR","@id":"https:\/\/2022.fim-6days.com\/fr\/#\/schema\/logo\/image\/","url":"https:\/\/2022.fim-6days.com\/wp-content\/uploads\/sites\/7\/2019\/07\/LogoFIM-CMYK.png","contentUrl":"https:\/\/2022.fim-6days.com\/wp-content\/uploads\/sites\/7\/2019\/07\/LogoFIM-CMYK.png","width":2608,"height":1833,"caption":"FIM - F\u00e9d\u00e9ration Internationale de Motocyclisme"},"image":{"@id":"https:\/\/2022.fim-6days.com\/fr\/#\/schema\/logo\/image\/"},"sameAs":["https:\/\/www.facebook.com\/FIMISDE\/","https:\/\/x.com\/fimisde","https:\/\/www.instagram.com\/fim_isde\/"]},{"@type":"Person","@id":"https:\/\/2022.fim-6days.com\/fr\/#\/schema\/person\/db95d361606346a0067912f18df924ab","name":"kategtof","image":{"@type":"ImageObject","inLanguage":"fr-FR","@id":"https:\/\/2022.fim-6days.com\/fr\/#\/schema\/person\/image\/","url":"https:\/\/secure.gravatar.com\/avatar\/c3274649b10bd4db8211a9c5582941bc84ee6a5163a0df3f96f7a4130961d5e1?s=96&d=mm&r=g","contentUrl":"https:\/\/secure.gravatar.com\/avatar\/c3274649b10bd4db8211a9c5582941bc84ee6a5163a0df3f96f7a4130961d5e1?s=96&d=mm&r=g","caption":"kategtof"},"url":"https:\/\/2022.fim-6days.com\/fr\/author\/kategtof\/"}]}},"_links":{"self":[{"href":"https:\/\/2022.fim-6days.com\/fr\/wp-json\/wp\/v2\/posts\/41213","targetHints":{"allow":["GET"]}}],"collection":[{"href":"https:\/\/2022.fim-6days.com\/fr\/wp-json\/wp\/v2\/posts"}],"about":[{"href":"https:\/\/2022.fim-6days.com\/fr\/wp-json\/wp\/v2\/types\/post"}],"author":[{"embeddable":true,"href":"https:\/\/2022.fim-6days.com\/fr\/wp-json\/wp\/v2\/users\/10"}],"replies":[{"embeddable":true,"href":"https:\/\/2022.fim-6days.com\/fr\/wp-json\/wp\/v2\/comments?post=41213"}],"version-history":[{"count":1,"href":"https:\/\/2022.fim-6days.com\/fr\/wp-json\/wp\/v2\/posts\/41213\/revisions"}],"predecessor-version":[{"id":41233,"href":"https:\/\/2022.fim-6days.com\/fr\/wp-json\/wp\/v2\/posts\/41213\/revisions\/41233"}],"wp:featuredmedia":[{"embeddable":true,"href":"https:\/\/2022.fim-6days.com\/fr\/wp-json\/wp\/v2\/media\/41221"}],"wp:attachment":[{"href":"https:\/\/2022.fim-6days.com\/fr\/wp-json\/wp\/v2\/media?parent=41213"}],"wp:term":[{"taxonomy":"category","embeddable":true,"href":"https:\/\/2022.fim-6days.com\/fr\/wp-json\/wp\/v2\/categories?post=41213"},{"taxonomy":"post_tag","embeddable":true,"href":"https:\/\/2022.fim-6days.com\/fr\/wp-json\/wp\/v2\/tags?post=41213"}],"curies":[{"name":"wp","href":"https:\/\/api.w.org\/{rel}","templated":true}]}}