{"id":41193,"date":"2022-09-03T16:17:36","date_gmt":"2022-09-03T14:17:36","guid":{"rendered":"https:\/\/2022.fim-6days.com\/?p=41193"},"modified":"2022-09-03T16:17:36","modified_gmt":"2022-09-03T14:17:36","slug":"individuels-garcia-en-bonne-voie-pour-conserver-la-premiere-place","status":"publish","type":"post","link":"https:\/\/2022.fim-6days.com\/fr\/individuels-garcia-en-bonne-voie-pour-conserver-la-premiere-place\/","title":{"rendered":"Individuels, Garcia en bonne voie pour conserver la premi\u00e8re place"},"content":{"rendered":"<div class=\"fusion-fullwidth fullwidth-box fusion-builder-row-1 fusion-flex-container nonhundred-percent-fullwidth non-hundred-percent-height-scrolling\" style=\"--awb-border-radius-top-left:0px;--awb-border-radius-top-right:0px;--awb-border-radius-bottom-right:0px;--awb-border-radius-bottom-left:0px;--awb-padding-top:0px;--awb-padding-bottom:0px;--awb-flex-wrap:wrap;\" ><div class=\"fusion-builder-row fusion-row fusion-flex-align-items-flex-start fusion-flex-content-wrap\" style=\"max-width:1248px;margin-left: calc(-4% \/ 2 );margin-right: calc(-4% \/ 2 );\"><div class=\"fusion-layout-column fusion_builder_column fusion-builder-column-0 fusion_builder_column_1_1 1_1 fusion-flex-column\" style=\"--awb-padding-top:0px;--awb-padding-bottom:0px;--awb-bg-size:cover;--awb-width-large:100%;--awb-margin-top-large:0px;--awb-spacing-right-large:1.92%;--awb-margin-bottom-large:0px;--awb-spacing-left-large:1.92%;--awb-width-medium:100%;--awb-order-medium:0;--awb-spacing-right-medium:1.92%;--awb-spacing-left-medium:1.92%;--awb-width-small:100%;--awb-order-small:0;--awb-spacing-right-small:1.92%;--awb-spacing-left-small:1.92%;\"><div class=\"fusion-column-wrapper fusion-column-has-shadow fusion-flex-justify-content-flex-start fusion-content-layout-column\"><div class=\"fusion-text fusion-text-1\" style=\"--awb-text-transform:none;\"><p><strong>En t\u00eate du Concours international des Six Jours d&rsquo;Enduro (ISDE en anglais), la bataille fait rage entre l&rsquo;Espagnol Josep Garcia (KTM) et l&rsquo;Italien Andrea Verona (GASGAS). Au cinqui\u00e8me jour, c&rsquo;\u00e9tait au tour de Verona de remporter la victoire. Cependant, ce fut par la plus petite des marges. Quelques centi\u00e8mes de seconde s\u00e9parant les deux pilotes.<\/strong><\/p>\n<p>Toute la journ\u00e9e, les deux hommes se sont disput\u00e9s la victoire. Garcia a pris une avance pr\u00e9coce en remportant la premi\u00e8re sp\u00e9ciale, la sp\u00e9cial Airoh au Puy-en-Velay. Il a ensuite remport\u00e9 les deux \u00e9preuves sp\u00e9ciales suivantes avant que Verona ne riposte.<\/p>\n<p>Impressionnant sur la sp\u00e9ciale 4 MOTUL, Verona est revenu pour aborder la sp\u00e9ciale 5 Airoh avec quatorze centi\u00e8mes de seconde d&rsquo;avance sur Garcia. L&rsquo;Espagnol s&rsquo;est battu pour remporter la sp\u00e9ciale, mais cela n&rsquo;a pas suffi. Verona a r\u00e9alis\u00e9 le deuxi\u00e8me meilleur temps pour s&rsquo;assurer la victoire de la cinqui\u00e8me journ\u00e9e.<\/p>\n<p>Au classement g\u00e9n\u00e9ral, l&rsquo;avantage est largement en faveur de Garcia au d\u00e9but de la sixi\u00e8me journ\u00e9e. Avec une minute d&rsquo;avance sur Verona, l&rsquo;Espagnol semble pr\u00eat \u00e0 conserver sa couronne FIM ISDE.<\/p>\n<p>La bataille pour la victoire g\u00e9n\u00e9rale a permis \u00e0 Verona de devancer ses rivaux d&rsquo;Enduro1 et de s&rsquo;assurer confortablement sa cinqui\u00e8me victoire de cat\u00e9gorie de la semaine avec quarante secondes d&rsquo;avance. Le Fran\u00e7ais Zach Pichon (Sherco) a termin\u00e9 deuxi\u00e8me, le Britannique Jamie McCanney (Husqvarna) troisi\u00e8me.<\/p>\n<p>Bien qu&rsquo;il n&rsquo;ait pas obtenu la victoire dans la cinqui\u00e8me journ\u00e9e, Garcia a tout de m\u00eame remport\u00e9 l&rsquo;Enduro2. La bataille pour le reste du top 3 \u00e9tait serr\u00e9e. Le Fran\u00e7ais Hugo Blanjoue (KTM) a battu le Britannique Steve Holcombe (Beta) d&rsquo;une seconde pour terminer en deuxi\u00e8me position.<\/p>\n<p>Le Su\u00e9dois Mikael Persson (Husqvarna) a une fois de plus pris la t\u00eate de l&rsquo;Enduro3. Le Fran\u00e7ais L\u00e9o Le Qu\u00e9r\u00e9 (Sherco) s&rsquo;est class\u00e9 seize secondes derri\u00e8re en deuxi\u00e8me position, l&rsquo;Espagnol Jaume Betriu (KTM) compl\u00e9tant le trio de t\u00eate.<\/p>\n<p>La 96e \u00e9dition des ISDE FIM se termine par le traditionnel Cross Test final du sixi\u00e8me jour. Et il est \u00e0 suivre en direct sur la page Facebook des ISDE, \u00e0 partir de 8h6 pour la premi\u00e8re des courses de la cat\u00e9gorie Club. Les cat\u00e9gories Troph\u00e9e entrent en piste \u00e0 partir de 13h55. Ne ratez pas ce grand moment!<\/p>\n<\/div><\/div><\/div><\/div><\/div>\n","protected":false},"excerpt":{"rendered":"","protected":false},"author":10,"featured_media":41197,"comment_status":"open","ping_status":"open","sticky":false,"template":"","format":"standard","meta":{"inline_featured_image":false,"footnotes":""},"categories":[75,84],"tags":[],"class_list":["post-41193","post","type-post","status-publish","format-standard","has-post-thumbnail","hentry","category-articles","category-jour-5"],"yoast_head":"<!-- This site is optimized with the Yoast SEO plugin v25.6 - https:\/\/yoast.com\/wordpress\/plugins\/seo\/ -->\n<title>Individuels, Garcia en bonne voie pour conserver la premi\u00e8re place - FIM ISDE 2022<\/title>\n<meta name=\"description\" content=\"En t\u00eate du Concours international des Six Jours d&#039;Enduro (ISDE en anglais), la bataille fait rage entre l&#039;Espagnol Josep Garcia (KTM) et l&#039;Italien Andrea Verona (GASGAS). Au cinqui\u00e8me jour, c&#039;\u00e9tait au tour de Verona de remporter la victoire. Cependant, ce fut par la plus petite des marges. Quelques centi\u00e8mes de seconde s\u00e9parant les deux pilotes.\" \/>\n<meta name=\"robots\" content=\"index, follow, max-snippet:-1, max-image-preview:large, max-video-preview:-1\" \/>\n<link rel=\"canonical\" href=\"https:\/\/2022.fim-6days.com\/fr\/individuels-garcia-en-bonne-voie-pour-conserver-la-premiere-place\/\" \/>\n<meta property=\"og:locale\" content=\"fr_FR\" \/>\n<meta property=\"og:type\" content=\"article\" \/>\n<meta property=\"og:title\" content=\"Individuels, Garcia en bonne voie pour conserver la premi\u00e8re place - FIM ISDE 2022\" \/>\n<meta property=\"og:description\" content=\"En t\u00eate du Concours international des Six Jours d&#039;Enduro (ISDE en anglais), la bataille fait rage entre l&#039;Espagnol Josep Garcia (KTM) et l&#039;Italien Andrea Verona (GASGAS). Au cinqui\u00e8me jour, c&#039;\u00e9tait au tour de Verona de remporter la victoire. Cependant, ce fut par la plus petite des marges. Quelques centi\u00e8mes de seconde s\u00e9parant les deux pilotes.\" \/>\n<meta property=\"og:url\" content=\"https:\/\/2022.fim-6days.com\/fr\/individuels-garcia-en-bonne-voie-pour-conserver-la-premiere-place\/\" \/>\n<meta property=\"og:site_name\" content=\"FIM ISDE 2022\" \/>\n<meta property=\"article:publisher\" content=\"https:\/\/www.facebook.com\/FIMISDE\/\" \/>\n<meta property=\"article:published_time\" content=\"2022-09-03T14:17:36+00:00\" \/>\n<meta property=\"og:image\" content=\"https:\/\/2022.fim-6days.com\/wp-content\/uploads\/sites\/7\/2022\/09\/Individual2-Day5-ISDE.jpg\" \/>\n\t<meta property=\"og:image:width\" content=\"1290\" \/>\n\t<meta property=\"og:image:height\" content=\"860\" \/>\n\t<meta property=\"og:image:type\" content=\"image\/jpeg\" \/>\n<meta name=\"author\" content=\"kategtof\" \/>\n<meta name=\"twitter:card\" content=\"summary_large_image\" \/>\n<meta name=\"twitter:creator\" content=\"@fimisde\" \/>\n<meta name=\"twitter:site\" content=\"@fimisde\" \/>\n<meta name=\"twitter:label1\" content=\"\u00c9crit par\" \/>\n\t<meta name=\"twitter:data1\" content=\"kategtof\" \/>\n\t<meta name=\"twitter:label2\" content=\"Dur\u00e9e de lecture estim\u00e9e\" \/>\n\t<meta name=\"twitter:data2\" content=\"3 minutes\" \/>\n<script type=\"application\/ld+json\" class=\"yoast-schema-graph\">{\"@context\":\"https:\/\/schema.org\",\"@graph\":[{\"@type\":\"Article\",\"@id\":\"https:\/\/2022.fim-6days.com\/fr\/individuels-garcia-en-bonne-voie-pour-conserver-la-premiere-place\/#article\",\"isPartOf\":{\"@id\":\"https:\/\/2022.fim-6days.com\/fr\/individuels-garcia-en-bonne-voie-pour-conserver-la-premiere-place\/\"},\"author\":{\"name\":\"kategtof\",\"@id\":\"https:\/\/2022.fim-6days.com\/fr\/#\/schema\/person\/db95d361606346a0067912f18df924ab\"},\"headline\":\"Individuels, Garcia en bonne voie pour conserver la premi\u00e8re place\",\"datePublished\":\"2022-09-03T14:17:36+00:00\",\"mainEntityOfPage\":{\"@id\":\"https:\/\/2022.fim-6days.com\/fr\/individuels-garcia-en-bonne-voie-pour-conserver-la-premiere-place\/\"},\"wordCount\":1105,\"commentCount\":0,\"publisher\":{\"@id\":\"https:\/\/2022.fim-6days.com\/fr\/#organization\"},\"image\":{\"@id\":\"https:\/\/2022.fim-6days.com\/fr\/individuels-garcia-en-bonne-voie-pour-conserver-la-premiere-place\/#primaryimage\"},\"thumbnailUrl\":\"https:\/\/2022.fim-6days.com\/wp-content\/uploads\/sites\/7\/2022\/09\/Individual2-Day5-ISDE.jpg\",\"articleSection\":[\"Articles\",\"Jour 5\"],\"inLanguage\":\"fr-FR\",\"potentialAction\":[{\"@type\":\"CommentAction\",\"name\":\"Comment\",\"target\":[\"https:\/\/2022.fim-6days.com\/fr\/individuels-garcia-en-bonne-voie-pour-conserver-la-premiere-place\/#respond\"]}]},{\"@type\":\"WebPage\",\"@id\":\"https:\/\/2022.fim-6days.com\/fr\/individuels-garcia-en-bonne-voie-pour-conserver-la-premiere-place\/\",\"url\":\"https:\/\/2022.fim-6days.com\/fr\/individuels-garcia-en-bonne-voie-pour-conserver-la-premiere-place\/\",\"name\":\"Individuels, Garcia en bonne voie pour conserver la premi\u00e8re place - FIM ISDE 2022\",\"isPartOf\":{\"@id\":\"https:\/\/2022.fim-6days.com\/fr\/#website\"},\"primaryImageOfPage\":{\"@id\":\"https:\/\/2022.fim-6days.com\/fr\/individuels-garcia-en-bonne-voie-pour-conserver-la-premiere-place\/#primaryimage\"},\"image\":{\"@id\":\"https:\/\/2022.fim-6days.com\/fr\/individuels-garcia-en-bonne-voie-pour-conserver-la-premiere-place\/#primaryimage\"},\"thumbnailUrl\":\"https:\/\/2022.fim-6days.com\/wp-content\/uploads\/sites\/7\/2022\/09\/Individual2-Day5-ISDE.jpg\",\"datePublished\":\"2022-09-03T14:17:36+00:00\",\"description\":\"En t\u00eate du Concours international des Six Jours d'Enduro (ISDE en anglais), la bataille fait rage entre l'Espagnol Josep Garcia (KTM) et l'Italien Andrea Verona (GASGAS). Au cinqui\u00e8me jour, c'\u00e9tait au tour de Verona de remporter la victoire. Cependant, ce fut par la plus petite des marges. Quelques centi\u00e8mes de seconde s\u00e9parant les deux pilotes.\",\"breadcrumb\":{\"@id\":\"https:\/\/2022.fim-6days.com\/fr\/individuels-garcia-en-bonne-voie-pour-conserver-la-premiere-place\/#breadcrumb\"},\"inLanguage\":\"fr-FR\",\"potentialAction\":[{\"@type\":\"ReadAction\",\"target\":[\"https:\/\/2022.fim-6days.com\/fr\/individuels-garcia-en-bonne-voie-pour-conserver-la-premiere-place\/\"]}]},{\"@type\":\"ImageObject\",\"inLanguage\":\"fr-FR\",\"@id\":\"https:\/\/2022.fim-6days.com\/fr\/individuels-garcia-en-bonne-voie-pour-conserver-la-premiere-place\/#primaryimage\",\"url\":\"https:\/\/2022.fim-6days.com\/wp-content\/uploads\/sites\/7\/2022\/09\/Individual2-Day5-ISDE.jpg\",\"contentUrl\":\"https:\/\/2022.fim-6days.com\/wp-content\/uploads\/sites\/7\/2022\/09\/Individual2-Day5-ISDE.jpg\",\"width\":1290,\"height\":860,\"caption\":\"Future7Media \u00a9\"},{\"@type\":\"BreadcrumbList\",\"@id\":\"https:\/\/2022.fim-6days.com\/fr\/individuels-garcia-en-bonne-voie-pour-conserver-la-premiere-place\/#breadcrumb\",\"itemListElement\":[{\"@type\":\"ListItem\",\"position\":1,\"name\":\"Home\",\"item\":\"https:\/\/2022.fim-6days.com\/fr\/\"},{\"@type\":\"ListItem\",\"position\":2,\"name\":\"Individuels, Garcia en bonne voie pour conserver la premi\u00e8re place\"}]},{\"@type\":\"WebSite\",\"@id\":\"https:\/\/2022.fim-6days.com\/fr\/#website\",\"url\":\"https:\/\/2022.fim-6days.com\/fr\/\",\"name\":\"FIM ISDE 2021\",\"description\":\"FIM ISDE Official website\",\"publisher\":{\"@id\":\"https:\/\/2022.fim-6days.com\/fr\/#organization\"},\"potentialAction\":[{\"@type\":\"SearchAction\",\"target\":{\"@type\":\"EntryPoint\",\"urlTemplate\":\"https:\/\/2022.fim-6days.com\/fr\/?s={search_term_string}\"},\"query-input\":{\"@type\":\"PropertyValueSpecification\",\"valueRequired\":true,\"valueName\":\"search_term_string\"}}],\"inLanguage\":\"fr-FR\"},{\"@type\":\"Organization\",\"@id\":\"https:\/\/2022.fim-6days.com\/fr\/#organization\",\"name\":\"FIM - F\u00e9d\u00e9ration Internationale de Motocyclisme\",\"url\":\"https:\/\/2022.fim-6days.com\/fr\/\",\"logo\":{\"@type\":\"ImageObject\",\"inLanguage\":\"fr-FR\",\"@id\":\"https:\/\/2022.fim-6days.com\/fr\/#\/schema\/logo\/image\/\",\"url\":\"https:\/\/2022.fim-6days.com\/wp-content\/uploads\/sites\/7\/2019\/07\/LogoFIM-CMYK.png\",\"contentUrl\":\"https:\/\/2022.fim-6days.com\/wp-content\/uploads\/sites\/7\/2019\/07\/LogoFIM-CMYK.png\",\"width\":2608,\"height\":1833,\"caption\":\"FIM - F\u00e9d\u00e9ration Internationale de Motocyclisme\"},\"image\":{\"@id\":\"https:\/\/2022.fim-6days.com\/fr\/#\/schema\/logo\/image\/\"},\"sameAs\":[\"https:\/\/www.facebook.com\/FIMISDE\/\",\"https:\/\/x.com\/fimisde\",\"https:\/\/www.instagram.com\/fim_isde\/\"]},{\"@type\":\"Person\",\"@id\":\"https:\/\/2022.fim-6days.com\/fr\/#\/schema\/person\/db95d361606346a0067912f18df924ab\",\"name\":\"kategtof\",\"image\":{\"@type\":\"ImageObject\",\"inLanguage\":\"fr-FR\",\"@id\":\"https:\/\/2022.fim-6days.com\/fr\/#\/schema\/person\/image\/\",\"url\":\"https:\/\/secure.gravatar.com\/avatar\/c3274649b10bd4db8211a9c5582941bc84ee6a5163a0df3f96f7a4130961d5e1?s=96&d=mm&r=g\",\"contentUrl\":\"https:\/\/secure.gravatar.com\/avatar\/c3274649b10bd4db8211a9c5582941bc84ee6a5163a0df3f96f7a4130961d5e1?s=96&d=mm&r=g\",\"caption\":\"kategtof\"},\"url\":\"https:\/\/2022.fim-6days.com\/fr\/author\/kategtof\/\"}]}<\/script>\n<!-- \/ Yoast SEO plugin. -->","yoast_head_json":{"title":"Individuels, Garcia en bonne voie pour conserver la premi\u00e8re place - FIM ISDE 2022","description":"En t\u00eate du Concours international des Six Jours d'Enduro (ISDE en anglais), la bataille fait rage entre l'Espagnol Josep Garcia (KTM) et l'Italien Andrea Verona (GASGAS). Au cinqui\u00e8me jour, c'\u00e9tait au tour de Verona de remporter la victoire. Cependant, ce fut par la plus petite des marges. Quelques centi\u00e8mes de seconde s\u00e9parant les deux pilotes.","robots":{"index":"index","follow":"follow","max-snippet":"max-snippet:-1","max-image-preview":"max-image-preview:large","max-video-preview":"max-video-preview:-1"},"canonical":"https:\/\/2022.fim-6days.com\/fr\/individuels-garcia-en-bonne-voie-pour-conserver-la-premiere-place\/","og_locale":"fr_FR","og_type":"article","og_title":"Individuels, Garcia en bonne voie pour conserver la premi\u00e8re place - FIM ISDE 2022","og_description":"En t\u00eate du Concours international des Six Jours d'Enduro (ISDE en anglais), la bataille fait rage entre l'Espagnol Josep Garcia (KTM) et l'Italien Andrea Verona (GASGAS). Au cinqui\u00e8me jour, c'\u00e9tait au tour de Verona de remporter la victoire. Cependant, ce fut par la plus petite des marges. Quelques centi\u00e8mes de seconde s\u00e9parant les deux pilotes.","og_url":"https:\/\/2022.fim-6days.com\/fr\/individuels-garcia-en-bonne-voie-pour-conserver-la-premiere-place\/","og_site_name":"FIM ISDE 2022","article_publisher":"https:\/\/www.facebook.com\/FIMISDE\/","article_published_time":"2022-09-03T14:17:36+00:00","og_image":[{"width":1290,"height":860,"url":"https:\/\/2022.fim-6days.com\/wp-content\/uploads\/sites\/7\/2022\/09\/Individual2-Day5-ISDE.jpg","type":"image\/jpeg"}],"author":"kategtof","twitter_card":"summary_large_image","twitter_creator":"@fimisde","twitter_site":"@fimisde","twitter_misc":{"\u00c9crit par":"kategtof","Dur\u00e9e de lecture estim\u00e9e":"3 minutes"},"schema":{"@context":"https:\/\/schema.org","@graph":[{"@type":"Article","@id":"https:\/\/2022.fim-6days.com\/fr\/individuels-garcia-en-bonne-voie-pour-conserver-la-premiere-place\/#article","isPartOf":{"@id":"https:\/\/2022.fim-6days.com\/fr\/individuels-garcia-en-bonne-voie-pour-conserver-la-premiere-place\/"},"author":{"name":"kategtof","@id":"https:\/\/2022.fim-6days.com\/fr\/#\/schema\/person\/db95d361606346a0067912f18df924ab"},"headline":"Individuels, Garcia en bonne voie pour conserver la premi\u00e8re place","datePublished":"2022-09-03T14:17:36+00:00","mainEntityOfPage":{"@id":"https:\/\/2022.fim-6days.com\/fr\/individuels-garcia-en-bonne-voie-pour-conserver-la-premiere-place\/"},"wordCount":1105,"commentCount":0,"publisher":{"@id":"https:\/\/2022.fim-6days.com\/fr\/#organization"},"image":{"@id":"https:\/\/2022.fim-6days.com\/fr\/individuels-garcia-en-bonne-voie-pour-conserver-la-premiere-place\/#primaryimage"},"thumbnailUrl":"https:\/\/2022.fim-6days.com\/wp-content\/uploads\/sites\/7\/2022\/09\/Individual2-Day5-ISDE.jpg","articleSection":["Articles","Jour 5"],"inLanguage":"fr-FR","potentialAction":[{"@type":"CommentAction","name":"Comment","target":["https:\/\/2022.fim-6days.com\/fr\/individuels-garcia-en-bonne-voie-pour-conserver-la-premiere-place\/#respond"]}]},{"@type":"WebPage","@id":"https:\/\/2022.fim-6days.com\/fr\/individuels-garcia-en-bonne-voie-pour-conserver-la-premiere-place\/","url":"https:\/\/2022.fim-6days.com\/fr\/individuels-garcia-en-bonne-voie-pour-conserver-la-premiere-place\/","name":"Individuels, Garcia en bonne voie pour conserver la premi\u00e8re place - FIM ISDE 2022","isPartOf":{"@id":"https:\/\/2022.fim-6days.com\/fr\/#website"},"primaryImageOfPage":{"@id":"https:\/\/2022.fim-6days.com\/fr\/individuels-garcia-en-bonne-voie-pour-conserver-la-premiere-place\/#primaryimage"},"image":{"@id":"https:\/\/2022.fim-6days.com\/fr\/individuels-garcia-en-bonne-voie-pour-conserver-la-premiere-place\/#primaryimage"},"thumbnailUrl":"https:\/\/2022.fim-6days.com\/wp-content\/uploads\/sites\/7\/2022\/09\/Individual2-Day5-ISDE.jpg","datePublished":"2022-09-03T14:17:36+00:00","description":"En t\u00eate du Concours international des Six Jours d'Enduro (ISDE en anglais), la bataille fait rage entre l'Espagnol Josep Garcia (KTM) et l'Italien Andrea Verona (GASGAS). Au cinqui\u00e8me jour, c'\u00e9tait au tour de Verona de remporter la victoire. Cependant, ce fut par la plus petite des marges. Quelques centi\u00e8mes de seconde s\u00e9parant les deux pilotes.","breadcrumb":{"@id":"https:\/\/2022.fim-6days.com\/fr\/individuels-garcia-en-bonne-voie-pour-conserver-la-premiere-place\/#breadcrumb"},"inLanguage":"fr-FR","potentialAction":[{"@type":"ReadAction","target":["https:\/\/2022.fim-6days.com\/fr\/individuels-garcia-en-bonne-voie-pour-conserver-la-premiere-place\/"]}]},{"@type":"ImageObject","inLanguage":"fr-FR","@id":"https:\/\/2022.fim-6days.com\/fr\/individuels-garcia-en-bonne-voie-pour-conserver-la-premiere-place\/#primaryimage","url":"https:\/\/2022.fim-6days.com\/wp-content\/uploads\/sites\/7\/2022\/09\/Individual2-Day5-ISDE.jpg","contentUrl":"https:\/\/2022.fim-6days.com\/wp-content\/uploads\/sites\/7\/2022\/09\/Individual2-Day5-ISDE.jpg","width":1290,"height":860,"caption":"Future7Media \u00a9"},{"@type":"BreadcrumbList","@id":"https:\/\/2022.fim-6days.com\/fr\/individuels-garcia-en-bonne-voie-pour-conserver-la-premiere-place\/#breadcrumb","itemListElement":[{"@type":"ListItem","position":1,"name":"Home","item":"https:\/\/2022.fim-6days.com\/fr\/"},{"@type":"ListItem","position":2,"name":"Individuels, Garcia en bonne voie pour conserver la premi\u00e8re place"}]},{"@type":"WebSite","@id":"https:\/\/2022.fim-6days.com\/fr\/#website","url":"https:\/\/2022.fim-6days.com\/fr\/","name":"FIM ISDE 2021","description":"FIM ISDE Official website","publisher":{"@id":"https:\/\/2022.fim-6days.com\/fr\/#organization"},"potentialAction":[{"@type":"SearchAction","target":{"@type":"EntryPoint","urlTemplate":"https:\/\/2022.fim-6days.com\/fr\/?s={search_term_string}"},"query-input":{"@type":"PropertyValueSpecification","valueRequired":true,"valueName":"search_term_string"}}],"inLanguage":"fr-FR"},{"@type":"Organization","@id":"https:\/\/2022.fim-6days.com\/fr\/#organization","name":"FIM - F\u00e9d\u00e9ration Internationale de Motocyclisme","url":"https:\/\/2022.fim-6days.com\/fr\/","logo":{"@type":"ImageObject","inLanguage":"fr-FR","@id":"https:\/\/2022.fim-6days.com\/fr\/#\/schema\/logo\/image\/","url":"https:\/\/2022.fim-6days.com\/wp-content\/uploads\/sites\/7\/2019\/07\/LogoFIM-CMYK.png","contentUrl":"https:\/\/2022.fim-6days.com\/wp-content\/uploads\/sites\/7\/2019\/07\/LogoFIM-CMYK.png","width":2608,"height":1833,"caption":"FIM - F\u00e9d\u00e9ration Internationale de Motocyclisme"},"image":{"@id":"https:\/\/2022.fim-6days.com\/fr\/#\/schema\/logo\/image\/"},"sameAs":["https:\/\/www.facebook.com\/FIMISDE\/","https:\/\/x.com\/fimisde","https:\/\/www.instagram.com\/fim_isde\/"]},{"@type":"Person","@id":"https:\/\/2022.fim-6days.com\/fr\/#\/schema\/person\/db95d361606346a0067912f18df924ab","name":"kategtof","image":{"@type":"ImageObject","inLanguage":"fr-FR","@id":"https:\/\/2022.fim-6days.com\/fr\/#\/schema\/person\/image\/","url":"https:\/\/secure.gravatar.com\/avatar\/c3274649b10bd4db8211a9c5582941bc84ee6a5163a0df3f96f7a4130961d5e1?s=96&d=mm&r=g","contentUrl":"https:\/\/secure.gravatar.com\/avatar\/c3274649b10bd4db8211a9c5582941bc84ee6a5163a0df3f96f7a4130961d5e1?s=96&d=mm&r=g","caption":"kategtof"},"url":"https:\/\/2022.fim-6days.com\/fr\/author\/kategtof\/"}]}},"_links":{"self":[{"href":"https:\/\/2022.fim-6days.com\/fr\/wp-json\/wp\/v2\/posts\/41193","targetHints":{"allow":["GET"]}}],"collection":[{"href":"https:\/\/2022.fim-6days.com\/fr\/wp-json\/wp\/v2\/posts"}],"about":[{"href":"https:\/\/2022.fim-6days.com\/fr\/wp-json\/wp\/v2\/types\/post"}],"author":[{"embeddable":true,"href":"https:\/\/2022.fim-6days.com\/fr\/wp-json\/wp\/v2\/users\/10"}],"replies":[{"embeddable":true,"href":"https:\/\/2022.fim-6days.com\/fr\/wp-json\/wp\/v2\/comments?post=41193"}],"version-history":[{"count":1,"href":"https:\/\/2022.fim-6days.com\/fr\/wp-json\/wp\/v2\/posts\/41193\/revisions"}],"predecessor-version":[{"id":41239,"href":"https:\/\/2022.fim-6days.com\/fr\/wp-json\/wp\/v2\/posts\/41193\/revisions\/41239"}],"wp:featuredmedia":[{"embeddable":true,"href":"https:\/\/2022.fim-6days.com\/fr\/wp-json\/wp\/v2\/media\/41197"}],"wp:attachment":[{"href":"https:\/\/2022.fim-6days.com\/fr\/wp-json\/wp\/v2\/media?parent=41193"}],"wp:term":[{"taxonomy":"category","embeddable":true,"href":"https:\/\/2022.fim-6days.com\/fr\/wp-json\/wp\/v2\/categories?post=41193"},{"taxonomy":"post_tag","embeddable":true,"href":"https:\/\/2022.fim-6days.com\/fr\/wp-json\/wp\/v2\/tags?post=41193"}],"curies":[{"name":"wp","href":"https:\/\/api.w.org\/{rel}","templated":true}]}}