{"id":41120,"date":"2022-09-02T10:45:09","date_gmt":"2022-09-02T08:45:09","guid":{"rendered":"https:\/\/2022.fim-6days.com\/?p=41120"},"modified":"2022-09-02T10:45:09","modified_gmt":"2022-09-02T08:45:09","slug":"les-clubs-sattaquent-a-la-deuxieme-moitie-des-fim-isde","status":"publish","type":"post","link":"https:\/\/2022.fim-6days.com\/fr\/les-clubs-sattaquent-a-la-deuxieme-moitie-des-fim-isde\/","title":{"rendered":"Les clubs s&rsquo;attaquent \u00e0 la deuxi\u00e8me moiti\u00e9 des FIM ISDE"},"content":{"rendered":"<div class=\"fusion-fullwidth fullwidth-box fusion-builder-row-1 fusion-flex-container nonhundred-percent-fullwidth non-hundred-percent-height-scrolling\" style=\"--awb-border-radius-top-left:0px;--awb-border-radius-top-right:0px;--awb-border-radius-bottom-right:0px;--awb-border-radius-bottom-left:0px;--awb-padding-top:0px;--awb-padding-bottom:0px;--awb-flex-wrap:wrap;\" ><div class=\"fusion-builder-row fusion-row fusion-flex-align-items-flex-start fusion-flex-content-wrap\" style=\"max-width:1248px;margin-left: calc(-4% \/ 2 );margin-right: calc(-4% \/ 2 );\"><div class=\"fusion-layout-column fusion_builder_column fusion-builder-column-0 fusion_builder_column_1_1 1_1 fusion-flex-column\" style=\"--awb-padding-top:0px;--awb-padding-bottom:0px;--awb-bg-size:cover;--awb-width-large:100%;--awb-margin-top-large:0px;--awb-spacing-right-large:1.92%;--awb-margin-bottom-large:0px;--awb-spacing-left-large:1.92%;--awb-width-medium:100%;--awb-order-medium:0;--awb-spacing-right-medium:1.92%;--awb-spacing-left-medium:1.92%;--awb-width-small:100%;--awb-order-small:0;--awb-spacing-right-small:1.92%;--awb-spacing-left-small:1.92%;\"><div class=\"fusion-column-wrapper fusion-column-has-shadow fusion-flex-justify-content-flex-start fusion-content-layout-column\"><div class=\"fusion-text fusion-text-1\" style=\"--awb-text-transform:none;\"><p><strong>Apr\u00e8s trois jours de comp\u00e9tition, les pilotes des \u00e9quipes de clubs ont entam\u00e9 la seconde moiti\u00e9 du Concours international des Six Jours d&rsquo;Enduro (ISDE en anglais) de cette ann\u00e9e. Sur un parcours identique \u00e0 celui de la troisi\u00e8me journ\u00e9e, la quatri\u00e8me journ\u00e9e a r\u00e9pondu aux attentes: les sp\u00e9ciales MOTUL et AIROH ont repr\u00e9sent\u00e9 en d\u00e9fi suppl\u00e9mentaire pour les pilotes.<\/strong><\/p>\n<p>L&rsquo;\u00e9quipe XC Gear (\u00c9tats-Unis) a remport\u00e9 la journ\u00e9e, battant finalement l&rsquo;\u00e9quipe KBS Team-CZ (R\u00e9publique tch\u00e8que), qui m\u00e8ne le classement g\u00e9n\u00e9ral. Au cours d&rsquo;une journ\u00e9e serr\u00e9e, les vainqueurs s&rsquo;imposent pour six secondes devant l&rsquo;\u00e9quipe fran\u00e7aise Enduro Dream Team alors que KBS Team-CZ termine troisi\u00e8me \u00e0 douze secondes.<\/p>\n<p>KBS Team-CZ reste en t\u00eate du Troph\u00e9e Club FIM \u00e0 deux jours de la fin.<\/p>\n<p>Au classement individuel, le Fran\u00e7ais Antoine Meo (Kawasaki) s&rsquo;est impos\u00e9 jeudi avec neuf secondes d&rsquo;avance sur l&rsquo;Italien Kevin Cristino (Fantic), le Tch\u00e8que Krystof Kouble (Husqvarna) a fini troisi\u00e8me.<\/p>\n<p>Dans le Challenge DUNLOP GEOMAX, une chance unique pour tous les pilotes de clubs en pneus DUNLOP GEOMAX EN91, c&rsquo;est encore l&rsquo;Am\u00e9ricain Tyler Vore (Husqvarna) qui a \u00e9t\u00e9 le plus rapide, terminant avec une importante avance de cinquante secondes sur son compatriote Anson Maloney (KTM) en deuxi\u00e8me position, Kai Aiello (Husqvarna) en troisi\u00e8me position.<\/p>\n<p>Apr\u00e8s la quatri\u00e8me journ\u00e9e, Tyler Vore (Husqvarna) m\u00e8ne le DUNLOP GEOMAX Challenge, suivi de ses compatriotes Anson Maloney (KTM) et Kai Aiello (Husqvarna).<\/p>\n<\/div><\/div><\/div><\/div><\/div>\n","protected":false},"excerpt":{"rendered":"","protected":false},"author":10,"featured_media":41122,"comment_status":"open","ping_status":"open","sticky":false,"template":"","format":"standard","meta":{"inline_featured_image":false,"footnotes":""},"categories":[75,83],"tags":[],"class_list":["post-41120","post","type-post","status-publish","format-standard","has-post-thumbnail","hentry","category-articles","category-jour-4"],"yoast_head":"<!-- This site is optimized with the Yoast SEO plugin v25.6 - https:\/\/yoast.com\/wordpress\/plugins\/seo\/ -->\n<title>Les clubs s&#039;attaquent \u00e0 la deuxi\u00e8me moiti\u00e9 des FIM ISDE - FIM ISDE 2022<\/title>\n<meta name=\"description\" content=\"Apr\u00e8s trois jours de comp\u00e9tition, les pilotes des \u00e9quipes de clubs ont entam\u00e9 la seconde moiti\u00e9 du Concours international des Six Jours d&#039;Enduro (ISDE en anglais) de cette ann\u00e9e. Sur un parcours identique \u00e0 celui de la troisi\u00e8me journ\u00e9e, la quatri\u00e8me journ\u00e9e a r\u00e9pondu aux attentes: les sp\u00e9ciales MOTUL et AIROH ont repr\u00e9sent\u00e9 en d\u00e9fi suppl\u00e9mentaire pour les pilotes.\" \/>\n<meta name=\"robots\" content=\"index, follow, max-snippet:-1, max-image-preview:large, max-video-preview:-1\" \/>\n<link rel=\"canonical\" href=\"https:\/\/2022.fim-6days.com\/fr\/les-clubs-sattaquent-a-la-deuxieme-moitie-des-fim-isde\/\" \/>\n<meta property=\"og:locale\" content=\"fr_FR\" \/>\n<meta property=\"og:type\" content=\"article\" \/>\n<meta property=\"og:title\" content=\"Les clubs s&#039;attaquent \u00e0 la deuxi\u00e8me moiti\u00e9 des FIM ISDE - FIM ISDE 2022\" \/>\n<meta property=\"og:description\" content=\"Apr\u00e8s trois jours de comp\u00e9tition, les pilotes des \u00e9quipes de clubs ont entam\u00e9 la seconde moiti\u00e9 du Concours international des Six Jours d&#039;Enduro (ISDE en anglais) de cette ann\u00e9e. Sur un parcours identique \u00e0 celui de la troisi\u00e8me journ\u00e9e, la quatri\u00e8me journ\u00e9e a r\u00e9pondu aux attentes: les sp\u00e9ciales MOTUL et AIROH ont repr\u00e9sent\u00e9 en d\u00e9fi suppl\u00e9mentaire pour les pilotes.\" \/>\n<meta property=\"og:url\" content=\"https:\/\/2022.fim-6days.com\/fr\/les-clubs-sattaquent-a-la-deuxieme-moitie-des-fim-isde\/\" \/>\n<meta property=\"og:site_name\" content=\"FIM ISDE 2022\" \/>\n<meta property=\"article:publisher\" content=\"https:\/\/www.facebook.com\/FIMISDE\/\" \/>\n<meta property=\"article:published_time\" content=\"2022-09-02T08:45:09+00:00\" \/>\n<meta property=\"og:image\" content=\"https:\/\/2022.fim-6days.com\/wp-content\/uploads\/sites\/7\/2022\/09\/Club1-Day4-ISDE.jpg\" \/>\n\t<meta property=\"og:image:width\" content=\"1290\" \/>\n\t<meta property=\"og:image:height\" content=\"860\" \/>\n\t<meta property=\"og:image:type\" content=\"image\/jpeg\" \/>\n<meta name=\"author\" content=\"kategtof\" \/>\n<meta name=\"twitter:card\" content=\"summary_large_image\" \/>\n<meta name=\"twitter:creator\" content=\"@fimisde\" \/>\n<meta name=\"twitter:site\" content=\"@fimisde\" \/>\n<meta name=\"twitter:label1\" content=\"\u00c9crit par\" \/>\n\t<meta name=\"twitter:data1\" content=\"kategtof\" \/>\n\t<meta name=\"twitter:label2\" content=\"Dur\u00e9e de lecture estim\u00e9e\" \/>\n\t<meta name=\"twitter:data2\" content=\"2 minutes\" \/>\n<script type=\"application\/ld+json\" class=\"yoast-schema-graph\">{\"@context\":\"https:\/\/schema.org\",\"@graph\":[{\"@type\":\"Article\",\"@id\":\"https:\/\/2022.fim-6days.com\/fr\/les-clubs-sattaquent-a-la-deuxieme-moitie-des-fim-isde\/#article\",\"isPartOf\":{\"@id\":\"https:\/\/2022.fim-6days.com\/fr\/les-clubs-sattaquent-a-la-deuxieme-moitie-des-fim-isde\/\"},\"author\":{\"name\":\"kategtof\",\"@id\":\"https:\/\/2022.fim-6days.com\/fr\/#\/schema\/person\/db95d361606346a0067912f18df924ab\"},\"headline\":\"Les clubs s&rsquo;attaquent \u00e0 la deuxi\u00e8me moiti\u00e9 des FIM ISDE\",\"datePublished\":\"2022-09-02T08:45:09+00:00\",\"mainEntityOfPage\":{\"@id\":\"https:\/\/2022.fim-6days.com\/fr\/les-clubs-sattaquent-a-la-deuxieme-moitie-des-fim-isde\/\"},\"wordCount\":952,\"commentCount\":0,\"publisher\":{\"@id\":\"https:\/\/2022.fim-6days.com\/fr\/#organization\"},\"image\":{\"@id\":\"https:\/\/2022.fim-6days.com\/fr\/les-clubs-sattaquent-a-la-deuxieme-moitie-des-fim-isde\/#primaryimage\"},\"thumbnailUrl\":\"https:\/\/2022.fim-6days.com\/wp-content\/uploads\/sites\/7\/2022\/09\/Club1-Day4-ISDE.jpg\",\"articleSection\":[\"Articles\",\"Jour 4\"],\"inLanguage\":\"fr-FR\",\"potentialAction\":[{\"@type\":\"CommentAction\",\"name\":\"Comment\",\"target\":[\"https:\/\/2022.fim-6days.com\/fr\/les-clubs-sattaquent-a-la-deuxieme-moitie-des-fim-isde\/#respond\"]}]},{\"@type\":\"WebPage\",\"@id\":\"https:\/\/2022.fim-6days.com\/fr\/les-clubs-sattaquent-a-la-deuxieme-moitie-des-fim-isde\/\",\"url\":\"https:\/\/2022.fim-6days.com\/fr\/les-clubs-sattaquent-a-la-deuxieme-moitie-des-fim-isde\/\",\"name\":\"Les clubs s'attaquent \u00e0 la deuxi\u00e8me moiti\u00e9 des FIM ISDE - FIM ISDE 2022\",\"isPartOf\":{\"@id\":\"https:\/\/2022.fim-6days.com\/fr\/#website\"},\"primaryImageOfPage\":{\"@id\":\"https:\/\/2022.fim-6days.com\/fr\/les-clubs-sattaquent-a-la-deuxieme-moitie-des-fim-isde\/#primaryimage\"},\"image\":{\"@id\":\"https:\/\/2022.fim-6days.com\/fr\/les-clubs-sattaquent-a-la-deuxieme-moitie-des-fim-isde\/#primaryimage\"},\"thumbnailUrl\":\"https:\/\/2022.fim-6days.com\/wp-content\/uploads\/sites\/7\/2022\/09\/Club1-Day4-ISDE.jpg\",\"datePublished\":\"2022-09-02T08:45:09+00:00\",\"description\":\"Apr\u00e8s trois jours de comp\u00e9tition, les pilotes des \u00e9quipes de clubs ont entam\u00e9 la seconde moiti\u00e9 du Concours international des Six Jours d'Enduro (ISDE en anglais) de cette ann\u00e9e. Sur un parcours identique \u00e0 celui de la troisi\u00e8me journ\u00e9e, la quatri\u00e8me journ\u00e9e a r\u00e9pondu aux attentes: les sp\u00e9ciales MOTUL et AIROH ont repr\u00e9sent\u00e9 en d\u00e9fi suppl\u00e9mentaire pour les pilotes.\",\"breadcrumb\":{\"@id\":\"https:\/\/2022.fim-6days.com\/fr\/les-clubs-sattaquent-a-la-deuxieme-moitie-des-fim-isde\/#breadcrumb\"},\"inLanguage\":\"fr-FR\",\"potentialAction\":[{\"@type\":\"ReadAction\",\"target\":[\"https:\/\/2022.fim-6days.com\/fr\/les-clubs-sattaquent-a-la-deuxieme-moitie-des-fim-isde\/\"]}]},{\"@type\":\"ImageObject\",\"inLanguage\":\"fr-FR\",\"@id\":\"https:\/\/2022.fim-6days.com\/fr\/les-clubs-sattaquent-a-la-deuxieme-moitie-des-fim-isde\/#primaryimage\",\"url\":\"https:\/\/2022.fim-6days.com\/wp-content\/uploads\/sites\/7\/2022\/09\/Club1-Day4-ISDE.jpg\",\"contentUrl\":\"https:\/\/2022.fim-6days.com\/wp-content\/uploads\/sites\/7\/2022\/09\/Club1-Day4-ISDE.jpg\",\"width\":1290,\"height\":860,\"caption\":\"Future7Media \u00a9\"},{\"@type\":\"BreadcrumbList\",\"@id\":\"https:\/\/2022.fim-6days.com\/fr\/les-clubs-sattaquent-a-la-deuxieme-moitie-des-fim-isde\/#breadcrumb\",\"itemListElement\":[{\"@type\":\"ListItem\",\"position\":1,\"name\":\"Home\",\"item\":\"https:\/\/2022.fim-6days.com\/fr\/\"},{\"@type\":\"ListItem\",\"position\":2,\"name\":\"Les clubs s&rsquo;attaquent \u00e0 la deuxi\u00e8me moiti\u00e9 des FIM ISDE\"}]},{\"@type\":\"WebSite\",\"@id\":\"https:\/\/2022.fim-6days.com\/fr\/#website\",\"url\":\"https:\/\/2022.fim-6days.com\/fr\/\",\"name\":\"FIM ISDE 2021\",\"description\":\"FIM ISDE Official website\",\"publisher\":{\"@id\":\"https:\/\/2022.fim-6days.com\/fr\/#organization\"},\"potentialAction\":[{\"@type\":\"SearchAction\",\"target\":{\"@type\":\"EntryPoint\",\"urlTemplate\":\"https:\/\/2022.fim-6days.com\/fr\/?s={search_term_string}\"},\"query-input\":{\"@type\":\"PropertyValueSpecification\",\"valueRequired\":true,\"valueName\":\"search_term_string\"}}],\"inLanguage\":\"fr-FR\"},{\"@type\":\"Organization\",\"@id\":\"https:\/\/2022.fim-6days.com\/fr\/#organization\",\"name\":\"FIM - F\u00e9d\u00e9ration Internationale de Motocyclisme\",\"url\":\"https:\/\/2022.fim-6days.com\/fr\/\",\"logo\":{\"@type\":\"ImageObject\",\"inLanguage\":\"fr-FR\",\"@id\":\"https:\/\/2022.fim-6days.com\/fr\/#\/schema\/logo\/image\/\",\"url\":\"https:\/\/2022.fim-6days.com\/wp-content\/uploads\/sites\/7\/2019\/07\/LogoFIM-CMYK.png\",\"contentUrl\":\"https:\/\/2022.fim-6days.com\/wp-content\/uploads\/sites\/7\/2019\/07\/LogoFIM-CMYK.png\",\"width\":2608,\"height\":1833,\"caption\":\"FIM - F\u00e9d\u00e9ration Internationale de Motocyclisme\"},\"image\":{\"@id\":\"https:\/\/2022.fim-6days.com\/fr\/#\/schema\/logo\/image\/\"},\"sameAs\":[\"https:\/\/www.facebook.com\/FIMISDE\/\",\"https:\/\/x.com\/fimisde\",\"https:\/\/www.instagram.com\/fim_isde\/\"]},{\"@type\":\"Person\",\"@id\":\"https:\/\/2022.fim-6days.com\/fr\/#\/schema\/person\/db95d361606346a0067912f18df924ab\",\"name\":\"kategtof\",\"image\":{\"@type\":\"ImageObject\",\"inLanguage\":\"fr-FR\",\"@id\":\"https:\/\/2022.fim-6days.com\/fr\/#\/schema\/person\/image\/\",\"url\":\"https:\/\/secure.gravatar.com\/avatar\/c3274649b10bd4db8211a9c5582941bc84ee6a5163a0df3f96f7a4130961d5e1?s=96&d=mm&r=g\",\"contentUrl\":\"https:\/\/secure.gravatar.com\/avatar\/c3274649b10bd4db8211a9c5582941bc84ee6a5163a0df3f96f7a4130961d5e1?s=96&d=mm&r=g\",\"caption\":\"kategtof\"},\"url\":\"https:\/\/2022.fim-6days.com\/fr\/author\/kategtof\/\"}]}<\/script>\n<!-- \/ Yoast SEO plugin. -->","yoast_head_json":{"title":"Les clubs s'attaquent \u00e0 la deuxi\u00e8me moiti\u00e9 des FIM ISDE - FIM ISDE 2022","description":"Apr\u00e8s trois jours de comp\u00e9tition, les pilotes des \u00e9quipes de clubs ont entam\u00e9 la seconde moiti\u00e9 du Concours international des Six Jours d'Enduro (ISDE en anglais) de cette ann\u00e9e. Sur un parcours identique \u00e0 celui de la troisi\u00e8me journ\u00e9e, la quatri\u00e8me journ\u00e9e a r\u00e9pondu aux attentes: les sp\u00e9ciales MOTUL et AIROH ont repr\u00e9sent\u00e9 en d\u00e9fi suppl\u00e9mentaire pour les pilotes.","robots":{"index":"index","follow":"follow","max-snippet":"max-snippet:-1","max-image-preview":"max-image-preview:large","max-video-preview":"max-video-preview:-1"},"canonical":"https:\/\/2022.fim-6days.com\/fr\/les-clubs-sattaquent-a-la-deuxieme-moitie-des-fim-isde\/","og_locale":"fr_FR","og_type":"article","og_title":"Les clubs s'attaquent \u00e0 la deuxi\u00e8me moiti\u00e9 des FIM ISDE - FIM ISDE 2022","og_description":"Apr\u00e8s trois jours de comp\u00e9tition, les pilotes des \u00e9quipes de clubs ont entam\u00e9 la seconde moiti\u00e9 du Concours international des Six Jours d'Enduro (ISDE en anglais) de cette ann\u00e9e. Sur un parcours identique \u00e0 celui de la troisi\u00e8me journ\u00e9e, la quatri\u00e8me journ\u00e9e a r\u00e9pondu aux attentes: les sp\u00e9ciales MOTUL et AIROH ont repr\u00e9sent\u00e9 en d\u00e9fi suppl\u00e9mentaire pour les pilotes.","og_url":"https:\/\/2022.fim-6days.com\/fr\/les-clubs-sattaquent-a-la-deuxieme-moitie-des-fim-isde\/","og_site_name":"FIM ISDE 2022","article_publisher":"https:\/\/www.facebook.com\/FIMISDE\/","article_published_time":"2022-09-02T08:45:09+00:00","og_image":[{"width":1290,"height":860,"url":"https:\/\/2022.fim-6days.com\/wp-content\/uploads\/sites\/7\/2022\/09\/Club1-Day4-ISDE.jpg","type":"image\/jpeg"}],"author":"kategtof","twitter_card":"summary_large_image","twitter_creator":"@fimisde","twitter_site":"@fimisde","twitter_misc":{"\u00c9crit par":"kategtof","Dur\u00e9e de lecture estim\u00e9e":"2 minutes"},"schema":{"@context":"https:\/\/schema.org","@graph":[{"@type":"Article","@id":"https:\/\/2022.fim-6days.com\/fr\/les-clubs-sattaquent-a-la-deuxieme-moitie-des-fim-isde\/#article","isPartOf":{"@id":"https:\/\/2022.fim-6days.com\/fr\/les-clubs-sattaquent-a-la-deuxieme-moitie-des-fim-isde\/"},"author":{"name":"kategtof","@id":"https:\/\/2022.fim-6days.com\/fr\/#\/schema\/person\/db95d361606346a0067912f18df924ab"},"headline":"Les clubs s&rsquo;attaquent \u00e0 la deuxi\u00e8me moiti\u00e9 des FIM ISDE","datePublished":"2022-09-02T08:45:09+00:00","mainEntityOfPage":{"@id":"https:\/\/2022.fim-6days.com\/fr\/les-clubs-sattaquent-a-la-deuxieme-moitie-des-fim-isde\/"},"wordCount":952,"commentCount":0,"publisher":{"@id":"https:\/\/2022.fim-6days.com\/fr\/#organization"},"image":{"@id":"https:\/\/2022.fim-6days.com\/fr\/les-clubs-sattaquent-a-la-deuxieme-moitie-des-fim-isde\/#primaryimage"},"thumbnailUrl":"https:\/\/2022.fim-6days.com\/wp-content\/uploads\/sites\/7\/2022\/09\/Club1-Day4-ISDE.jpg","articleSection":["Articles","Jour 4"],"inLanguage":"fr-FR","potentialAction":[{"@type":"CommentAction","name":"Comment","target":["https:\/\/2022.fim-6days.com\/fr\/les-clubs-sattaquent-a-la-deuxieme-moitie-des-fim-isde\/#respond"]}]},{"@type":"WebPage","@id":"https:\/\/2022.fim-6days.com\/fr\/les-clubs-sattaquent-a-la-deuxieme-moitie-des-fim-isde\/","url":"https:\/\/2022.fim-6days.com\/fr\/les-clubs-sattaquent-a-la-deuxieme-moitie-des-fim-isde\/","name":"Les clubs s'attaquent \u00e0 la deuxi\u00e8me moiti\u00e9 des FIM ISDE - FIM ISDE 2022","isPartOf":{"@id":"https:\/\/2022.fim-6days.com\/fr\/#website"},"primaryImageOfPage":{"@id":"https:\/\/2022.fim-6days.com\/fr\/les-clubs-sattaquent-a-la-deuxieme-moitie-des-fim-isde\/#primaryimage"},"image":{"@id":"https:\/\/2022.fim-6days.com\/fr\/les-clubs-sattaquent-a-la-deuxieme-moitie-des-fim-isde\/#primaryimage"},"thumbnailUrl":"https:\/\/2022.fim-6days.com\/wp-content\/uploads\/sites\/7\/2022\/09\/Club1-Day4-ISDE.jpg","datePublished":"2022-09-02T08:45:09+00:00","description":"Apr\u00e8s trois jours de comp\u00e9tition, les pilotes des \u00e9quipes de clubs ont entam\u00e9 la seconde moiti\u00e9 du Concours international des Six Jours d'Enduro (ISDE en anglais) de cette ann\u00e9e. Sur un parcours identique \u00e0 celui de la troisi\u00e8me journ\u00e9e, la quatri\u00e8me journ\u00e9e a r\u00e9pondu aux attentes: les sp\u00e9ciales MOTUL et AIROH ont repr\u00e9sent\u00e9 en d\u00e9fi suppl\u00e9mentaire pour les pilotes.","breadcrumb":{"@id":"https:\/\/2022.fim-6days.com\/fr\/les-clubs-sattaquent-a-la-deuxieme-moitie-des-fim-isde\/#breadcrumb"},"inLanguage":"fr-FR","potentialAction":[{"@type":"ReadAction","target":["https:\/\/2022.fim-6days.com\/fr\/les-clubs-sattaquent-a-la-deuxieme-moitie-des-fim-isde\/"]}]},{"@type":"ImageObject","inLanguage":"fr-FR","@id":"https:\/\/2022.fim-6days.com\/fr\/les-clubs-sattaquent-a-la-deuxieme-moitie-des-fim-isde\/#primaryimage","url":"https:\/\/2022.fim-6days.com\/wp-content\/uploads\/sites\/7\/2022\/09\/Club1-Day4-ISDE.jpg","contentUrl":"https:\/\/2022.fim-6days.com\/wp-content\/uploads\/sites\/7\/2022\/09\/Club1-Day4-ISDE.jpg","width":1290,"height":860,"caption":"Future7Media \u00a9"},{"@type":"BreadcrumbList","@id":"https:\/\/2022.fim-6days.com\/fr\/les-clubs-sattaquent-a-la-deuxieme-moitie-des-fim-isde\/#breadcrumb","itemListElement":[{"@type":"ListItem","position":1,"name":"Home","item":"https:\/\/2022.fim-6days.com\/fr\/"},{"@type":"ListItem","position":2,"name":"Les clubs s&rsquo;attaquent \u00e0 la deuxi\u00e8me moiti\u00e9 des FIM ISDE"}]},{"@type":"WebSite","@id":"https:\/\/2022.fim-6days.com\/fr\/#website","url":"https:\/\/2022.fim-6days.com\/fr\/","name":"FIM ISDE 2021","description":"FIM ISDE Official website","publisher":{"@id":"https:\/\/2022.fim-6days.com\/fr\/#organization"},"potentialAction":[{"@type":"SearchAction","target":{"@type":"EntryPoint","urlTemplate":"https:\/\/2022.fim-6days.com\/fr\/?s={search_term_string}"},"query-input":{"@type":"PropertyValueSpecification","valueRequired":true,"valueName":"search_term_string"}}],"inLanguage":"fr-FR"},{"@type":"Organization","@id":"https:\/\/2022.fim-6days.com\/fr\/#organization","name":"FIM - F\u00e9d\u00e9ration Internationale de Motocyclisme","url":"https:\/\/2022.fim-6days.com\/fr\/","logo":{"@type":"ImageObject","inLanguage":"fr-FR","@id":"https:\/\/2022.fim-6days.com\/fr\/#\/schema\/logo\/image\/","url":"https:\/\/2022.fim-6days.com\/wp-content\/uploads\/sites\/7\/2019\/07\/LogoFIM-CMYK.png","contentUrl":"https:\/\/2022.fim-6days.com\/wp-content\/uploads\/sites\/7\/2019\/07\/LogoFIM-CMYK.png","width":2608,"height":1833,"caption":"FIM - F\u00e9d\u00e9ration Internationale de Motocyclisme"},"image":{"@id":"https:\/\/2022.fim-6days.com\/fr\/#\/schema\/logo\/image\/"},"sameAs":["https:\/\/www.facebook.com\/FIMISDE\/","https:\/\/x.com\/fimisde","https:\/\/www.instagram.com\/fim_isde\/"]},{"@type":"Person","@id":"https:\/\/2022.fim-6days.com\/fr\/#\/schema\/person\/db95d361606346a0067912f18df924ab","name":"kategtof","image":{"@type":"ImageObject","inLanguage":"fr-FR","@id":"https:\/\/2022.fim-6days.com\/fr\/#\/schema\/person\/image\/","url":"https:\/\/secure.gravatar.com\/avatar\/c3274649b10bd4db8211a9c5582941bc84ee6a5163a0df3f96f7a4130961d5e1?s=96&d=mm&r=g","contentUrl":"https:\/\/secure.gravatar.com\/avatar\/c3274649b10bd4db8211a9c5582941bc84ee6a5163a0df3f96f7a4130961d5e1?s=96&d=mm&r=g","caption":"kategtof"},"url":"https:\/\/2022.fim-6days.com\/fr\/author\/kategtof\/"}]}},"_links":{"self":[{"href":"https:\/\/2022.fim-6days.com\/fr\/wp-json\/wp\/v2\/posts\/41120","targetHints":{"allow":["GET"]}}],"collection":[{"href":"https:\/\/2022.fim-6days.com\/fr\/wp-json\/wp\/v2\/posts"}],"about":[{"href":"https:\/\/2022.fim-6days.com\/fr\/wp-json\/wp\/v2\/types\/post"}],"author":[{"embeddable":true,"href":"https:\/\/2022.fim-6days.com\/fr\/wp-json\/wp\/v2\/users\/10"}],"replies":[{"embeddable":true,"href":"https:\/\/2022.fim-6days.com\/fr\/wp-json\/wp\/v2\/comments?post=41120"}],"version-history":[{"count":1,"href":"https:\/\/2022.fim-6days.com\/fr\/wp-json\/wp\/v2\/posts\/41120\/revisions"}],"predecessor-version":[{"id":41146,"href":"https:\/\/2022.fim-6days.com\/fr\/wp-json\/wp\/v2\/posts\/41120\/revisions\/41146"}],"wp:featuredmedia":[{"embeddable":true,"href":"https:\/\/2022.fim-6days.com\/fr\/wp-json\/wp\/v2\/media\/41122"}],"wp:attachment":[{"href":"https:\/\/2022.fim-6days.com\/fr\/wp-json\/wp\/v2\/media?parent=41120"}],"wp:term":[{"taxonomy":"category","embeddable":true,"href":"https:\/\/2022.fim-6days.com\/fr\/wp-json\/wp\/v2\/categories?post=41120"},{"taxonomy":"post_tag","embeddable":true,"href":"https:\/\/2022.fim-6days.com\/fr\/wp-json\/wp\/v2\/tags?post=41120"}],"curies":[{"name":"wp","href":"https:\/\/api.w.org\/{rel}","templated":true}]}}