{"id":41025,"date":"2022-09-01T10:46:05","date_gmt":"2022-09-01T08:46:05","guid":{"rendered":"https:\/\/2022.fim-6days.com\/?p=41025"},"modified":"2022-09-01T10:46:05","modified_gmt":"2022-09-01T08:46:05","slug":"enrico-rinaldi-lenduro-une-histoire-de-famille","status":"publish","type":"post","link":"https:\/\/2022.fim-6days.com\/fr\/enrico-rinaldi-lenduro-une-histoire-de-famille\/","title":{"rendered":"Enrico Rinaldi \u2013 L\u2019enduro, une histoire de famille"},"content":{"rendered":"<div class=\"fusion-fullwidth fullwidth-box fusion-builder-row-1 fusion-flex-container nonhundred-percent-fullwidth non-hundred-percent-height-scrolling\" style=\"--awb-border-radius-top-left:0px;--awb-border-radius-top-right:0px;--awb-border-radius-bottom-right:0px;--awb-border-radius-bottom-left:0px;--awb-padding-top:0px;--awb-padding-bottom:0px;--awb-flex-wrap:wrap;\" ><div class=\"fusion-builder-row fusion-row fusion-flex-align-items-flex-start fusion-flex-content-wrap\" style=\"max-width:1248px;margin-left: calc(-4% \/ 2 );margin-right: calc(-4% \/ 2 );\"><div class=\"fusion-layout-column fusion_builder_column fusion-builder-column-0 fusion_builder_column_1_1 1_1 fusion-flex-column\" style=\"--awb-padding-top:0px;--awb-padding-bottom:0px;--awb-bg-size:cover;--awb-width-large:100%;--awb-margin-top-large:0px;--awb-spacing-right-large:1.92%;--awb-margin-bottom-large:0px;--awb-spacing-left-large:1.92%;--awb-width-medium:100%;--awb-order-medium:0;--awb-spacing-right-medium:1.92%;--awb-spacing-left-medium:1.92%;--awb-width-small:100%;--awb-order-small:0;--awb-spacing-right-small:1.92%;--awb-spacing-left-small:1.92%;\"><div class=\"fusion-column-wrapper fusion-column-has-shadow fusion-flex-justify-content-flex-start fusion-content-layout-column\"><div class=\"fusion-text fusion-text-1\" style=\"--awb-text-transform:none;\"><p><strong>Cette ann\u00e9e, la cat\u00e9gorie Junior du Troph\u00e9e mondial du Concours international des Six Jours d\u2019Enduro (ISDE en anglais) de la FIM est pour l\u2019instant men\u00e9e par l&rsquo;Italie. Parmi les trois jeunes pilotes, Enrico Rinaldi (GASGAS) fait tout son possible pour r\u00e9aliser son r\u00eave de s\u2019imposer sur la sc\u00e8ne mondiale.<\/strong><\/p>\n<p>Avec un patronyme synonyme d&rsquo;enduro, Enrico est le fils de Mario Rinaldi, quadruple champion du monde d&rsquo;enduro et quadruple vainqueur des FIM ISDE avec l&rsquo;Italie.<\/p>\n<p>Si Mario a certainement laiss\u00e9 son h\u00e9ritage dans ce sport, Enrico n&rsquo;en est qu&rsquo;aux pr\u00e9mices de sa jeune carri\u00e8re. Il participe pour la quatri\u00e8me fois aux FIM ISDE, mais c&rsquo;est sa premi\u00e8re s\u00e9lection en tant que membre de l&rsquo;\u00e9quipe d\u2019Italie pour le Troph\u00e9e.<\/p>\n<p>\u00abC&rsquo;est ma quatri\u00e8me participation aux FIM ISDE, mais ma premi\u00e8re s\u00e9lection dans l&rsquo;\u00e9quipe d\u2019Italie pour le Troph\u00e9e\u00bb, a d\u00e9clar\u00e9 Rinaldi. \u00abC&rsquo;est tout un honneur d&rsquo;enfiler le maillot national et de courir pour mon pays. J&rsquo;esp\u00e8re le rendre fier.\u00bb<\/p>\n<p>\u00abJusqu&rsquo;\u00e0 pr\u00e9sent, les choses vont bien. Nous sommes en t\u00eate de la cat\u00e9gorie Junior au Troph\u00e9e mondial et, bien qu&rsquo;il reste encore beaucoup de chemin \u00e0 parcourir, nous travaillons bien ensemble, en tant qu&rsquo;\u00e9quipe.\u00bb<\/p>\n<p>Bien qu&rsquo;il ait indiscutablement trac\u00e9 sa propre voie en enduro, il est difficile d&rsquo;ignorer l&rsquo;h\u00e9ritage de sa famille. Comment son p\u00e8re Mario vit-il ce moment dans la carri\u00e8re d&rsquo;Enrico ?<\/p>\n<p>\u00abIl est fier, je pense!\u00bb, sourit Enrico. \u00abJe pense qu&rsquo;il \u00e9tait tr\u00e8s enthousiaste lorsque j&rsquo;ai \u00e9t\u00e9 s\u00e9lectionn\u00e9 pour courir avec l&rsquo;Italie.\u00bb<\/p>\n<p>\u00abBien s\u00fbr, c&rsquo;est un nom difficile \u00e0 porter, mais mon p\u00e8re ne met aucune pression ou attente sur mes \u00e9paules. Il est juste heureux que je fasse de mon mieux et que je profite de l&rsquo;exp\u00e9rience.\u00bb<\/p>\n<\/div><\/div><\/div><\/div><\/div>\n","protected":false},"excerpt":{"rendered":"","protected":false},"author":10,"featured_media":41030,"comment_status":"open","ping_status":"open","sticky":false,"template":"","format":"standard","meta":{"inline_featured_image":false,"footnotes":""},"categories":[75,82],"tags":[],"class_list":["post-41025","post","type-post","status-publish","format-standard","has-post-thumbnail","hentry","category-articles","category-jour-3"],"yoast_head":"<!-- This site is optimized with the Yoast SEO plugin v25.6 - https:\/\/yoast.com\/wordpress\/plugins\/seo\/ -->\n<title>Enrico Rinaldi \u2013 L\u2019enduro, une histoire de famille - FIM ISDE 2022<\/title>\n<meta name=\"description\" content=\"Cette ann\u00e9e, la cat\u00e9gorie Junior du Troph\u00e9e mondial du Concours international des Six Jours d\u2019Enduro (ISDE en anglais) de la FIM est pour l\u2019instant men\u00e9e par l&#039;Italie.\" \/>\n<meta name=\"robots\" content=\"index, follow, max-snippet:-1, max-image-preview:large, max-video-preview:-1\" \/>\n<link rel=\"canonical\" href=\"https:\/\/2022.fim-6days.com\/fr\/enrico-rinaldi-lenduro-une-histoire-de-famille\/\" \/>\n<meta property=\"og:locale\" content=\"fr_FR\" \/>\n<meta property=\"og:type\" content=\"article\" \/>\n<meta property=\"og:title\" content=\"Enrico Rinaldi \u2013 L\u2019enduro, une histoire de famille - FIM ISDE 2022\" \/>\n<meta property=\"og:description\" content=\"Cette ann\u00e9e, la cat\u00e9gorie Junior du Troph\u00e9e mondial du Concours international des Six Jours d\u2019Enduro (ISDE en anglais) de la FIM est pour l\u2019instant men\u00e9e par l&#039;Italie.\" \/>\n<meta property=\"og:url\" content=\"https:\/\/2022.fim-6days.com\/fr\/enrico-rinaldi-lenduro-une-histoire-de-famille\/\" \/>\n<meta property=\"og:site_name\" content=\"FIM ISDE 2022\" \/>\n<meta property=\"article:publisher\" content=\"https:\/\/www.facebook.com\/FIMISDE\/\" \/>\n<meta property=\"article:published_time\" content=\"2022-09-01T08:46:05+00:00\" \/>\n<meta property=\"og:image\" content=\"https:\/\/2022.fim-6days.com\/wp-content\/uploads\/sites\/7\/2022\/09\/Story5-1-1.jpg\" \/>\n\t<meta property=\"og:image:width\" content=\"1290\" \/>\n\t<meta property=\"og:image:height\" content=\"860\" \/>\n\t<meta property=\"og:image:type\" content=\"image\/jpeg\" \/>\n<meta name=\"author\" content=\"kategtof\" \/>\n<meta name=\"twitter:card\" content=\"summary_large_image\" \/>\n<meta name=\"twitter:creator\" content=\"@fimisde\" \/>\n<meta name=\"twitter:site\" content=\"@fimisde\" \/>\n<meta name=\"twitter:label1\" content=\"\u00c9crit par\" \/>\n\t<meta name=\"twitter:data1\" content=\"kategtof\" \/>\n\t<meta name=\"twitter:label2\" content=\"Dur\u00e9e de lecture estim\u00e9e\" \/>\n\t<meta name=\"twitter:data2\" content=\"3 minutes\" \/>\n<script type=\"application\/ld+json\" class=\"yoast-schema-graph\">{\"@context\":\"https:\/\/schema.org\",\"@graph\":[{\"@type\":\"Article\",\"@id\":\"https:\/\/2022.fim-6days.com\/fr\/enrico-rinaldi-lenduro-une-histoire-de-famille\/#article\",\"isPartOf\":{\"@id\":\"https:\/\/2022.fim-6days.com\/fr\/enrico-rinaldi-lenduro-une-histoire-de-famille\/\"},\"author\":{\"name\":\"kategtof\",\"@id\":\"https:\/\/2022.fim-6days.com\/fr\/#\/schema\/person\/db95d361606346a0067912f18df924ab\"},\"headline\":\"Enrico Rinaldi \u2013 L\u2019enduro, une histoire de famille\",\"datePublished\":\"2022-09-01T08:46:05+00:00\",\"mainEntityOfPage\":{\"@id\":\"https:\/\/2022.fim-6days.com\/fr\/enrico-rinaldi-lenduro-une-histoire-de-famille\/\"},\"wordCount\":1004,\"commentCount\":0,\"publisher\":{\"@id\":\"https:\/\/2022.fim-6days.com\/fr\/#organization\"},\"image\":{\"@id\":\"https:\/\/2022.fim-6days.com\/fr\/enrico-rinaldi-lenduro-une-histoire-de-famille\/#primaryimage\"},\"thumbnailUrl\":\"https:\/\/2022.fim-6days.com\/wp-content\/uploads\/sites\/7\/2022\/09\/Story5-1-1.jpg\",\"articleSection\":[\"Articles\",\"Jour 3\"],\"inLanguage\":\"fr-FR\",\"potentialAction\":[{\"@type\":\"CommentAction\",\"name\":\"Comment\",\"target\":[\"https:\/\/2022.fim-6days.com\/fr\/enrico-rinaldi-lenduro-une-histoire-de-famille\/#respond\"]}]},{\"@type\":\"WebPage\",\"@id\":\"https:\/\/2022.fim-6days.com\/fr\/enrico-rinaldi-lenduro-une-histoire-de-famille\/\",\"url\":\"https:\/\/2022.fim-6days.com\/fr\/enrico-rinaldi-lenduro-une-histoire-de-famille\/\",\"name\":\"Enrico Rinaldi \u2013 L\u2019enduro, une histoire de famille - FIM ISDE 2022\",\"isPartOf\":{\"@id\":\"https:\/\/2022.fim-6days.com\/fr\/#website\"},\"primaryImageOfPage\":{\"@id\":\"https:\/\/2022.fim-6days.com\/fr\/enrico-rinaldi-lenduro-une-histoire-de-famille\/#primaryimage\"},\"image\":{\"@id\":\"https:\/\/2022.fim-6days.com\/fr\/enrico-rinaldi-lenduro-une-histoire-de-famille\/#primaryimage\"},\"thumbnailUrl\":\"https:\/\/2022.fim-6days.com\/wp-content\/uploads\/sites\/7\/2022\/09\/Story5-1-1.jpg\",\"datePublished\":\"2022-09-01T08:46:05+00:00\",\"description\":\"Cette ann\u00e9e, la cat\u00e9gorie Junior du Troph\u00e9e mondial du Concours international des Six Jours d\u2019Enduro (ISDE en anglais) de la FIM est pour l\u2019instant men\u00e9e par l'Italie.\",\"breadcrumb\":{\"@id\":\"https:\/\/2022.fim-6days.com\/fr\/enrico-rinaldi-lenduro-une-histoire-de-famille\/#breadcrumb\"},\"inLanguage\":\"fr-FR\",\"potentialAction\":[{\"@type\":\"ReadAction\",\"target\":[\"https:\/\/2022.fim-6days.com\/fr\/enrico-rinaldi-lenduro-une-histoire-de-famille\/\"]}]},{\"@type\":\"ImageObject\",\"inLanguage\":\"fr-FR\",\"@id\":\"https:\/\/2022.fim-6days.com\/fr\/enrico-rinaldi-lenduro-une-histoire-de-famille\/#primaryimage\",\"url\":\"https:\/\/2022.fim-6days.com\/wp-content\/uploads\/sites\/7\/2022\/09\/Story5-1-1.jpg\",\"contentUrl\":\"https:\/\/2022.fim-6days.com\/wp-content\/uploads\/sites\/7\/2022\/09\/Story5-1-1.jpg\",\"width\":1290,\"height\":860,\"caption\":\"Future7Media \u00a9\"},{\"@type\":\"BreadcrumbList\",\"@id\":\"https:\/\/2022.fim-6days.com\/fr\/enrico-rinaldi-lenduro-une-histoire-de-famille\/#breadcrumb\",\"itemListElement\":[{\"@type\":\"ListItem\",\"position\":1,\"name\":\"Home\",\"item\":\"https:\/\/2022.fim-6days.com\/fr\/\"},{\"@type\":\"ListItem\",\"position\":2,\"name\":\"Enrico Rinaldi \u2013 L\u2019enduro, une histoire de famille\"}]},{\"@type\":\"WebSite\",\"@id\":\"https:\/\/2022.fim-6days.com\/fr\/#website\",\"url\":\"https:\/\/2022.fim-6days.com\/fr\/\",\"name\":\"FIM ISDE 2021\",\"description\":\"FIM ISDE Official website\",\"publisher\":{\"@id\":\"https:\/\/2022.fim-6days.com\/fr\/#organization\"},\"potentialAction\":[{\"@type\":\"SearchAction\",\"target\":{\"@type\":\"EntryPoint\",\"urlTemplate\":\"https:\/\/2022.fim-6days.com\/fr\/?s={search_term_string}\"},\"query-input\":{\"@type\":\"PropertyValueSpecification\",\"valueRequired\":true,\"valueName\":\"search_term_string\"}}],\"inLanguage\":\"fr-FR\"},{\"@type\":\"Organization\",\"@id\":\"https:\/\/2022.fim-6days.com\/fr\/#organization\",\"name\":\"FIM - F\u00e9d\u00e9ration Internationale de Motocyclisme\",\"url\":\"https:\/\/2022.fim-6days.com\/fr\/\",\"logo\":{\"@type\":\"ImageObject\",\"inLanguage\":\"fr-FR\",\"@id\":\"https:\/\/2022.fim-6days.com\/fr\/#\/schema\/logo\/image\/\",\"url\":\"https:\/\/2022.fim-6days.com\/wp-content\/uploads\/sites\/7\/2019\/07\/LogoFIM-CMYK.png\",\"contentUrl\":\"https:\/\/2022.fim-6days.com\/wp-content\/uploads\/sites\/7\/2019\/07\/LogoFIM-CMYK.png\",\"width\":2608,\"height\":1833,\"caption\":\"FIM - F\u00e9d\u00e9ration Internationale de Motocyclisme\"},\"image\":{\"@id\":\"https:\/\/2022.fim-6days.com\/fr\/#\/schema\/logo\/image\/\"},\"sameAs\":[\"https:\/\/www.facebook.com\/FIMISDE\/\",\"https:\/\/x.com\/fimisde\",\"https:\/\/www.instagram.com\/fim_isde\/\"]},{\"@type\":\"Person\",\"@id\":\"https:\/\/2022.fim-6days.com\/fr\/#\/schema\/person\/db95d361606346a0067912f18df924ab\",\"name\":\"kategtof\",\"image\":{\"@type\":\"ImageObject\",\"inLanguage\":\"fr-FR\",\"@id\":\"https:\/\/2022.fim-6days.com\/fr\/#\/schema\/person\/image\/\",\"url\":\"https:\/\/secure.gravatar.com\/avatar\/c3274649b10bd4db8211a9c5582941bc84ee6a5163a0df3f96f7a4130961d5e1?s=96&d=mm&r=g\",\"contentUrl\":\"https:\/\/secure.gravatar.com\/avatar\/c3274649b10bd4db8211a9c5582941bc84ee6a5163a0df3f96f7a4130961d5e1?s=96&d=mm&r=g\",\"caption\":\"kategtof\"},\"url\":\"https:\/\/2022.fim-6days.com\/fr\/author\/kategtof\/\"}]}<\/script>\n<!-- \/ Yoast SEO plugin. -->","yoast_head_json":{"title":"Enrico Rinaldi \u2013 L\u2019enduro, une histoire de famille - FIM ISDE 2022","description":"Cette ann\u00e9e, la cat\u00e9gorie Junior du Troph\u00e9e mondial du Concours international des Six Jours d\u2019Enduro (ISDE en anglais) de la FIM est pour l\u2019instant men\u00e9e par l'Italie.","robots":{"index":"index","follow":"follow","max-snippet":"max-snippet:-1","max-image-preview":"max-image-preview:large","max-video-preview":"max-video-preview:-1"},"canonical":"https:\/\/2022.fim-6days.com\/fr\/enrico-rinaldi-lenduro-une-histoire-de-famille\/","og_locale":"fr_FR","og_type":"article","og_title":"Enrico Rinaldi \u2013 L\u2019enduro, une histoire de famille - FIM ISDE 2022","og_description":"Cette ann\u00e9e, la cat\u00e9gorie Junior du Troph\u00e9e mondial du Concours international des Six Jours d\u2019Enduro (ISDE en anglais) de la FIM est pour l\u2019instant men\u00e9e par l'Italie.","og_url":"https:\/\/2022.fim-6days.com\/fr\/enrico-rinaldi-lenduro-une-histoire-de-famille\/","og_site_name":"FIM ISDE 2022","article_publisher":"https:\/\/www.facebook.com\/FIMISDE\/","article_published_time":"2022-09-01T08:46:05+00:00","og_image":[{"width":1290,"height":860,"url":"https:\/\/2022.fim-6days.com\/wp-content\/uploads\/sites\/7\/2022\/09\/Story5-1-1.jpg","type":"image\/jpeg"}],"author":"kategtof","twitter_card":"summary_large_image","twitter_creator":"@fimisde","twitter_site":"@fimisde","twitter_misc":{"\u00c9crit par":"kategtof","Dur\u00e9e de lecture estim\u00e9e":"3 minutes"},"schema":{"@context":"https:\/\/schema.org","@graph":[{"@type":"Article","@id":"https:\/\/2022.fim-6days.com\/fr\/enrico-rinaldi-lenduro-une-histoire-de-famille\/#article","isPartOf":{"@id":"https:\/\/2022.fim-6days.com\/fr\/enrico-rinaldi-lenduro-une-histoire-de-famille\/"},"author":{"name":"kategtof","@id":"https:\/\/2022.fim-6days.com\/fr\/#\/schema\/person\/db95d361606346a0067912f18df924ab"},"headline":"Enrico Rinaldi \u2013 L\u2019enduro, une histoire de famille","datePublished":"2022-09-01T08:46:05+00:00","mainEntityOfPage":{"@id":"https:\/\/2022.fim-6days.com\/fr\/enrico-rinaldi-lenduro-une-histoire-de-famille\/"},"wordCount":1004,"commentCount":0,"publisher":{"@id":"https:\/\/2022.fim-6days.com\/fr\/#organization"},"image":{"@id":"https:\/\/2022.fim-6days.com\/fr\/enrico-rinaldi-lenduro-une-histoire-de-famille\/#primaryimage"},"thumbnailUrl":"https:\/\/2022.fim-6days.com\/wp-content\/uploads\/sites\/7\/2022\/09\/Story5-1-1.jpg","articleSection":["Articles","Jour 3"],"inLanguage":"fr-FR","potentialAction":[{"@type":"CommentAction","name":"Comment","target":["https:\/\/2022.fim-6days.com\/fr\/enrico-rinaldi-lenduro-une-histoire-de-famille\/#respond"]}]},{"@type":"WebPage","@id":"https:\/\/2022.fim-6days.com\/fr\/enrico-rinaldi-lenduro-une-histoire-de-famille\/","url":"https:\/\/2022.fim-6days.com\/fr\/enrico-rinaldi-lenduro-une-histoire-de-famille\/","name":"Enrico Rinaldi \u2013 L\u2019enduro, une histoire de famille - FIM ISDE 2022","isPartOf":{"@id":"https:\/\/2022.fim-6days.com\/fr\/#website"},"primaryImageOfPage":{"@id":"https:\/\/2022.fim-6days.com\/fr\/enrico-rinaldi-lenduro-une-histoire-de-famille\/#primaryimage"},"image":{"@id":"https:\/\/2022.fim-6days.com\/fr\/enrico-rinaldi-lenduro-une-histoire-de-famille\/#primaryimage"},"thumbnailUrl":"https:\/\/2022.fim-6days.com\/wp-content\/uploads\/sites\/7\/2022\/09\/Story5-1-1.jpg","datePublished":"2022-09-01T08:46:05+00:00","description":"Cette ann\u00e9e, la cat\u00e9gorie Junior du Troph\u00e9e mondial du Concours international des Six Jours d\u2019Enduro (ISDE en anglais) de la FIM est pour l\u2019instant men\u00e9e par l'Italie.","breadcrumb":{"@id":"https:\/\/2022.fim-6days.com\/fr\/enrico-rinaldi-lenduro-une-histoire-de-famille\/#breadcrumb"},"inLanguage":"fr-FR","potentialAction":[{"@type":"ReadAction","target":["https:\/\/2022.fim-6days.com\/fr\/enrico-rinaldi-lenduro-une-histoire-de-famille\/"]}]},{"@type":"ImageObject","inLanguage":"fr-FR","@id":"https:\/\/2022.fim-6days.com\/fr\/enrico-rinaldi-lenduro-une-histoire-de-famille\/#primaryimage","url":"https:\/\/2022.fim-6days.com\/wp-content\/uploads\/sites\/7\/2022\/09\/Story5-1-1.jpg","contentUrl":"https:\/\/2022.fim-6days.com\/wp-content\/uploads\/sites\/7\/2022\/09\/Story5-1-1.jpg","width":1290,"height":860,"caption":"Future7Media \u00a9"},{"@type":"BreadcrumbList","@id":"https:\/\/2022.fim-6days.com\/fr\/enrico-rinaldi-lenduro-une-histoire-de-famille\/#breadcrumb","itemListElement":[{"@type":"ListItem","position":1,"name":"Home","item":"https:\/\/2022.fim-6days.com\/fr\/"},{"@type":"ListItem","position":2,"name":"Enrico Rinaldi \u2013 L\u2019enduro, une histoire de famille"}]},{"@type":"WebSite","@id":"https:\/\/2022.fim-6days.com\/fr\/#website","url":"https:\/\/2022.fim-6days.com\/fr\/","name":"FIM ISDE 2021","description":"FIM ISDE Official website","publisher":{"@id":"https:\/\/2022.fim-6days.com\/fr\/#organization"},"potentialAction":[{"@type":"SearchAction","target":{"@type":"EntryPoint","urlTemplate":"https:\/\/2022.fim-6days.com\/fr\/?s={search_term_string}"},"query-input":{"@type":"PropertyValueSpecification","valueRequired":true,"valueName":"search_term_string"}}],"inLanguage":"fr-FR"},{"@type":"Organization","@id":"https:\/\/2022.fim-6days.com\/fr\/#organization","name":"FIM - F\u00e9d\u00e9ration Internationale de Motocyclisme","url":"https:\/\/2022.fim-6days.com\/fr\/","logo":{"@type":"ImageObject","inLanguage":"fr-FR","@id":"https:\/\/2022.fim-6days.com\/fr\/#\/schema\/logo\/image\/","url":"https:\/\/2022.fim-6days.com\/wp-content\/uploads\/sites\/7\/2019\/07\/LogoFIM-CMYK.png","contentUrl":"https:\/\/2022.fim-6days.com\/wp-content\/uploads\/sites\/7\/2019\/07\/LogoFIM-CMYK.png","width":2608,"height":1833,"caption":"FIM - F\u00e9d\u00e9ration Internationale de Motocyclisme"},"image":{"@id":"https:\/\/2022.fim-6days.com\/fr\/#\/schema\/logo\/image\/"},"sameAs":["https:\/\/www.facebook.com\/FIMISDE\/","https:\/\/x.com\/fimisde","https:\/\/www.instagram.com\/fim_isde\/"]},{"@type":"Person","@id":"https:\/\/2022.fim-6days.com\/fr\/#\/schema\/person\/db95d361606346a0067912f18df924ab","name":"kategtof","image":{"@type":"ImageObject","inLanguage":"fr-FR","@id":"https:\/\/2022.fim-6days.com\/fr\/#\/schema\/person\/image\/","url":"https:\/\/secure.gravatar.com\/avatar\/c3274649b10bd4db8211a9c5582941bc84ee6a5163a0df3f96f7a4130961d5e1?s=96&d=mm&r=g","contentUrl":"https:\/\/secure.gravatar.com\/avatar\/c3274649b10bd4db8211a9c5582941bc84ee6a5163a0df3f96f7a4130961d5e1?s=96&d=mm&r=g","caption":"kategtof"},"url":"https:\/\/2022.fim-6days.com\/fr\/author\/kategtof\/"}]}},"_links":{"self":[{"href":"https:\/\/2022.fim-6days.com\/fr\/wp-json\/wp\/v2\/posts\/41025","targetHints":{"allow":["GET"]}}],"collection":[{"href":"https:\/\/2022.fim-6days.com\/fr\/wp-json\/wp\/v2\/posts"}],"about":[{"href":"https:\/\/2022.fim-6days.com\/fr\/wp-json\/wp\/v2\/types\/post"}],"author":[{"embeddable":true,"href":"https:\/\/2022.fim-6days.com\/fr\/wp-json\/wp\/v2\/users\/10"}],"replies":[{"embeddable":true,"href":"https:\/\/2022.fim-6days.com\/fr\/wp-json\/wp\/v2\/comments?post=41025"}],"version-history":[{"count":1,"href":"https:\/\/2022.fim-6days.com\/fr\/wp-json\/wp\/v2\/posts\/41025\/revisions"}],"predecessor-version":[{"id":41029,"href":"https:\/\/2022.fim-6days.com\/fr\/wp-json\/wp\/v2\/posts\/41025\/revisions\/41029"}],"wp:featuredmedia":[{"embeddable":true,"href":"https:\/\/2022.fim-6days.com\/fr\/wp-json\/wp\/v2\/media\/41030"}],"wp:attachment":[{"href":"https:\/\/2022.fim-6days.com\/fr\/wp-json\/wp\/v2\/media?parent=41025"}],"wp:term":[{"taxonomy":"category","embeddable":true,"href":"https:\/\/2022.fim-6days.com\/fr\/wp-json\/wp\/v2\/categories?post=41025"},{"taxonomy":"post_tag","embeddable":true,"href":"https:\/\/2022.fim-6days.com\/fr\/wp-json\/wp\/v2\/tags?post=41025"}],"curies":[{"name":"wp","href":"https:\/\/api.w.org\/{rel}","templated":true}]}}