{"id":41007,"date":"2022-09-01T10:14:26","date_gmt":"2022-09-01T08:14:26","guid":{"rendered":"https:\/\/2022.fim-6days.com\/?p=41007"},"modified":"2022-09-01T10:14:26","modified_gmt":"2022-09-01T08:14:26","slug":"individuel-verona-bat-garcia-pour-la-victoire-lors-de-la-troisieme-journee","status":"publish","type":"post","link":"https:\/\/2022.fim-6days.com\/fr\/individuel-verona-bat-garcia-pour-la-victoire-lors-de-la-troisieme-journee\/","title":{"rendered":"Individuel, Verona bat Garcia pour la victoire lors de la troisi\u00e8me journ\u00e9e"},"content":{"rendered":"<div class=\"fusion-fullwidth fullwidth-box fusion-builder-row-1 fusion-flex-container nonhundred-percent-fullwidth non-hundred-percent-height-scrolling\" style=\"--awb-border-radius-top-left:0px;--awb-border-radius-top-right:0px;--awb-border-radius-bottom-right:0px;--awb-border-radius-bottom-left:0px;--awb-padding-top:0px;--awb-padding-bottom:0px;--awb-flex-wrap:wrap;\" ><div class=\"fusion-builder-row fusion-row fusion-flex-align-items-flex-start fusion-flex-content-wrap\" style=\"max-width:1248px;margin-left: calc(-4% \/ 2 );margin-right: calc(-4% \/ 2 );\"><div class=\"fusion-layout-column fusion_builder_column fusion-builder-column-0 fusion_builder_column_1_1 1_1 fusion-flex-column\" style=\"--awb-padding-top:0px;--awb-padding-bottom:0px;--awb-bg-size:cover;--awb-width-large:100%;--awb-margin-top-large:0px;--awb-spacing-right-large:1.92%;--awb-margin-bottom-large:0px;--awb-spacing-left-large:1.92%;--awb-width-medium:100%;--awb-order-medium:0;--awb-spacing-right-medium:1.92%;--awb-spacing-left-medium:1.92%;--awb-width-small:100%;--awb-order-small:0;--awb-spacing-right-small:1.92%;--awb-spacing-left-small:1.92%;\"><div class=\"fusion-column-wrapper fusion-column-has-shadow fusion-flex-justify-content-flex-start fusion-content-layout-column\"><div class=\"fusion-text fusion-text-1\" style=\"--awb-text-transform:none;\"><div>\n<p class=\"Body\"><strong><span lang=\"FR\">La troisi\u00e8me journ\u00e9e a vu un changement de nom en t\u00eate des r\u00e9sultats individuels du Concours international des Six Jours d\u2019Enduro (ISDE en anglais)) de la FIM, l&rsquo;Italien Andrea Verona (GASGAS) d\u00e9crochant la victoire, sa premi\u00e8re de la semaine. Verona a domin\u00e9 le classement d&rsquo;aujourd&rsquo;hui avec plus de neuf secondes d&rsquo;avance sur Garcia. Les Britanniques Nathan Watson (Honda) et Steve Holcombe (Beta) sont troisi\u00e8me et quatri\u00e8me, tandis que le Fran\u00e7ais Zach Pichon (Sherco) est le meilleur du contingent Junior et cinqui\u00e8me au classement du jour.<\/span><\/strong><\/p>\n<\/div>\n<div>\n<p class=\"Body\">Avec sa victoire, Verona est \u00e9galement en t\u00eate des chronos en Enduro1, suivi de Pichon en deuxi\u00e8me position. L&rsquo;Italien Thomas Oldrati (Honda) a livr\u00e9 une bataille serr\u00e9e avec le Britannique Jamie McCanney (Husqvarna) pour terminer avec seulement vingt-deux dixi\u00e8mes de seconde d&rsquo;avance sur McCanney pour la troisi\u00e8me place. L&rsquo;Australien Daniel Milner (Fantic) a termin\u00e9 sa journ\u00e9e en cinqui\u00e8me position.<\/p>\n<\/div>\n<div>\n<p class=\"Body\">Bien qu&rsquo;il ne soit pas assur\u00e9 de la victoire finale, Garcia a sign\u00e9 sa troisi\u00e8me victoire cons\u00e9cutive dans la cat\u00e9gorie Enduro2 lors des FIM ISDE de cette ann\u00e9e. Watson et Holcombe compl\u00e8tent le trio de t\u00eate. Le Fran\u00e7ais Hugo Blanjoue (KTM) a pris la quatri\u00e8me place et le Su\u00e9dois Albin Elowson (Husqvarna) la cinqui\u00e8me.<\/p>\n<\/div>\n<div>\n<p class=\"Body\">La lutte pour la victoire finale en Enduro3 reste serr\u00e9e. Le Su\u00e9dois Mikael Persson (Husqvarna) accentue son avance en t\u00eate du classement avec une marge de trois secondes sur Jaume Betriu (KTM). Leo Le Quere (Sherco) a termin\u00e9 \u00e0 un peu moins de sept secondes de Betriu en troisi\u00e8me position. Max Ahlin (Beta) et Luc Fargier (Beta) compl\u00e8tent le top 5.<\/p>\n<\/div>\n<\/div><\/div><\/div><\/div><\/div>\n","protected":false},"excerpt":{"rendered":"","protected":false},"author":10,"featured_media":41011,"comment_status":"open","ping_status":"open","sticky":false,"template":"","format":"standard","meta":{"inline_featured_image":false,"footnotes":""},"categories":[75,82],"tags":[],"class_list":["post-41007","post","type-post","status-publish","format-standard","has-post-thumbnail","hentry","category-articles","category-jour-3"],"yoast_head":"<!-- This site is optimized with the Yoast SEO plugin v25.6 - https:\/\/yoast.com\/wordpress\/plugins\/seo\/ -->\n<title>Individuel, Verona bat Garcia pour la victoire lors de la troisi\u00e8me journ\u00e9e - FIM ISDE 2022<\/title>\n<meta name=\"description\" content=\"La troisi\u00e8me journ\u00e9e a vu un changement de nom en t\u00eate des r\u00e9sultats individuels du Concours international des Six Jours d\u2019Enduro (ISDE en anglais)) de la FIM, l&#039;Italien Andrea Verona (GASGAS) d\u00e9crochant la victoire, sa premi\u00e8re de la semaine.\" \/>\n<meta name=\"robots\" content=\"index, follow, max-snippet:-1, max-image-preview:large, max-video-preview:-1\" \/>\n<link rel=\"canonical\" href=\"https:\/\/2022.fim-6days.com\/fr\/individuel-verona-bat-garcia-pour-la-victoire-lors-de-la-troisieme-journee\/\" \/>\n<meta property=\"og:locale\" content=\"fr_FR\" \/>\n<meta property=\"og:type\" content=\"article\" \/>\n<meta property=\"og:title\" content=\"Individuel, Verona bat Garcia pour la victoire lors de la troisi\u00e8me journ\u00e9e - FIM ISDE 2022\" \/>\n<meta property=\"og:description\" content=\"La troisi\u00e8me journ\u00e9e a vu un changement de nom en t\u00eate des r\u00e9sultats individuels du Concours international des Six Jours d\u2019Enduro (ISDE en anglais)) de la FIM, l&#039;Italien Andrea Verona (GASGAS) d\u00e9crochant la victoire, sa premi\u00e8re de la semaine.\" \/>\n<meta property=\"og:url\" content=\"https:\/\/2022.fim-6days.com\/fr\/individuel-verona-bat-garcia-pour-la-victoire-lors-de-la-troisieme-journee\/\" \/>\n<meta property=\"og:site_name\" content=\"FIM ISDE 2022\" \/>\n<meta property=\"article:publisher\" content=\"https:\/\/www.facebook.com\/FIMISDE\/\" \/>\n<meta property=\"article:published_time\" content=\"2022-09-01T08:14:26+00:00\" \/>\n<meta property=\"og:image\" content=\"https:\/\/2022.fim-6days.com\/wp-content\/uploads\/sites\/7\/2022\/09\/Individual-2.jpg\" \/>\n\t<meta property=\"og:image:width\" content=\"1290\" \/>\n\t<meta property=\"og:image:height\" content=\"860\" \/>\n\t<meta property=\"og:image:type\" content=\"image\/jpeg\" \/>\n<meta name=\"author\" content=\"kategtof\" \/>\n<meta name=\"twitter:card\" content=\"summary_large_image\" \/>\n<meta name=\"twitter:creator\" content=\"@fimisde\" \/>\n<meta name=\"twitter:site\" content=\"@fimisde\" \/>\n<meta name=\"twitter:label1\" content=\"\u00c9crit par\" \/>\n\t<meta name=\"twitter:data1\" content=\"kategtof\" \/>\n\t<meta name=\"twitter:label2\" content=\"Dur\u00e9e de lecture estim\u00e9e\" \/>\n\t<meta name=\"twitter:data2\" content=\"3 minutes\" \/>\n<script type=\"application\/ld+json\" class=\"yoast-schema-graph\">{\"@context\":\"https:\/\/schema.org\",\"@graph\":[{\"@type\":\"Article\",\"@id\":\"https:\/\/2022.fim-6days.com\/fr\/individuel-verona-bat-garcia-pour-la-victoire-lors-de-la-troisieme-journee\/#article\",\"isPartOf\":{\"@id\":\"https:\/\/2022.fim-6days.com\/fr\/individuel-verona-bat-garcia-pour-la-victoire-lors-de-la-troisieme-journee\/\"},\"author\":{\"name\":\"kategtof\",\"@id\":\"https:\/\/2022.fim-6days.com\/fr\/#\/schema\/person\/db95d361606346a0067912f18df924ab\"},\"headline\":\"Individuel, Verona bat Garcia pour la victoire lors de la troisi\u00e8me journ\u00e9e\",\"datePublished\":\"2022-09-01T08:14:26+00:00\",\"mainEntityOfPage\":{\"@id\":\"https:\/\/2022.fim-6days.com\/fr\/individuel-verona-bat-garcia-pour-la-victoire-lors-de-la-troisieme-journee\/\"},\"wordCount\":987,\"commentCount\":0,\"publisher\":{\"@id\":\"https:\/\/2022.fim-6days.com\/fr\/#organization\"},\"image\":{\"@id\":\"https:\/\/2022.fim-6days.com\/fr\/individuel-verona-bat-garcia-pour-la-victoire-lors-de-la-troisieme-journee\/#primaryimage\"},\"thumbnailUrl\":\"https:\/\/2022.fim-6days.com\/wp-content\/uploads\/sites\/7\/2022\/09\/Individual-2.jpg\",\"articleSection\":[\"Articles\",\"Jour 3\"],\"inLanguage\":\"fr-FR\",\"potentialAction\":[{\"@type\":\"CommentAction\",\"name\":\"Comment\",\"target\":[\"https:\/\/2022.fim-6days.com\/fr\/individuel-verona-bat-garcia-pour-la-victoire-lors-de-la-troisieme-journee\/#respond\"]}]},{\"@type\":\"WebPage\",\"@id\":\"https:\/\/2022.fim-6days.com\/fr\/individuel-verona-bat-garcia-pour-la-victoire-lors-de-la-troisieme-journee\/\",\"url\":\"https:\/\/2022.fim-6days.com\/fr\/individuel-verona-bat-garcia-pour-la-victoire-lors-de-la-troisieme-journee\/\",\"name\":\"Individuel, Verona bat Garcia pour la victoire lors de la troisi\u00e8me journ\u00e9e - FIM ISDE 2022\",\"isPartOf\":{\"@id\":\"https:\/\/2022.fim-6days.com\/fr\/#website\"},\"primaryImageOfPage\":{\"@id\":\"https:\/\/2022.fim-6days.com\/fr\/individuel-verona-bat-garcia-pour-la-victoire-lors-de-la-troisieme-journee\/#primaryimage\"},\"image\":{\"@id\":\"https:\/\/2022.fim-6days.com\/fr\/individuel-verona-bat-garcia-pour-la-victoire-lors-de-la-troisieme-journee\/#primaryimage\"},\"thumbnailUrl\":\"https:\/\/2022.fim-6days.com\/wp-content\/uploads\/sites\/7\/2022\/09\/Individual-2.jpg\",\"datePublished\":\"2022-09-01T08:14:26+00:00\",\"description\":\"La troisi\u00e8me journ\u00e9e a vu un changement de nom en t\u00eate des r\u00e9sultats individuels du Concours international des Six Jours d\u2019Enduro (ISDE en anglais)) de la FIM, l'Italien Andrea Verona (GASGAS) d\u00e9crochant la victoire, sa premi\u00e8re de la semaine.\",\"breadcrumb\":{\"@id\":\"https:\/\/2022.fim-6days.com\/fr\/individuel-verona-bat-garcia-pour-la-victoire-lors-de-la-troisieme-journee\/#breadcrumb\"},\"inLanguage\":\"fr-FR\",\"potentialAction\":[{\"@type\":\"ReadAction\",\"target\":[\"https:\/\/2022.fim-6days.com\/fr\/individuel-verona-bat-garcia-pour-la-victoire-lors-de-la-troisieme-journee\/\"]}]},{\"@type\":\"ImageObject\",\"inLanguage\":\"fr-FR\",\"@id\":\"https:\/\/2022.fim-6days.com\/fr\/individuel-verona-bat-garcia-pour-la-victoire-lors-de-la-troisieme-journee\/#primaryimage\",\"url\":\"https:\/\/2022.fim-6days.com\/wp-content\/uploads\/sites\/7\/2022\/09\/Individual-2.jpg\",\"contentUrl\":\"https:\/\/2022.fim-6days.com\/wp-content\/uploads\/sites\/7\/2022\/09\/Individual-2.jpg\",\"width\":1290,\"height\":860,\"caption\":\"Future7Media \u00a9\"},{\"@type\":\"BreadcrumbList\",\"@id\":\"https:\/\/2022.fim-6days.com\/fr\/individuel-verona-bat-garcia-pour-la-victoire-lors-de-la-troisieme-journee\/#breadcrumb\",\"itemListElement\":[{\"@type\":\"ListItem\",\"position\":1,\"name\":\"Home\",\"item\":\"https:\/\/2022.fim-6days.com\/fr\/\"},{\"@type\":\"ListItem\",\"position\":2,\"name\":\"Individuel, Verona bat Garcia pour la victoire lors de la troisi\u00e8me journ\u00e9e\"}]},{\"@type\":\"WebSite\",\"@id\":\"https:\/\/2022.fim-6days.com\/fr\/#website\",\"url\":\"https:\/\/2022.fim-6days.com\/fr\/\",\"name\":\"FIM ISDE 2021\",\"description\":\"FIM ISDE Official website\",\"publisher\":{\"@id\":\"https:\/\/2022.fim-6days.com\/fr\/#organization\"},\"potentialAction\":[{\"@type\":\"SearchAction\",\"target\":{\"@type\":\"EntryPoint\",\"urlTemplate\":\"https:\/\/2022.fim-6days.com\/fr\/?s={search_term_string}\"},\"query-input\":{\"@type\":\"PropertyValueSpecification\",\"valueRequired\":true,\"valueName\":\"search_term_string\"}}],\"inLanguage\":\"fr-FR\"},{\"@type\":\"Organization\",\"@id\":\"https:\/\/2022.fim-6days.com\/fr\/#organization\",\"name\":\"FIM - F\u00e9d\u00e9ration Internationale de Motocyclisme\",\"url\":\"https:\/\/2022.fim-6days.com\/fr\/\",\"logo\":{\"@type\":\"ImageObject\",\"inLanguage\":\"fr-FR\",\"@id\":\"https:\/\/2022.fim-6days.com\/fr\/#\/schema\/logo\/image\/\",\"url\":\"https:\/\/2022.fim-6days.com\/wp-content\/uploads\/sites\/7\/2019\/07\/LogoFIM-CMYK.png\",\"contentUrl\":\"https:\/\/2022.fim-6days.com\/wp-content\/uploads\/sites\/7\/2019\/07\/LogoFIM-CMYK.png\",\"width\":2608,\"height\":1833,\"caption\":\"FIM - F\u00e9d\u00e9ration Internationale de Motocyclisme\"},\"image\":{\"@id\":\"https:\/\/2022.fim-6days.com\/fr\/#\/schema\/logo\/image\/\"},\"sameAs\":[\"https:\/\/www.facebook.com\/FIMISDE\/\",\"https:\/\/x.com\/fimisde\",\"https:\/\/www.instagram.com\/fim_isde\/\"]},{\"@type\":\"Person\",\"@id\":\"https:\/\/2022.fim-6days.com\/fr\/#\/schema\/person\/db95d361606346a0067912f18df924ab\",\"name\":\"kategtof\",\"image\":{\"@type\":\"ImageObject\",\"inLanguage\":\"fr-FR\",\"@id\":\"https:\/\/2022.fim-6days.com\/fr\/#\/schema\/person\/image\/\",\"url\":\"https:\/\/secure.gravatar.com\/avatar\/c3274649b10bd4db8211a9c5582941bc84ee6a5163a0df3f96f7a4130961d5e1?s=96&d=mm&r=g\",\"contentUrl\":\"https:\/\/secure.gravatar.com\/avatar\/c3274649b10bd4db8211a9c5582941bc84ee6a5163a0df3f96f7a4130961d5e1?s=96&d=mm&r=g\",\"caption\":\"kategtof\"},\"url\":\"https:\/\/2022.fim-6days.com\/fr\/author\/kategtof\/\"}]}<\/script>\n<!-- \/ Yoast SEO plugin. -->","yoast_head_json":{"title":"Individuel, Verona bat Garcia pour la victoire lors de la troisi\u00e8me journ\u00e9e - FIM ISDE 2022","description":"La troisi\u00e8me journ\u00e9e a vu un changement de nom en t\u00eate des r\u00e9sultats individuels du Concours international des Six Jours d\u2019Enduro (ISDE en anglais)) de la FIM, l'Italien Andrea Verona (GASGAS) d\u00e9crochant la victoire, sa premi\u00e8re de la semaine.","robots":{"index":"index","follow":"follow","max-snippet":"max-snippet:-1","max-image-preview":"max-image-preview:large","max-video-preview":"max-video-preview:-1"},"canonical":"https:\/\/2022.fim-6days.com\/fr\/individuel-verona-bat-garcia-pour-la-victoire-lors-de-la-troisieme-journee\/","og_locale":"fr_FR","og_type":"article","og_title":"Individuel, Verona bat Garcia pour la victoire lors de la troisi\u00e8me journ\u00e9e - FIM ISDE 2022","og_description":"La troisi\u00e8me journ\u00e9e a vu un changement de nom en t\u00eate des r\u00e9sultats individuels du Concours international des Six Jours d\u2019Enduro (ISDE en anglais)) de la FIM, l'Italien Andrea Verona (GASGAS) d\u00e9crochant la victoire, sa premi\u00e8re de la semaine.","og_url":"https:\/\/2022.fim-6days.com\/fr\/individuel-verona-bat-garcia-pour-la-victoire-lors-de-la-troisieme-journee\/","og_site_name":"FIM ISDE 2022","article_publisher":"https:\/\/www.facebook.com\/FIMISDE\/","article_published_time":"2022-09-01T08:14:26+00:00","og_image":[{"width":1290,"height":860,"url":"https:\/\/2022.fim-6days.com\/wp-content\/uploads\/sites\/7\/2022\/09\/Individual-2.jpg","type":"image\/jpeg"}],"author":"kategtof","twitter_card":"summary_large_image","twitter_creator":"@fimisde","twitter_site":"@fimisde","twitter_misc":{"\u00c9crit par":"kategtof","Dur\u00e9e de lecture estim\u00e9e":"3 minutes"},"schema":{"@context":"https:\/\/schema.org","@graph":[{"@type":"Article","@id":"https:\/\/2022.fim-6days.com\/fr\/individuel-verona-bat-garcia-pour-la-victoire-lors-de-la-troisieme-journee\/#article","isPartOf":{"@id":"https:\/\/2022.fim-6days.com\/fr\/individuel-verona-bat-garcia-pour-la-victoire-lors-de-la-troisieme-journee\/"},"author":{"name":"kategtof","@id":"https:\/\/2022.fim-6days.com\/fr\/#\/schema\/person\/db95d361606346a0067912f18df924ab"},"headline":"Individuel, Verona bat Garcia pour la victoire lors de la troisi\u00e8me journ\u00e9e","datePublished":"2022-09-01T08:14:26+00:00","mainEntityOfPage":{"@id":"https:\/\/2022.fim-6days.com\/fr\/individuel-verona-bat-garcia-pour-la-victoire-lors-de-la-troisieme-journee\/"},"wordCount":987,"commentCount":0,"publisher":{"@id":"https:\/\/2022.fim-6days.com\/fr\/#organization"},"image":{"@id":"https:\/\/2022.fim-6days.com\/fr\/individuel-verona-bat-garcia-pour-la-victoire-lors-de-la-troisieme-journee\/#primaryimage"},"thumbnailUrl":"https:\/\/2022.fim-6days.com\/wp-content\/uploads\/sites\/7\/2022\/09\/Individual-2.jpg","articleSection":["Articles","Jour 3"],"inLanguage":"fr-FR","potentialAction":[{"@type":"CommentAction","name":"Comment","target":["https:\/\/2022.fim-6days.com\/fr\/individuel-verona-bat-garcia-pour-la-victoire-lors-de-la-troisieme-journee\/#respond"]}]},{"@type":"WebPage","@id":"https:\/\/2022.fim-6days.com\/fr\/individuel-verona-bat-garcia-pour-la-victoire-lors-de-la-troisieme-journee\/","url":"https:\/\/2022.fim-6days.com\/fr\/individuel-verona-bat-garcia-pour-la-victoire-lors-de-la-troisieme-journee\/","name":"Individuel, Verona bat Garcia pour la victoire lors de la troisi\u00e8me journ\u00e9e - FIM ISDE 2022","isPartOf":{"@id":"https:\/\/2022.fim-6days.com\/fr\/#website"},"primaryImageOfPage":{"@id":"https:\/\/2022.fim-6days.com\/fr\/individuel-verona-bat-garcia-pour-la-victoire-lors-de-la-troisieme-journee\/#primaryimage"},"image":{"@id":"https:\/\/2022.fim-6days.com\/fr\/individuel-verona-bat-garcia-pour-la-victoire-lors-de-la-troisieme-journee\/#primaryimage"},"thumbnailUrl":"https:\/\/2022.fim-6days.com\/wp-content\/uploads\/sites\/7\/2022\/09\/Individual-2.jpg","datePublished":"2022-09-01T08:14:26+00:00","description":"La troisi\u00e8me journ\u00e9e a vu un changement de nom en t\u00eate des r\u00e9sultats individuels du Concours international des Six Jours d\u2019Enduro (ISDE en anglais)) de la FIM, l'Italien Andrea Verona (GASGAS) d\u00e9crochant la victoire, sa premi\u00e8re de la semaine.","breadcrumb":{"@id":"https:\/\/2022.fim-6days.com\/fr\/individuel-verona-bat-garcia-pour-la-victoire-lors-de-la-troisieme-journee\/#breadcrumb"},"inLanguage":"fr-FR","potentialAction":[{"@type":"ReadAction","target":["https:\/\/2022.fim-6days.com\/fr\/individuel-verona-bat-garcia-pour-la-victoire-lors-de-la-troisieme-journee\/"]}]},{"@type":"ImageObject","inLanguage":"fr-FR","@id":"https:\/\/2022.fim-6days.com\/fr\/individuel-verona-bat-garcia-pour-la-victoire-lors-de-la-troisieme-journee\/#primaryimage","url":"https:\/\/2022.fim-6days.com\/wp-content\/uploads\/sites\/7\/2022\/09\/Individual-2.jpg","contentUrl":"https:\/\/2022.fim-6days.com\/wp-content\/uploads\/sites\/7\/2022\/09\/Individual-2.jpg","width":1290,"height":860,"caption":"Future7Media \u00a9"},{"@type":"BreadcrumbList","@id":"https:\/\/2022.fim-6days.com\/fr\/individuel-verona-bat-garcia-pour-la-victoire-lors-de-la-troisieme-journee\/#breadcrumb","itemListElement":[{"@type":"ListItem","position":1,"name":"Home","item":"https:\/\/2022.fim-6days.com\/fr\/"},{"@type":"ListItem","position":2,"name":"Individuel, Verona bat Garcia pour la victoire lors de la troisi\u00e8me journ\u00e9e"}]},{"@type":"WebSite","@id":"https:\/\/2022.fim-6days.com\/fr\/#website","url":"https:\/\/2022.fim-6days.com\/fr\/","name":"FIM ISDE 2021","description":"FIM ISDE Official website","publisher":{"@id":"https:\/\/2022.fim-6days.com\/fr\/#organization"},"potentialAction":[{"@type":"SearchAction","target":{"@type":"EntryPoint","urlTemplate":"https:\/\/2022.fim-6days.com\/fr\/?s={search_term_string}"},"query-input":{"@type":"PropertyValueSpecification","valueRequired":true,"valueName":"search_term_string"}}],"inLanguage":"fr-FR"},{"@type":"Organization","@id":"https:\/\/2022.fim-6days.com\/fr\/#organization","name":"FIM - F\u00e9d\u00e9ration Internationale de Motocyclisme","url":"https:\/\/2022.fim-6days.com\/fr\/","logo":{"@type":"ImageObject","inLanguage":"fr-FR","@id":"https:\/\/2022.fim-6days.com\/fr\/#\/schema\/logo\/image\/","url":"https:\/\/2022.fim-6days.com\/wp-content\/uploads\/sites\/7\/2019\/07\/LogoFIM-CMYK.png","contentUrl":"https:\/\/2022.fim-6days.com\/wp-content\/uploads\/sites\/7\/2019\/07\/LogoFIM-CMYK.png","width":2608,"height":1833,"caption":"FIM - F\u00e9d\u00e9ration Internationale de Motocyclisme"},"image":{"@id":"https:\/\/2022.fim-6days.com\/fr\/#\/schema\/logo\/image\/"},"sameAs":["https:\/\/www.facebook.com\/FIMISDE\/","https:\/\/x.com\/fimisde","https:\/\/www.instagram.com\/fim_isde\/"]},{"@type":"Person","@id":"https:\/\/2022.fim-6days.com\/fr\/#\/schema\/person\/db95d361606346a0067912f18df924ab","name":"kategtof","image":{"@type":"ImageObject","inLanguage":"fr-FR","@id":"https:\/\/2022.fim-6days.com\/fr\/#\/schema\/person\/image\/","url":"https:\/\/secure.gravatar.com\/avatar\/c3274649b10bd4db8211a9c5582941bc84ee6a5163a0df3f96f7a4130961d5e1?s=96&d=mm&r=g","contentUrl":"https:\/\/secure.gravatar.com\/avatar\/c3274649b10bd4db8211a9c5582941bc84ee6a5163a0df3f96f7a4130961d5e1?s=96&d=mm&r=g","caption":"kategtof"},"url":"https:\/\/2022.fim-6days.com\/fr\/author\/kategtof\/"}]}},"_links":{"self":[{"href":"https:\/\/2022.fim-6days.com\/fr\/wp-json\/wp\/v2\/posts\/41007","targetHints":{"allow":["GET"]}}],"collection":[{"href":"https:\/\/2022.fim-6days.com\/fr\/wp-json\/wp\/v2\/posts"}],"about":[{"href":"https:\/\/2022.fim-6days.com\/fr\/wp-json\/wp\/v2\/types\/post"}],"author":[{"embeddable":true,"href":"https:\/\/2022.fim-6days.com\/fr\/wp-json\/wp\/v2\/users\/10"}],"replies":[{"embeddable":true,"href":"https:\/\/2022.fim-6days.com\/fr\/wp-json\/wp\/v2\/comments?post=41007"}],"version-history":[{"count":1,"href":"https:\/\/2022.fim-6days.com\/fr\/wp-json\/wp\/v2\/posts\/41007\/revisions"}],"predecessor-version":[{"id":41013,"href":"https:\/\/2022.fim-6days.com\/fr\/wp-json\/wp\/v2\/posts\/41007\/revisions\/41013"}],"wp:featuredmedia":[{"embeddable":true,"href":"https:\/\/2022.fim-6days.com\/fr\/wp-json\/wp\/v2\/media\/41011"}],"wp:attachment":[{"href":"https:\/\/2022.fim-6days.com\/fr\/wp-json\/wp\/v2\/media?parent=41007"}],"wp:term":[{"taxonomy":"category","embeddable":true,"href":"https:\/\/2022.fim-6days.com\/fr\/wp-json\/wp\/v2\/categories?post=41007"},{"taxonomy":"post_tag","embeddable":true,"href":"https:\/\/2022.fim-6days.com\/fr\/wp-json\/wp\/v2\/tags?post=41007"}],"curies":[{"name":"wp","href":"https:\/\/api.w.org\/{rel}","templated":true}]}}