{"id":40953,"date":"2022-08-31T13:58:35","date_gmt":"2022-08-31T11:58:35","guid":{"rendered":"https:\/\/2022.fim-6days.com\/?p=40953"},"modified":"2022-08-31T13:58:35","modified_gmt":"2022-08-31T11:58:35","slug":"fim-isde-ride-green-une-priorite-aux-isde-2022","status":"publish","type":"post","link":"https:\/\/2022.fim-6days.com\/fr\/fim-isde-ride-green-une-priorite-aux-isde-2022\/","title":{"rendered":"FIM ISDE: \u00abRide Green\u00bb, une priorit\u00e9 aux ISDE 2022"},"content":{"rendered":"<div class=\"fusion-fullwidth fullwidth-box fusion-builder-row-1 fusion-flex-container nonhundred-percent-fullwidth non-hundred-percent-height-scrolling\" style=\"--awb-border-radius-top-left:0px;--awb-border-radius-top-right:0px;--awb-border-radius-bottom-right:0px;--awb-border-radius-bottom-left:0px;--awb-padding-top:0px;--awb-padding-bottom:0px;--awb-flex-wrap:wrap;\" ><div class=\"fusion-builder-row fusion-row fusion-flex-align-items-flex-start fusion-flex-content-wrap\" style=\"max-width:1248px;margin-left: calc(-4% \/ 2 );margin-right: calc(-4% \/ 2 );\"><div class=\"fusion-layout-column fusion_builder_column fusion-builder-column-0 fusion_builder_column_1_1 1_1 fusion-flex-column\" style=\"--awb-padding-top:0px;--awb-padding-bottom:0px;--awb-bg-size:cover;--awb-width-large:100%;--awb-margin-top-large:0px;--awb-spacing-right-large:1.92%;--awb-margin-bottom-large:0px;--awb-spacing-left-large:1.92%;--awb-width-medium:100%;--awb-order-medium:0;--awb-spacing-right-medium:1.92%;--awb-spacing-left-medium:1.92%;--awb-width-small:100%;--awb-order-small:0;--awb-spacing-right-small:1.92%;--awb-spacing-left-small:1.92%;\"><div class=\"fusion-column-wrapper fusion-column-has-shadow fusion-flex-justify-content-flex-start fusion-content-layout-column\"><div class=\"fusion-text fusion-text-1\" style=\"--awb-text-transform:none;\"><p><strong>Lors de la 96e \u00e9dition du Concours international des Six Jours d&rsquo;Enduro (ISDE en anglais), la durabilit\u00e9 est un pilier de la comp\u00e9tition et des mesures importantes sont mises en place pour assurer un impact positif sur la r\u00e9gion et r\u00e9duire au maximum l&#8217;empreinte laiss\u00e9e par cette grande course.<\/strong><\/p>\n<p>Pendant la course de cette semaine, au Puy-en-Velay, la FIM, les organisateurs, les clubs locaux et la F\u00e9d\u00e9ration nationale collaborent pour maximiser les mesures qui garantiront un minimum de dommages sur l\u2019environnement<\/p>\n<p>Diverses mesures ont \u00e9t\u00e9 prises pour \u00e9viter la contamination des sols, prot\u00e9ger la biodiversit\u00e9, g\u00e9rer convenablement les d\u00e9chets, le climat et les actions sociales. Une entreprise sp\u00e9cialis\u00e9e a r\u00e9alis\u00e9 l&rsquo;\u00e9tude d&rsquo;impact environnemental correspondante qui a \u00e9t\u00e9 pr\u00e9sent\u00e9e aux autorit\u00e9s et qui a servi \u00e0 \u00e9tablir une s\u00e9rie de mesures d&rsquo;att\u00e9nuation, dont la r\u00e9glementation du passage dans les zones prot\u00e9g\u00e9es, la modification des itin\u00e9raires, la s\u00e9lection de routes d\u00e9j\u00e0 touch\u00e9es. Dans certaines zones, les pilotes sont contraints d&rsquo;\u00e9teindre les moteurs et de traverser les sites sans moteur, afin de garantir le respect des zones sensibles et de leur biodiversit\u00e9.<\/p>\n<p>\u00abC&rsquo;est un v\u00e9ritable privil\u00e8ge de participer aux ISDE dans des lieux aussi exclusifs que ces zones naturelles et ces paysages. Il y a des sections o\u00f9 nous devons \u00e9teindre les moteurs pour minimiser l&rsquo;impact. C&rsquo;est un d\u00e9fi difficile \u00e0 relever, mais qui reste agr\u00e9able. Nous devons collaborer et prot\u00e9ger nos ressources pour assurer l&rsquo;avenir de l&rsquo;enduro\u00bb, a comment\u00e9 le concurrent espagnol Jes\u00fas Plaza Freyer.<\/p>\n<p>En plus de ce qui pr\u00e9c\u00e8de, un plan de restauration des zones touch\u00e9es sera lanc\u00e9 ainsi que la reforestation d\u20191,7 hectare de terrain comme contribution \u00e0 la communaut\u00e9 et neutralisation d&rsquo;une partie de l&rsquo;impact.<\/p>\n<p>Avant que les concurrents des trente-deux nations participantes ne soient pr\u00eats \u00e0 profiter des somptueux paysages de la r\u00e9gion Auvergne-Rh\u00f4ne-Alpes, toutes les motos sont contr\u00f4l\u00e9es par un expert acoustique afin de certifier qu&rsquo;elles se situent dans les limites sonores autoris\u00e9es par les r\u00e8glements techniques et environnementaux.<\/p>\n<p>Tous les concurrents et toutes les concurrentes doivent \u00e9galement utiliser un tapis de protection \u00e0 placer sous leur moto afin d&rsquo;\u00e9viter, dans la mesure du possible, toute contamination des sols lors de l&rsquo;entretien et du ravitaillement en carburant chaque jour.<\/p>\n<p>Si les mesures FIM Ride Green sont facilement rep\u00e9rables dans les r\u00e8glements pour les motos, elles sont aussi visibles autour du paddock et du parcours de la course.<\/p>\n<p>Des mesures strictes sont en place pour la protection des sols et de la biodiversit\u00e9 dans le paddock. Les motos ne doivent \u00eatre lav\u00e9es que dans une zone sp\u00e9cifique d\u00e9sign\u00e9e o\u00f9 un drainage et des surfaces ad\u00e9quates ont \u00e9t\u00e9 pr\u00e9vus.<\/p>\n<p>Dans le paddock, les zones de ravitaillement, des conteneurs sp\u00e9cifiques de tri des d\u00e9chets sont pr\u00e9vus et vid\u00e9s quotidiennement. Les huiles usag\u00e9es, les pneus, par exemple, sont enlev\u00e9s et soigneusement \u00e9limin\u00e9s par une entreprise sp\u00e9cialis\u00e9e dans le recyclage.<\/p>\n<p>En dehors du circuit, l&rsquo;objectif est de r\u00e9duire et de limiter toute perturbation et tout impact possibles sur l&rsquo;environnement et le paysage environnant. Lorsque la course traverse un cours d&rsquo;eau, des ponts temporaires sont mis en place pour prendre soin des cours d&rsquo;eau et de la biodiversit\u00e9 aquatique.<\/p>\n<p>\u00c0 l&rsquo;initiative du comit\u00e9 d&rsquo;organisation, une op\u00e9ration caritative sera organis\u00e9e lors de l&rsquo;\u00e9v\u00e9nement. Par ailleurs, l&rsquo;organisation assure la restauration des officiels et des organisateurs en s&rsquo;approvisionnant en produits locaux.<\/p>\n<p>Les ISDE sont fiers de promouvoir activement et d&rsquo;op\u00e9rer dans le cadre de l&rsquo;esprit FIM Ride Green afin d&rsquo;assurer un avenir durable \u00e0 cet \u00e9v\u00e9nement d&rsquo;enduro embl\u00e9matique et l\u00e9gendaire.<\/p>\n<\/div><\/div><\/div><\/div><\/div>\n","protected":false},"excerpt":{"rendered":"","protected":false},"author":10,"featured_media":40957,"comment_status":"open","ping_status":"open","sticky":false,"template":"","format":"standard","meta":{"inline_featured_image":false,"footnotes":""},"categories":[75,81],"tags":[],"class_list":["post-40953","post","type-post","status-publish","format-standard","has-post-thumbnail","hentry","category-articles","category-jour-2"],"yoast_head":"<!-- This site is optimized with the Yoast SEO plugin v25.6 - https:\/\/yoast.com\/wordpress\/plugins\/seo\/ -->\n<title>FIM ISDE: \u00abRide Green\u00bb, une priorit\u00e9 aux ISDE 2022 - FIM ISDE 2022<\/title>\n<meta name=\"description\" content=\"Lors de la 96e \u00e9dition du Concours international des Six Jours d&#039;Enduro (ISDE en anglais), la durabilit\u00e9 est un pilier de la comp\u00e9tition et des mesures importantes sont mises en place pour assurer un impact positif sur la r\u00e9gion et r\u00e9duire au maximum l&#039;empreinte laiss\u00e9e par cette grande course.\" \/>\n<meta name=\"robots\" content=\"index, follow, max-snippet:-1, max-image-preview:large, max-video-preview:-1\" \/>\n<link rel=\"canonical\" href=\"https:\/\/2022.fim-6days.com\/fr\/fim-isde-ride-green-une-priorite-aux-isde-2022\/\" \/>\n<meta property=\"og:locale\" content=\"fr_FR\" \/>\n<meta property=\"og:type\" content=\"article\" \/>\n<meta property=\"og:title\" content=\"FIM ISDE: \u00abRide Green\u00bb, une priorit\u00e9 aux ISDE 2022 - FIM ISDE 2022\" \/>\n<meta property=\"og:description\" content=\"Lors de la 96e \u00e9dition du Concours international des Six Jours d&#039;Enduro (ISDE en anglais), la durabilit\u00e9 est un pilier de la comp\u00e9tition et des mesures importantes sont mises en place pour assurer un impact positif sur la r\u00e9gion et r\u00e9duire au maximum l&#039;empreinte laiss\u00e9e par cette grande course.\" \/>\n<meta property=\"og:url\" content=\"https:\/\/2022.fim-6days.com\/fr\/fim-isde-ride-green-une-priorite-aux-isde-2022\/\" \/>\n<meta property=\"og:site_name\" content=\"FIM ISDE 2022\" \/>\n<meta property=\"article:publisher\" content=\"https:\/\/www.facebook.com\/FIMISDE\/\" \/>\n<meta property=\"article:published_time\" content=\"2022-08-31T11:58:35+00:00\" \/>\n<meta property=\"og:image\" content=\"https:\/\/2022.fim-6days.com\/wp-content\/uploads\/sites\/7\/2022\/08\/Story-4-ISDE.jpg\" \/>\n\t<meta property=\"og:image:width\" content=\"1290\" \/>\n\t<meta property=\"og:image:height\" content=\"860\" \/>\n\t<meta property=\"og:image:type\" content=\"image\/jpeg\" \/>\n<meta name=\"author\" content=\"kategtof\" \/>\n<meta name=\"twitter:card\" content=\"summary_large_image\" \/>\n<meta name=\"twitter:creator\" content=\"@fimisde\" \/>\n<meta name=\"twitter:site\" content=\"@fimisde\" \/>\n<meta name=\"twitter:label1\" content=\"\u00c9crit par\" \/>\n\t<meta name=\"twitter:data1\" content=\"kategtof\" \/>\n\t<meta name=\"twitter:label2\" content=\"Dur\u00e9e de lecture estim\u00e9e\" \/>\n\t<meta name=\"twitter:data2\" content=\"3 minutes\" \/>\n<script type=\"application\/ld+json\" class=\"yoast-schema-graph\">{\"@context\":\"https:\/\/schema.org\",\"@graph\":[{\"@type\":\"Article\",\"@id\":\"https:\/\/2022.fim-6days.com\/fr\/fim-isde-ride-green-une-priorite-aux-isde-2022\/#article\",\"isPartOf\":{\"@id\":\"https:\/\/2022.fim-6days.com\/fr\/fim-isde-ride-green-une-priorite-aux-isde-2022\/\"},\"author\":{\"name\":\"kategtof\",\"@id\":\"https:\/\/2022.fim-6days.com\/fr\/#\/schema\/person\/db95d361606346a0067912f18df924ab\"},\"headline\":\"FIM ISDE: \u00abRide Green\u00bb, une priorit\u00e9 aux ISDE 2022\",\"datePublished\":\"2022-08-31T11:58:35+00:00\",\"mainEntityOfPage\":{\"@id\":\"https:\/\/2022.fim-6days.com\/fr\/fim-isde-ride-green-une-priorite-aux-isde-2022\/\"},\"wordCount\":1329,\"commentCount\":0,\"publisher\":{\"@id\":\"https:\/\/2022.fim-6days.com\/fr\/#organization\"},\"image\":{\"@id\":\"https:\/\/2022.fim-6days.com\/fr\/fim-isde-ride-green-une-priorite-aux-isde-2022\/#primaryimage\"},\"thumbnailUrl\":\"https:\/\/2022.fim-6days.com\/wp-content\/uploads\/sites\/7\/2022\/08\/Story-4-ISDE.jpg\",\"articleSection\":[\"Articles\",\"Jour 2\"],\"inLanguage\":\"fr-FR\",\"potentialAction\":[{\"@type\":\"CommentAction\",\"name\":\"Comment\",\"target\":[\"https:\/\/2022.fim-6days.com\/fr\/fim-isde-ride-green-une-priorite-aux-isde-2022\/#respond\"]}]},{\"@type\":\"WebPage\",\"@id\":\"https:\/\/2022.fim-6days.com\/fr\/fim-isde-ride-green-une-priorite-aux-isde-2022\/\",\"url\":\"https:\/\/2022.fim-6days.com\/fr\/fim-isde-ride-green-une-priorite-aux-isde-2022\/\",\"name\":\"FIM ISDE: \u00abRide Green\u00bb, une priorit\u00e9 aux ISDE 2022 - FIM ISDE 2022\",\"isPartOf\":{\"@id\":\"https:\/\/2022.fim-6days.com\/fr\/#website\"},\"primaryImageOfPage\":{\"@id\":\"https:\/\/2022.fim-6days.com\/fr\/fim-isde-ride-green-une-priorite-aux-isde-2022\/#primaryimage\"},\"image\":{\"@id\":\"https:\/\/2022.fim-6days.com\/fr\/fim-isde-ride-green-une-priorite-aux-isde-2022\/#primaryimage\"},\"thumbnailUrl\":\"https:\/\/2022.fim-6days.com\/wp-content\/uploads\/sites\/7\/2022\/08\/Story-4-ISDE.jpg\",\"datePublished\":\"2022-08-31T11:58:35+00:00\",\"description\":\"Lors de la 96e \u00e9dition du Concours international des Six Jours d'Enduro (ISDE en anglais), la durabilit\u00e9 est un pilier de la comp\u00e9tition et des mesures importantes sont mises en place pour assurer un impact positif sur la r\u00e9gion et r\u00e9duire au maximum l'empreinte laiss\u00e9e par cette grande course.\",\"breadcrumb\":{\"@id\":\"https:\/\/2022.fim-6days.com\/fr\/fim-isde-ride-green-une-priorite-aux-isde-2022\/#breadcrumb\"},\"inLanguage\":\"fr-FR\",\"potentialAction\":[{\"@type\":\"ReadAction\",\"target\":[\"https:\/\/2022.fim-6days.com\/fr\/fim-isde-ride-green-une-priorite-aux-isde-2022\/\"]}]},{\"@type\":\"ImageObject\",\"inLanguage\":\"fr-FR\",\"@id\":\"https:\/\/2022.fim-6days.com\/fr\/fim-isde-ride-green-une-priorite-aux-isde-2022\/#primaryimage\",\"url\":\"https:\/\/2022.fim-6days.com\/wp-content\/uploads\/sites\/7\/2022\/08\/Story-4-ISDE.jpg\",\"contentUrl\":\"https:\/\/2022.fim-6days.com\/wp-content\/uploads\/sites\/7\/2022\/08\/Story-4-ISDE.jpg\",\"width\":1290,\"height\":860,\"caption\":\"Future7Media \u00a9\"},{\"@type\":\"BreadcrumbList\",\"@id\":\"https:\/\/2022.fim-6days.com\/fr\/fim-isde-ride-green-une-priorite-aux-isde-2022\/#breadcrumb\",\"itemListElement\":[{\"@type\":\"ListItem\",\"position\":1,\"name\":\"Home\",\"item\":\"https:\/\/2022.fim-6days.com\/fr\/\"},{\"@type\":\"ListItem\",\"position\":2,\"name\":\"FIM ISDE: \u00abRide Green\u00bb, une priorit\u00e9 aux ISDE 2022\"}]},{\"@type\":\"WebSite\",\"@id\":\"https:\/\/2022.fim-6days.com\/fr\/#website\",\"url\":\"https:\/\/2022.fim-6days.com\/fr\/\",\"name\":\"FIM ISDE 2021\",\"description\":\"FIM ISDE Official website\",\"publisher\":{\"@id\":\"https:\/\/2022.fim-6days.com\/fr\/#organization\"},\"potentialAction\":[{\"@type\":\"SearchAction\",\"target\":{\"@type\":\"EntryPoint\",\"urlTemplate\":\"https:\/\/2022.fim-6days.com\/fr\/?s={search_term_string}\"},\"query-input\":{\"@type\":\"PropertyValueSpecification\",\"valueRequired\":true,\"valueName\":\"search_term_string\"}}],\"inLanguage\":\"fr-FR\"},{\"@type\":\"Organization\",\"@id\":\"https:\/\/2022.fim-6days.com\/fr\/#organization\",\"name\":\"FIM - F\u00e9d\u00e9ration Internationale de Motocyclisme\",\"url\":\"https:\/\/2022.fim-6days.com\/fr\/\",\"logo\":{\"@type\":\"ImageObject\",\"inLanguage\":\"fr-FR\",\"@id\":\"https:\/\/2022.fim-6days.com\/fr\/#\/schema\/logo\/image\/\",\"url\":\"https:\/\/2022.fim-6days.com\/wp-content\/uploads\/sites\/7\/2019\/07\/LogoFIM-CMYK.png\",\"contentUrl\":\"https:\/\/2022.fim-6days.com\/wp-content\/uploads\/sites\/7\/2019\/07\/LogoFIM-CMYK.png\",\"width\":2608,\"height\":1833,\"caption\":\"FIM - F\u00e9d\u00e9ration Internationale de Motocyclisme\"},\"image\":{\"@id\":\"https:\/\/2022.fim-6days.com\/fr\/#\/schema\/logo\/image\/\"},\"sameAs\":[\"https:\/\/www.facebook.com\/FIMISDE\/\",\"https:\/\/x.com\/fimisde\",\"https:\/\/www.instagram.com\/fim_isde\/\"]},{\"@type\":\"Person\",\"@id\":\"https:\/\/2022.fim-6days.com\/fr\/#\/schema\/person\/db95d361606346a0067912f18df924ab\",\"name\":\"kategtof\",\"image\":{\"@type\":\"ImageObject\",\"inLanguage\":\"fr-FR\",\"@id\":\"https:\/\/2022.fim-6days.com\/fr\/#\/schema\/person\/image\/\",\"url\":\"https:\/\/secure.gravatar.com\/avatar\/c3274649b10bd4db8211a9c5582941bc84ee6a5163a0df3f96f7a4130961d5e1?s=96&d=mm&r=g\",\"contentUrl\":\"https:\/\/secure.gravatar.com\/avatar\/c3274649b10bd4db8211a9c5582941bc84ee6a5163a0df3f96f7a4130961d5e1?s=96&d=mm&r=g\",\"caption\":\"kategtof\"},\"url\":\"https:\/\/2022.fim-6days.com\/fr\/author\/kategtof\/\"}]}<\/script>\n<!-- \/ Yoast SEO plugin. -->","yoast_head_json":{"title":"FIM ISDE: \u00abRide Green\u00bb, une priorit\u00e9 aux ISDE 2022 - FIM ISDE 2022","description":"Lors de la 96e \u00e9dition du Concours international des Six Jours d'Enduro (ISDE en anglais), la durabilit\u00e9 est un pilier de la comp\u00e9tition et des mesures importantes sont mises en place pour assurer un impact positif sur la r\u00e9gion et r\u00e9duire au maximum l'empreinte laiss\u00e9e par cette grande course.","robots":{"index":"index","follow":"follow","max-snippet":"max-snippet:-1","max-image-preview":"max-image-preview:large","max-video-preview":"max-video-preview:-1"},"canonical":"https:\/\/2022.fim-6days.com\/fr\/fim-isde-ride-green-une-priorite-aux-isde-2022\/","og_locale":"fr_FR","og_type":"article","og_title":"FIM ISDE: \u00abRide Green\u00bb, une priorit\u00e9 aux ISDE 2022 - FIM ISDE 2022","og_description":"Lors de la 96e \u00e9dition du Concours international des Six Jours d'Enduro (ISDE en anglais), la durabilit\u00e9 est un pilier de la comp\u00e9tition et des mesures importantes sont mises en place pour assurer un impact positif sur la r\u00e9gion et r\u00e9duire au maximum l'empreinte laiss\u00e9e par cette grande course.","og_url":"https:\/\/2022.fim-6days.com\/fr\/fim-isde-ride-green-une-priorite-aux-isde-2022\/","og_site_name":"FIM ISDE 2022","article_publisher":"https:\/\/www.facebook.com\/FIMISDE\/","article_published_time":"2022-08-31T11:58:35+00:00","og_image":[{"width":1290,"height":860,"url":"https:\/\/2022.fim-6days.com\/wp-content\/uploads\/sites\/7\/2022\/08\/Story-4-ISDE.jpg","type":"image\/jpeg"}],"author":"kategtof","twitter_card":"summary_large_image","twitter_creator":"@fimisde","twitter_site":"@fimisde","twitter_misc":{"\u00c9crit par":"kategtof","Dur\u00e9e de lecture estim\u00e9e":"3 minutes"},"schema":{"@context":"https:\/\/schema.org","@graph":[{"@type":"Article","@id":"https:\/\/2022.fim-6days.com\/fr\/fim-isde-ride-green-une-priorite-aux-isde-2022\/#article","isPartOf":{"@id":"https:\/\/2022.fim-6days.com\/fr\/fim-isde-ride-green-une-priorite-aux-isde-2022\/"},"author":{"name":"kategtof","@id":"https:\/\/2022.fim-6days.com\/fr\/#\/schema\/person\/db95d361606346a0067912f18df924ab"},"headline":"FIM ISDE: \u00abRide Green\u00bb, une priorit\u00e9 aux ISDE 2022","datePublished":"2022-08-31T11:58:35+00:00","mainEntityOfPage":{"@id":"https:\/\/2022.fim-6days.com\/fr\/fim-isde-ride-green-une-priorite-aux-isde-2022\/"},"wordCount":1329,"commentCount":0,"publisher":{"@id":"https:\/\/2022.fim-6days.com\/fr\/#organization"},"image":{"@id":"https:\/\/2022.fim-6days.com\/fr\/fim-isde-ride-green-une-priorite-aux-isde-2022\/#primaryimage"},"thumbnailUrl":"https:\/\/2022.fim-6days.com\/wp-content\/uploads\/sites\/7\/2022\/08\/Story-4-ISDE.jpg","articleSection":["Articles","Jour 2"],"inLanguage":"fr-FR","potentialAction":[{"@type":"CommentAction","name":"Comment","target":["https:\/\/2022.fim-6days.com\/fr\/fim-isde-ride-green-une-priorite-aux-isde-2022\/#respond"]}]},{"@type":"WebPage","@id":"https:\/\/2022.fim-6days.com\/fr\/fim-isde-ride-green-une-priorite-aux-isde-2022\/","url":"https:\/\/2022.fim-6days.com\/fr\/fim-isde-ride-green-une-priorite-aux-isde-2022\/","name":"FIM ISDE: \u00abRide Green\u00bb, une priorit\u00e9 aux ISDE 2022 - FIM ISDE 2022","isPartOf":{"@id":"https:\/\/2022.fim-6days.com\/fr\/#website"},"primaryImageOfPage":{"@id":"https:\/\/2022.fim-6days.com\/fr\/fim-isde-ride-green-une-priorite-aux-isde-2022\/#primaryimage"},"image":{"@id":"https:\/\/2022.fim-6days.com\/fr\/fim-isde-ride-green-une-priorite-aux-isde-2022\/#primaryimage"},"thumbnailUrl":"https:\/\/2022.fim-6days.com\/wp-content\/uploads\/sites\/7\/2022\/08\/Story-4-ISDE.jpg","datePublished":"2022-08-31T11:58:35+00:00","description":"Lors de la 96e \u00e9dition du Concours international des Six Jours d'Enduro (ISDE en anglais), la durabilit\u00e9 est un pilier de la comp\u00e9tition et des mesures importantes sont mises en place pour assurer un impact positif sur la r\u00e9gion et r\u00e9duire au maximum l'empreinte laiss\u00e9e par cette grande course.","breadcrumb":{"@id":"https:\/\/2022.fim-6days.com\/fr\/fim-isde-ride-green-une-priorite-aux-isde-2022\/#breadcrumb"},"inLanguage":"fr-FR","potentialAction":[{"@type":"ReadAction","target":["https:\/\/2022.fim-6days.com\/fr\/fim-isde-ride-green-une-priorite-aux-isde-2022\/"]}]},{"@type":"ImageObject","inLanguage":"fr-FR","@id":"https:\/\/2022.fim-6days.com\/fr\/fim-isde-ride-green-une-priorite-aux-isde-2022\/#primaryimage","url":"https:\/\/2022.fim-6days.com\/wp-content\/uploads\/sites\/7\/2022\/08\/Story-4-ISDE.jpg","contentUrl":"https:\/\/2022.fim-6days.com\/wp-content\/uploads\/sites\/7\/2022\/08\/Story-4-ISDE.jpg","width":1290,"height":860,"caption":"Future7Media \u00a9"},{"@type":"BreadcrumbList","@id":"https:\/\/2022.fim-6days.com\/fr\/fim-isde-ride-green-une-priorite-aux-isde-2022\/#breadcrumb","itemListElement":[{"@type":"ListItem","position":1,"name":"Home","item":"https:\/\/2022.fim-6days.com\/fr\/"},{"@type":"ListItem","position":2,"name":"FIM ISDE: \u00abRide Green\u00bb, une priorit\u00e9 aux ISDE 2022"}]},{"@type":"WebSite","@id":"https:\/\/2022.fim-6days.com\/fr\/#website","url":"https:\/\/2022.fim-6days.com\/fr\/","name":"FIM ISDE 2021","description":"FIM ISDE Official website","publisher":{"@id":"https:\/\/2022.fim-6days.com\/fr\/#organization"},"potentialAction":[{"@type":"SearchAction","target":{"@type":"EntryPoint","urlTemplate":"https:\/\/2022.fim-6days.com\/fr\/?s={search_term_string}"},"query-input":{"@type":"PropertyValueSpecification","valueRequired":true,"valueName":"search_term_string"}}],"inLanguage":"fr-FR"},{"@type":"Organization","@id":"https:\/\/2022.fim-6days.com\/fr\/#organization","name":"FIM - F\u00e9d\u00e9ration Internationale de Motocyclisme","url":"https:\/\/2022.fim-6days.com\/fr\/","logo":{"@type":"ImageObject","inLanguage":"fr-FR","@id":"https:\/\/2022.fim-6days.com\/fr\/#\/schema\/logo\/image\/","url":"https:\/\/2022.fim-6days.com\/wp-content\/uploads\/sites\/7\/2019\/07\/LogoFIM-CMYK.png","contentUrl":"https:\/\/2022.fim-6days.com\/wp-content\/uploads\/sites\/7\/2019\/07\/LogoFIM-CMYK.png","width":2608,"height":1833,"caption":"FIM - F\u00e9d\u00e9ration Internationale de Motocyclisme"},"image":{"@id":"https:\/\/2022.fim-6days.com\/fr\/#\/schema\/logo\/image\/"},"sameAs":["https:\/\/www.facebook.com\/FIMISDE\/","https:\/\/x.com\/fimisde","https:\/\/www.instagram.com\/fim_isde\/"]},{"@type":"Person","@id":"https:\/\/2022.fim-6days.com\/fr\/#\/schema\/person\/db95d361606346a0067912f18df924ab","name":"kategtof","image":{"@type":"ImageObject","inLanguage":"fr-FR","@id":"https:\/\/2022.fim-6days.com\/fr\/#\/schema\/person\/image\/","url":"https:\/\/secure.gravatar.com\/avatar\/c3274649b10bd4db8211a9c5582941bc84ee6a5163a0df3f96f7a4130961d5e1?s=96&d=mm&r=g","contentUrl":"https:\/\/secure.gravatar.com\/avatar\/c3274649b10bd4db8211a9c5582941bc84ee6a5163a0df3f96f7a4130961d5e1?s=96&d=mm&r=g","caption":"kategtof"},"url":"https:\/\/2022.fim-6days.com\/fr\/author\/kategtof\/"}]}},"_links":{"self":[{"href":"https:\/\/2022.fim-6days.com\/fr\/wp-json\/wp\/v2\/posts\/40953","targetHints":{"allow":["GET"]}}],"collection":[{"href":"https:\/\/2022.fim-6days.com\/fr\/wp-json\/wp\/v2\/posts"}],"about":[{"href":"https:\/\/2022.fim-6days.com\/fr\/wp-json\/wp\/v2\/types\/post"}],"author":[{"embeddable":true,"href":"https:\/\/2022.fim-6days.com\/fr\/wp-json\/wp\/v2\/users\/10"}],"replies":[{"embeddable":true,"href":"https:\/\/2022.fim-6days.com\/fr\/wp-json\/wp\/v2\/comments?post=40953"}],"version-history":[{"count":1,"href":"https:\/\/2022.fim-6days.com\/fr\/wp-json\/wp\/v2\/posts\/40953\/revisions"}],"predecessor-version":[{"id":40960,"href":"https:\/\/2022.fim-6days.com\/fr\/wp-json\/wp\/v2\/posts\/40953\/revisions\/40960"}],"wp:featuredmedia":[{"embeddable":true,"href":"https:\/\/2022.fim-6days.com\/fr\/wp-json\/wp\/v2\/media\/40957"}],"wp:attachment":[{"href":"https:\/\/2022.fim-6days.com\/fr\/wp-json\/wp\/v2\/media?parent=40953"}],"wp:term":[{"taxonomy":"category","embeddable":true,"href":"https:\/\/2022.fim-6days.com\/fr\/wp-json\/wp\/v2\/categories?post=40953"},{"taxonomy":"post_tag","embeddable":true,"href":"https:\/\/2022.fim-6days.com\/fr\/wp-json\/wp\/v2\/tags?post=40953"}],"curies":[{"name":"wp","href":"https:\/\/api.w.org\/{rel}","templated":true}]}}