{"id":40928,"date":"2022-08-31T10:26:13","date_gmt":"2022-08-31T08:26:13","guid":{"rendered":"https:\/\/2022.fim-6days.com\/?p=40928"},"modified":"2022-08-31T10:27:15","modified_gmt":"2022-08-31T08:27:15","slug":"fim-isde-individuels-garcia-remet-ca","status":"publish","type":"post","link":"https:\/\/2022.fim-6days.com\/fr\/fim-isde-individuels-garcia-remet-ca\/","title":{"rendered":"FIM ISDE individuels: Garcia remet \u00e7a!"},"content":{"rendered":"<div class=\"fusion-fullwidth fullwidth-box fusion-builder-row-1 fusion-flex-container nonhundred-percent-fullwidth non-hundred-percent-height-scrolling\" style=\"--awb-border-radius-top-left:0px;--awb-border-radius-top-right:0px;--awb-border-radius-bottom-right:0px;--awb-border-radius-bottom-left:0px;--awb-padding-top:0px;--awb-padding-bottom:0px;--awb-flex-wrap:wrap;\" ><div class=\"fusion-builder-row fusion-row fusion-flex-align-items-flex-start fusion-flex-content-wrap\" style=\"max-width:1248px;margin-left: calc(-4% \/ 2 );margin-right: calc(-4% \/ 2 );\"><div class=\"fusion-layout-column fusion_builder_column fusion-builder-column-0 fusion_builder_column_1_1 1_1 fusion-flex-column\" style=\"--awb-padding-top:0px;--awb-padding-bottom:0px;--awb-bg-size:cover;--awb-width-large:100%;--awb-margin-top-large:0px;--awb-spacing-right-large:1.92%;--awb-margin-bottom-large:0px;--awb-spacing-left-large:1.92%;--awb-width-medium:100%;--awb-order-medium:0;--awb-spacing-right-medium:1.92%;--awb-spacing-left-medium:1.92%;--awb-width-small:100%;--awb-order-small:0;--awb-spacing-right-small:1.92%;--awb-spacing-left-small:1.92%;\"><div class=\"fusion-column-wrapper fusion-column-has-shadow fusion-flex-justify-content-flex-start fusion-content-layout-column\"><div class=\"fusion-text fusion-text-1\" style=\"--awb-text-transform:none;\"><p><strong>Dans le classement individuel du Concours international des Six Jours d&rsquo;Enduro (ISDE en anglais) 2022, l&rsquo;Espagnol Josep Garcia (KTM) a remport\u00e9 sa deuxi\u00e8me victoire en deux jours au Puy-en-Velay. Le Britannique Nathan Watson (Honda) a montr\u00e9 qu&rsquo;il \u00e9tait \u00e0 la hauteur pour ces ISDE FIMen prenant la deuxi\u00e8me place, devan\u00e7ant l&rsquo;Italien Andrea Verona (GASGAS)&#8230; pour seulement trois dixi\u00e8mes de seconde.<\/strong><\/p>\n<p>Verona a encore une fois remport\u00e9 la victoire en Enduro1. L&rsquo;Italien a constamment impos\u00e9 son rythme tout au long de la journ\u00e9e pour s&rsquo;imposer confortablement de 53&Prime; sur l&rsquo;Australien Daniel Milner (Fantic). La course pour la deuxi\u00e8me place \u00e9tait exceptionnellement serr\u00e9e puisque le Fran\u00e7ais Zach Pichon (Sherco) terminait \u00e0 seulement deux dixi\u00e8mes de seconde de Milner en troisi\u00e8me position. Le Britannique Jamie McCanney (Husqvarna) \u00e9tait \u00e0 quatre secondes en quatri\u00e8me position. L&rsquo;Italien Thomas Oldrati (Honda) compl\u00e8te le top cinq.<\/p>\n<p>Les deux premiers de la classe Enduro2 sont aussi les deux premiers au g\u00e9n\u00e9ral scratch, Garcia et Watson se classant premier et deuxi\u00e8me. Le Britannique Steve Holcombe (Beta) a termin\u00e9 troisi\u00e8me.<\/p>\n<p>Dans la lutte pour la premi\u00e8re place en Enduro3, le Fran\u00e7ais L\u00e9o Le Qu\u00e9r\u00e9 (Sherco) a remport\u00e9 la victoire en ce deuxi\u00e8me jour. Le Su\u00e9dois Mikael Persson (Husqvarna) a termin\u00e9 deuxi\u00e8me, les Espagnols Jaume Betriu (KTM) et Marc Sans (Husqvarna) troisi\u00e8me et quatri\u00e8me respectivement.<\/p>\n<p>Les r\u00e9sultats globaux individuels \u2013 \u00e0 la fois au scratch et classe par cat\u00e9gorie \u2013 sont disponibles <a href=\"https:\/\/2022.fim-6days.com\/2022-results\/\">ici<\/a><\/p>\n<\/div><\/div><\/div><\/div><\/div>\n","protected":false},"excerpt":{"rendered":"","protected":false},"author":10,"featured_media":40930,"comment_status":"open","ping_status":"open","sticky":false,"template":"","format":"standard","meta":{"inline_featured_image":false,"footnotes":""},"categories":[75,81],"tags":[],"class_list":["post-40928","post","type-post","status-publish","format-standard","has-post-thumbnail","hentry","category-articles","category-jour-2"],"yoast_head":"<!-- This site is optimized with the Yoast SEO plugin v25.6 - https:\/\/yoast.com\/wordpress\/plugins\/seo\/ -->\n<title>FIM ISDE individuels: Garcia remet \u00e7a! - FIM ISDE 2022<\/title>\n<meta name=\"description\" content=\"Dans le classement individuel du Concours international des Six Jours d&#039;Enduro (ISDE en anglais) 2022, l&#039;Espagnol Josep Garcia (KTM) a remport\u00e9 sa deuxi\u00e8me victoire en deux jours au Puy-en-Velay. Le Britannique Nathan Watson (Honda) a montr\u00e9 qu&#039;il \u00e9tait \u00e0 la hauteur pour ces ISDE FIMen prenant la deuxi\u00e8me place, devan\u00e7ant l&#039;Italien Andrea Verona (GASGAS)... pour seulement trois dixi\u00e8mes de seconde.\" \/>\n<meta name=\"robots\" content=\"index, follow, max-snippet:-1, max-image-preview:large, max-video-preview:-1\" \/>\n<link rel=\"canonical\" href=\"https:\/\/2022.fim-6days.com\/fr\/fim-isde-individuels-garcia-remet-ca\/\" \/>\n<meta property=\"og:locale\" content=\"fr_FR\" \/>\n<meta property=\"og:type\" content=\"article\" \/>\n<meta property=\"og:title\" content=\"FIM ISDE individuels: Garcia remet \u00e7a! - FIM ISDE 2022\" \/>\n<meta property=\"og:description\" content=\"Dans le classement individuel du Concours international des Six Jours d&#039;Enduro (ISDE en anglais) 2022, l&#039;Espagnol Josep Garcia (KTM) a remport\u00e9 sa deuxi\u00e8me victoire en deux jours au Puy-en-Velay. Le Britannique Nathan Watson (Honda) a montr\u00e9 qu&#039;il \u00e9tait \u00e0 la hauteur pour ces ISDE FIMen prenant la deuxi\u00e8me place, devan\u00e7ant l&#039;Italien Andrea Verona (GASGAS)... pour seulement trois dixi\u00e8mes de seconde.\" \/>\n<meta property=\"og:url\" content=\"https:\/\/2022.fim-6days.com\/fr\/fim-isde-individuels-garcia-remet-ca\/\" \/>\n<meta property=\"og:site_name\" content=\"FIM ISDE 2022\" \/>\n<meta property=\"article:publisher\" content=\"https:\/\/www.facebook.com\/FIMISDE\/\" \/>\n<meta property=\"article:published_time\" content=\"2022-08-31T08:26:13+00:00\" \/>\n<meta property=\"article:modified_time\" content=\"2022-08-31T08:27:15+00:00\" \/>\n<meta property=\"og:image\" content=\"https:\/\/2022.fim-6days.com\/wp-content\/uploads\/sites\/7\/2022\/08\/Individual-Day2-ISDE.jpg\" \/>\n\t<meta property=\"og:image:width\" content=\"1290\" \/>\n\t<meta property=\"og:image:height\" content=\"860\" \/>\n\t<meta property=\"og:image:type\" content=\"image\/jpeg\" \/>\n<meta name=\"author\" content=\"kategtof\" \/>\n<meta name=\"twitter:card\" content=\"summary_large_image\" \/>\n<meta name=\"twitter:creator\" content=\"@fimisde\" \/>\n<meta name=\"twitter:site\" content=\"@fimisde\" \/>\n<meta name=\"twitter:label1\" content=\"\u00c9crit par\" \/>\n\t<meta name=\"twitter:data1\" content=\"kategtof\" \/>\n\t<meta name=\"twitter:label2\" content=\"Dur\u00e9e de lecture estim\u00e9e\" \/>\n\t<meta name=\"twitter:data2\" content=\"3 minutes\" \/>\n<script type=\"application\/ld+json\" class=\"yoast-schema-graph\">{\"@context\":\"https:\/\/schema.org\",\"@graph\":[{\"@type\":\"Article\",\"@id\":\"https:\/\/2022.fim-6days.com\/fr\/fim-isde-individuels-garcia-remet-ca\/#article\",\"isPartOf\":{\"@id\":\"https:\/\/2022.fim-6days.com\/fr\/fim-isde-individuels-garcia-remet-ca\/\"},\"author\":{\"name\":\"kategtof\",\"@id\":\"https:\/\/2022.fim-6days.com\/fr\/#\/schema\/person\/db95d361606346a0067912f18df924ab\"},\"headline\":\"FIM ISDE individuels: Garcia remet \u00e7a!\",\"datePublished\":\"2022-08-31T08:26:13+00:00\",\"dateModified\":\"2022-08-31T08:27:15+00:00\",\"mainEntityOfPage\":{\"@id\":\"https:\/\/2022.fim-6days.com\/fr\/fim-isde-individuels-garcia-remet-ca\/\"},\"wordCount\":940,\"commentCount\":0,\"publisher\":{\"@id\":\"https:\/\/2022.fim-6days.com\/fr\/#organization\"},\"image\":{\"@id\":\"https:\/\/2022.fim-6days.com\/fr\/fim-isde-individuels-garcia-remet-ca\/#primaryimage\"},\"thumbnailUrl\":\"https:\/\/2022.fim-6days.com\/wp-content\/uploads\/sites\/7\/2022\/08\/Individual-Day2-ISDE.jpg\",\"articleSection\":[\"Articles\",\"Jour 2\"],\"inLanguage\":\"fr-FR\",\"potentialAction\":[{\"@type\":\"CommentAction\",\"name\":\"Comment\",\"target\":[\"https:\/\/2022.fim-6days.com\/fr\/fim-isde-individuels-garcia-remet-ca\/#respond\"]}]},{\"@type\":\"WebPage\",\"@id\":\"https:\/\/2022.fim-6days.com\/fr\/fim-isde-individuels-garcia-remet-ca\/\",\"url\":\"https:\/\/2022.fim-6days.com\/fr\/fim-isde-individuels-garcia-remet-ca\/\",\"name\":\"FIM ISDE individuels: Garcia remet \u00e7a! - FIM ISDE 2022\",\"isPartOf\":{\"@id\":\"https:\/\/2022.fim-6days.com\/fr\/#website\"},\"primaryImageOfPage\":{\"@id\":\"https:\/\/2022.fim-6days.com\/fr\/fim-isde-individuels-garcia-remet-ca\/#primaryimage\"},\"image\":{\"@id\":\"https:\/\/2022.fim-6days.com\/fr\/fim-isde-individuels-garcia-remet-ca\/#primaryimage\"},\"thumbnailUrl\":\"https:\/\/2022.fim-6days.com\/wp-content\/uploads\/sites\/7\/2022\/08\/Individual-Day2-ISDE.jpg\",\"datePublished\":\"2022-08-31T08:26:13+00:00\",\"dateModified\":\"2022-08-31T08:27:15+00:00\",\"description\":\"Dans le classement individuel du Concours international des Six Jours d'Enduro (ISDE en anglais) 2022, l'Espagnol Josep Garcia (KTM) a remport\u00e9 sa deuxi\u00e8me victoire en deux jours au Puy-en-Velay. Le Britannique Nathan Watson (Honda) a montr\u00e9 qu'il \u00e9tait \u00e0 la hauteur pour ces ISDE FIMen prenant la deuxi\u00e8me place, devan\u00e7ant l'Italien Andrea Verona (GASGAS)... pour seulement trois dixi\u00e8mes de seconde.\",\"breadcrumb\":{\"@id\":\"https:\/\/2022.fim-6days.com\/fr\/fim-isde-individuels-garcia-remet-ca\/#breadcrumb\"},\"inLanguage\":\"fr-FR\",\"potentialAction\":[{\"@type\":\"ReadAction\",\"target\":[\"https:\/\/2022.fim-6days.com\/fr\/fim-isde-individuels-garcia-remet-ca\/\"]}]},{\"@type\":\"ImageObject\",\"inLanguage\":\"fr-FR\",\"@id\":\"https:\/\/2022.fim-6days.com\/fr\/fim-isde-individuels-garcia-remet-ca\/#primaryimage\",\"url\":\"https:\/\/2022.fim-6days.com\/wp-content\/uploads\/sites\/7\/2022\/08\/Individual-Day2-ISDE.jpg\",\"contentUrl\":\"https:\/\/2022.fim-6days.com\/wp-content\/uploads\/sites\/7\/2022\/08\/Individual-Day2-ISDE.jpg\",\"width\":1290,\"height\":860,\"caption\":\"Future7Media \u00a9\"},{\"@type\":\"BreadcrumbList\",\"@id\":\"https:\/\/2022.fim-6days.com\/fr\/fim-isde-individuels-garcia-remet-ca\/#breadcrumb\",\"itemListElement\":[{\"@type\":\"ListItem\",\"position\":1,\"name\":\"Home\",\"item\":\"https:\/\/2022.fim-6days.com\/fr\/\"},{\"@type\":\"ListItem\",\"position\":2,\"name\":\"FIM ISDE individuels: Garcia remet \u00e7a!\"}]},{\"@type\":\"WebSite\",\"@id\":\"https:\/\/2022.fim-6days.com\/fr\/#website\",\"url\":\"https:\/\/2022.fim-6days.com\/fr\/\",\"name\":\"FIM ISDE 2021\",\"description\":\"FIM ISDE Official website\",\"publisher\":{\"@id\":\"https:\/\/2022.fim-6days.com\/fr\/#organization\"},\"potentialAction\":[{\"@type\":\"SearchAction\",\"target\":{\"@type\":\"EntryPoint\",\"urlTemplate\":\"https:\/\/2022.fim-6days.com\/fr\/?s={search_term_string}\"},\"query-input\":{\"@type\":\"PropertyValueSpecification\",\"valueRequired\":true,\"valueName\":\"search_term_string\"}}],\"inLanguage\":\"fr-FR\"},{\"@type\":\"Organization\",\"@id\":\"https:\/\/2022.fim-6days.com\/fr\/#organization\",\"name\":\"FIM - F\u00e9d\u00e9ration Internationale de Motocyclisme\",\"url\":\"https:\/\/2022.fim-6days.com\/fr\/\",\"logo\":{\"@type\":\"ImageObject\",\"inLanguage\":\"fr-FR\",\"@id\":\"https:\/\/2022.fim-6days.com\/fr\/#\/schema\/logo\/image\/\",\"url\":\"https:\/\/2022.fim-6days.com\/wp-content\/uploads\/sites\/7\/2019\/07\/LogoFIM-CMYK.png\",\"contentUrl\":\"https:\/\/2022.fim-6days.com\/wp-content\/uploads\/sites\/7\/2019\/07\/LogoFIM-CMYK.png\",\"width\":2608,\"height\":1833,\"caption\":\"FIM - F\u00e9d\u00e9ration Internationale de Motocyclisme\"},\"image\":{\"@id\":\"https:\/\/2022.fim-6days.com\/fr\/#\/schema\/logo\/image\/\"},\"sameAs\":[\"https:\/\/www.facebook.com\/FIMISDE\/\",\"https:\/\/x.com\/fimisde\",\"https:\/\/www.instagram.com\/fim_isde\/\"]},{\"@type\":\"Person\",\"@id\":\"https:\/\/2022.fim-6days.com\/fr\/#\/schema\/person\/db95d361606346a0067912f18df924ab\",\"name\":\"kategtof\",\"image\":{\"@type\":\"ImageObject\",\"inLanguage\":\"fr-FR\",\"@id\":\"https:\/\/2022.fim-6days.com\/fr\/#\/schema\/person\/image\/\",\"url\":\"https:\/\/secure.gravatar.com\/avatar\/c3274649b10bd4db8211a9c5582941bc84ee6a5163a0df3f96f7a4130961d5e1?s=96&d=mm&r=g\",\"contentUrl\":\"https:\/\/secure.gravatar.com\/avatar\/c3274649b10bd4db8211a9c5582941bc84ee6a5163a0df3f96f7a4130961d5e1?s=96&d=mm&r=g\",\"caption\":\"kategtof\"},\"url\":\"https:\/\/2022.fim-6days.com\/fr\/author\/kategtof\/\"}]}<\/script>\n<!-- \/ Yoast SEO plugin. -->","yoast_head_json":{"title":"FIM ISDE individuels: Garcia remet \u00e7a! - FIM ISDE 2022","description":"Dans le classement individuel du Concours international des Six Jours d'Enduro (ISDE en anglais) 2022, l'Espagnol Josep Garcia (KTM) a remport\u00e9 sa deuxi\u00e8me victoire en deux jours au Puy-en-Velay. Le Britannique Nathan Watson (Honda) a montr\u00e9 qu'il \u00e9tait \u00e0 la hauteur pour ces ISDE FIMen prenant la deuxi\u00e8me place, devan\u00e7ant l'Italien Andrea Verona (GASGAS)... pour seulement trois dixi\u00e8mes de seconde.","robots":{"index":"index","follow":"follow","max-snippet":"max-snippet:-1","max-image-preview":"max-image-preview:large","max-video-preview":"max-video-preview:-1"},"canonical":"https:\/\/2022.fim-6days.com\/fr\/fim-isde-individuels-garcia-remet-ca\/","og_locale":"fr_FR","og_type":"article","og_title":"FIM ISDE individuels: Garcia remet \u00e7a! - FIM ISDE 2022","og_description":"Dans le classement individuel du Concours international des Six Jours d'Enduro (ISDE en anglais) 2022, l'Espagnol Josep Garcia (KTM) a remport\u00e9 sa deuxi\u00e8me victoire en deux jours au Puy-en-Velay. Le Britannique Nathan Watson (Honda) a montr\u00e9 qu'il \u00e9tait \u00e0 la hauteur pour ces ISDE FIMen prenant la deuxi\u00e8me place, devan\u00e7ant l'Italien Andrea Verona (GASGAS)... pour seulement trois dixi\u00e8mes de seconde.","og_url":"https:\/\/2022.fim-6days.com\/fr\/fim-isde-individuels-garcia-remet-ca\/","og_site_name":"FIM ISDE 2022","article_publisher":"https:\/\/www.facebook.com\/FIMISDE\/","article_published_time":"2022-08-31T08:26:13+00:00","article_modified_time":"2022-08-31T08:27:15+00:00","og_image":[{"width":1290,"height":860,"url":"https:\/\/2022.fim-6days.com\/wp-content\/uploads\/sites\/7\/2022\/08\/Individual-Day2-ISDE.jpg","type":"image\/jpeg"}],"author":"kategtof","twitter_card":"summary_large_image","twitter_creator":"@fimisde","twitter_site":"@fimisde","twitter_misc":{"\u00c9crit par":"kategtof","Dur\u00e9e de lecture estim\u00e9e":"3 minutes"},"schema":{"@context":"https:\/\/schema.org","@graph":[{"@type":"Article","@id":"https:\/\/2022.fim-6days.com\/fr\/fim-isde-individuels-garcia-remet-ca\/#article","isPartOf":{"@id":"https:\/\/2022.fim-6days.com\/fr\/fim-isde-individuels-garcia-remet-ca\/"},"author":{"name":"kategtof","@id":"https:\/\/2022.fim-6days.com\/fr\/#\/schema\/person\/db95d361606346a0067912f18df924ab"},"headline":"FIM ISDE individuels: Garcia remet \u00e7a!","datePublished":"2022-08-31T08:26:13+00:00","dateModified":"2022-08-31T08:27:15+00:00","mainEntityOfPage":{"@id":"https:\/\/2022.fim-6days.com\/fr\/fim-isde-individuels-garcia-remet-ca\/"},"wordCount":940,"commentCount":0,"publisher":{"@id":"https:\/\/2022.fim-6days.com\/fr\/#organization"},"image":{"@id":"https:\/\/2022.fim-6days.com\/fr\/fim-isde-individuels-garcia-remet-ca\/#primaryimage"},"thumbnailUrl":"https:\/\/2022.fim-6days.com\/wp-content\/uploads\/sites\/7\/2022\/08\/Individual-Day2-ISDE.jpg","articleSection":["Articles","Jour 2"],"inLanguage":"fr-FR","potentialAction":[{"@type":"CommentAction","name":"Comment","target":["https:\/\/2022.fim-6days.com\/fr\/fim-isde-individuels-garcia-remet-ca\/#respond"]}]},{"@type":"WebPage","@id":"https:\/\/2022.fim-6days.com\/fr\/fim-isde-individuels-garcia-remet-ca\/","url":"https:\/\/2022.fim-6days.com\/fr\/fim-isde-individuels-garcia-remet-ca\/","name":"FIM ISDE individuels: Garcia remet \u00e7a! - FIM ISDE 2022","isPartOf":{"@id":"https:\/\/2022.fim-6days.com\/fr\/#website"},"primaryImageOfPage":{"@id":"https:\/\/2022.fim-6days.com\/fr\/fim-isde-individuels-garcia-remet-ca\/#primaryimage"},"image":{"@id":"https:\/\/2022.fim-6days.com\/fr\/fim-isde-individuels-garcia-remet-ca\/#primaryimage"},"thumbnailUrl":"https:\/\/2022.fim-6days.com\/wp-content\/uploads\/sites\/7\/2022\/08\/Individual-Day2-ISDE.jpg","datePublished":"2022-08-31T08:26:13+00:00","dateModified":"2022-08-31T08:27:15+00:00","description":"Dans le classement individuel du Concours international des Six Jours d'Enduro (ISDE en anglais) 2022, l'Espagnol Josep Garcia (KTM) a remport\u00e9 sa deuxi\u00e8me victoire en deux jours au Puy-en-Velay. Le Britannique Nathan Watson (Honda) a montr\u00e9 qu'il \u00e9tait \u00e0 la hauteur pour ces ISDE FIMen prenant la deuxi\u00e8me place, devan\u00e7ant l'Italien Andrea Verona (GASGAS)... pour seulement trois dixi\u00e8mes de seconde.","breadcrumb":{"@id":"https:\/\/2022.fim-6days.com\/fr\/fim-isde-individuels-garcia-remet-ca\/#breadcrumb"},"inLanguage":"fr-FR","potentialAction":[{"@type":"ReadAction","target":["https:\/\/2022.fim-6days.com\/fr\/fim-isde-individuels-garcia-remet-ca\/"]}]},{"@type":"ImageObject","inLanguage":"fr-FR","@id":"https:\/\/2022.fim-6days.com\/fr\/fim-isde-individuels-garcia-remet-ca\/#primaryimage","url":"https:\/\/2022.fim-6days.com\/wp-content\/uploads\/sites\/7\/2022\/08\/Individual-Day2-ISDE.jpg","contentUrl":"https:\/\/2022.fim-6days.com\/wp-content\/uploads\/sites\/7\/2022\/08\/Individual-Day2-ISDE.jpg","width":1290,"height":860,"caption":"Future7Media \u00a9"},{"@type":"BreadcrumbList","@id":"https:\/\/2022.fim-6days.com\/fr\/fim-isde-individuels-garcia-remet-ca\/#breadcrumb","itemListElement":[{"@type":"ListItem","position":1,"name":"Home","item":"https:\/\/2022.fim-6days.com\/fr\/"},{"@type":"ListItem","position":2,"name":"FIM ISDE individuels: Garcia remet \u00e7a!"}]},{"@type":"WebSite","@id":"https:\/\/2022.fim-6days.com\/fr\/#website","url":"https:\/\/2022.fim-6days.com\/fr\/","name":"FIM ISDE 2021","description":"FIM ISDE Official website","publisher":{"@id":"https:\/\/2022.fim-6days.com\/fr\/#organization"},"potentialAction":[{"@type":"SearchAction","target":{"@type":"EntryPoint","urlTemplate":"https:\/\/2022.fim-6days.com\/fr\/?s={search_term_string}"},"query-input":{"@type":"PropertyValueSpecification","valueRequired":true,"valueName":"search_term_string"}}],"inLanguage":"fr-FR"},{"@type":"Organization","@id":"https:\/\/2022.fim-6days.com\/fr\/#organization","name":"FIM - F\u00e9d\u00e9ration Internationale de Motocyclisme","url":"https:\/\/2022.fim-6days.com\/fr\/","logo":{"@type":"ImageObject","inLanguage":"fr-FR","@id":"https:\/\/2022.fim-6days.com\/fr\/#\/schema\/logo\/image\/","url":"https:\/\/2022.fim-6days.com\/wp-content\/uploads\/sites\/7\/2019\/07\/LogoFIM-CMYK.png","contentUrl":"https:\/\/2022.fim-6days.com\/wp-content\/uploads\/sites\/7\/2019\/07\/LogoFIM-CMYK.png","width":2608,"height":1833,"caption":"FIM - F\u00e9d\u00e9ration Internationale de Motocyclisme"},"image":{"@id":"https:\/\/2022.fim-6days.com\/fr\/#\/schema\/logo\/image\/"},"sameAs":["https:\/\/www.facebook.com\/FIMISDE\/","https:\/\/x.com\/fimisde","https:\/\/www.instagram.com\/fim_isde\/"]},{"@type":"Person","@id":"https:\/\/2022.fim-6days.com\/fr\/#\/schema\/person\/db95d361606346a0067912f18df924ab","name":"kategtof","image":{"@type":"ImageObject","inLanguage":"fr-FR","@id":"https:\/\/2022.fim-6days.com\/fr\/#\/schema\/person\/image\/","url":"https:\/\/secure.gravatar.com\/avatar\/c3274649b10bd4db8211a9c5582941bc84ee6a5163a0df3f96f7a4130961d5e1?s=96&d=mm&r=g","contentUrl":"https:\/\/secure.gravatar.com\/avatar\/c3274649b10bd4db8211a9c5582941bc84ee6a5163a0df3f96f7a4130961d5e1?s=96&d=mm&r=g","caption":"kategtof"},"url":"https:\/\/2022.fim-6days.com\/fr\/author\/kategtof\/"}]}},"_links":{"self":[{"href":"https:\/\/2022.fim-6days.com\/fr\/wp-json\/wp\/v2\/posts\/40928","targetHints":{"allow":["GET"]}}],"collection":[{"href":"https:\/\/2022.fim-6days.com\/fr\/wp-json\/wp\/v2\/posts"}],"about":[{"href":"https:\/\/2022.fim-6days.com\/fr\/wp-json\/wp\/v2\/types\/post"}],"author":[{"embeddable":true,"href":"https:\/\/2022.fim-6days.com\/fr\/wp-json\/wp\/v2\/users\/10"}],"replies":[{"embeddable":true,"href":"https:\/\/2022.fim-6days.com\/fr\/wp-json\/wp\/v2\/comments?post=40928"}],"version-history":[{"count":2,"href":"https:\/\/2022.fim-6days.com\/fr\/wp-json\/wp\/v2\/posts\/40928\/revisions"}],"predecessor-version":[{"id":40935,"href":"https:\/\/2022.fim-6days.com\/fr\/wp-json\/wp\/v2\/posts\/40928\/revisions\/40935"}],"wp:featuredmedia":[{"embeddable":true,"href":"https:\/\/2022.fim-6days.com\/fr\/wp-json\/wp\/v2\/media\/40930"}],"wp:attachment":[{"href":"https:\/\/2022.fim-6days.com\/fr\/wp-json\/wp\/v2\/media?parent=40928"}],"wp:term":[{"taxonomy":"category","embeddable":true,"href":"https:\/\/2022.fim-6days.com\/fr\/wp-json\/wp\/v2\/categories?post=40928"},{"taxonomy":"post_tag","embeddable":true,"href":"https:\/\/2022.fim-6days.com\/fr\/wp-json\/wp\/v2\/tags?post=40928"}],"curies":[{"name":"wp","href":"https:\/\/api.w.org\/{rel}","templated":true}]}}