{"id":40751,"date":"2022-08-29T19:03:55","date_gmt":"2022-08-29T17:03:55","guid":{"rendered":"https:\/\/2022.fim-6days.com\/?p=40751"},"modified":"2022-08-29T19:03:55","modified_gmt":"2022-08-29T17:03:55","slug":"litalie-en-tete-du-classement-du-trophee-mondial-junior-fim-lors-de-la-premiere-journee-des-isde","status":"publish","type":"post","link":"https:\/\/2022.fim-6days.com\/fr\/litalie-en-tete-du-classement-du-trophee-mondial-junior-fim-lors-de-la-premiere-journee-des-isde\/","title":{"rendered":"L&rsquo;Italie en t\u00eate du classement du Troph\u00e9e mondial Junior FIM lors de la premi\u00e8re journ\u00e9e des ISDE"},"content":{"rendered":"<div class=\"fusion-fullwidth fullwidth-box fusion-builder-row-1 fusion-flex-container nonhundred-percent-fullwidth non-hundred-percent-height-scrolling\" style=\"--awb-border-radius-top-left:0px;--awb-border-radius-top-right:0px;--awb-border-radius-bottom-right:0px;--awb-border-radius-bottom-left:0px;--awb-padding-top:0px;--awb-padding-bottom:0px;--awb-flex-wrap:wrap;\" ><div class=\"fusion-builder-row fusion-row fusion-flex-align-items-flex-start fusion-flex-content-wrap\" style=\"max-width:1248px;margin-left: calc(-4% \/ 2 );margin-right: calc(-4% \/ 2 );\"><div class=\"fusion-layout-column fusion_builder_column fusion-builder-column-0 fusion_builder_column_1_1 1_1 fusion-flex-column\" style=\"--awb-padding-top:0px;--awb-padding-bottom:0px;--awb-bg-size:cover;--awb-width-large:100%;--awb-margin-top-large:0px;--awb-spacing-right-large:1.92%;--awb-margin-bottom-large:0px;--awb-spacing-left-large:1.92%;--awb-width-medium:100%;--awb-order-medium:0;--awb-spacing-right-medium:1.92%;--awb-spacing-left-medium:1.92%;--awb-width-small:100%;--awb-order-small:0;--awb-spacing-right-small:1.92%;--awb-spacing-left-small:1.92%;\"><div class=\"fusion-column-wrapper fusion-column-has-shadow fusion-flex-justify-content-flex-start fusion-content-layout-column\"><div class=\"fusion-text fusion-text-1\" style=\"--awb-text-transform:none;\"><p style=\"font-weight: 400\"><strong>L&rsquo;Italie, championne en titre, a pris la t\u00eate du Troph\u00e9e mondial Junior FIM apr\u00e8s la premi\u00e8re journ\u00e9e du Concours international des Six Jours d&rsquo;Enduro (ISDE en anglais) 2022.<\/strong><\/p>\n<p style=\"font-weight: 400\">D\u00e8s le premier jour au Puy-en-Velay, l&rsquo;Italie devance son plus proche rival, la Finlande, de plus d&rsquo;1\u201932. La Grande-Bretagne occupe la troisi\u00e8me position.<\/p>\n<p style=\"font-weight: 400\">La mauvaise op\u00e9ration de cette premi\u00e8re journ\u00e9e est pour la France. Antoine Alix (KTM) a quitt\u00e9 la course en raison d&rsquo;un probl\u00e8me m\u00e9canique lors de la premi\u00e8re sp\u00e9ciale.<\/p>\n<p style=\"font-weight: 400\">La Su\u00e8de et les \u00c9tats-Unis ont \u00e9galement souffert de probl\u00e8mes similaires en ce premier jour, les deux nations perdant chacune un pilote, ce qui les a fait sortir de l&rsquo;ordre de passage.<\/p>\n<p style=\"font-weight: 400\">En t\u00eate, le trio italien compos\u00e9 de Morgan Lesiardo (Sherco), Enrico Rinaldi (GASGAS) et Claudio Spanu (Honda) a fait preuve d&rsquo;une vitesse impressionnante et a pris une avance confortable.<\/p>\n<p style=\"font-weight: 400\">Derri\u00e8re eux, la Finlande est bien partie, avec 33 secondes d\u2019avance sur la Grande-Bretagne. Le Chili et la R\u00e9publique tch\u00e8que compl\u00e8tent le top cinq dans cet ordre.<\/p>\n<p style=\"font-weight: 400\">Alors que les espoirs de la France de remporter le Troph\u00e9e mondial Junior FIM se sont probablement envol\u00e9s tr\u00e8s t\u00f4t dans la comp\u00e9tition, Zach Pichon (Sherco) a remport\u00e9 la journ\u00e9e dans la cat\u00e9gorie en individuel. Le Fran\u00e7ais termine en sixi\u00e8me position au classement g\u00e9n\u00e9ral.<\/p>\n<p style=\"font-weight: 400\">\u00abC&rsquo;est d\u00e9cevant pour l&rsquo;\u00e9quipe de voir nos chances r\u00e9duites \u00e0 n\u00e9ant d\u00e8s aujourd\u2019hui, mais, pour moi, c&rsquo;est un bon d\u00e9but pour mes premiers ISDE\u00bb, a d\u00e9clar\u00e9 Pichon.<\/p>\n<p style=\"font-weight: 400\">\u00abPrendre la t\u00eate du Troph\u00e9e Mondial Junior FIM, mais aussi cette sixi\u00e8me position au classement g\u00e9n\u00e9ral est un peu surprenant, mais bon pour la confiance.\u00bb<\/p>\n<\/div><\/div><\/div><\/div><\/div>\n","protected":false},"excerpt":{"rendered":"","protected":false},"author":10,"featured_media":40753,"comment_status":"open","ping_status":"open","sticky":false,"template":"","format":"standard","meta":{"inline_featured_image":false,"footnotes":""},"categories":[75,80],"tags":[],"class_list":["post-40751","post","type-post","status-publish","format-standard","has-post-thumbnail","hentry","category-articles","category-jour-1"],"yoast_head":"<!-- This site is optimized with the Yoast SEO plugin v25.6 - https:\/\/yoast.com\/wordpress\/plugins\/seo\/ -->\n<title>L&#039;Italie en t\u00eate du classement du Troph\u00e9e mondial Junior FIM lors de la premi\u00e8re journ\u00e9e des ISDE - FIM ISDE 2022<\/title>\n<meta name=\"description\" content=\"L&#039;Italie, championne en titre, a pris la t\u00eate du Troph\u00e9e mondial Junior FIM apr\u00e8s la premi\u00e8re journ\u00e9e du Concours international des Six Jours d&#039;Enduro (ISDE en anglais) 2022.\" \/>\n<meta name=\"robots\" content=\"index, follow, max-snippet:-1, max-image-preview:large, max-video-preview:-1\" \/>\n<link rel=\"canonical\" href=\"https:\/\/2022.fim-6days.com\/fr\/litalie-en-tete-du-classement-du-trophee-mondial-junior-fim-lors-de-la-premiere-journee-des-isde\/\" \/>\n<meta property=\"og:locale\" content=\"fr_FR\" \/>\n<meta property=\"og:type\" content=\"article\" \/>\n<meta property=\"og:title\" content=\"L&#039;Italie en t\u00eate du classement du Troph\u00e9e mondial Junior FIM lors de la premi\u00e8re journ\u00e9e des ISDE - FIM ISDE 2022\" \/>\n<meta property=\"og:description\" content=\"L&#039;Italie, championne en titre, a pris la t\u00eate du Troph\u00e9e mondial Junior FIM apr\u00e8s la premi\u00e8re journ\u00e9e du Concours international des Six Jours d&#039;Enduro (ISDE en anglais) 2022.\" \/>\n<meta property=\"og:url\" content=\"https:\/\/2022.fim-6days.com\/fr\/litalie-en-tete-du-classement-du-trophee-mondial-junior-fim-lors-de-la-premiere-journee-des-isde\/\" \/>\n<meta property=\"og:site_name\" content=\"FIM ISDE 2022\" \/>\n<meta property=\"article:publisher\" content=\"https:\/\/www.facebook.com\/FIMISDE\/\" \/>\n<meta property=\"article:published_time\" content=\"2022-08-29T17:03:55+00:00\" \/>\n<meta property=\"og:image\" content=\"https:\/\/2022.fim-6days.com\/wp-content\/uploads\/sites\/7\/2022\/08\/JWT-Day1-1.jpg\" \/>\n\t<meta property=\"og:image:width\" content=\"1290\" \/>\n\t<meta property=\"og:image:height\" content=\"860\" \/>\n\t<meta property=\"og:image:type\" content=\"image\/jpeg\" \/>\n<meta name=\"author\" content=\"kategtof\" \/>\n<meta name=\"twitter:card\" content=\"summary_large_image\" \/>\n<meta name=\"twitter:creator\" content=\"@fimisde\" \/>\n<meta name=\"twitter:site\" content=\"@fimisde\" \/>\n<meta name=\"twitter:label1\" content=\"\u00c9crit par\" \/>\n\t<meta name=\"twitter:data1\" content=\"kategtof\" \/>\n\t<meta name=\"twitter:label2\" content=\"Dur\u00e9e de lecture estim\u00e9e\" \/>\n\t<meta name=\"twitter:data2\" content=\"3 minutes\" \/>\n<script type=\"application\/ld+json\" class=\"yoast-schema-graph\">{\"@context\":\"https:\/\/schema.org\",\"@graph\":[{\"@type\":\"Article\",\"@id\":\"https:\/\/2022.fim-6days.com\/fr\/litalie-en-tete-du-classement-du-trophee-mondial-junior-fim-lors-de-la-premiere-journee-des-isde\/#article\",\"isPartOf\":{\"@id\":\"https:\/\/2022.fim-6days.com\/fr\/litalie-en-tete-du-classement-du-trophee-mondial-junior-fim-lors-de-la-premiere-journee-des-isde\/\"},\"author\":{\"name\":\"kategtof\",\"@id\":\"https:\/\/2022.fim-6days.com\/fr\/#\/schema\/person\/db95d361606346a0067912f18df924ab\"},\"headline\":\"L&rsquo;Italie en t\u00eate du classement du Troph\u00e9e mondial Junior FIM lors de la premi\u00e8re journ\u00e9e des ISDE\",\"datePublished\":\"2022-08-29T17:03:55+00:00\",\"mainEntityOfPage\":{\"@id\":\"https:\/\/2022.fim-6days.com\/fr\/litalie-en-tete-du-classement-du-trophee-mondial-junior-fim-lors-de-la-premiere-journee-des-isde\/\"},\"wordCount\":1010,\"commentCount\":0,\"publisher\":{\"@id\":\"https:\/\/2022.fim-6days.com\/fr\/#organization\"},\"image\":{\"@id\":\"https:\/\/2022.fim-6days.com\/fr\/litalie-en-tete-du-classement-du-trophee-mondial-junior-fim-lors-de-la-premiere-journee-des-isde\/#primaryimage\"},\"thumbnailUrl\":\"https:\/\/2022.fim-6days.com\/wp-content\/uploads\/sites\/7\/2022\/08\/JWT-Day1-1.jpg\",\"articleSection\":[\"Articles\",\"Jour 1\"],\"inLanguage\":\"fr-FR\",\"potentialAction\":[{\"@type\":\"CommentAction\",\"name\":\"Comment\",\"target\":[\"https:\/\/2022.fim-6days.com\/fr\/litalie-en-tete-du-classement-du-trophee-mondial-junior-fim-lors-de-la-premiere-journee-des-isde\/#respond\"]}]},{\"@type\":\"WebPage\",\"@id\":\"https:\/\/2022.fim-6days.com\/fr\/litalie-en-tete-du-classement-du-trophee-mondial-junior-fim-lors-de-la-premiere-journee-des-isde\/\",\"url\":\"https:\/\/2022.fim-6days.com\/fr\/litalie-en-tete-du-classement-du-trophee-mondial-junior-fim-lors-de-la-premiere-journee-des-isde\/\",\"name\":\"L'Italie en t\u00eate du classement du Troph\u00e9e mondial Junior FIM lors de la premi\u00e8re journ\u00e9e des ISDE - FIM ISDE 2022\",\"isPartOf\":{\"@id\":\"https:\/\/2022.fim-6days.com\/fr\/#website\"},\"primaryImageOfPage\":{\"@id\":\"https:\/\/2022.fim-6days.com\/fr\/litalie-en-tete-du-classement-du-trophee-mondial-junior-fim-lors-de-la-premiere-journee-des-isde\/#primaryimage\"},\"image\":{\"@id\":\"https:\/\/2022.fim-6days.com\/fr\/litalie-en-tete-du-classement-du-trophee-mondial-junior-fim-lors-de-la-premiere-journee-des-isde\/#primaryimage\"},\"thumbnailUrl\":\"https:\/\/2022.fim-6days.com\/wp-content\/uploads\/sites\/7\/2022\/08\/JWT-Day1-1.jpg\",\"datePublished\":\"2022-08-29T17:03:55+00:00\",\"description\":\"L'Italie, championne en titre, a pris la t\u00eate du Troph\u00e9e mondial Junior FIM apr\u00e8s la premi\u00e8re journ\u00e9e du Concours international des Six Jours d'Enduro (ISDE en anglais) 2022.\",\"breadcrumb\":{\"@id\":\"https:\/\/2022.fim-6days.com\/fr\/litalie-en-tete-du-classement-du-trophee-mondial-junior-fim-lors-de-la-premiere-journee-des-isde\/#breadcrumb\"},\"inLanguage\":\"fr-FR\",\"potentialAction\":[{\"@type\":\"ReadAction\",\"target\":[\"https:\/\/2022.fim-6days.com\/fr\/litalie-en-tete-du-classement-du-trophee-mondial-junior-fim-lors-de-la-premiere-journee-des-isde\/\"]}]},{\"@type\":\"ImageObject\",\"inLanguage\":\"fr-FR\",\"@id\":\"https:\/\/2022.fim-6days.com\/fr\/litalie-en-tete-du-classement-du-trophee-mondial-junior-fim-lors-de-la-premiere-journee-des-isde\/#primaryimage\",\"url\":\"https:\/\/2022.fim-6days.com\/wp-content\/uploads\/sites\/7\/2022\/08\/JWT-Day1-1.jpg\",\"contentUrl\":\"https:\/\/2022.fim-6days.com\/wp-content\/uploads\/sites\/7\/2022\/08\/JWT-Day1-1.jpg\",\"width\":1290,\"height\":860,\"caption\":\"Future7Media \u00a9\"},{\"@type\":\"BreadcrumbList\",\"@id\":\"https:\/\/2022.fim-6days.com\/fr\/litalie-en-tete-du-classement-du-trophee-mondial-junior-fim-lors-de-la-premiere-journee-des-isde\/#breadcrumb\",\"itemListElement\":[{\"@type\":\"ListItem\",\"position\":1,\"name\":\"Home\",\"item\":\"https:\/\/2022.fim-6days.com\/fr\/\"},{\"@type\":\"ListItem\",\"position\":2,\"name\":\"L&rsquo;Italie en t\u00eate du classement du Troph\u00e9e mondial Junior FIM lors de la premi\u00e8re journ\u00e9e des ISDE\"}]},{\"@type\":\"WebSite\",\"@id\":\"https:\/\/2022.fim-6days.com\/fr\/#website\",\"url\":\"https:\/\/2022.fim-6days.com\/fr\/\",\"name\":\"FIM ISDE 2021\",\"description\":\"FIM ISDE Official website\",\"publisher\":{\"@id\":\"https:\/\/2022.fim-6days.com\/fr\/#organization\"},\"potentialAction\":[{\"@type\":\"SearchAction\",\"target\":{\"@type\":\"EntryPoint\",\"urlTemplate\":\"https:\/\/2022.fim-6days.com\/fr\/?s={search_term_string}\"},\"query-input\":{\"@type\":\"PropertyValueSpecification\",\"valueRequired\":true,\"valueName\":\"search_term_string\"}}],\"inLanguage\":\"fr-FR\"},{\"@type\":\"Organization\",\"@id\":\"https:\/\/2022.fim-6days.com\/fr\/#organization\",\"name\":\"FIM - F\u00e9d\u00e9ration Internationale de Motocyclisme\",\"url\":\"https:\/\/2022.fim-6days.com\/fr\/\",\"logo\":{\"@type\":\"ImageObject\",\"inLanguage\":\"fr-FR\",\"@id\":\"https:\/\/2022.fim-6days.com\/fr\/#\/schema\/logo\/image\/\",\"url\":\"https:\/\/2022.fim-6days.com\/wp-content\/uploads\/sites\/7\/2019\/07\/LogoFIM-CMYK.png\",\"contentUrl\":\"https:\/\/2022.fim-6days.com\/wp-content\/uploads\/sites\/7\/2019\/07\/LogoFIM-CMYK.png\",\"width\":2608,\"height\":1833,\"caption\":\"FIM - F\u00e9d\u00e9ration Internationale de Motocyclisme\"},\"image\":{\"@id\":\"https:\/\/2022.fim-6days.com\/fr\/#\/schema\/logo\/image\/\"},\"sameAs\":[\"https:\/\/www.facebook.com\/FIMISDE\/\",\"https:\/\/x.com\/fimisde\",\"https:\/\/www.instagram.com\/fim_isde\/\"]},{\"@type\":\"Person\",\"@id\":\"https:\/\/2022.fim-6days.com\/fr\/#\/schema\/person\/db95d361606346a0067912f18df924ab\",\"name\":\"kategtof\",\"image\":{\"@type\":\"ImageObject\",\"inLanguage\":\"fr-FR\",\"@id\":\"https:\/\/2022.fim-6days.com\/fr\/#\/schema\/person\/image\/\",\"url\":\"https:\/\/secure.gravatar.com\/avatar\/c3274649b10bd4db8211a9c5582941bc84ee6a5163a0df3f96f7a4130961d5e1?s=96&d=mm&r=g\",\"contentUrl\":\"https:\/\/secure.gravatar.com\/avatar\/c3274649b10bd4db8211a9c5582941bc84ee6a5163a0df3f96f7a4130961d5e1?s=96&d=mm&r=g\",\"caption\":\"kategtof\"},\"url\":\"https:\/\/2022.fim-6days.com\/fr\/author\/kategtof\/\"}]}<\/script>\n<!-- \/ Yoast SEO plugin. -->","yoast_head_json":{"title":"L'Italie en t\u00eate du classement du Troph\u00e9e mondial Junior FIM lors de la premi\u00e8re journ\u00e9e des ISDE - FIM ISDE 2022","description":"L'Italie, championne en titre, a pris la t\u00eate du Troph\u00e9e mondial Junior FIM apr\u00e8s la premi\u00e8re journ\u00e9e du Concours international des Six Jours d'Enduro (ISDE en anglais) 2022.","robots":{"index":"index","follow":"follow","max-snippet":"max-snippet:-1","max-image-preview":"max-image-preview:large","max-video-preview":"max-video-preview:-1"},"canonical":"https:\/\/2022.fim-6days.com\/fr\/litalie-en-tete-du-classement-du-trophee-mondial-junior-fim-lors-de-la-premiere-journee-des-isde\/","og_locale":"fr_FR","og_type":"article","og_title":"L'Italie en t\u00eate du classement du Troph\u00e9e mondial Junior FIM lors de la premi\u00e8re journ\u00e9e des ISDE - FIM ISDE 2022","og_description":"L'Italie, championne en titre, a pris la t\u00eate du Troph\u00e9e mondial Junior FIM apr\u00e8s la premi\u00e8re journ\u00e9e du Concours international des Six Jours d'Enduro (ISDE en anglais) 2022.","og_url":"https:\/\/2022.fim-6days.com\/fr\/litalie-en-tete-du-classement-du-trophee-mondial-junior-fim-lors-de-la-premiere-journee-des-isde\/","og_site_name":"FIM ISDE 2022","article_publisher":"https:\/\/www.facebook.com\/FIMISDE\/","article_published_time":"2022-08-29T17:03:55+00:00","og_image":[{"width":1290,"height":860,"url":"https:\/\/2022.fim-6days.com\/wp-content\/uploads\/sites\/7\/2022\/08\/JWT-Day1-1.jpg","type":"image\/jpeg"}],"author":"kategtof","twitter_card":"summary_large_image","twitter_creator":"@fimisde","twitter_site":"@fimisde","twitter_misc":{"\u00c9crit par":"kategtof","Dur\u00e9e de lecture estim\u00e9e":"3 minutes"},"schema":{"@context":"https:\/\/schema.org","@graph":[{"@type":"Article","@id":"https:\/\/2022.fim-6days.com\/fr\/litalie-en-tete-du-classement-du-trophee-mondial-junior-fim-lors-de-la-premiere-journee-des-isde\/#article","isPartOf":{"@id":"https:\/\/2022.fim-6days.com\/fr\/litalie-en-tete-du-classement-du-trophee-mondial-junior-fim-lors-de-la-premiere-journee-des-isde\/"},"author":{"name":"kategtof","@id":"https:\/\/2022.fim-6days.com\/fr\/#\/schema\/person\/db95d361606346a0067912f18df924ab"},"headline":"L&rsquo;Italie en t\u00eate du classement du Troph\u00e9e mondial Junior FIM lors de la premi\u00e8re journ\u00e9e des ISDE","datePublished":"2022-08-29T17:03:55+00:00","mainEntityOfPage":{"@id":"https:\/\/2022.fim-6days.com\/fr\/litalie-en-tete-du-classement-du-trophee-mondial-junior-fim-lors-de-la-premiere-journee-des-isde\/"},"wordCount":1010,"commentCount":0,"publisher":{"@id":"https:\/\/2022.fim-6days.com\/fr\/#organization"},"image":{"@id":"https:\/\/2022.fim-6days.com\/fr\/litalie-en-tete-du-classement-du-trophee-mondial-junior-fim-lors-de-la-premiere-journee-des-isde\/#primaryimage"},"thumbnailUrl":"https:\/\/2022.fim-6days.com\/wp-content\/uploads\/sites\/7\/2022\/08\/JWT-Day1-1.jpg","articleSection":["Articles","Jour 1"],"inLanguage":"fr-FR","potentialAction":[{"@type":"CommentAction","name":"Comment","target":["https:\/\/2022.fim-6days.com\/fr\/litalie-en-tete-du-classement-du-trophee-mondial-junior-fim-lors-de-la-premiere-journee-des-isde\/#respond"]}]},{"@type":"WebPage","@id":"https:\/\/2022.fim-6days.com\/fr\/litalie-en-tete-du-classement-du-trophee-mondial-junior-fim-lors-de-la-premiere-journee-des-isde\/","url":"https:\/\/2022.fim-6days.com\/fr\/litalie-en-tete-du-classement-du-trophee-mondial-junior-fim-lors-de-la-premiere-journee-des-isde\/","name":"L'Italie en t\u00eate du classement du Troph\u00e9e mondial Junior FIM lors de la premi\u00e8re journ\u00e9e des ISDE - FIM ISDE 2022","isPartOf":{"@id":"https:\/\/2022.fim-6days.com\/fr\/#website"},"primaryImageOfPage":{"@id":"https:\/\/2022.fim-6days.com\/fr\/litalie-en-tete-du-classement-du-trophee-mondial-junior-fim-lors-de-la-premiere-journee-des-isde\/#primaryimage"},"image":{"@id":"https:\/\/2022.fim-6days.com\/fr\/litalie-en-tete-du-classement-du-trophee-mondial-junior-fim-lors-de-la-premiere-journee-des-isde\/#primaryimage"},"thumbnailUrl":"https:\/\/2022.fim-6days.com\/wp-content\/uploads\/sites\/7\/2022\/08\/JWT-Day1-1.jpg","datePublished":"2022-08-29T17:03:55+00:00","description":"L'Italie, championne en titre, a pris la t\u00eate du Troph\u00e9e mondial Junior FIM apr\u00e8s la premi\u00e8re journ\u00e9e du Concours international des Six Jours d'Enduro (ISDE en anglais) 2022.","breadcrumb":{"@id":"https:\/\/2022.fim-6days.com\/fr\/litalie-en-tete-du-classement-du-trophee-mondial-junior-fim-lors-de-la-premiere-journee-des-isde\/#breadcrumb"},"inLanguage":"fr-FR","potentialAction":[{"@type":"ReadAction","target":["https:\/\/2022.fim-6days.com\/fr\/litalie-en-tete-du-classement-du-trophee-mondial-junior-fim-lors-de-la-premiere-journee-des-isde\/"]}]},{"@type":"ImageObject","inLanguage":"fr-FR","@id":"https:\/\/2022.fim-6days.com\/fr\/litalie-en-tete-du-classement-du-trophee-mondial-junior-fim-lors-de-la-premiere-journee-des-isde\/#primaryimage","url":"https:\/\/2022.fim-6days.com\/wp-content\/uploads\/sites\/7\/2022\/08\/JWT-Day1-1.jpg","contentUrl":"https:\/\/2022.fim-6days.com\/wp-content\/uploads\/sites\/7\/2022\/08\/JWT-Day1-1.jpg","width":1290,"height":860,"caption":"Future7Media \u00a9"},{"@type":"BreadcrumbList","@id":"https:\/\/2022.fim-6days.com\/fr\/litalie-en-tete-du-classement-du-trophee-mondial-junior-fim-lors-de-la-premiere-journee-des-isde\/#breadcrumb","itemListElement":[{"@type":"ListItem","position":1,"name":"Home","item":"https:\/\/2022.fim-6days.com\/fr\/"},{"@type":"ListItem","position":2,"name":"L&rsquo;Italie en t\u00eate du classement du Troph\u00e9e mondial Junior FIM lors de la premi\u00e8re journ\u00e9e des ISDE"}]},{"@type":"WebSite","@id":"https:\/\/2022.fim-6days.com\/fr\/#website","url":"https:\/\/2022.fim-6days.com\/fr\/","name":"FIM ISDE 2021","description":"FIM ISDE Official website","publisher":{"@id":"https:\/\/2022.fim-6days.com\/fr\/#organization"},"potentialAction":[{"@type":"SearchAction","target":{"@type":"EntryPoint","urlTemplate":"https:\/\/2022.fim-6days.com\/fr\/?s={search_term_string}"},"query-input":{"@type":"PropertyValueSpecification","valueRequired":true,"valueName":"search_term_string"}}],"inLanguage":"fr-FR"},{"@type":"Organization","@id":"https:\/\/2022.fim-6days.com\/fr\/#organization","name":"FIM - F\u00e9d\u00e9ration Internationale de Motocyclisme","url":"https:\/\/2022.fim-6days.com\/fr\/","logo":{"@type":"ImageObject","inLanguage":"fr-FR","@id":"https:\/\/2022.fim-6days.com\/fr\/#\/schema\/logo\/image\/","url":"https:\/\/2022.fim-6days.com\/wp-content\/uploads\/sites\/7\/2019\/07\/LogoFIM-CMYK.png","contentUrl":"https:\/\/2022.fim-6days.com\/wp-content\/uploads\/sites\/7\/2019\/07\/LogoFIM-CMYK.png","width":2608,"height":1833,"caption":"FIM - F\u00e9d\u00e9ration Internationale de Motocyclisme"},"image":{"@id":"https:\/\/2022.fim-6days.com\/fr\/#\/schema\/logo\/image\/"},"sameAs":["https:\/\/www.facebook.com\/FIMISDE\/","https:\/\/x.com\/fimisde","https:\/\/www.instagram.com\/fim_isde\/"]},{"@type":"Person","@id":"https:\/\/2022.fim-6days.com\/fr\/#\/schema\/person\/db95d361606346a0067912f18df924ab","name":"kategtof","image":{"@type":"ImageObject","inLanguage":"fr-FR","@id":"https:\/\/2022.fim-6days.com\/fr\/#\/schema\/person\/image\/","url":"https:\/\/secure.gravatar.com\/avatar\/c3274649b10bd4db8211a9c5582941bc84ee6a5163a0df3f96f7a4130961d5e1?s=96&d=mm&r=g","contentUrl":"https:\/\/secure.gravatar.com\/avatar\/c3274649b10bd4db8211a9c5582941bc84ee6a5163a0df3f96f7a4130961d5e1?s=96&d=mm&r=g","caption":"kategtof"},"url":"https:\/\/2022.fim-6days.com\/fr\/author\/kategtof\/"}]}},"_links":{"self":[{"href":"https:\/\/2022.fim-6days.com\/fr\/wp-json\/wp\/v2\/posts\/40751","targetHints":{"allow":["GET"]}}],"collection":[{"href":"https:\/\/2022.fim-6days.com\/fr\/wp-json\/wp\/v2\/posts"}],"about":[{"href":"https:\/\/2022.fim-6days.com\/fr\/wp-json\/wp\/v2\/types\/post"}],"author":[{"embeddable":true,"href":"https:\/\/2022.fim-6days.com\/fr\/wp-json\/wp\/v2\/users\/10"}],"replies":[{"embeddable":true,"href":"https:\/\/2022.fim-6days.com\/fr\/wp-json\/wp\/v2\/comments?post=40751"}],"version-history":[{"count":1,"href":"https:\/\/2022.fim-6days.com\/fr\/wp-json\/wp\/v2\/posts\/40751\/revisions"}],"predecessor-version":[{"id":40761,"href":"https:\/\/2022.fim-6days.com\/fr\/wp-json\/wp\/v2\/posts\/40751\/revisions\/40761"}],"wp:featuredmedia":[{"embeddable":true,"href":"https:\/\/2022.fim-6days.com\/fr\/wp-json\/wp\/v2\/media\/40753"}],"wp:attachment":[{"href":"https:\/\/2022.fim-6days.com\/fr\/wp-json\/wp\/v2\/media?parent=40751"}],"wp:term":[{"taxonomy":"category","embeddable":true,"href":"https:\/\/2022.fim-6days.com\/fr\/wp-json\/wp\/v2\/categories?post=40751"},{"taxonomy":"post_tag","embeddable":true,"href":"https:\/\/2022.fim-6days.com\/fr\/wp-json\/wp\/v2\/tags?post=40751"}],"curies":[{"name":"wp","href":"https:\/\/api.w.org\/{rel}","templated":true}]}}