{"id":40738,"date":"2022-08-29T18:52:48","date_gmt":"2022-08-29T16:52:48","guid":{"rendered":"https:\/\/2022.fim-6days.com\/?p=40738"},"modified":"2022-08-29T18:52:48","modified_gmt":"2022-08-29T16:52:48","slug":"lespagne-prend-la-tete-du-trophee-mondial-fim-lors-de-la-premiere-journee","status":"publish","type":"post","link":"https:\/\/2022.fim-6days.com\/fr\/lespagne-prend-la-tete-du-trophee-mondial-fim-lors-de-la-premiere-journee\/","title":{"rendered":"L&rsquo;Espagne prend la t\u00eate du Troph\u00e9e mondial FIM lors de la premi\u00e8re journ\u00e9e"},"content":{"rendered":"<div class=\"fusion-fullwidth fullwidth-box fusion-builder-row-1 fusion-flex-container nonhundred-percent-fullwidth non-hundred-percent-height-scrolling\" style=\"--awb-border-radius-top-left:0px;--awb-border-radius-top-right:0px;--awb-border-radius-bottom-right:0px;--awb-border-radius-bottom-left:0px;--awb-padding-top:0px;--awb-padding-bottom:0px;--awb-flex-wrap:wrap;\" ><div class=\"fusion-builder-row fusion-row fusion-flex-align-items-flex-start fusion-flex-content-wrap\" style=\"max-width:1248px;margin-left: calc(-4% \/ 2 );margin-right: calc(-4% \/ 2 );\"><div class=\"fusion-layout-column fusion_builder_column fusion-builder-column-0 fusion_builder_column_1_1 1_1 fusion-flex-column\" style=\"--awb-padding-top:0px;--awb-padding-bottom:0px;--awb-bg-size:cover;--awb-width-large:100%;--awb-margin-top-large:0px;--awb-spacing-right-large:1.92%;--awb-margin-bottom-large:0px;--awb-spacing-left-large:1.92%;--awb-width-medium:100%;--awb-order-medium:0;--awb-spacing-right-medium:1.92%;--awb-spacing-left-medium:1.92%;--awb-width-small:100%;--awb-order-small:0;--awb-spacing-right-small:1.92%;--awb-spacing-left-small:1.92%;\"><div class=\"fusion-column-wrapper fusion-column-has-shadow fusion-flex-justify-content-flex-start fusion-content-layout-column\"><div class=\"fusion-text fusion-text-1\" style=\"--awb-text-transform:none;\"><p><strong>La 96e \u00e9dition du Concours international des Six Jours d&rsquo;Enduro (ISDE en anglais) est lanc\u00e9e et l&rsquo;Espagne a pris la t\u00eate du Troph\u00e9e mondial FIM d\u00e8s le premier jour au Puy-en-Velay.<\/strong><\/p>\n<p>Les concurrents des 32 nations participant aux FIM ISDE de cette ann\u00e9e sont pass\u00e9s aux choses s\u00e9rieuses. Un soleil radieux a accueilli ceux qui ont pris le d\u00e9part t\u00f4t ce matin, quittant la rampe de d\u00e9part pour la premi\u00e8re fois de la semaine.<\/p>\n<p>L&rsquo;Espagnol Josep Garcia (KTM) a imm\u00e9diatement donn\u00e9 le ton en r\u00e9alisant le meilleur temps du premier des cinq tests de la journ\u00e9e. Le pilote KTM n&rsquo;a pas tra\u00een\u00e9 aujourd&rsquo;hui et a continu\u00e9 \u00e0 dominer dans les quatre suivants.<\/p>\n<p>Le fort soutien de ses co\u00e9quipiers a permis \u00e0 l&rsquo;Espagne de prendre la t\u00eate du classement avec vingt-deux secondes d&rsquo;avance \u00e0 la fin de la premi\u00e8re journ\u00e9e.<\/p>\n<p>\u00abJ&rsquo;ai gagn\u00e9 tous les tests aujourd&rsquo;hui, donc c&rsquo;est un excellent d\u00e9but de semaine\u00bb, a d\u00e9clar\u00e9 Garcia \u00e0 la fin de la premi\u00e8re journ\u00e9e. \u00abJ&rsquo;ai juste essay\u00e9 d&rsquo;\u00eatre intelligent dans mon pilotage et d&rsquo;attaquer tout en restant \u00e0 l&rsquo;aise. Je suis heureux d&rsquo;avoir obtenu un tel r\u00e9sultat le premier jour.\u00bb<\/p>\n<p>\u00abGlobalement, c&rsquo;est g\u00e9nial de prendre la t\u00eate du classement du Troph\u00e9e mondial avec l&rsquo;Espagne. Nous sommes vraiment motiv\u00e9s pour cela et nous voulons faire honneur \u00e0 notre pays.\u00bb<\/p>\n<p>Alors que l&rsquo;Espagne s&rsquo;est offert de l&rsquo;avance d&rsquo;entr\u00e9e, derri\u00e8re elle, l&rsquo;Italie et la Grande-Bretagne ne sont s\u00e9par\u00e9es que par quelques fractions de seconde. L&rsquo;Italie, en deuxi\u00e8me position, n&rsquo;a que trois centi\u00e8mes de seconde d&rsquo;avance sur la Grande-Bretagne.<\/p>\n<p>Quatre autres secondes derri\u00e8re la Grande-Bretagne se trouvent les \u00c9tats-Unis, en quatri\u00e8me position. Les Am\u00e9ricains figurent en bonne place dans les r\u00e9sultats individuels et chercheront \u00e0 combler leur retard sur l&rsquo;Italie et la Grande-Bretagne lors de la deuxi\u00e8me journ\u00e9e.<\/p>\n<p>La France, \u00e0 domicile, a bien d\u00e9marr\u00e9 ses ISDE en terminant cinqui\u00e8me au classement g\u00e9n\u00e9ral. Cependant, les Bleus ont d\u00e9j\u00e0 une minute de retard sur les leaders espagnols et devront attaquer demain.<\/p>\n<p>Les \u00e9carts de la sixi\u00e8me \u00e0 la dixi\u00e8me place sont plus larges. Dans le sillage de Mikael Persson (Husqvarna) qui termine sa journ\u00e9e en troisi\u00e8me position au classement g\u00e9n\u00e9ral, la Su\u00e8de est sixi\u00e8me.<\/p>\n<p>L&rsquo;Australie et la Belgique ont termin\u00e9 la premi\u00e8re journ\u00e9e en septi\u00e8me et huiti\u00e8me positions respectivement. La Finlande et la Pologne compl\u00e8tent le top 10 des nations de ce Troph\u00e9e mondial masculin FM.<\/p>\n<\/div><\/div><\/div><\/div><\/div>\n","protected":false},"excerpt":{"rendered":"","protected":false},"author":10,"featured_media":40740,"comment_status":"open","ping_status":"open","sticky":false,"template":"","format":"standard","meta":{"inline_featured_image":false,"footnotes":""},"categories":[75,80,87],"tags":[],"class_list":["post-40738","post","type-post","status-publish","format-standard","has-post-thumbnail","hentry","category-articles","category-jour-1","category-news-home-fr"],"yoast_head":"<!-- This site is optimized with the Yoast SEO plugin v25.6 - https:\/\/yoast.com\/wordpress\/plugins\/seo\/ -->\n<title>L&#039;Espagne prend la t\u00eate du Troph\u00e9e mondial FIM lors de la premi\u00e8re journ\u00e9e - FIM ISDE 2022<\/title>\n<meta name=\"description\" content=\"La 96e \u00e9dition du Concours international des Six Jours d&#039;Enduro (ISDE en anglais) est lanc\u00e9e et l&#039;Espagne a pris la t\u00eate du Troph\u00e9e mondial FIM d\u00e8s le premier jour au Puy-en-Velay.\" \/>\n<meta name=\"robots\" content=\"index, follow, max-snippet:-1, max-image-preview:large, max-video-preview:-1\" \/>\n<link rel=\"canonical\" href=\"https:\/\/2022.fim-6days.com\/fr\/lespagne-prend-la-tete-du-trophee-mondial-fim-lors-de-la-premiere-journee\/\" \/>\n<meta property=\"og:locale\" content=\"fr_FR\" \/>\n<meta property=\"og:type\" content=\"article\" \/>\n<meta property=\"og:title\" content=\"L&#039;Espagne prend la t\u00eate du Troph\u00e9e mondial FIM lors de la premi\u00e8re journ\u00e9e - FIM ISDE 2022\" \/>\n<meta property=\"og:description\" content=\"La 96e \u00e9dition du Concours international des Six Jours d&#039;Enduro (ISDE en anglais) est lanc\u00e9e et l&#039;Espagne a pris la t\u00eate du Troph\u00e9e mondial FIM d\u00e8s le premier jour au Puy-en-Velay.\" \/>\n<meta property=\"og:url\" content=\"https:\/\/2022.fim-6days.com\/fr\/lespagne-prend-la-tete-du-trophee-mondial-fim-lors-de-la-premiere-journee\/\" \/>\n<meta property=\"og:site_name\" content=\"FIM ISDE 2022\" \/>\n<meta property=\"article:publisher\" content=\"https:\/\/www.facebook.com\/FIMISDE\/\" \/>\n<meta property=\"article:published_time\" content=\"2022-08-29T16:52:48+00:00\" \/>\n<meta property=\"og:image\" content=\"https:\/\/2022.fim-6days.com\/wp-content\/uploads\/sites\/7\/2022\/08\/WT-Day1-1.jpg\" \/>\n\t<meta property=\"og:image:width\" content=\"1290\" \/>\n\t<meta property=\"og:image:height\" content=\"860\" \/>\n\t<meta property=\"og:image:type\" content=\"image\/jpeg\" \/>\n<meta name=\"author\" content=\"kategtof\" \/>\n<meta name=\"twitter:card\" content=\"summary_large_image\" \/>\n<meta name=\"twitter:creator\" content=\"@fimisde\" \/>\n<meta name=\"twitter:site\" content=\"@fimisde\" \/>\n<meta name=\"twitter:label1\" content=\"\u00c9crit par\" \/>\n\t<meta name=\"twitter:data1\" content=\"kategtof\" \/>\n\t<meta name=\"twitter:label2\" content=\"Dur\u00e9e de lecture estim\u00e9e\" \/>\n\t<meta name=\"twitter:data2\" content=\"4 minutes\" \/>\n<script type=\"application\/ld+json\" class=\"yoast-schema-graph\">{\"@context\":\"https:\/\/schema.org\",\"@graph\":[{\"@type\":\"Article\",\"@id\":\"https:\/\/2022.fim-6days.com\/fr\/lespagne-prend-la-tete-du-trophee-mondial-fim-lors-de-la-premiere-journee\/#article\",\"isPartOf\":{\"@id\":\"https:\/\/2022.fim-6days.com\/fr\/lespagne-prend-la-tete-du-trophee-mondial-fim-lors-de-la-premiere-journee\/\"},\"author\":{\"name\":\"kategtof\",\"@id\":\"https:\/\/2022.fim-6days.com\/fr\/#\/schema\/person\/db95d361606346a0067912f18df924ab\"},\"headline\":\"L&rsquo;Espagne prend la t\u00eate du Troph\u00e9e mondial FIM lors de la premi\u00e8re journ\u00e9e\",\"datePublished\":\"2022-08-29T16:52:48+00:00\",\"mainEntityOfPage\":{\"@id\":\"https:\/\/2022.fim-6days.com\/fr\/lespagne-prend-la-tete-du-trophee-mondial-fim-lors-de-la-premiere-journee\/\"},\"wordCount\":1138,\"commentCount\":0,\"publisher\":{\"@id\":\"https:\/\/2022.fim-6days.com\/fr\/#organization\"},\"image\":{\"@id\":\"https:\/\/2022.fim-6days.com\/fr\/lespagne-prend-la-tete-du-trophee-mondial-fim-lors-de-la-premiere-journee\/#primaryimage\"},\"thumbnailUrl\":\"https:\/\/2022.fim-6days.com\/wp-content\/uploads\/sites\/7\/2022\/08\/WT-Day1-1.jpg\",\"articleSection\":[\"Articles\",\"Jour 1\",\"News HOME FR\"],\"inLanguage\":\"fr-FR\",\"potentialAction\":[{\"@type\":\"CommentAction\",\"name\":\"Comment\",\"target\":[\"https:\/\/2022.fim-6days.com\/fr\/lespagne-prend-la-tete-du-trophee-mondial-fim-lors-de-la-premiere-journee\/#respond\"]}]},{\"@type\":\"WebPage\",\"@id\":\"https:\/\/2022.fim-6days.com\/fr\/lespagne-prend-la-tete-du-trophee-mondial-fim-lors-de-la-premiere-journee\/\",\"url\":\"https:\/\/2022.fim-6days.com\/fr\/lespagne-prend-la-tete-du-trophee-mondial-fim-lors-de-la-premiere-journee\/\",\"name\":\"L'Espagne prend la t\u00eate du Troph\u00e9e mondial FIM lors de la premi\u00e8re journ\u00e9e - FIM ISDE 2022\",\"isPartOf\":{\"@id\":\"https:\/\/2022.fim-6days.com\/fr\/#website\"},\"primaryImageOfPage\":{\"@id\":\"https:\/\/2022.fim-6days.com\/fr\/lespagne-prend-la-tete-du-trophee-mondial-fim-lors-de-la-premiere-journee\/#primaryimage\"},\"image\":{\"@id\":\"https:\/\/2022.fim-6days.com\/fr\/lespagne-prend-la-tete-du-trophee-mondial-fim-lors-de-la-premiere-journee\/#primaryimage\"},\"thumbnailUrl\":\"https:\/\/2022.fim-6days.com\/wp-content\/uploads\/sites\/7\/2022\/08\/WT-Day1-1.jpg\",\"datePublished\":\"2022-08-29T16:52:48+00:00\",\"description\":\"La 96e \u00e9dition du Concours international des Six Jours d'Enduro (ISDE en anglais) est lanc\u00e9e et l'Espagne a pris la t\u00eate du Troph\u00e9e mondial FIM d\u00e8s le premier jour au Puy-en-Velay.\",\"breadcrumb\":{\"@id\":\"https:\/\/2022.fim-6days.com\/fr\/lespagne-prend-la-tete-du-trophee-mondial-fim-lors-de-la-premiere-journee\/#breadcrumb\"},\"inLanguage\":\"fr-FR\",\"potentialAction\":[{\"@type\":\"ReadAction\",\"target\":[\"https:\/\/2022.fim-6days.com\/fr\/lespagne-prend-la-tete-du-trophee-mondial-fim-lors-de-la-premiere-journee\/\"]}]},{\"@type\":\"ImageObject\",\"inLanguage\":\"fr-FR\",\"@id\":\"https:\/\/2022.fim-6days.com\/fr\/lespagne-prend-la-tete-du-trophee-mondial-fim-lors-de-la-premiere-journee\/#primaryimage\",\"url\":\"https:\/\/2022.fim-6days.com\/wp-content\/uploads\/sites\/7\/2022\/08\/WT-Day1-1.jpg\",\"contentUrl\":\"https:\/\/2022.fim-6days.com\/wp-content\/uploads\/sites\/7\/2022\/08\/WT-Day1-1.jpg\",\"width\":1290,\"height\":860,\"caption\":\"Future7Media \u00a9\"},{\"@type\":\"BreadcrumbList\",\"@id\":\"https:\/\/2022.fim-6days.com\/fr\/lespagne-prend-la-tete-du-trophee-mondial-fim-lors-de-la-premiere-journee\/#breadcrumb\",\"itemListElement\":[{\"@type\":\"ListItem\",\"position\":1,\"name\":\"Home\",\"item\":\"https:\/\/2022.fim-6days.com\/fr\/\"},{\"@type\":\"ListItem\",\"position\":2,\"name\":\"L&rsquo;Espagne prend la t\u00eate du Troph\u00e9e mondial FIM lors de la premi\u00e8re journ\u00e9e\"}]},{\"@type\":\"WebSite\",\"@id\":\"https:\/\/2022.fim-6days.com\/fr\/#website\",\"url\":\"https:\/\/2022.fim-6days.com\/fr\/\",\"name\":\"FIM ISDE 2021\",\"description\":\"FIM ISDE Official website\",\"publisher\":{\"@id\":\"https:\/\/2022.fim-6days.com\/fr\/#organization\"},\"potentialAction\":[{\"@type\":\"SearchAction\",\"target\":{\"@type\":\"EntryPoint\",\"urlTemplate\":\"https:\/\/2022.fim-6days.com\/fr\/?s={search_term_string}\"},\"query-input\":{\"@type\":\"PropertyValueSpecification\",\"valueRequired\":true,\"valueName\":\"search_term_string\"}}],\"inLanguage\":\"fr-FR\"},{\"@type\":\"Organization\",\"@id\":\"https:\/\/2022.fim-6days.com\/fr\/#organization\",\"name\":\"FIM - F\u00e9d\u00e9ration Internationale de Motocyclisme\",\"url\":\"https:\/\/2022.fim-6days.com\/fr\/\",\"logo\":{\"@type\":\"ImageObject\",\"inLanguage\":\"fr-FR\",\"@id\":\"https:\/\/2022.fim-6days.com\/fr\/#\/schema\/logo\/image\/\",\"url\":\"https:\/\/2022.fim-6days.com\/wp-content\/uploads\/sites\/7\/2019\/07\/LogoFIM-CMYK.png\",\"contentUrl\":\"https:\/\/2022.fim-6days.com\/wp-content\/uploads\/sites\/7\/2019\/07\/LogoFIM-CMYK.png\",\"width\":2608,\"height\":1833,\"caption\":\"FIM - F\u00e9d\u00e9ration Internationale de Motocyclisme\"},\"image\":{\"@id\":\"https:\/\/2022.fim-6days.com\/fr\/#\/schema\/logo\/image\/\"},\"sameAs\":[\"https:\/\/www.facebook.com\/FIMISDE\/\",\"https:\/\/x.com\/fimisde\",\"https:\/\/www.instagram.com\/fim_isde\/\"]},{\"@type\":\"Person\",\"@id\":\"https:\/\/2022.fim-6days.com\/fr\/#\/schema\/person\/db95d361606346a0067912f18df924ab\",\"name\":\"kategtof\",\"image\":{\"@type\":\"ImageObject\",\"inLanguage\":\"fr-FR\",\"@id\":\"https:\/\/2022.fim-6days.com\/fr\/#\/schema\/person\/image\/\",\"url\":\"https:\/\/secure.gravatar.com\/avatar\/c3274649b10bd4db8211a9c5582941bc84ee6a5163a0df3f96f7a4130961d5e1?s=96&d=mm&r=g\",\"contentUrl\":\"https:\/\/secure.gravatar.com\/avatar\/c3274649b10bd4db8211a9c5582941bc84ee6a5163a0df3f96f7a4130961d5e1?s=96&d=mm&r=g\",\"caption\":\"kategtof\"},\"url\":\"https:\/\/2022.fim-6days.com\/fr\/author\/kategtof\/\"}]}<\/script>\n<!-- \/ Yoast SEO plugin. -->","yoast_head_json":{"title":"L'Espagne prend la t\u00eate du Troph\u00e9e mondial FIM lors de la premi\u00e8re journ\u00e9e - FIM ISDE 2022","description":"La 96e \u00e9dition du Concours international des Six Jours d'Enduro (ISDE en anglais) est lanc\u00e9e et l'Espagne a pris la t\u00eate du Troph\u00e9e mondial FIM d\u00e8s le premier jour au Puy-en-Velay.","robots":{"index":"index","follow":"follow","max-snippet":"max-snippet:-1","max-image-preview":"max-image-preview:large","max-video-preview":"max-video-preview:-1"},"canonical":"https:\/\/2022.fim-6days.com\/fr\/lespagne-prend-la-tete-du-trophee-mondial-fim-lors-de-la-premiere-journee\/","og_locale":"fr_FR","og_type":"article","og_title":"L'Espagne prend la t\u00eate du Troph\u00e9e mondial FIM lors de la premi\u00e8re journ\u00e9e - FIM ISDE 2022","og_description":"La 96e \u00e9dition du Concours international des Six Jours d'Enduro (ISDE en anglais) est lanc\u00e9e et l'Espagne a pris la t\u00eate du Troph\u00e9e mondial FIM d\u00e8s le premier jour au Puy-en-Velay.","og_url":"https:\/\/2022.fim-6days.com\/fr\/lespagne-prend-la-tete-du-trophee-mondial-fim-lors-de-la-premiere-journee\/","og_site_name":"FIM ISDE 2022","article_publisher":"https:\/\/www.facebook.com\/FIMISDE\/","article_published_time":"2022-08-29T16:52:48+00:00","og_image":[{"width":1290,"height":860,"url":"https:\/\/2022.fim-6days.com\/wp-content\/uploads\/sites\/7\/2022\/08\/WT-Day1-1.jpg","type":"image\/jpeg"}],"author":"kategtof","twitter_card":"summary_large_image","twitter_creator":"@fimisde","twitter_site":"@fimisde","twitter_misc":{"\u00c9crit par":"kategtof","Dur\u00e9e de lecture estim\u00e9e":"4 minutes"},"schema":{"@context":"https:\/\/schema.org","@graph":[{"@type":"Article","@id":"https:\/\/2022.fim-6days.com\/fr\/lespagne-prend-la-tete-du-trophee-mondial-fim-lors-de-la-premiere-journee\/#article","isPartOf":{"@id":"https:\/\/2022.fim-6days.com\/fr\/lespagne-prend-la-tete-du-trophee-mondial-fim-lors-de-la-premiere-journee\/"},"author":{"name":"kategtof","@id":"https:\/\/2022.fim-6days.com\/fr\/#\/schema\/person\/db95d361606346a0067912f18df924ab"},"headline":"L&rsquo;Espagne prend la t\u00eate du Troph\u00e9e mondial FIM lors de la premi\u00e8re journ\u00e9e","datePublished":"2022-08-29T16:52:48+00:00","mainEntityOfPage":{"@id":"https:\/\/2022.fim-6days.com\/fr\/lespagne-prend-la-tete-du-trophee-mondial-fim-lors-de-la-premiere-journee\/"},"wordCount":1138,"commentCount":0,"publisher":{"@id":"https:\/\/2022.fim-6days.com\/fr\/#organization"},"image":{"@id":"https:\/\/2022.fim-6days.com\/fr\/lespagne-prend-la-tete-du-trophee-mondial-fim-lors-de-la-premiere-journee\/#primaryimage"},"thumbnailUrl":"https:\/\/2022.fim-6days.com\/wp-content\/uploads\/sites\/7\/2022\/08\/WT-Day1-1.jpg","articleSection":["Articles","Jour 1","News HOME FR"],"inLanguage":"fr-FR","potentialAction":[{"@type":"CommentAction","name":"Comment","target":["https:\/\/2022.fim-6days.com\/fr\/lespagne-prend-la-tete-du-trophee-mondial-fim-lors-de-la-premiere-journee\/#respond"]}]},{"@type":"WebPage","@id":"https:\/\/2022.fim-6days.com\/fr\/lespagne-prend-la-tete-du-trophee-mondial-fim-lors-de-la-premiere-journee\/","url":"https:\/\/2022.fim-6days.com\/fr\/lespagne-prend-la-tete-du-trophee-mondial-fim-lors-de-la-premiere-journee\/","name":"L'Espagne prend la t\u00eate du Troph\u00e9e mondial FIM lors de la premi\u00e8re journ\u00e9e - FIM ISDE 2022","isPartOf":{"@id":"https:\/\/2022.fim-6days.com\/fr\/#website"},"primaryImageOfPage":{"@id":"https:\/\/2022.fim-6days.com\/fr\/lespagne-prend-la-tete-du-trophee-mondial-fim-lors-de-la-premiere-journee\/#primaryimage"},"image":{"@id":"https:\/\/2022.fim-6days.com\/fr\/lespagne-prend-la-tete-du-trophee-mondial-fim-lors-de-la-premiere-journee\/#primaryimage"},"thumbnailUrl":"https:\/\/2022.fim-6days.com\/wp-content\/uploads\/sites\/7\/2022\/08\/WT-Day1-1.jpg","datePublished":"2022-08-29T16:52:48+00:00","description":"La 96e \u00e9dition du Concours international des Six Jours d'Enduro (ISDE en anglais) est lanc\u00e9e et l'Espagne a pris la t\u00eate du Troph\u00e9e mondial FIM d\u00e8s le premier jour au Puy-en-Velay.","breadcrumb":{"@id":"https:\/\/2022.fim-6days.com\/fr\/lespagne-prend-la-tete-du-trophee-mondial-fim-lors-de-la-premiere-journee\/#breadcrumb"},"inLanguage":"fr-FR","potentialAction":[{"@type":"ReadAction","target":["https:\/\/2022.fim-6days.com\/fr\/lespagne-prend-la-tete-du-trophee-mondial-fim-lors-de-la-premiere-journee\/"]}]},{"@type":"ImageObject","inLanguage":"fr-FR","@id":"https:\/\/2022.fim-6days.com\/fr\/lespagne-prend-la-tete-du-trophee-mondial-fim-lors-de-la-premiere-journee\/#primaryimage","url":"https:\/\/2022.fim-6days.com\/wp-content\/uploads\/sites\/7\/2022\/08\/WT-Day1-1.jpg","contentUrl":"https:\/\/2022.fim-6days.com\/wp-content\/uploads\/sites\/7\/2022\/08\/WT-Day1-1.jpg","width":1290,"height":860,"caption":"Future7Media \u00a9"},{"@type":"BreadcrumbList","@id":"https:\/\/2022.fim-6days.com\/fr\/lespagne-prend-la-tete-du-trophee-mondial-fim-lors-de-la-premiere-journee\/#breadcrumb","itemListElement":[{"@type":"ListItem","position":1,"name":"Home","item":"https:\/\/2022.fim-6days.com\/fr\/"},{"@type":"ListItem","position":2,"name":"L&rsquo;Espagne prend la t\u00eate du Troph\u00e9e mondial FIM lors de la premi\u00e8re journ\u00e9e"}]},{"@type":"WebSite","@id":"https:\/\/2022.fim-6days.com\/fr\/#website","url":"https:\/\/2022.fim-6days.com\/fr\/","name":"FIM ISDE 2021","description":"FIM ISDE Official website","publisher":{"@id":"https:\/\/2022.fim-6days.com\/fr\/#organization"},"potentialAction":[{"@type":"SearchAction","target":{"@type":"EntryPoint","urlTemplate":"https:\/\/2022.fim-6days.com\/fr\/?s={search_term_string}"},"query-input":{"@type":"PropertyValueSpecification","valueRequired":true,"valueName":"search_term_string"}}],"inLanguage":"fr-FR"},{"@type":"Organization","@id":"https:\/\/2022.fim-6days.com\/fr\/#organization","name":"FIM - F\u00e9d\u00e9ration Internationale de Motocyclisme","url":"https:\/\/2022.fim-6days.com\/fr\/","logo":{"@type":"ImageObject","inLanguage":"fr-FR","@id":"https:\/\/2022.fim-6days.com\/fr\/#\/schema\/logo\/image\/","url":"https:\/\/2022.fim-6days.com\/wp-content\/uploads\/sites\/7\/2019\/07\/LogoFIM-CMYK.png","contentUrl":"https:\/\/2022.fim-6days.com\/wp-content\/uploads\/sites\/7\/2019\/07\/LogoFIM-CMYK.png","width":2608,"height":1833,"caption":"FIM - F\u00e9d\u00e9ration Internationale de Motocyclisme"},"image":{"@id":"https:\/\/2022.fim-6days.com\/fr\/#\/schema\/logo\/image\/"},"sameAs":["https:\/\/www.facebook.com\/FIMISDE\/","https:\/\/x.com\/fimisde","https:\/\/www.instagram.com\/fim_isde\/"]},{"@type":"Person","@id":"https:\/\/2022.fim-6days.com\/fr\/#\/schema\/person\/db95d361606346a0067912f18df924ab","name":"kategtof","image":{"@type":"ImageObject","inLanguage":"fr-FR","@id":"https:\/\/2022.fim-6days.com\/fr\/#\/schema\/person\/image\/","url":"https:\/\/secure.gravatar.com\/avatar\/c3274649b10bd4db8211a9c5582941bc84ee6a5163a0df3f96f7a4130961d5e1?s=96&d=mm&r=g","contentUrl":"https:\/\/secure.gravatar.com\/avatar\/c3274649b10bd4db8211a9c5582941bc84ee6a5163a0df3f96f7a4130961d5e1?s=96&d=mm&r=g","caption":"kategtof"},"url":"https:\/\/2022.fim-6days.com\/fr\/author\/kategtof\/"}]}},"_links":{"self":[{"href":"https:\/\/2022.fim-6days.com\/fr\/wp-json\/wp\/v2\/posts\/40738","targetHints":{"allow":["GET"]}}],"collection":[{"href":"https:\/\/2022.fim-6days.com\/fr\/wp-json\/wp\/v2\/posts"}],"about":[{"href":"https:\/\/2022.fim-6days.com\/fr\/wp-json\/wp\/v2\/types\/post"}],"author":[{"embeddable":true,"href":"https:\/\/2022.fim-6days.com\/fr\/wp-json\/wp\/v2\/users\/10"}],"replies":[{"embeddable":true,"href":"https:\/\/2022.fim-6days.com\/fr\/wp-json\/wp\/v2\/comments?post=40738"}],"version-history":[{"count":1,"href":"https:\/\/2022.fim-6days.com\/fr\/wp-json\/wp\/v2\/posts\/40738\/revisions"}],"predecessor-version":[{"id":40746,"href":"https:\/\/2022.fim-6days.com\/fr\/wp-json\/wp\/v2\/posts\/40738\/revisions\/40746"}],"wp:featuredmedia":[{"embeddable":true,"href":"https:\/\/2022.fim-6days.com\/fr\/wp-json\/wp\/v2\/media\/40740"}],"wp:attachment":[{"href":"https:\/\/2022.fim-6days.com\/fr\/wp-json\/wp\/v2\/media?parent=40738"}],"wp:term":[{"taxonomy":"category","embeddable":true,"href":"https:\/\/2022.fim-6days.com\/fr\/wp-json\/wp\/v2\/categories?post=40738"},{"taxonomy":"post_tag","embeddable":true,"href":"https:\/\/2022.fim-6days.com\/fr\/wp-json\/wp\/v2\/tags?post=40738"}],"curies":[{"name":"wp","href":"https:\/\/api.w.org\/{rel}","templated":true}]}}