{"id":40587,"date":"2022-08-27T15:00:24","date_gmt":"2022-08-27T13:00:24","guid":{"rendered":"https:\/\/2022.fim-6days.com\/?p=40587"},"modified":"2022-08-26T13:03:05","modified_gmt":"2022-08-26T11:03:05","slug":"pela-renet-enthousiasmant-de-revenir-aux-fim-isde-apres-toutes-ces-annees","status":"publish","type":"post","link":"https:\/\/2022.fim-6days.com\/fr\/pela-renet-enthousiasmant-de-revenir-aux-fim-isde-apres-toutes-ces-annees\/","title":{"rendered":"Tout est pr\u00eat pour les 96es ISDE en France"},"content":{"rendered":"<div class=\"fusion-fullwidth fullwidth-box fusion-builder-row-1 fusion-flex-container nonhundred-percent-fullwidth non-hundred-percent-height-scrolling\" style=\"--awb-border-radius-top-left:0px;--awb-border-radius-top-right:0px;--awb-border-radius-bottom-right:0px;--awb-border-radius-bottom-left:0px;--awb-padding-top:0px;--awb-padding-bottom:0px;--awb-flex-wrap:wrap;\" ><div class=\"fusion-builder-row fusion-row fusion-flex-align-items-flex-start fusion-flex-content-wrap\" style=\"max-width:1248px;margin-left: calc(-4% \/ 2 );margin-right: calc(-4% \/ 2 );\"><div class=\"fusion-layout-column fusion_builder_column fusion-builder-column-0 fusion_builder_column_1_1 1_1 fusion-flex-column\" style=\"--awb-padding-top:0px;--awb-padding-bottom:0px;--awb-bg-size:cover;--awb-width-large:100%;--awb-margin-top-large:0px;--awb-spacing-right-large:1.92%;--awb-margin-bottom-large:0px;--awb-spacing-left-large:1.92%;--awb-width-medium:100%;--awb-order-medium:0;--awb-spacing-right-medium:1.92%;--awb-spacing-left-medium:1.92%;--awb-width-small:100%;--awb-order-small:0;--awb-spacing-right-small:1.92%;--awb-spacing-left-small:1.92%;\"><div class=\"fusion-column-wrapper fusion-column-has-shadow fusion-flex-justify-content-flex-start fusion-content-layout-column\"><div class=\"fusion-text fusion-text-1\" style=\"--awb-text-transform:none;\"><p><strong>Tous les chemins m\u00e8nent en France et au Puy-en-Velay pour le d\u00e9but du Concours international des Six Jours d&rsquo;Enduro (ISDE en anglais). Alors que tout est pr\u00eat pour la 96e \u00e9dition de la doyenne des comp\u00e9titions tout-terrain de la FIM, le monde de l&rsquo;Enduro est pr\u00eat lui aussi pour l&rsquo;une des semaines de course les plus difficiles, mais aussi les plus enthousiasmantes, qui d\u00e9bute le lundi 29 ao\u00fbt.<\/strong><\/p>\n<p>Des concurrents et des concurrentes de tous niveaux arrivent de plus de trente pays cette ann\u00e9e et bien entendu beaucoup d\u2019attention sera concentr\u00e9e sur la t\u00eate de course. Alors que pour beaucoup terminer une \u00e9preuve aussi embl\u00e9matique constitue d\u00e9j\u00e0 un exploit, des batailles titanesques sont attendues dans les cat\u00e9gories du Troph\u00e9e mondial FIM, du Troph\u00e9e mondial junior FIM et du Troph\u00e9e mondial f\u00e9minin FIM.<\/p>\n<p>D\u00e9tentrice du Troph\u00e9e mondial FIM et du Troph\u00e9e mondial Junior FIM , l&rsquo;Italie prend le d\u00e9part au Puy-en-Velay avec l\u2019\u00e9tiquette de nation \u00e0 battre, tandis que les \u00c9tats-Unis esp\u00e8rent d\u00e9fendre leur couronne du Troph\u00e9e mondial f\u00e9minin FIM.<\/p>\n<p>Avec une \u00e9quipe tout aussi talentueuse que celle qui l&rsquo;a emport\u00e9 en 2021, l&rsquo;Italie peut nourrir des espoirs de doubl\u00e9 dans la cat\u00e9gorie du Troph\u00e9e mondial FIM. Emmen\u00e9e par l&rsquo;actuel leader du Championnat du Monde FIM d\u2019EnduroGP, Andrea Verona (GASGAS), ainsi que par les grands noms des FIM ISDE, Thomas Oldrati (Honda) et Alex Salvini (Husqvarna), plus l&rsquo;\u00e9toile montante Samuele Bernadini (Honda), elle sera difficile \u00e0 battre.<\/p>\n<p>Cependant, l&rsquo;Italie doit faire face \u00e0 une rude concurrence de la part des \u00e9quipes nationales de Grande-Bretagne, des \u00c9tats-Unis, d&rsquo;Espagne, de Su\u00e8de, d&rsquo;Australie et, bien s\u00fbr, de France, pays h\u00f4te. Avec un solide quatuor de pilotes, Christophe Charlier (Beta), Hugo Blanjoue (KTM), L\u00e9o Le Qu\u00e9r\u00e9 (Sherco) et Till de Clercq (KTM), b\u00e9n\u00e9ficiant de la ferveur locale, la France va tout tenter pour relever le d\u00e9fi.<\/p>\n<p>Dans la comp\u00e9tition du Troph\u00e9e mondial junior FIM, l&rsquo;Italie part \u00e9galement en tant que championne en titre, apr\u00e8s son succ\u00e8s \u00e0 domicile l&rsquo;ann\u00e9e derni\u00e8re. Souvent impr\u00e9visible, la cat\u00e9gorie Junior verra sans aucun doute des courses serr\u00e9es tout au long de la semaine. Pour de nombreux pilotes, ce sera la premi\u00e8re exp\u00e9rience de la comp\u00e9tition sur la sc\u00e8ne mondiale et, comme d&rsquo;habitude dans les FIM ISDE, les jeunes talents ne se priveront pas du tremplin que constitue cette comp\u00e9tition pour attirer l\u2019attention.<\/p>\n<p>Quelque quinze nations d\u00e9fieront l&rsquo;Italie chez les jeunes, mais les concurrents les plus rudes sont sans doute \u00e0 chercher parmi l&rsquo;Espagne, la Finlande, les \u00c9tats-Unis, la France et la Grande-Bretagne. Emmen\u00e9e par le nouveau champion du monde junior d&rsquo;Enduro FIM, Zach Pichon (Sherco), la France a de bonnes raisons d&rsquo;\u00eatre optimiste.<\/p>\n<p>En ce qui concerne la cat\u00e9gorie du Troph\u00e9e mondial f\u00e9minin FIM, seuls la France, les \u00c9tats-Unis et l&rsquo;Australie ont go\u00fbt\u00e9 \u00e0 la victoire depuis son introduction en 2007. Et si les Am\u00e9ricaines sont championnes en titre en France, la Grande-Bretagne et l&rsquo;Espagne ont de grosses chances d&rsquo;ajouter leur nom \u00e0 cet illustre palmar\u00e8s.<\/p>\n<p>La Grande-Bretagne aligne sans doute l\u2019une des meilleures \u00e9quipes de son Histoire avec Jane Daniels (Fantic), actuelle leader du Championnat du monde FIM d&rsquo;enduro f\u00e9minin, Rosie Rowett (KTM) et Nieve Holmes (Sherco). Seule pilote \u00e0 avoir rivalis\u00e9 avec Daniels cette saison en Championnat du monde, l&rsquo;Espagnole Mireia Badia (Rieju) va pousser ses co\u00e9quipi\u00e8res Julia Calvo (Beta) et Nora Esteban (Husqvarna) \u00e0 se d\u00e9passer chaque jour. Neuf nations s&rsquo;affrontent dans ce Troph\u00e9e mondial f\u00e9minin FIM.<\/p>\n<p>Les FIM ISDE sont \u00e0 suivre au Puy-en-Velay du 29 ao\u00fbt au 3 septembre.<\/p>\n<\/div><\/div><\/div><\/div><\/div>\n","protected":false},"excerpt":{"rendered":"","protected":false},"author":10,"featured_media":40591,"comment_status":"open","ping_status":"open","sticky":false,"template":"","format":"standard","meta":{"inline_featured_image":false,"footnotes":""},"categories":[75,95],"tags":[],"class_list":["post-40587","post","type-post","status-publish","format-standard","has-post-thumbnail","hentry","category-articles","category-avant-isde2022"],"yoast_head":"<!-- This site is optimized with the Yoast SEO plugin v25.6 - https:\/\/yoast.com\/wordpress\/plugins\/seo\/ -->\n<title>Tout est pr\u00eat pour les 96es ISDE en France - FIM ISDE 2022<\/title>\n<meta name=\"description\" content=\"Tous les chemins m\u00e8nent en France et au Puy-en-Velay pour le d\u00e9but du Concours international des Six Jours d&#039;Enduro (ISDE en anglais). Alors que tout est pr\u00eat pour la 96e \u00e9dition de la doyenne des comp\u00e9titions tout-terrain de la FIM, le monde de l&#039;Enduro est pr\u00eat lui aussi pour l&#039;une des semaines de course les plus difficiles, mais aussi les plus enthousiasmantes, qui d\u00e9bute le lundi 29 ao\u00fbt.\" \/>\n<meta name=\"robots\" content=\"index, follow, max-snippet:-1, max-image-preview:large, max-video-preview:-1\" \/>\n<link rel=\"canonical\" href=\"https:\/\/2022.fim-6days.com\/fr\/pela-renet-enthousiasmant-de-revenir-aux-fim-isde-apres-toutes-ces-annees\/\" \/>\n<meta property=\"og:locale\" content=\"fr_FR\" \/>\n<meta property=\"og:type\" content=\"article\" \/>\n<meta property=\"og:title\" content=\"Tout est pr\u00eat pour les 96es ISDE en France - FIM ISDE 2022\" \/>\n<meta property=\"og:description\" content=\"Tous les chemins m\u00e8nent en France et au Puy-en-Velay pour le d\u00e9but du Concours international des Six Jours d&#039;Enduro (ISDE en anglais). Alors que tout est pr\u00eat pour la 96e \u00e9dition de la doyenne des comp\u00e9titions tout-terrain de la FIM, le monde de l&#039;Enduro est pr\u00eat lui aussi pour l&#039;une des semaines de course les plus difficiles, mais aussi les plus enthousiasmantes, qui d\u00e9bute le lundi 29 ao\u00fbt.\" \/>\n<meta property=\"og:url\" content=\"https:\/\/2022.fim-6days.com\/fr\/pela-renet-enthousiasmant-de-revenir-aux-fim-isde-apres-toutes-ces-annees\/\" \/>\n<meta property=\"og:site_name\" content=\"FIM ISDE 2022\" \/>\n<meta property=\"article:publisher\" content=\"https:\/\/www.facebook.com\/FIMISDE\/\" \/>\n<meta property=\"article:published_time\" content=\"2022-08-27T13:00:24+00:00\" \/>\n<meta property=\"og:image\" content=\"https:\/\/2022.fim-6days.com\/wp-content\/uploads\/sites\/7\/2022\/08\/Pre-event-story-10-1.jpg\" \/>\n\t<meta property=\"og:image:width\" content=\"1290\" \/>\n\t<meta property=\"og:image:height\" content=\"860\" \/>\n\t<meta property=\"og:image:type\" content=\"image\/jpeg\" \/>\n<meta name=\"author\" content=\"kategtof\" \/>\n<meta name=\"twitter:card\" content=\"summary_large_image\" \/>\n<meta name=\"twitter:creator\" content=\"@fimisde\" \/>\n<meta name=\"twitter:site\" content=\"@fimisde\" \/>\n<meta name=\"twitter:label1\" content=\"\u00c9crit par\" \/>\n\t<meta name=\"twitter:data1\" content=\"kategtof\" \/>\n\t<meta name=\"twitter:label2\" content=\"Dur\u00e9e de lecture estim\u00e9e\" \/>\n\t<meta name=\"twitter:data2\" content=\"4 minutes\" \/>\n<script type=\"application\/ld+json\" class=\"yoast-schema-graph\">{\"@context\":\"https:\/\/schema.org\",\"@graph\":[{\"@type\":\"Article\",\"@id\":\"https:\/\/2022.fim-6days.com\/fr\/pela-renet-enthousiasmant-de-revenir-aux-fim-isde-apres-toutes-ces-annees\/#article\",\"isPartOf\":{\"@id\":\"https:\/\/2022.fim-6days.com\/fr\/pela-renet-enthousiasmant-de-revenir-aux-fim-isde-apres-toutes-ces-annees\/\"},\"author\":{\"name\":\"kategtof\",\"@id\":\"https:\/\/2022.fim-6days.com\/fr\/#\/schema\/person\/db95d361606346a0067912f18df924ab\"},\"headline\":\"Tout est pr\u00eat pour les 96es ISDE en France\",\"datePublished\":\"2022-08-27T13:00:24+00:00\",\"mainEntityOfPage\":{\"@id\":\"https:\/\/2022.fim-6days.com\/fr\/pela-renet-enthousiasmant-de-revenir-aux-fim-isde-apres-toutes-ces-annees\/\"},\"wordCount\":1323,\"commentCount\":0,\"publisher\":{\"@id\":\"https:\/\/2022.fim-6days.com\/fr\/#organization\"},\"image\":{\"@id\":\"https:\/\/2022.fim-6days.com\/fr\/pela-renet-enthousiasmant-de-revenir-aux-fim-isde-apres-toutes-ces-annees\/#primaryimage\"},\"thumbnailUrl\":\"https:\/\/2022.fim-6days.com\/wp-content\/uploads\/sites\/7\/2022\/08\/Pre-event-story-10-1.jpg\",\"articleSection\":[\"Articles\",\"Avant ISDE2022\"],\"inLanguage\":\"fr-FR\",\"potentialAction\":[{\"@type\":\"CommentAction\",\"name\":\"Comment\",\"target\":[\"https:\/\/2022.fim-6days.com\/fr\/pela-renet-enthousiasmant-de-revenir-aux-fim-isde-apres-toutes-ces-annees\/#respond\"]}]},{\"@type\":\"WebPage\",\"@id\":\"https:\/\/2022.fim-6days.com\/fr\/pela-renet-enthousiasmant-de-revenir-aux-fim-isde-apres-toutes-ces-annees\/\",\"url\":\"https:\/\/2022.fim-6days.com\/fr\/pela-renet-enthousiasmant-de-revenir-aux-fim-isde-apres-toutes-ces-annees\/\",\"name\":\"Tout est pr\u00eat pour les 96es ISDE en France - FIM ISDE 2022\",\"isPartOf\":{\"@id\":\"https:\/\/2022.fim-6days.com\/fr\/#website\"},\"primaryImageOfPage\":{\"@id\":\"https:\/\/2022.fim-6days.com\/fr\/pela-renet-enthousiasmant-de-revenir-aux-fim-isde-apres-toutes-ces-annees\/#primaryimage\"},\"image\":{\"@id\":\"https:\/\/2022.fim-6days.com\/fr\/pela-renet-enthousiasmant-de-revenir-aux-fim-isde-apres-toutes-ces-annees\/#primaryimage\"},\"thumbnailUrl\":\"https:\/\/2022.fim-6days.com\/wp-content\/uploads\/sites\/7\/2022\/08\/Pre-event-story-10-1.jpg\",\"datePublished\":\"2022-08-27T13:00:24+00:00\",\"description\":\"Tous les chemins m\u00e8nent en France et au Puy-en-Velay pour le d\u00e9but du Concours international des Six Jours d'Enduro (ISDE en anglais). Alors que tout est pr\u00eat pour la 96e \u00e9dition de la doyenne des comp\u00e9titions tout-terrain de la FIM, le monde de l'Enduro est pr\u00eat lui aussi pour l'une des semaines de course les plus difficiles, mais aussi les plus enthousiasmantes, qui d\u00e9bute le lundi 29 ao\u00fbt.\",\"breadcrumb\":{\"@id\":\"https:\/\/2022.fim-6days.com\/fr\/pela-renet-enthousiasmant-de-revenir-aux-fim-isde-apres-toutes-ces-annees\/#breadcrumb\"},\"inLanguage\":\"fr-FR\",\"potentialAction\":[{\"@type\":\"ReadAction\",\"target\":[\"https:\/\/2022.fim-6days.com\/fr\/pela-renet-enthousiasmant-de-revenir-aux-fim-isde-apres-toutes-ces-annees\/\"]}]},{\"@type\":\"ImageObject\",\"inLanguage\":\"fr-FR\",\"@id\":\"https:\/\/2022.fim-6days.com\/fr\/pela-renet-enthousiasmant-de-revenir-aux-fim-isde-apres-toutes-ces-annees\/#primaryimage\",\"url\":\"https:\/\/2022.fim-6days.com\/wp-content\/uploads\/sites\/7\/2022\/08\/Pre-event-story-10-1.jpg\",\"contentUrl\":\"https:\/\/2022.fim-6days.com\/wp-content\/uploads\/sites\/7\/2022\/08\/Pre-event-story-10-1.jpg\",\"width\":1290,\"height\":860},{\"@type\":\"BreadcrumbList\",\"@id\":\"https:\/\/2022.fim-6days.com\/fr\/pela-renet-enthousiasmant-de-revenir-aux-fim-isde-apres-toutes-ces-annees\/#breadcrumb\",\"itemListElement\":[{\"@type\":\"ListItem\",\"position\":1,\"name\":\"Home\",\"item\":\"https:\/\/2022.fim-6days.com\/fr\/\"},{\"@type\":\"ListItem\",\"position\":2,\"name\":\"Tout est pr\u00eat pour les 96es ISDE en France\"}]},{\"@type\":\"WebSite\",\"@id\":\"https:\/\/2022.fim-6days.com\/fr\/#website\",\"url\":\"https:\/\/2022.fim-6days.com\/fr\/\",\"name\":\"FIM ISDE 2021\",\"description\":\"FIM ISDE Official website\",\"publisher\":{\"@id\":\"https:\/\/2022.fim-6days.com\/fr\/#organization\"},\"potentialAction\":[{\"@type\":\"SearchAction\",\"target\":{\"@type\":\"EntryPoint\",\"urlTemplate\":\"https:\/\/2022.fim-6days.com\/fr\/?s={search_term_string}\"},\"query-input\":{\"@type\":\"PropertyValueSpecification\",\"valueRequired\":true,\"valueName\":\"search_term_string\"}}],\"inLanguage\":\"fr-FR\"},{\"@type\":\"Organization\",\"@id\":\"https:\/\/2022.fim-6days.com\/fr\/#organization\",\"name\":\"FIM - F\u00e9d\u00e9ration Internationale de Motocyclisme\",\"url\":\"https:\/\/2022.fim-6days.com\/fr\/\",\"logo\":{\"@type\":\"ImageObject\",\"inLanguage\":\"fr-FR\",\"@id\":\"https:\/\/2022.fim-6days.com\/fr\/#\/schema\/logo\/image\/\",\"url\":\"https:\/\/2022.fim-6days.com\/wp-content\/uploads\/sites\/7\/2019\/07\/LogoFIM-CMYK.png\",\"contentUrl\":\"https:\/\/2022.fim-6days.com\/wp-content\/uploads\/sites\/7\/2019\/07\/LogoFIM-CMYK.png\",\"width\":2608,\"height\":1833,\"caption\":\"FIM - F\u00e9d\u00e9ration Internationale de Motocyclisme\"},\"image\":{\"@id\":\"https:\/\/2022.fim-6days.com\/fr\/#\/schema\/logo\/image\/\"},\"sameAs\":[\"https:\/\/www.facebook.com\/FIMISDE\/\",\"https:\/\/x.com\/fimisde\",\"https:\/\/www.instagram.com\/fim_isde\/\"]},{\"@type\":\"Person\",\"@id\":\"https:\/\/2022.fim-6days.com\/fr\/#\/schema\/person\/db95d361606346a0067912f18df924ab\",\"name\":\"kategtof\",\"image\":{\"@type\":\"ImageObject\",\"inLanguage\":\"fr-FR\",\"@id\":\"https:\/\/2022.fim-6days.com\/fr\/#\/schema\/person\/image\/\",\"url\":\"https:\/\/secure.gravatar.com\/avatar\/c3274649b10bd4db8211a9c5582941bc84ee6a5163a0df3f96f7a4130961d5e1?s=96&d=mm&r=g\",\"contentUrl\":\"https:\/\/secure.gravatar.com\/avatar\/c3274649b10bd4db8211a9c5582941bc84ee6a5163a0df3f96f7a4130961d5e1?s=96&d=mm&r=g\",\"caption\":\"kategtof\"},\"url\":\"https:\/\/2022.fim-6days.com\/fr\/author\/kategtof\/\"}]}<\/script>\n<!-- \/ Yoast SEO plugin. -->","yoast_head_json":{"title":"Tout est pr\u00eat pour les 96es ISDE en France - FIM ISDE 2022","description":"Tous les chemins m\u00e8nent en France et au Puy-en-Velay pour le d\u00e9but du Concours international des Six Jours d'Enduro (ISDE en anglais). Alors que tout est pr\u00eat pour la 96e \u00e9dition de la doyenne des comp\u00e9titions tout-terrain de la FIM, le monde de l'Enduro est pr\u00eat lui aussi pour l'une des semaines de course les plus difficiles, mais aussi les plus enthousiasmantes, qui d\u00e9bute le lundi 29 ao\u00fbt.","robots":{"index":"index","follow":"follow","max-snippet":"max-snippet:-1","max-image-preview":"max-image-preview:large","max-video-preview":"max-video-preview:-1"},"canonical":"https:\/\/2022.fim-6days.com\/fr\/pela-renet-enthousiasmant-de-revenir-aux-fim-isde-apres-toutes-ces-annees\/","og_locale":"fr_FR","og_type":"article","og_title":"Tout est pr\u00eat pour les 96es ISDE en France - FIM ISDE 2022","og_description":"Tous les chemins m\u00e8nent en France et au Puy-en-Velay pour le d\u00e9but du Concours international des Six Jours d'Enduro (ISDE en anglais). Alors que tout est pr\u00eat pour la 96e \u00e9dition de la doyenne des comp\u00e9titions tout-terrain de la FIM, le monde de l'Enduro est pr\u00eat lui aussi pour l'une des semaines de course les plus difficiles, mais aussi les plus enthousiasmantes, qui d\u00e9bute le lundi 29 ao\u00fbt.","og_url":"https:\/\/2022.fim-6days.com\/fr\/pela-renet-enthousiasmant-de-revenir-aux-fim-isde-apres-toutes-ces-annees\/","og_site_name":"FIM ISDE 2022","article_publisher":"https:\/\/www.facebook.com\/FIMISDE\/","article_published_time":"2022-08-27T13:00:24+00:00","og_image":[{"width":1290,"height":860,"url":"https:\/\/2022.fim-6days.com\/wp-content\/uploads\/sites\/7\/2022\/08\/Pre-event-story-10-1.jpg","type":"image\/jpeg"}],"author":"kategtof","twitter_card":"summary_large_image","twitter_creator":"@fimisde","twitter_site":"@fimisde","twitter_misc":{"\u00c9crit par":"kategtof","Dur\u00e9e de lecture estim\u00e9e":"4 minutes"},"schema":{"@context":"https:\/\/schema.org","@graph":[{"@type":"Article","@id":"https:\/\/2022.fim-6days.com\/fr\/pela-renet-enthousiasmant-de-revenir-aux-fim-isde-apres-toutes-ces-annees\/#article","isPartOf":{"@id":"https:\/\/2022.fim-6days.com\/fr\/pela-renet-enthousiasmant-de-revenir-aux-fim-isde-apres-toutes-ces-annees\/"},"author":{"name":"kategtof","@id":"https:\/\/2022.fim-6days.com\/fr\/#\/schema\/person\/db95d361606346a0067912f18df924ab"},"headline":"Tout est pr\u00eat pour les 96es ISDE en France","datePublished":"2022-08-27T13:00:24+00:00","mainEntityOfPage":{"@id":"https:\/\/2022.fim-6days.com\/fr\/pela-renet-enthousiasmant-de-revenir-aux-fim-isde-apres-toutes-ces-annees\/"},"wordCount":1323,"commentCount":0,"publisher":{"@id":"https:\/\/2022.fim-6days.com\/fr\/#organization"},"image":{"@id":"https:\/\/2022.fim-6days.com\/fr\/pela-renet-enthousiasmant-de-revenir-aux-fim-isde-apres-toutes-ces-annees\/#primaryimage"},"thumbnailUrl":"https:\/\/2022.fim-6days.com\/wp-content\/uploads\/sites\/7\/2022\/08\/Pre-event-story-10-1.jpg","articleSection":["Articles","Avant ISDE2022"],"inLanguage":"fr-FR","potentialAction":[{"@type":"CommentAction","name":"Comment","target":["https:\/\/2022.fim-6days.com\/fr\/pela-renet-enthousiasmant-de-revenir-aux-fim-isde-apres-toutes-ces-annees\/#respond"]}]},{"@type":"WebPage","@id":"https:\/\/2022.fim-6days.com\/fr\/pela-renet-enthousiasmant-de-revenir-aux-fim-isde-apres-toutes-ces-annees\/","url":"https:\/\/2022.fim-6days.com\/fr\/pela-renet-enthousiasmant-de-revenir-aux-fim-isde-apres-toutes-ces-annees\/","name":"Tout est pr\u00eat pour les 96es ISDE en France - FIM ISDE 2022","isPartOf":{"@id":"https:\/\/2022.fim-6days.com\/fr\/#website"},"primaryImageOfPage":{"@id":"https:\/\/2022.fim-6days.com\/fr\/pela-renet-enthousiasmant-de-revenir-aux-fim-isde-apres-toutes-ces-annees\/#primaryimage"},"image":{"@id":"https:\/\/2022.fim-6days.com\/fr\/pela-renet-enthousiasmant-de-revenir-aux-fim-isde-apres-toutes-ces-annees\/#primaryimage"},"thumbnailUrl":"https:\/\/2022.fim-6days.com\/wp-content\/uploads\/sites\/7\/2022\/08\/Pre-event-story-10-1.jpg","datePublished":"2022-08-27T13:00:24+00:00","description":"Tous les chemins m\u00e8nent en France et au Puy-en-Velay pour le d\u00e9but du Concours international des Six Jours d'Enduro (ISDE en anglais). Alors que tout est pr\u00eat pour la 96e \u00e9dition de la doyenne des comp\u00e9titions tout-terrain de la FIM, le monde de l'Enduro est pr\u00eat lui aussi pour l'une des semaines de course les plus difficiles, mais aussi les plus enthousiasmantes, qui d\u00e9bute le lundi 29 ao\u00fbt.","breadcrumb":{"@id":"https:\/\/2022.fim-6days.com\/fr\/pela-renet-enthousiasmant-de-revenir-aux-fim-isde-apres-toutes-ces-annees\/#breadcrumb"},"inLanguage":"fr-FR","potentialAction":[{"@type":"ReadAction","target":["https:\/\/2022.fim-6days.com\/fr\/pela-renet-enthousiasmant-de-revenir-aux-fim-isde-apres-toutes-ces-annees\/"]}]},{"@type":"ImageObject","inLanguage":"fr-FR","@id":"https:\/\/2022.fim-6days.com\/fr\/pela-renet-enthousiasmant-de-revenir-aux-fim-isde-apres-toutes-ces-annees\/#primaryimage","url":"https:\/\/2022.fim-6days.com\/wp-content\/uploads\/sites\/7\/2022\/08\/Pre-event-story-10-1.jpg","contentUrl":"https:\/\/2022.fim-6days.com\/wp-content\/uploads\/sites\/7\/2022\/08\/Pre-event-story-10-1.jpg","width":1290,"height":860},{"@type":"BreadcrumbList","@id":"https:\/\/2022.fim-6days.com\/fr\/pela-renet-enthousiasmant-de-revenir-aux-fim-isde-apres-toutes-ces-annees\/#breadcrumb","itemListElement":[{"@type":"ListItem","position":1,"name":"Home","item":"https:\/\/2022.fim-6days.com\/fr\/"},{"@type":"ListItem","position":2,"name":"Tout est pr\u00eat pour les 96es ISDE en France"}]},{"@type":"WebSite","@id":"https:\/\/2022.fim-6days.com\/fr\/#website","url":"https:\/\/2022.fim-6days.com\/fr\/","name":"FIM ISDE 2021","description":"FIM ISDE Official website","publisher":{"@id":"https:\/\/2022.fim-6days.com\/fr\/#organization"},"potentialAction":[{"@type":"SearchAction","target":{"@type":"EntryPoint","urlTemplate":"https:\/\/2022.fim-6days.com\/fr\/?s={search_term_string}"},"query-input":{"@type":"PropertyValueSpecification","valueRequired":true,"valueName":"search_term_string"}}],"inLanguage":"fr-FR"},{"@type":"Organization","@id":"https:\/\/2022.fim-6days.com\/fr\/#organization","name":"FIM - F\u00e9d\u00e9ration Internationale de Motocyclisme","url":"https:\/\/2022.fim-6days.com\/fr\/","logo":{"@type":"ImageObject","inLanguage":"fr-FR","@id":"https:\/\/2022.fim-6days.com\/fr\/#\/schema\/logo\/image\/","url":"https:\/\/2022.fim-6days.com\/wp-content\/uploads\/sites\/7\/2019\/07\/LogoFIM-CMYK.png","contentUrl":"https:\/\/2022.fim-6days.com\/wp-content\/uploads\/sites\/7\/2019\/07\/LogoFIM-CMYK.png","width":2608,"height":1833,"caption":"FIM - F\u00e9d\u00e9ration Internationale de Motocyclisme"},"image":{"@id":"https:\/\/2022.fim-6days.com\/fr\/#\/schema\/logo\/image\/"},"sameAs":["https:\/\/www.facebook.com\/FIMISDE\/","https:\/\/x.com\/fimisde","https:\/\/www.instagram.com\/fim_isde\/"]},{"@type":"Person","@id":"https:\/\/2022.fim-6days.com\/fr\/#\/schema\/person\/db95d361606346a0067912f18df924ab","name":"kategtof","image":{"@type":"ImageObject","inLanguage":"fr-FR","@id":"https:\/\/2022.fim-6days.com\/fr\/#\/schema\/person\/image\/","url":"https:\/\/secure.gravatar.com\/avatar\/c3274649b10bd4db8211a9c5582941bc84ee6a5163a0df3f96f7a4130961d5e1?s=96&d=mm&r=g","contentUrl":"https:\/\/secure.gravatar.com\/avatar\/c3274649b10bd4db8211a9c5582941bc84ee6a5163a0df3f96f7a4130961d5e1?s=96&d=mm&r=g","caption":"kategtof"},"url":"https:\/\/2022.fim-6days.com\/fr\/author\/kategtof\/"}]}},"_links":{"self":[{"href":"https:\/\/2022.fim-6days.com\/fr\/wp-json\/wp\/v2\/posts\/40587","targetHints":{"allow":["GET"]}}],"collection":[{"href":"https:\/\/2022.fim-6days.com\/fr\/wp-json\/wp\/v2\/posts"}],"about":[{"href":"https:\/\/2022.fim-6days.com\/fr\/wp-json\/wp\/v2\/types\/post"}],"author":[{"embeddable":true,"href":"https:\/\/2022.fim-6days.com\/fr\/wp-json\/wp\/v2\/users\/10"}],"replies":[{"embeddable":true,"href":"https:\/\/2022.fim-6days.com\/fr\/wp-json\/wp\/v2\/comments?post=40587"}],"version-history":[{"count":4,"href":"https:\/\/2022.fim-6days.com\/fr\/wp-json\/wp\/v2\/posts\/40587\/revisions"}],"predecessor-version":[{"id":40627,"href":"https:\/\/2022.fim-6days.com\/fr\/wp-json\/wp\/v2\/posts\/40587\/revisions\/40627"}],"wp:featuredmedia":[{"embeddable":true,"href":"https:\/\/2022.fim-6days.com\/fr\/wp-json\/wp\/v2\/media\/40591"}],"wp:attachment":[{"href":"https:\/\/2022.fim-6days.com\/fr\/wp-json\/wp\/v2\/media?parent=40587"}],"wp:term":[{"taxonomy":"category","embeddable":true,"href":"https:\/\/2022.fim-6days.com\/fr\/wp-json\/wp\/v2\/categories?post=40587"},{"taxonomy":"post_tag","embeddable":true,"href":"https:\/\/2022.fim-6days.com\/fr\/wp-json\/wp\/v2\/tags?post=40587"}],"curies":[{"name":"wp","href":"https:\/\/api.w.org\/{rel}","templated":true}]}}