{"id":40578,"date":"2022-08-27T10:00:02","date_gmt":"2022-08-27T08:00:02","guid":{"rendered":"https:\/\/2022.fim-6days.com\/?p=40578"},"modified":"2022-08-26T12:42:46","modified_gmt":"2022-08-26T10:42:46","slug":"valerian-debaud-les-fim-isde-sur-une-cr500","status":"publish","type":"post","link":"https:\/\/2022.fim-6days.com\/fr\/valerian-debaud-les-fim-isde-sur-une-cr500\/","title":{"rendered":"Valerian Debaud, les FIM ISDE sur une CR500!"},"content":{"rendered":"<div class=\"fusion-fullwidth fullwidth-box fusion-builder-row-1 fusion-flex-container nonhundred-percent-fullwidth non-hundred-percent-height-scrolling\" style=\"--awb-border-radius-top-left:0px;--awb-border-radius-top-right:0px;--awb-border-radius-bottom-right:0px;--awb-border-radius-bottom-left:0px;--awb-padding-top:0px;--awb-padding-bottom:0px;--awb-flex-wrap:wrap;\" ><div class=\"fusion-builder-row fusion-row fusion-flex-align-items-flex-start fusion-flex-content-wrap\" style=\"max-width:1248px;margin-left: calc(-4% \/ 2 );margin-right: calc(-4% \/ 2 );\"><div class=\"fusion-layout-column fusion_builder_column fusion-builder-column-0 fusion_builder_column_1_1 1_1 fusion-flex-column\" style=\"--awb-padding-top:0px;--awb-padding-bottom:0px;--awb-bg-size:cover;--awb-width-large:100%;--awb-margin-top-large:0px;--awb-spacing-right-large:1.92%;--awb-margin-bottom-large:0px;--awb-spacing-left-large:1.92%;--awb-width-medium:100%;--awb-order-medium:0;--awb-spacing-right-medium:1.92%;--awb-spacing-left-medium:1.92%;--awb-width-small:100%;--awb-order-small:0;--awb-spacing-right-small:1.92%;--awb-spacing-left-small:1.92%;\"><div class=\"fusion-column-wrapper fusion-column-has-shadow fusion-flex-justify-content-flex-start fusion-content-layout-column\"><div class=\"fusion-text fusion-text-1\" style=\"--awb-text-transform:none;\"><p><strong>Les d\u00e9fis sont de toutes sortes et de toutes tailles lors di Concours international des Six Jours d&rsquo;Enduro (ISDE en anglais). Le simple fait de terminer une course aussi longue et aussi exigeante physiquement est un obstacle assez difficile \u00e0 surmonter pour beaucoup. Mais le Fran\u00e7ais Valerian Debaud a d\u00e9cid\u00e9 de corser l\u2019affaire en courant sur une Honda CR 500 de 1992!<\/strong><\/p>\n<p>Moto d\u00e9sormais iconique, la CR 500, n\u2019est pas ce qu\u2019on pourrait appeler une machine moyenne adapt\u00e9e \u00e0 l&rsquo;enduro. Avec une puissance redoutable, dans un ch\u00e2ssis vintage, cette moto sera dure \u00e0 manier pendant six jours de course difficiles. Arriver au bout sera un exploit impressionnant en soi.<\/p>\n<p>\u00abCes FIM ISDE dans mon pays natal cette ann\u00e9e, je voulais les courir d&rsquo;une mani\u00e8re particuli\u00e8re\u00bb, assure Valerian. \u00abLa CR500 est une moto embl\u00e9matique de son \u00e9poque et ce sera un d\u00e9fi de la piloter dans une course difficile comme celle-ci.\u00bb<\/p>\n<p>Destin\u00e9e \u00e0 une utilisation en Motocross, sa fougueuse puissance n&rsquo;est pas id\u00e9ale pour la comp\u00e9tition d&rsquo;Enduro. Il y a beaucoup de chevaux \u00e0 dompter. Les caract\u00e9ristiques du ch\u00e2ssis et de la suspension ont \u00e9galement beaucoup \u00e9volu\u00e9 au cours des trente derni\u00e8res ann\u00e9es. Alors, comment Val\u00e9rian a-t-il modifi\u00e9 sa machine pour qu&rsquo;elle soit \u00e0 l&rsquo;\u00e9preuve des FIM ISDE?<\/p>\n<p>\u00abTout d&rsquo;abord, la moto a trente ans, il fallait donc que je la restaure de mes propres mains et que je lui rende sa qualit\u00e9 d&rsquo;origine, ou aussi proche que possible\u00bb, raconte-t-il.<\/p>\n<p>\u00abJ&rsquo;ai re\u00e7u beaucoup de conseils de mon entourage. Nous avons travaill\u00e9 pour adoucir le moteur pour le rendre plus utilisable en Enduro et le rendre moins agressif. Mais il s&rsquo;agit toujours d&rsquo;un moteur deux temps de 500 cm3, donc il y a des limites \u00e0 ce que nous pouvions en faire.\u00bb<\/p>\n<p>\u00abEnsuite, j&rsquo;ai achet\u00e9 des suspensions \u00d6hlins pour la remettre au go\u00fbt du jour et j\u2019ai chang\u00e9 la fourche avant. C&rsquo;est toujours une b\u00eate \u00e0 piloter, mais assez joueuse aussi.\u00bb<\/p>\n<p>Valerian court avec l&rsquo;\u00e9quipe Les 3 Solitaires dans la cat\u00e9gorie Club. \u00abIls aiment le projet. Mais ils pensent peut-\u00eatre aussi que je suis un peu fou !\u00bb, a-t-il dit \u00e0 propos de ses co\u00e9quipiers. \u00abNous avons tous les trois des objectifs diff\u00e9rents \u00e0 atteindre, donc le r\u00e9sultat de l&rsquo;\u00e9quipe n&rsquo;aura pas trop d&rsquo;importance pour nous. Nous voulons juste terminer et prendre beaucoup de plaisir pendant cette \u00e9dition en France.\u00bb<\/p>\n<p>\u00abMes objectifs sont simples, profiter de la course. Ce seront mes premiers FIM ISDE, donc je pense que ce sera une grande aventure sur cette moto mythique. J&rsquo;essaierai de partager mon exp\u00e9rience en cours de route, afin que les gens puissent suivre ma progression.\u00bb<\/p>\n<p>\u00ab\u00a0Je sais que le public fran\u00e7ais cr\u00e9era \u00e9galement une ambiance incroyable. J&rsquo;attends cela depuis des mois. J&rsquo;ai h\u00e2te que \u00e7a commence !\u00a0\u00bb<\/p>\n<\/div><\/div><\/div><\/div><\/div>\n","protected":false},"excerpt":{"rendered":"","protected":false},"author":10,"featured_media":40580,"comment_status":"closed","ping_status":"closed","sticky":false,"template":"","format":"standard","meta":{"inline_featured_image":false,"footnotes":""},"categories":[75,95],"tags":[],"class_list":["post-40578","post","type-post","status-publish","format-standard","has-post-thumbnail","hentry","category-articles","category-avant-isde2022"],"yoast_head":"<!-- This site is optimized with the Yoast SEO plugin v25.6 - https:\/\/yoast.com\/wordpress\/plugins\/seo\/ -->\n<title>Valerian Debaud, les FIM ISDE sur une CR500! - FIM ISDE 2022<\/title>\n<meta name=\"description\" content=\"Les d\u00e9fis sont de toutes sortes et de toutes tailles lors di Concours international des Six Jours d&#039;Enduro (ISDE en anglais). Le simple fait de terminer une course aussi longue et aussi exigeante physiquement est un obstacle assez difficile \u00e0 surmonter pour beaucoup. Mais le Fran\u00e7ais Valerian Debaud a d\u00e9cid\u00e9 de corser l\u2019affaire en courant sur une Honda CR 500 de 1992!\" \/>\n<meta name=\"robots\" content=\"index, follow, max-snippet:-1, max-image-preview:large, max-video-preview:-1\" \/>\n<link rel=\"canonical\" href=\"https:\/\/2022.fim-6days.com\/fr\/valerian-debaud-les-fim-isde-sur-une-cr500\/\" \/>\n<meta property=\"og:locale\" content=\"fr_FR\" \/>\n<meta property=\"og:type\" content=\"article\" \/>\n<meta property=\"og:title\" content=\"Valerian Debaud, les FIM ISDE sur une CR500! - FIM ISDE 2022\" \/>\n<meta property=\"og:description\" content=\"Les d\u00e9fis sont de toutes sortes et de toutes tailles lors di Concours international des Six Jours d&#039;Enduro (ISDE en anglais). Le simple fait de terminer une course aussi longue et aussi exigeante physiquement est un obstacle assez difficile \u00e0 surmonter pour beaucoup. Mais le Fran\u00e7ais Valerian Debaud a d\u00e9cid\u00e9 de corser l\u2019affaire en courant sur une Honda CR 500 de 1992!\" \/>\n<meta property=\"og:url\" content=\"https:\/\/2022.fim-6days.com\/fr\/valerian-debaud-les-fim-isde-sur-une-cr500\/\" \/>\n<meta property=\"og:site_name\" content=\"FIM ISDE 2022\" \/>\n<meta property=\"article:publisher\" content=\"https:\/\/www.facebook.com\/FIMISDE\/\" \/>\n<meta property=\"article:published_time\" content=\"2022-08-27T08:00:02+00:00\" \/>\n<meta property=\"og:image\" content=\"https:\/\/2022.fim-6days.com\/wp-content\/uploads\/sites\/7\/2022\/08\/Pre-event-story-9-1.jpg\" \/>\n\t<meta property=\"og:image:width\" content=\"1290\" \/>\n\t<meta property=\"og:image:height\" content=\"860\" \/>\n\t<meta property=\"og:image:type\" content=\"image\/jpeg\" \/>\n<meta name=\"author\" content=\"kategtof\" \/>\n<meta name=\"twitter:card\" content=\"summary_large_image\" \/>\n<meta name=\"twitter:creator\" content=\"@fimisde\" \/>\n<meta name=\"twitter:site\" content=\"@fimisde\" \/>\n<meta name=\"twitter:label1\" content=\"\u00c9crit par\" \/>\n\t<meta name=\"twitter:data1\" content=\"kategtof\" \/>\n\t<meta name=\"twitter:label2\" content=\"Dur\u00e9e de lecture estim\u00e9e\" \/>\n\t<meta name=\"twitter:data2\" content=\"4 minutes\" \/>\n<script type=\"application\/ld+json\" class=\"yoast-schema-graph\">{\"@context\":\"https:\/\/schema.org\",\"@graph\":[{\"@type\":\"Article\",\"@id\":\"https:\/\/2022.fim-6days.com\/fr\/valerian-debaud-les-fim-isde-sur-une-cr500\/#article\",\"isPartOf\":{\"@id\":\"https:\/\/2022.fim-6days.com\/fr\/valerian-debaud-les-fim-isde-sur-une-cr500\/\"},\"author\":{\"name\":\"kategtof\",\"@id\":\"https:\/\/2022.fim-6days.com\/fr\/#\/schema\/person\/db95d361606346a0067912f18df924ab\"},\"headline\":\"Valerian Debaud, les FIM ISDE sur une CR500!\",\"datePublished\":\"2022-08-27T08:00:02+00:00\",\"mainEntityOfPage\":{\"@id\":\"https:\/\/2022.fim-6days.com\/fr\/valerian-debaud-les-fim-isde-sur-une-cr500\/\"},\"wordCount\":1166,\"publisher\":{\"@id\":\"https:\/\/2022.fim-6days.com\/fr\/#organization\"},\"image\":{\"@id\":\"https:\/\/2022.fim-6days.com\/fr\/valerian-debaud-les-fim-isde-sur-une-cr500\/#primaryimage\"},\"thumbnailUrl\":\"https:\/\/2022.fim-6days.com\/wp-content\/uploads\/sites\/7\/2022\/08\/Pre-event-story-9-1.jpg\",\"articleSection\":[\"Articles\",\"Avant ISDE2022\"],\"inLanguage\":\"fr-FR\"},{\"@type\":\"WebPage\",\"@id\":\"https:\/\/2022.fim-6days.com\/fr\/valerian-debaud-les-fim-isde-sur-une-cr500\/\",\"url\":\"https:\/\/2022.fim-6days.com\/fr\/valerian-debaud-les-fim-isde-sur-une-cr500\/\",\"name\":\"Valerian Debaud, les FIM ISDE sur une CR500! - FIM ISDE 2022\",\"isPartOf\":{\"@id\":\"https:\/\/2022.fim-6days.com\/fr\/#website\"},\"primaryImageOfPage\":{\"@id\":\"https:\/\/2022.fim-6days.com\/fr\/valerian-debaud-les-fim-isde-sur-une-cr500\/#primaryimage\"},\"image\":{\"@id\":\"https:\/\/2022.fim-6days.com\/fr\/valerian-debaud-les-fim-isde-sur-une-cr500\/#primaryimage\"},\"thumbnailUrl\":\"https:\/\/2022.fim-6days.com\/wp-content\/uploads\/sites\/7\/2022\/08\/Pre-event-story-9-1.jpg\",\"datePublished\":\"2022-08-27T08:00:02+00:00\",\"description\":\"Les d\u00e9fis sont de toutes sortes et de toutes tailles lors di Concours international des Six Jours d'Enduro (ISDE en anglais). Le simple fait de terminer une course aussi longue et aussi exigeante physiquement est un obstacle assez difficile \u00e0 surmonter pour beaucoup. Mais le Fran\u00e7ais Valerian Debaud a d\u00e9cid\u00e9 de corser l\u2019affaire en courant sur une Honda CR 500 de 1992!\",\"breadcrumb\":{\"@id\":\"https:\/\/2022.fim-6days.com\/fr\/valerian-debaud-les-fim-isde-sur-une-cr500\/#breadcrumb\"},\"inLanguage\":\"fr-FR\",\"potentialAction\":[{\"@type\":\"ReadAction\",\"target\":[\"https:\/\/2022.fim-6days.com\/fr\/valerian-debaud-les-fim-isde-sur-une-cr500\/\"]}]},{\"@type\":\"ImageObject\",\"inLanguage\":\"fr-FR\",\"@id\":\"https:\/\/2022.fim-6days.com\/fr\/valerian-debaud-les-fim-isde-sur-une-cr500\/#primaryimage\",\"url\":\"https:\/\/2022.fim-6days.com\/wp-content\/uploads\/sites\/7\/2022\/08\/Pre-event-story-9-1.jpg\",\"contentUrl\":\"https:\/\/2022.fim-6days.com\/wp-content\/uploads\/sites\/7\/2022\/08\/Pre-event-story-9-1.jpg\",\"width\":1290,\"height\":860},{\"@type\":\"BreadcrumbList\",\"@id\":\"https:\/\/2022.fim-6days.com\/fr\/valerian-debaud-les-fim-isde-sur-une-cr500\/#breadcrumb\",\"itemListElement\":[{\"@type\":\"ListItem\",\"position\":1,\"name\":\"Home\",\"item\":\"https:\/\/2022.fim-6days.com\/fr\/\"},{\"@type\":\"ListItem\",\"position\":2,\"name\":\"Valerian Debaud, les FIM ISDE sur une CR500!\"}]},{\"@type\":\"WebSite\",\"@id\":\"https:\/\/2022.fim-6days.com\/fr\/#website\",\"url\":\"https:\/\/2022.fim-6days.com\/fr\/\",\"name\":\"FIM ISDE 2021\",\"description\":\"FIM ISDE Official website\",\"publisher\":{\"@id\":\"https:\/\/2022.fim-6days.com\/fr\/#organization\"},\"potentialAction\":[{\"@type\":\"SearchAction\",\"target\":{\"@type\":\"EntryPoint\",\"urlTemplate\":\"https:\/\/2022.fim-6days.com\/fr\/?s={search_term_string}\"},\"query-input\":{\"@type\":\"PropertyValueSpecification\",\"valueRequired\":true,\"valueName\":\"search_term_string\"}}],\"inLanguage\":\"fr-FR\"},{\"@type\":\"Organization\",\"@id\":\"https:\/\/2022.fim-6days.com\/fr\/#organization\",\"name\":\"FIM - F\u00e9d\u00e9ration Internationale de Motocyclisme\",\"url\":\"https:\/\/2022.fim-6days.com\/fr\/\",\"logo\":{\"@type\":\"ImageObject\",\"inLanguage\":\"fr-FR\",\"@id\":\"https:\/\/2022.fim-6days.com\/fr\/#\/schema\/logo\/image\/\",\"url\":\"https:\/\/2022.fim-6days.com\/wp-content\/uploads\/sites\/7\/2019\/07\/LogoFIM-CMYK.png\",\"contentUrl\":\"https:\/\/2022.fim-6days.com\/wp-content\/uploads\/sites\/7\/2019\/07\/LogoFIM-CMYK.png\",\"width\":2608,\"height\":1833,\"caption\":\"FIM - F\u00e9d\u00e9ration Internationale de Motocyclisme\"},\"image\":{\"@id\":\"https:\/\/2022.fim-6days.com\/fr\/#\/schema\/logo\/image\/\"},\"sameAs\":[\"https:\/\/www.facebook.com\/FIMISDE\/\",\"https:\/\/x.com\/fimisde\",\"https:\/\/www.instagram.com\/fim_isde\/\"]},{\"@type\":\"Person\",\"@id\":\"https:\/\/2022.fim-6days.com\/fr\/#\/schema\/person\/db95d361606346a0067912f18df924ab\",\"name\":\"kategtof\",\"image\":{\"@type\":\"ImageObject\",\"inLanguage\":\"fr-FR\",\"@id\":\"https:\/\/2022.fim-6days.com\/fr\/#\/schema\/person\/image\/\",\"url\":\"https:\/\/secure.gravatar.com\/avatar\/c3274649b10bd4db8211a9c5582941bc84ee6a5163a0df3f96f7a4130961d5e1?s=96&d=mm&r=g\",\"contentUrl\":\"https:\/\/secure.gravatar.com\/avatar\/c3274649b10bd4db8211a9c5582941bc84ee6a5163a0df3f96f7a4130961d5e1?s=96&d=mm&r=g\",\"caption\":\"kategtof\"},\"url\":\"https:\/\/2022.fim-6days.com\/fr\/author\/kategtof\/\"}]}<\/script>\n<!-- \/ Yoast SEO plugin. -->","yoast_head_json":{"title":"Valerian Debaud, les FIM ISDE sur une CR500! - FIM ISDE 2022","description":"Les d\u00e9fis sont de toutes sortes et de toutes tailles lors di Concours international des Six Jours d'Enduro (ISDE en anglais). Le simple fait de terminer une course aussi longue et aussi exigeante physiquement est un obstacle assez difficile \u00e0 surmonter pour beaucoup. Mais le Fran\u00e7ais Valerian Debaud a d\u00e9cid\u00e9 de corser l\u2019affaire en courant sur une Honda CR 500 de 1992!","robots":{"index":"index","follow":"follow","max-snippet":"max-snippet:-1","max-image-preview":"max-image-preview:large","max-video-preview":"max-video-preview:-1"},"canonical":"https:\/\/2022.fim-6days.com\/fr\/valerian-debaud-les-fim-isde-sur-une-cr500\/","og_locale":"fr_FR","og_type":"article","og_title":"Valerian Debaud, les FIM ISDE sur une CR500! - FIM ISDE 2022","og_description":"Les d\u00e9fis sont de toutes sortes et de toutes tailles lors di Concours international des Six Jours d'Enduro (ISDE en anglais). Le simple fait de terminer une course aussi longue et aussi exigeante physiquement est un obstacle assez difficile \u00e0 surmonter pour beaucoup. Mais le Fran\u00e7ais Valerian Debaud a d\u00e9cid\u00e9 de corser l\u2019affaire en courant sur une Honda CR 500 de 1992!","og_url":"https:\/\/2022.fim-6days.com\/fr\/valerian-debaud-les-fim-isde-sur-une-cr500\/","og_site_name":"FIM ISDE 2022","article_publisher":"https:\/\/www.facebook.com\/FIMISDE\/","article_published_time":"2022-08-27T08:00:02+00:00","og_image":[{"width":1290,"height":860,"url":"https:\/\/2022.fim-6days.com\/wp-content\/uploads\/sites\/7\/2022\/08\/Pre-event-story-9-1.jpg","type":"image\/jpeg"}],"author":"kategtof","twitter_card":"summary_large_image","twitter_creator":"@fimisde","twitter_site":"@fimisde","twitter_misc":{"\u00c9crit par":"kategtof","Dur\u00e9e de lecture estim\u00e9e":"4 minutes"},"schema":{"@context":"https:\/\/schema.org","@graph":[{"@type":"Article","@id":"https:\/\/2022.fim-6days.com\/fr\/valerian-debaud-les-fim-isde-sur-une-cr500\/#article","isPartOf":{"@id":"https:\/\/2022.fim-6days.com\/fr\/valerian-debaud-les-fim-isde-sur-une-cr500\/"},"author":{"name":"kategtof","@id":"https:\/\/2022.fim-6days.com\/fr\/#\/schema\/person\/db95d361606346a0067912f18df924ab"},"headline":"Valerian Debaud, les FIM ISDE sur une CR500!","datePublished":"2022-08-27T08:00:02+00:00","mainEntityOfPage":{"@id":"https:\/\/2022.fim-6days.com\/fr\/valerian-debaud-les-fim-isde-sur-une-cr500\/"},"wordCount":1166,"publisher":{"@id":"https:\/\/2022.fim-6days.com\/fr\/#organization"},"image":{"@id":"https:\/\/2022.fim-6days.com\/fr\/valerian-debaud-les-fim-isde-sur-une-cr500\/#primaryimage"},"thumbnailUrl":"https:\/\/2022.fim-6days.com\/wp-content\/uploads\/sites\/7\/2022\/08\/Pre-event-story-9-1.jpg","articleSection":["Articles","Avant ISDE2022"],"inLanguage":"fr-FR"},{"@type":"WebPage","@id":"https:\/\/2022.fim-6days.com\/fr\/valerian-debaud-les-fim-isde-sur-une-cr500\/","url":"https:\/\/2022.fim-6days.com\/fr\/valerian-debaud-les-fim-isde-sur-une-cr500\/","name":"Valerian Debaud, les FIM ISDE sur une CR500! - FIM ISDE 2022","isPartOf":{"@id":"https:\/\/2022.fim-6days.com\/fr\/#website"},"primaryImageOfPage":{"@id":"https:\/\/2022.fim-6days.com\/fr\/valerian-debaud-les-fim-isde-sur-une-cr500\/#primaryimage"},"image":{"@id":"https:\/\/2022.fim-6days.com\/fr\/valerian-debaud-les-fim-isde-sur-une-cr500\/#primaryimage"},"thumbnailUrl":"https:\/\/2022.fim-6days.com\/wp-content\/uploads\/sites\/7\/2022\/08\/Pre-event-story-9-1.jpg","datePublished":"2022-08-27T08:00:02+00:00","description":"Les d\u00e9fis sont de toutes sortes et de toutes tailles lors di Concours international des Six Jours d'Enduro (ISDE en anglais). Le simple fait de terminer une course aussi longue et aussi exigeante physiquement est un obstacle assez difficile \u00e0 surmonter pour beaucoup. Mais le Fran\u00e7ais Valerian Debaud a d\u00e9cid\u00e9 de corser l\u2019affaire en courant sur une Honda CR 500 de 1992!","breadcrumb":{"@id":"https:\/\/2022.fim-6days.com\/fr\/valerian-debaud-les-fim-isde-sur-une-cr500\/#breadcrumb"},"inLanguage":"fr-FR","potentialAction":[{"@type":"ReadAction","target":["https:\/\/2022.fim-6days.com\/fr\/valerian-debaud-les-fim-isde-sur-une-cr500\/"]}]},{"@type":"ImageObject","inLanguage":"fr-FR","@id":"https:\/\/2022.fim-6days.com\/fr\/valerian-debaud-les-fim-isde-sur-une-cr500\/#primaryimage","url":"https:\/\/2022.fim-6days.com\/wp-content\/uploads\/sites\/7\/2022\/08\/Pre-event-story-9-1.jpg","contentUrl":"https:\/\/2022.fim-6days.com\/wp-content\/uploads\/sites\/7\/2022\/08\/Pre-event-story-9-1.jpg","width":1290,"height":860},{"@type":"BreadcrumbList","@id":"https:\/\/2022.fim-6days.com\/fr\/valerian-debaud-les-fim-isde-sur-une-cr500\/#breadcrumb","itemListElement":[{"@type":"ListItem","position":1,"name":"Home","item":"https:\/\/2022.fim-6days.com\/fr\/"},{"@type":"ListItem","position":2,"name":"Valerian Debaud, les FIM ISDE sur une CR500!"}]},{"@type":"WebSite","@id":"https:\/\/2022.fim-6days.com\/fr\/#website","url":"https:\/\/2022.fim-6days.com\/fr\/","name":"FIM ISDE 2021","description":"FIM ISDE Official website","publisher":{"@id":"https:\/\/2022.fim-6days.com\/fr\/#organization"},"potentialAction":[{"@type":"SearchAction","target":{"@type":"EntryPoint","urlTemplate":"https:\/\/2022.fim-6days.com\/fr\/?s={search_term_string}"},"query-input":{"@type":"PropertyValueSpecification","valueRequired":true,"valueName":"search_term_string"}}],"inLanguage":"fr-FR"},{"@type":"Organization","@id":"https:\/\/2022.fim-6days.com\/fr\/#organization","name":"FIM - F\u00e9d\u00e9ration Internationale de Motocyclisme","url":"https:\/\/2022.fim-6days.com\/fr\/","logo":{"@type":"ImageObject","inLanguage":"fr-FR","@id":"https:\/\/2022.fim-6days.com\/fr\/#\/schema\/logo\/image\/","url":"https:\/\/2022.fim-6days.com\/wp-content\/uploads\/sites\/7\/2019\/07\/LogoFIM-CMYK.png","contentUrl":"https:\/\/2022.fim-6days.com\/wp-content\/uploads\/sites\/7\/2019\/07\/LogoFIM-CMYK.png","width":2608,"height":1833,"caption":"FIM - F\u00e9d\u00e9ration Internationale de Motocyclisme"},"image":{"@id":"https:\/\/2022.fim-6days.com\/fr\/#\/schema\/logo\/image\/"},"sameAs":["https:\/\/www.facebook.com\/FIMISDE\/","https:\/\/x.com\/fimisde","https:\/\/www.instagram.com\/fim_isde\/"]},{"@type":"Person","@id":"https:\/\/2022.fim-6days.com\/fr\/#\/schema\/person\/db95d361606346a0067912f18df924ab","name":"kategtof","image":{"@type":"ImageObject","inLanguage":"fr-FR","@id":"https:\/\/2022.fim-6days.com\/fr\/#\/schema\/person\/image\/","url":"https:\/\/secure.gravatar.com\/avatar\/c3274649b10bd4db8211a9c5582941bc84ee6a5163a0df3f96f7a4130961d5e1?s=96&d=mm&r=g","contentUrl":"https:\/\/secure.gravatar.com\/avatar\/c3274649b10bd4db8211a9c5582941bc84ee6a5163a0df3f96f7a4130961d5e1?s=96&d=mm&r=g","caption":"kategtof"},"url":"https:\/\/2022.fim-6days.com\/fr\/author\/kategtof\/"}]}},"_links":{"self":[{"href":"https:\/\/2022.fim-6days.com\/fr\/wp-json\/wp\/v2\/posts\/40578","targetHints":{"allow":["GET"]}}],"collection":[{"href":"https:\/\/2022.fim-6days.com\/fr\/wp-json\/wp\/v2\/posts"}],"about":[{"href":"https:\/\/2022.fim-6days.com\/fr\/wp-json\/wp\/v2\/types\/post"}],"author":[{"embeddable":true,"href":"https:\/\/2022.fim-6days.com\/fr\/wp-json\/wp\/v2\/users\/10"}],"replies":[{"embeddable":true,"href":"https:\/\/2022.fim-6days.com\/fr\/wp-json\/wp\/v2\/comments?post=40578"}],"version-history":[{"count":1,"href":"https:\/\/2022.fim-6days.com\/fr\/wp-json\/wp\/v2\/posts\/40578\/revisions"}],"predecessor-version":[{"id":40625,"href":"https:\/\/2022.fim-6days.com\/fr\/wp-json\/wp\/v2\/posts\/40578\/revisions\/40625"}],"wp:featuredmedia":[{"embeddable":true,"href":"https:\/\/2022.fim-6days.com\/fr\/wp-json\/wp\/v2\/media\/40580"}],"wp:attachment":[{"href":"https:\/\/2022.fim-6days.com\/fr\/wp-json\/wp\/v2\/media?parent=40578"}],"wp:term":[{"taxonomy":"category","embeddable":true,"href":"https:\/\/2022.fim-6days.com\/fr\/wp-json\/wp\/v2\/categories?post=40578"},{"taxonomy":"post_tag","embeddable":true,"href":"https:\/\/2022.fim-6days.com\/fr\/wp-json\/wp\/v2\/tags?post=40578"}],"curies":[{"name":"wp","href":"https:\/\/api.w.org\/{rel}","templated":true}]}}