{"id":40565,"date":"2022-08-26T15:00:39","date_gmt":"2022-08-26T13:00:39","guid":{"rendered":"https:\/\/2022.fim-6days.com\/?p=40565"},"modified":"2022-08-26T13:02:30","modified_gmt":"2022-08-26T11:02:30","slug":"pela-renet-enthousiasmant-de-revenir-aux-fim-isde-apres-toutes-ces-annees-2","status":"publish","type":"post","link":"https:\/\/2022.fim-6days.com\/fr\/pela-renet-enthousiasmant-de-revenir-aux-fim-isde-apres-toutes-ces-annees-2\/","title":{"rendered":"Pela Renet : \u00abEnthousiasmant de revenir aux FIM ISDE apr\u00e8s toutes ces ann\u00e9es !\u00bb"},"content":{"rendered":"<div class=\"fusion-fullwidth fullwidth-box fusion-builder-row-1 fusion-flex-container nonhundred-percent-fullwidth non-hundred-percent-height-scrolling\" style=\"--awb-border-radius-top-left:0px;--awb-border-radius-top-right:0px;--awb-border-radius-bottom-right:0px;--awb-border-radius-bottom-left:0px;--awb-padding-top:0px;--awb-padding-bottom:0px;--awb-flex-wrap:wrap;\" ><div class=\"fusion-builder-row fusion-row fusion-flex-align-items-flex-start fusion-flex-content-wrap\" style=\"max-width:1248px;margin-left: calc(-4% \/ 2 );margin-right: calc(-4% \/ 2 );\"><div class=\"fusion-layout-column fusion_builder_column fusion-builder-column-0 fusion_builder_column_1_1 1_1 fusion-flex-column\" style=\"--awb-padding-top:0px;--awb-padding-bottom:0px;--awb-bg-size:cover;--awb-width-large:100%;--awb-margin-top-large:0px;--awb-spacing-right-large:1.92%;--awb-margin-bottom-large:0px;--awb-spacing-left-large:1.92%;--awb-width-medium:100%;--awb-order-medium:0;--awb-spacing-right-medium:1.92%;--awb-spacing-left-medium:1.92%;--awb-width-small:100%;--awb-order-small:0;--awb-spacing-right-small:1.92%;--awb-spacing-left-small:1.92%;\"><div class=\"fusion-column-wrapper fusion-column-has-shadow fusion-flex-justify-content-flex-start fusion-content-layout-column\"><div class=\"fusion-text fusion-text-1\" style=\"--awb-text-transform:none;\"><p><strong>Cette ann\u00e9e, le Concours international des Six Jours d&rsquo;Enduro (ISDE en anglais) pr\u00e9sente des engag\u00e9s de marque au sein des \u00e9quipes de clubs dont les concurrents viennent de plus de trente nations. On y trouve notamment trois l\u00e9gendes de l\u2019Enduro fran\u00e7ais que tout le monde sera impatient de surveiller au Puy-en-Velay dans l&rsquo;Enduro Dream Team.<\/strong><\/p>\n<p>Lorsqu&rsquo;il s&rsquo;agit d&rsquo;Enduro, il y a peu de concurrents qui ont un palmar\u00e8s \u00e0 la hauteur de celui de Pela Renet (KTM), Antoine Meo (Kawasaki) et Christophe Nambotin (Sherco). Au sommet de leur carri\u00e8re pro, ils ont domin\u00e9 la discipline. Le plus souvent, ils n&rsquo;\u00e9taient battus que les uns par les autres \u00e0 cette \u00e9poque.<\/p>\n<p>Ensemble, ils comptent sept titres du Troph\u00e9e mondial FIM aux ISDE et comptent dix titres au Championnat du monde FIM d&rsquo;Enduro. Aujourd&rsquo;hui, dix ans apr\u00e8s que tous les trois ont aid\u00e9 la France \u00e0 remporter les ISDE 2012, tout en terminant \u00e9galement premier, deuxi\u00e8me et troisi\u00e8me au classement g\u00e9n\u00e9ral, ils sont de retour sur la comp\u00e9tition.<\/p>\n<p>\u00abC&rsquo;est enthousiasmant de revenir aux FIM ISDE\u00bb, raconte Pela. \u00abNous voulons simplement vivre l&rsquo;esprit de la course. Pour nous, il s&rsquo;agit de prendre plaisir, de profiter du moment et de faire la f\u00eate avec notre famille de l\u2019Enduro.\u00bb<\/p>\n<p>\u00ab\u00c0 la fin de l&rsquo;ann\u00e9e derni\u00e8re, je parlais avec des amis du retour des FIM ISDE en France. Nous avons plaisant\u00e9 sur le fait de les disputer, puis nous avons rapidement r\u00e9alis\u00e9 que ce serait un moment incroyable et \u00e0 ne pas manquer. Avec ma blessure \u00e0 l&rsquo;\u00e9paule, je ne voulais pas me mettre en avant, alors Johnny Aubert avait pr\u00e9vu de courir \u00e0 ma place avec Antoine et Christophe. Mais il a r\u00e9cemment eu une blessure, alors je me suis propos\u00e9.\u00bb<\/p>\n<p>\u00abC&rsquo;est cool que \u00e7a se soit pass\u00e9 comme \u00e7a. Cela fait maintenant dix ans que nous avons remport\u00e9 le FIM ISDE en Allemagne. Christophe, Antoine et moi-m\u00eame \u00e9tions \u00e9galement premier, deuxi\u00e8me et troisi\u00e8me au classement g\u00e9n\u00e9ral. En 2012, nous avons \u00e9galement \u00e9t\u00e9 champions du monde FIM Enduro1, Enduro2 et Enduro3, alors c&rsquo;est sp\u00e9cial de faire cela ensemble au Puy-en-Velay.\u00bb<\/p>\n<p>Bien qu&rsquo;ils ne soient peut-\u00eatre pas dans la condition optimale qu&rsquo;ils avaient en 2012, tous les membres de l&rsquo;Enduro Dream Team ont de beaux restes et sont comp\u00e9titeurs dans l&rsquo;\u00e2me.<\/p>\n<p>\u00abMes attentes ne sont pas trop \u00e9lev\u00e9es pour cette ann\u00e9e, car je suis vieux et lent maintenant!\u00bb s&rsquo;amuse Pela. \u00abJ&rsquo;ai eu une grave blessure \u00e0 l&rsquo;\u00e9paule il y a quelques ann\u00e9es, alors je ne roule plus beaucoup. Personnellement, mon objectif est d&rsquo;atteindre la ligne d&rsquo;arriv\u00e9e et d&rsquo;aider l&rsquo;\u00e9quipe du mieux que je peux.\u00bb<\/p>\n<p>\u00abJe pense que Christophe et Antoine seront plus comp\u00e9titifs. Christophe roule encore beaucoup et est super rapide. Quand Antoine met un casque, il est toujours rapide.\u00bb<\/p>\n<p>Quel que soit le r\u00e9sultat, ces FIM ISDE donneront certainement aux trois comp\u00e8res des histoires \u00e0 raconter au sein l&rsquo;Enduro Dream Team et quelques verres \u00e0 lever!<\/p>\n<p>\u00abC\u2019est clair qu\u2019il y aura une grande f\u00eate\u00bb, d\u00e9clare Pela lorsqu&rsquo;on l&rsquo;interroge sur les c\u00e9l\u00e9brations qui vont suivre d&rsquo;\u00e9v\u00e9nement. \u00abAu moins, \u00e7a, c&rsquo;est garanti !\u00a0\u00bb<\/p>\n<\/div><\/div><\/div><\/div><\/div>\n","protected":false},"excerpt":{"rendered":"","protected":false},"author":10,"featured_media":40570,"comment_status":"open","ping_status":"open","sticky":false,"template":"","format":"standard","meta":{"inline_featured_image":false,"footnotes":""},"categories":[75,95],"tags":[],"class_list":["post-40565","post","type-post","status-publish","format-standard","has-post-thumbnail","hentry","category-articles","category-avant-isde2022"],"yoast_head":"<!-- This site is optimized with the Yoast SEO plugin v25.6 - https:\/\/yoast.com\/wordpress\/plugins\/seo\/ -->\n<title>Pela Renet : \u00abEnthousiasmant de revenir aux FIM ISDE apr\u00e8s toutes ces ann\u00e9es !\u00bb - FIM ISDE 2022<\/title>\n<meta name=\"description\" content=\"Cette ann\u00e9e, le Concours international des Six Jours d&#039;Enduro (ISDE en anglais) pr\u00e9sente des engag\u00e9s de marque au sein des \u00e9quipes de clubs dont les concurrents viennent de plus de trente nations. On y trouve notamment trois l\u00e9gendes de l\u2019Enduro fran\u00e7ais que tout le monde sera impatient de surveiller au Puy-en-Velay dans l&#039;Enduro Dream Team.\" \/>\n<meta name=\"robots\" content=\"index, follow, max-snippet:-1, max-image-preview:large, max-video-preview:-1\" \/>\n<link rel=\"canonical\" href=\"https:\/\/2022.fim-6days.com\/fr\/pela-renet-enthousiasmant-de-revenir-aux-fim-isde-apres-toutes-ces-annees-2\/\" \/>\n<meta property=\"og:locale\" content=\"fr_FR\" \/>\n<meta property=\"og:type\" content=\"article\" \/>\n<meta property=\"og:title\" content=\"Pela Renet : \u00abEnthousiasmant de revenir aux FIM ISDE apr\u00e8s toutes ces ann\u00e9es !\u00bb - FIM ISDE 2022\" \/>\n<meta property=\"og:description\" content=\"Cette ann\u00e9e, le Concours international des Six Jours d&#039;Enduro (ISDE en anglais) pr\u00e9sente des engag\u00e9s de marque au sein des \u00e9quipes de clubs dont les concurrents viennent de plus de trente nations. On y trouve notamment trois l\u00e9gendes de l\u2019Enduro fran\u00e7ais que tout le monde sera impatient de surveiller au Puy-en-Velay dans l&#039;Enduro Dream Team.\" \/>\n<meta property=\"og:url\" content=\"https:\/\/2022.fim-6days.com\/fr\/pela-renet-enthousiasmant-de-revenir-aux-fim-isde-apres-toutes-ces-annees-2\/\" \/>\n<meta property=\"og:site_name\" content=\"FIM ISDE 2022\" \/>\n<meta property=\"article:publisher\" content=\"https:\/\/www.facebook.com\/FIMISDE\/\" \/>\n<meta property=\"article:published_time\" content=\"2022-08-26T13:00:39+00:00\" \/>\n<meta property=\"og:image\" content=\"https:\/\/2022.fim-6days.com\/wp-content\/uploads\/sites\/7\/2022\/08\/Image1.jpg\" \/>\n\t<meta property=\"og:image:width\" content=\"1290\" \/>\n\t<meta property=\"og:image:height\" content=\"860\" \/>\n\t<meta property=\"og:image:type\" content=\"image\/jpeg\" \/>\n<meta name=\"author\" content=\"kategtof\" \/>\n<meta name=\"twitter:card\" content=\"summary_large_image\" \/>\n<meta name=\"twitter:creator\" content=\"@fimisde\" \/>\n<meta name=\"twitter:site\" content=\"@fimisde\" \/>\n<meta name=\"twitter:label1\" content=\"\u00c9crit par\" \/>\n\t<meta name=\"twitter:data1\" content=\"kategtof\" \/>\n\t<meta name=\"twitter:label2\" content=\"Dur\u00e9e de lecture estim\u00e9e\" \/>\n\t<meta name=\"twitter:data2\" content=\"4 minutes\" \/>\n<script type=\"application\/ld+json\" class=\"yoast-schema-graph\">{\"@context\":\"https:\/\/schema.org\",\"@graph\":[{\"@type\":\"Article\",\"@id\":\"https:\/\/2022.fim-6days.com\/fr\/pela-renet-enthousiasmant-de-revenir-aux-fim-isde-apres-toutes-ces-annees-2\/#article\",\"isPartOf\":{\"@id\":\"https:\/\/2022.fim-6days.com\/fr\/pela-renet-enthousiasmant-de-revenir-aux-fim-isde-apres-toutes-ces-annees-2\/\"},\"author\":{\"name\":\"kategtof\",\"@id\":\"https:\/\/2022.fim-6days.com\/fr\/#\/schema\/person\/db95d361606346a0067912f18df924ab\"},\"headline\":\"Pela Renet : \u00abEnthousiasmant de revenir aux FIM ISDE apr\u00e8s toutes ces ann\u00e9es !\u00bb\",\"datePublished\":\"2022-08-26T13:00:39+00:00\",\"mainEntityOfPage\":{\"@id\":\"https:\/\/2022.fim-6days.com\/fr\/pela-renet-enthousiasmant-de-revenir-aux-fim-isde-apres-toutes-ces-annees-2\/\"},\"wordCount\":1239,\"commentCount\":0,\"publisher\":{\"@id\":\"https:\/\/2022.fim-6days.com\/fr\/#organization\"},\"image\":{\"@id\":\"https:\/\/2022.fim-6days.com\/fr\/pela-renet-enthousiasmant-de-revenir-aux-fim-isde-apres-toutes-ces-annees-2\/#primaryimage\"},\"thumbnailUrl\":\"https:\/\/2022.fim-6days.com\/wp-content\/uploads\/sites\/7\/2022\/08\/Image1.jpg\",\"articleSection\":[\"Articles\",\"Avant ISDE2022\"],\"inLanguage\":\"fr-FR\",\"potentialAction\":[{\"@type\":\"CommentAction\",\"name\":\"Comment\",\"target\":[\"https:\/\/2022.fim-6days.com\/fr\/pela-renet-enthousiasmant-de-revenir-aux-fim-isde-apres-toutes-ces-annees-2\/#respond\"]}]},{\"@type\":\"WebPage\",\"@id\":\"https:\/\/2022.fim-6days.com\/fr\/pela-renet-enthousiasmant-de-revenir-aux-fim-isde-apres-toutes-ces-annees-2\/\",\"url\":\"https:\/\/2022.fim-6days.com\/fr\/pela-renet-enthousiasmant-de-revenir-aux-fim-isde-apres-toutes-ces-annees-2\/\",\"name\":\"Pela Renet : \u00abEnthousiasmant de revenir aux FIM ISDE apr\u00e8s toutes ces ann\u00e9es !\u00bb - FIM ISDE 2022\",\"isPartOf\":{\"@id\":\"https:\/\/2022.fim-6days.com\/fr\/#website\"},\"primaryImageOfPage\":{\"@id\":\"https:\/\/2022.fim-6days.com\/fr\/pela-renet-enthousiasmant-de-revenir-aux-fim-isde-apres-toutes-ces-annees-2\/#primaryimage\"},\"image\":{\"@id\":\"https:\/\/2022.fim-6days.com\/fr\/pela-renet-enthousiasmant-de-revenir-aux-fim-isde-apres-toutes-ces-annees-2\/#primaryimage\"},\"thumbnailUrl\":\"https:\/\/2022.fim-6days.com\/wp-content\/uploads\/sites\/7\/2022\/08\/Image1.jpg\",\"datePublished\":\"2022-08-26T13:00:39+00:00\",\"description\":\"Cette ann\u00e9e, le Concours international des Six Jours d'Enduro (ISDE en anglais) pr\u00e9sente des engag\u00e9s de marque au sein des \u00e9quipes de clubs dont les concurrents viennent de plus de trente nations. On y trouve notamment trois l\u00e9gendes de l\u2019Enduro fran\u00e7ais que tout le monde sera impatient de surveiller au Puy-en-Velay dans l'Enduro Dream Team.\",\"breadcrumb\":{\"@id\":\"https:\/\/2022.fim-6days.com\/fr\/pela-renet-enthousiasmant-de-revenir-aux-fim-isde-apres-toutes-ces-annees-2\/#breadcrumb\"},\"inLanguage\":\"fr-FR\",\"potentialAction\":[{\"@type\":\"ReadAction\",\"target\":[\"https:\/\/2022.fim-6days.com\/fr\/pela-renet-enthousiasmant-de-revenir-aux-fim-isde-apres-toutes-ces-annees-2\/\"]}]},{\"@type\":\"ImageObject\",\"inLanguage\":\"fr-FR\",\"@id\":\"https:\/\/2022.fim-6days.com\/fr\/pela-renet-enthousiasmant-de-revenir-aux-fim-isde-apres-toutes-ces-annees-2\/#primaryimage\",\"url\":\"https:\/\/2022.fim-6days.com\/wp-content\/uploads\/sites\/7\/2022\/08\/Image1.jpg\",\"contentUrl\":\"https:\/\/2022.fim-6days.com\/wp-content\/uploads\/sites\/7\/2022\/08\/Image1.jpg\",\"width\":1290,\"height\":860},{\"@type\":\"BreadcrumbList\",\"@id\":\"https:\/\/2022.fim-6days.com\/fr\/pela-renet-enthousiasmant-de-revenir-aux-fim-isde-apres-toutes-ces-annees-2\/#breadcrumb\",\"itemListElement\":[{\"@type\":\"ListItem\",\"position\":1,\"name\":\"Home\",\"item\":\"https:\/\/2022.fim-6days.com\/fr\/\"},{\"@type\":\"ListItem\",\"position\":2,\"name\":\"Pela Renet : \u00abEnthousiasmant de revenir aux FIM ISDE apr\u00e8s toutes ces ann\u00e9es !\u00bb\"}]},{\"@type\":\"WebSite\",\"@id\":\"https:\/\/2022.fim-6days.com\/fr\/#website\",\"url\":\"https:\/\/2022.fim-6days.com\/fr\/\",\"name\":\"FIM ISDE 2021\",\"description\":\"FIM ISDE Official website\",\"publisher\":{\"@id\":\"https:\/\/2022.fim-6days.com\/fr\/#organization\"},\"potentialAction\":[{\"@type\":\"SearchAction\",\"target\":{\"@type\":\"EntryPoint\",\"urlTemplate\":\"https:\/\/2022.fim-6days.com\/fr\/?s={search_term_string}\"},\"query-input\":{\"@type\":\"PropertyValueSpecification\",\"valueRequired\":true,\"valueName\":\"search_term_string\"}}],\"inLanguage\":\"fr-FR\"},{\"@type\":\"Organization\",\"@id\":\"https:\/\/2022.fim-6days.com\/fr\/#organization\",\"name\":\"FIM - F\u00e9d\u00e9ration Internationale de Motocyclisme\",\"url\":\"https:\/\/2022.fim-6days.com\/fr\/\",\"logo\":{\"@type\":\"ImageObject\",\"inLanguage\":\"fr-FR\",\"@id\":\"https:\/\/2022.fim-6days.com\/fr\/#\/schema\/logo\/image\/\",\"url\":\"https:\/\/2022.fim-6days.com\/wp-content\/uploads\/sites\/7\/2019\/07\/LogoFIM-CMYK.png\",\"contentUrl\":\"https:\/\/2022.fim-6days.com\/wp-content\/uploads\/sites\/7\/2019\/07\/LogoFIM-CMYK.png\",\"width\":2608,\"height\":1833,\"caption\":\"FIM - F\u00e9d\u00e9ration Internationale de Motocyclisme\"},\"image\":{\"@id\":\"https:\/\/2022.fim-6days.com\/fr\/#\/schema\/logo\/image\/\"},\"sameAs\":[\"https:\/\/www.facebook.com\/FIMISDE\/\",\"https:\/\/x.com\/fimisde\",\"https:\/\/www.instagram.com\/fim_isde\/\"]},{\"@type\":\"Person\",\"@id\":\"https:\/\/2022.fim-6days.com\/fr\/#\/schema\/person\/db95d361606346a0067912f18df924ab\",\"name\":\"kategtof\",\"image\":{\"@type\":\"ImageObject\",\"inLanguage\":\"fr-FR\",\"@id\":\"https:\/\/2022.fim-6days.com\/fr\/#\/schema\/person\/image\/\",\"url\":\"https:\/\/secure.gravatar.com\/avatar\/c3274649b10bd4db8211a9c5582941bc84ee6a5163a0df3f96f7a4130961d5e1?s=96&d=mm&r=g\",\"contentUrl\":\"https:\/\/secure.gravatar.com\/avatar\/c3274649b10bd4db8211a9c5582941bc84ee6a5163a0df3f96f7a4130961d5e1?s=96&d=mm&r=g\",\"caption\":\"kategtof\"},\"url\":\"https:\/\/2022.fim-6days.com\/fr\/author\/kategtof\/\"}]}<\/script>\n<!-- \/ Yoast SEO plugin. -->","yoast_head_json":{"title":"Pela Renet : \u00abEnthousiasmant de revenir aux FIM ISDE apr\u00e8s toutes ces ann\u00e9es !\u00bb - FIM ISDE 2022","description":"Cette ann\u00e9e, le Concours international des Six Jours d'Enduro (ISDE en anglais) pr\u00e9sente des engag\u00e9s de marque au sein des \u00e9quipes de clubs dont les concurrents viennent de plus de trente nations. On y trouve notamment trois l\u00e9gendes de l\u2019Enduro fran\u00e7ais que tout le monde sera impatient de surveiller au Puy-en-Velay dans l'Enduro Dream Team.","robots":{"index":"index","follow":"follow","max-snippet":"max-snippet:-1","max-image-preview":"max-image-preview:large","max-video-preview":"max-video-preview:-1"},"canonical":"https:\/\/2022.fim-6days.com\/fr\/pela-renet-enthousiasmant-de-revenir-aux-fim-isde-apres-toutes-ces-annees-2\/","og_locale":"fr_FR","og_type":"article","og_title":"Pela Renet : \u00abEnthousiasmant de revenir aux FIM ISDE apr\u00e8s toutes ces ann\u00e9es !\u00bb - FIM ISDE 2022","og_description":"Cette ann\u00e9e, le Concours international des Six Jours d'Enduro (ISDE en anglais) pr\u00e9sente des engag\u00e9s de marque au sein des \u00e9quipes de clubs dont les concurrents viennent de plus de trente nations. On y trouve notamment trois l\u00e9gendes de l\u2019Enduro fran\u00e7ais que tout le monde sera impatient de surveiller au Puy-en-Velay dans l'Enduro Dream Team.","og_url":"https:\/\/2022.fim-6days.com\/fr\/pela-renet-enthousiasmant-de-revenir-aux-fim-isde-apres-toutes-ces-annees-2\/","og_site_name":"FIM ISDE 2022","article_publisher":"https:\/\/www.facebook.com\/FIMISDE\/","article_published_time":"2022-08-26T13:00:39+00:00","og_image":[{"width":1290,"height":860,"url":"https:\/\/2022.fim-6days.com\/wp-content\/uploads\/sites\/7\/2022\/08\/Image1.jpg","type":"image\/jpeg"}],"author":"kategtof","twitter_card":"summary_large_image","twitter_creator":"@fimisde","twitter_site":"@fimisde","twitter_misc":{"\u00c9crit par":"kategtof","Dur\u00e9e de lecture estim\u00e9e":"4 minutes"},"schema":{"@context":"https:\/\/schema.org","@graph":[{"@type":"Article","@id":"https:\/\/2022.fim-6days.com\/fr\/pela-renet-enthousiasmant-de-revenir-aux-fim-isde-apres-toutes-ces-annees-2\/#article","isPartOf":{"@id":"https:\/\/2022.fim-6days.com\/fr\/pela-renet-enthousiasmant-de-revenir-aux-fim-isde-apres-toutes-ces-annees-2\/"},"author":{"name":"kategtof","@id":"https:\/\/2022.fim-6days.com\/fr\/#\/schema\/person\/db95d361606346a0067912f18df924ab"},"headline":"Pela Renet : \u00abEnthousiasmant de revenir aux FIM ISDE apr\u00e8s toutes ces ann\u00e9es !\u00bb","datePublished":"2022-08-26T13:00:39+00:00","mainEntityOfPage":{"@id":"https:\/\/2022.fim-6days.com\/fr\/pela-renet-enthousiasmant-de-revenir-aux-fim-isde-apres-toutes-ces-annees-2\/"},"wordCount":1239,"commentCount":0,"publisher":{"@id":"https:\/\/2022.fim-6days.com\/fr\/#organization"},"image":{"@id":"https:\/\/2022.fim-6days.com\/fr\/pela-renet-enthousiasmant-de-revenir-aux-fim-isde-apres-toutes-ces-annees-2\/#primaryimage"},"thumbnailUrl":"https:\/\/2022.fim-6days.com\/wp-content\/uploads\/sites\/7\/2022\/08\/Image1.jpg","articleSection":["Articles","Avant ISDE2022"],"inLanguage":"fr-FR","potentialAction":[{"@type":"CommentAction","name":"Comment","target":["https:\/\/2022.fim-6days.com\/fr\/pela-renet-enthousiasmant-de-revenir-aux-fim-isde-apres-toutes-ces-annees-2\/#respond"]}]},{"@type":"WebPage","@id":"https:\/\/2022.fim-6days.com\/fr\/pela-renet-enthousiasmant-de-revenir-aux-fim-isde-apres-toutes-ces-annees-2\/","url":"https:\/\/2022.fim-6days.com\/fr\/pela-renet-enthousiasmant-de-revenir-aux-fim-isde-apres-toutes-ces-annees-2\/","name":"Pela Renet : \u00abEnthousiasmant de revenir aux FIM ISDE apr\u00e8s toutes ces ann\u00e9es !\u00bb - FIM ISDE 2022","isPartOf":{"@id":"https:\/\/2022.fim-6days.com\/fr\/#website"},"primaryImageOfPage":{"@id":"https:\/\/2022.fim-6days.com\/fr\/pela-renet-enthousiasmant-de-revenir-aux-fim-isde-apres-toutes-ces-annees-2\/#primaryimage"},"image":{"@id":"https:\/\/2022.fim-6days.com\/fr\/pela-renet-enthousiasmant-de-revenir-aux-fim-isde-apres-toutes-ces-annees-2\/#primaryimage"},"thumbnailUrl":"https:\/\/2022.fim-6days.com\/wp-content\/uploads\/sites\/7\/2022\/08\/Image1.jpg","datePublished":"2022-08-26T13:00:39+00:00","description":"Cette ann\u00e9e, le Concours international des Six Jours d'Enduro (ISDE en anglais) pr\u00e9sente des engag\u00e9s de marque au sein des \u00e9quipes de clubs dont les concurrents viennent de plus de trente nations. On y trouve notamment trois l\u00e9gendes de l\u2019Enduro fran\u00e7ais que tout le monde sera impatient de surveiller au Puy-en-Velay dans l'Enduro Dream Team.","breadcrumb":{"@id":"https:\/\/2022.fim-6days.com\/fr\/pela-renet-enthousiasmant-de-revenir-aux-fim-isde-apres-toutes-ces-annees-2\/#breadcrumb"},"inLanguage":"fr-FR","potentialAction":[{"@type":"ReadAction","target":["https:\/\/2022.fim-6days.com\/fr\/pela-renet-enthousiasmant-de-revenir-aux-fim-isde-apres-toutes-ces-annees-2\/"]}]},{"@type":"ImageObject","inLanguage":"fr-FR","@id":"https:\/\/2022.fim-6days.com\/fr\/pela-renet-enthousiasmant-de-revenir-aux-fim-isde-apres-toutes-ces-annees-2\/#primaryimage","url":"https:\/\/2022.fim-6days.com\/wp-content\/uploads\/sites\/7\/2022\/08\/Image1.jpg","contentUrl":"https:\/\/2022.fim-6days.com\/wp-content\/uploads\/sites\/7\/2022\/08\/Image1.jpg","width":1290,"height":860},{"@type":"BreadcrumbList","@id":"https:\/\/2022.fim-6days.com\/fr\/pela-renet-enthousiasmant-de-revenir-aux-fim-isde-apres-toutes-ces-annees-2\/#breadcrumb","itemListElement":[{"@type":"ListItem","position":1,"name":"Home","item":"https:\/\/2022.fim-6days.com\/fr\/"},{"@type":"ListItem","position":2,"name":"Pela Renet : \u00abEnthousiasmant de revenir aux FIM ISDE apr\u00e8s toutes ces ann\u00e9es !\u00bb"}]},{"@type":"WebSite","@id":"https:\/\/2022.fim-6days.com\/fr\/#website","url":"https:\/\/2022.fim-6days.com\/fr\/","name":"FIM ISDE 2021","description":"FIM ISDE Official website","publisher":{"@id":"https:\/\/2022.fim-6days.com\/fr\/#organization"},"potentialAction":[{"@type":"SearchAction","target":{"@type":"EntryPoint","urlTemplate":"https:\/\/2022.fim-6days.com\/fr\/?s={search_term_string}"},"query-input":{"@type":"PropertyValueSpecification","valueRequired":true,"valueName":"search_term_string"}}],"inLanguage":"fr-FR"},{"@type":"Organization","@id":"https:\/\/2022.fim-6days.com\/fr\/#organization","name":"FIM - F\u00e9d\u00e9ration Internationale de Motocyclisme","url":"https:\/\/2022.fim-6days.com\/fr\/","logo":{"@type":"ImageObject","inLanguage":"fr-FR","@id":"https:\/\/2022.fim-6days.com\/fr\/#\/schema\/logo\/image\/","url":"https:\/\/2022.fim-6days.com\/wp-content\/uploads\/sites\/7\/2019\/07\/LogoFIM-CMYK.png","contentUrl":"https:\/\/2022.fim-6days.com\/wp-content\/uploads\/sites\/7\/2019\/07\/LogoFIM-CMYK.png","width":2608,"height":1833,"caption":"FIM - F\u00e9d\u00e9ration Internationale de Motocyclisme"},"image":{"@id":"https:\/\/2022.fim-6days.com\/fr\/#\/schema\/logo\/image\/"},"sameAs":["https:\/\/www.facebook.com\/FIMISDE\/","https:\/\/x.com\/fimisde","https:\/\/www.instagram.com\/fim_isde\/"]},{"@type":"Person","@id":"https:\/\/2022.fim-6days.com\/fr\/#\/schema\/person\/db95d361606346a0067912f18df924ab","name":"kategtof","image":{"@type":"ImageObject","inLanguage":"fr-FR","@id":"https:\/\/2022.fim-6days.com\/fr\/#\/schema\/person\/image\/","url":"https:\/\/secure.gravatar.com\/avatar\/c3274649b10bd4db8211a9c5582941bc84ee6a5163a0df3f96f7a4130961d5e1?s=96&d=mm&r=g","contentUrl":"https:\/\/secure.gravatar.com\/avatar\/c3274649b10bd4db8211a9c5582941bc84ee6a5163a0df3f96f7a4130961d5e1?s=96&d=mm&r=g","caption":"kategtof"},"url":"https:\/\/2022.fim-6days.com\/fr\/author\/kategtof\/"}]}},"_links":{"self":[{"href":"https:\/\/2022.fim-6days.com\/fr\/wp-json\/wp\/v2\/posts\/40565","targetHints":{"allow":["GET"]}}],"collection":[{"href":"https:\/\/2022.fim-6days.com\/fr\/wp-json\/wp\/v2\/posts"}],"about":[{"href":"https:\/\/2022.fim-6days.com\/fr\/wp-json\/wp\/v2\/types\/post"}],"author":[{"embeddable":true,"href":"https:\/\/2022.fim-6days.com\/fr\/wp-json\/wp\/v2\/users\/10"}],"replies":[{"embeddable":true,"href":"https:\/\/2022.fim-6days.com\/fr\/wp-json\/wp\/v2\/comments?post=40565"}],"version-history":[{"count":3,"href":"https:\/\/2022.fim-6days.com\/fr\/wp-json\/wp\/v2\/posts\/40565\/revisions"}],"predecessor-version":[{"id":40629,"href":"https:\/\/2022.fim-6days.com\/fr\/wp-json\/wp\/v2\/posts\/40565\/revisions\/40629"}],"wp:featuredmedia":[{"embeddable":true,"href":"https:\/\/2022.fim-6days.com\/fr\/wp-json\/wp\/v2\/media\/40570"}],"wp:attachment":[{"href":"https:\/\/2022.fim-6days.com\/fr\/wp-json\/wp\/v2\/media?parent=40565"}],"wp:term":[{"taxonomy":"category","embeddable":true,"href":"https:\/\/2022.fim-6days.com\/fr\/wp-json\/wp\/v2\/categories?post=40565"},{"taxonomy":"post_tag","embeddable":true,"href":"https:\/\/2022.fim-6days.com\/fr\/wp-json\/wp\/v2\/tags?post=40565"}],"curies":[{"name":"wp","href":"https:\/\/api.w.org\/{rel}","templated":true}]}}