{"id":40401,"date":"2022-08-26T10:00:22","date_gmt":"2022-08-26T08:00:22","guid":{"rendered":"https:\/\/2022.fim-6days.com\/?p=40401"},"modified":"2022-08-25T17:54:41","modified_gmt":"2022-08-25T15:54:41","slug":"le-puy-en-velay-pret-a-accueillir-les-fim-isde","status":"publish","type":"post","link":"https:\/\/2022.fim-6days.com\/fr\/le-puy-en-velay-pret-a-accueillir-les-fim-isde\/","title":{"rendered":"Le Puy-en-Velay pr\u00eat \u00e0 accueillir les FIM ISDE"},"content":{"rendered":"<div class=\"fusion-fullwidth fullwidth-box fusion-builder-row-1 fusion-flex-container nonhundred-percent-fullwidth non-hundred-percent-height-scrolling\" style=\"--awb-border-radius-top-left:0px;--awb-border-radius-top-right:0px;--awb-border-radius-bottom-right:0px;--awb-border-radius-bottom-left:0px;--awb-padding-top:0px;--awb-padding-bottom:0px;--awb-flex-wrap:wrap;\" ><div class=\"fusion-builder-row fusion-row fusion-flex-align-items-flex-start fusion-flex-content-wrap\" style=\"max-width:1248px;margin-left: calc(-4% \/ 2 );margin-right: calc(-4% \/ 2 );\"><div class=\"fusion-layout-column fusion_builder_column fusion-builder-column-0 fusion_builder_column_1_1 1_1 fusion-flex-column\" style=\"--awb-padding-top:0px;--awb-padding-bottom:0px;--awb-bg-size:cover;--awb-width-large:100%;--awb-margin-top-large:0px;--awb-spacing-right-large:1.92%;--awb-margin-bottom-large:0px;--awb-spacing-left-large:1.92%;--awb-width-medium:100%;--awb-order-medium:0;--awb-spacing-right-medium:1.92%;--awb-spacing-left-medium:1.92%;--awb-width-small:100%;--awb-order-small:0;--awb-spacing-right-small:1.92%;--awb-spacing-left-small:1.92%;\"><div class=\"fusion-column-wrapper fusion-column-has-shadow fusion-flex-justify-content-flex-start fusion-content-layout-column\"><div class=\"fusion-text fusion-text-1\" style=\"--awb-text-transform:none;\"><p><strong>Le Concours international des Six Jours d&rsquo;Enduro (ISDE en anglais), plus ancienne comp\u00e9tition moto tout-terrain de la FIM, est aussi l&rsquo;une des plus dure et exigeante physiquement. Pendant six jours d&rsquo;affil\u00e9e, les pilotes et leurs machines seront \u00e0 rude \u00e9preuve. Pour la 96e \u00e9dition des FIM ISDE, l&rsquo;\u00e9preuve qui se d\u00e9roule dans la r\u00e9gion du Puy-en-Velay promet de ne pas d\u00e9roger \u00e0 ces quelques principes fondamentaux.<\/strong><\/p>\n<p>Terrain appr\u00e9ci\u00e9 du paddock de l&rsquo;Enduro, la France sait comment organiser une course de grande envergure. M\u00ealant des chemins spectaculaires et des \u00e9preuves sp\u00e9ciales classiques, cet \u00e9v\u00e9nement d&rsquo;une semaine voit des concurrentes et les concurrents de plus de trente nations parcourir plus de mille trois cents kilom\u00e8tres. Chacun des cinq premiers jours de selle devrait durer plus de sept heures.<\/p>\n<p>Lors des Jours 1 et 2, les pilotes s&rsquo;attaqueront \u00e0 la m\u00eame Boucle 1. Ce parcours, d&rsquo;une distance totale de pr\u00e8s de 220 km comprenant cinq \u00e9preuves sp\u00e9ciales et notamment la SP5 \u2013 La B\u00eate du G\u00e9vaudan by AIROH \u2013 se d\u00e9roule dans l&rsquo;ouest de la Haute-Loire au c\u0153ur de la R\u00e9gion Auvergne-Rh\u00f4ne-Alpes. Longtemps consid\u00e9r\u00e9e comme la r\u00e9gion o\u00f9 l&rsquo;Enduro est n\u00e9 en France, elle livrera \u00e0 coup s\u00fbr des moments m\u00e9morables pour tous et toutes.<\/p>\n<p>La Boucle 2 pr\u00e9sentera un nouveau parcours pour les Jours 3 et 4. Alors que les pilotes commenceront \u00e0 ressentir la fatigue physique des ISDE, ce parcours de plus de 200 km n&rsquo;att\u00e9nuera pas leurs souffrances, loin de l\u00e0. La plus longue boucle de la 96e \u00e9dition des ISDE dirigera les coureurs et coureuses dans le sud de la Haute-Loire non loin de la Loz\u00e8re. Avec une nouvelle s\u00e9rie de cinq \u00e9preuves sp\u00e9ciales \u00e0 disputer, dont la SP2 Volcan du Bonjour by MOTUL et la SP4 Rauret by MOTUL, deux \u00e9preuves qui devraient constituer un v\u00e9ritable d\u00e9fi sportif.<\/p>\n<p>Au matin du cinqui\u00e8me jour, la Boucle 3, constituera une nouvelle aventure. En direction du nord, ce parcours offre certaines des portions de liaison les plus difficiles de la semaine. Rouler \u00e0 plus de 1400m d&rsquo;altitude s&rsquo;av\u00e9rera \u00e9galement \u00e9prouvant, tout comme les SP1 et SP5, Saint-Paulien by AIROH, plus la SP4, Craponne sur Arzon by MOTUL. Avec presque deux cents kilom\u00e8tres \u00e0 parcourir, les concurrents et concurrentes pourront se f\u00e9liciter de voir la derni\u00e8re \u00e9preuve sp\u00e9ciale pr\u00e8s du paddock. La fin sera alors pratiquement en vue.<\/p>\n<p>Comme le veut la tradition des FIM ISDE, le sixi\u00e8me et dernier jour sera consacr\u00e9 au cross test. Il est situ\u00e9 pr\u00e8s du paddock. Un dernier effort puis place \u00e0 la f\u00eate!<\/p>\n<p>Les FIM ISDE sont \u00e0 suivre au Puy-en-Velay du 29 ao\u00fbt au 3 septembre.<\/p>\n<\/div><\/div><\/div><\/div><\/div>\n","protected":false},"excerpt":{"rendered":"","protected":false},"author":10,"featured_media":40403,"comment_status":"closed","ping_status":"closed","sticky":false,"template":"","format":"standard","meta":{"inline_featured_image":false,"footnotes":""},"categories":[75,95],"tags":[],"class_list":["post-40401","post","type-post","status-publish","format-standard","has-post-thumbnail","hentry","category-articles","category-avant-isde2022"],"yoast_head":"<!-- This site is optimized with the Yoast SEO plugin v25.6 - https:\/\/yoast.com\/wordpress\/plugins\/seo\/ -->\n<title>Le Puy-en-Velay pr\u00eat \u00e0 accueillir les FIM ISDE - FIM ISDE 2022<\/title>\n<meta name=\"description\" content=\"Le Concours international des Six Jours d&#039;Enduro (ISDE en anglais), plus ancienne comp\u00e9tition moto tout-terrain de la FIM, est aussi l&#039;une des plus dure et exigeante physiquement. Pendant six jours d&#039;affil\u00e9e, les pilotes et leurs machines seront \u00e0 rude \u00e9preuve. Pour la 96e \u00e9dition des FIM ISDE, l&#039;\u00e9preuve qui se d\u00e9roule dans la r\u00e9gion du Puy-en-Velay promet de ne pas d\u00e9roger \u00e0 ces quelques principes fondamentaux.\" \/>\n<meta name=\"robots\" content=\"index, follow, max-snippet:-1, max-image-preview:large, max-video-preview:-1\" \/>\n<link rel=\"canonical\" href=\"https:\/\/2022.fim-6days.com\/fr\/le-puy-en-velay-pret-a-accueillir-les-fim-isde\/\" \/>\n<meta property=\"og:locale\" content=\"fr_FR\" \/>\n<meta property=\"og:type\" content=\"article\" \/>\n<meta property=\"og:title\" content=\"Le Puy-en-Velay pr\u00eat \u00e0 accueillir les FIM ISDE - FIM ISDE 2022\" \/>\n<meta property=\"og:description\" content=\"Le Concours international des Six Jours d&#039;Enduro (ISDE en anglais), plus ancienne comp\u00e9tition moto tout-terrain de la FIM, est aussi l&#039;une des plus dure et exigeante physiquement. Pendant six jours d&#039;affil\u00e9e, les pilotes et leurs machines seront \u00e0 rude \u00e9preuve. Pour la 96e \u00e9dition des FIM ISDE, l&#039;\u00e9preuve qui se d\u00e9roule dans la r\u00e9gion du Puy-en-Velay promet de ne pas d\u00e9roger \u00e0 ces quelques principes fondamentaux.\" \/>\n<meta property=\"og:url\" content=\"https:\/\/2022.fim-6days.com\/fr\/le-puy-en-velay-pret-a-accueillir-les-fim-isde\/\" \/>\n<meta property=\"og:site_name\" content=\"FIM ISDE 2022\" \/>\n<meta property=\"article:publisher\" content=\"https:\/\/www.facebook.com\/FIMISDE\/\" \/>\n<meta property=\"article:published_time\" content=\"2022-08-26T08:00:22+00:00\" \/>\n<meta property=\"og:image\" content=\"https:\/\/2022.fim-6days.com\/wp-content\/uploads\/sites\/7\/2022\/08\/Image.jpg\" \/>\n\t<meta property=\"og:image:width\" content=\"1290\" \/>\n\t<meta property=\"og:image:height\" content=\"860\" \/>\n\t<meta property=\"og:image:type\" content=\"image\/jpeg\" \/>\n<meta name=\"author\" content=\"kategtof\" \/>\n<meta name=\"twitter:card\" content=\"summary_large_image\" \/>\n<meta name=\"twitter:creator\" content=\"@fimisde\" \/>\n<meta name=\"twitter:site\" content=\"@fimisde\" \/>\n<meta name=\"twitter:label1\" content=\"\u00c9crit par\" \/>\n\t<meta name=\"twitter:data1\" content=\"kategtof\" \/>\n\t<meta name=\"twitter:label2\" content=\"Dur\u00e9e de lecture estim\u00e9e\" \/>\n\t<meta name=\"twitter:data2\" content=\"4 minutes\" \/>\n<script type=\"application\/ld+json\" class=\"yoast-schema-graph\">{\"@context\":\"https:\/\/schema.org\",\"@graph\":[{\"@type\":\"Article\",\"@id\":\"https:\/\/2022.fim-6days.com\/fr\/le-puy-en-velay-pret-a-accueillir-les-fim-isde\/#article\",\"isPartOf\":{\"@id\":\"https:\/\/2022.fim-6days.com\/fr\/le-puy-en-velay-pret-a-accueillir-les-fim-isde\/\"},\"author\":{\"name\":\"kategtof\",\"@id\":\"https:\/\/2022.fim-6days.com\/fr\/#\/schema\/person\/db95d361606346a0067912f18df924ab\"},\"headline\":\"Le Puy-en-Velay pr\u00eat \u00e0 accueillir les FIM ISDE\",\"datePublished\":\"2022-08-26T08:00:22+00:00\",\"mainEntityOfPage\":{\"@id\":\"https:\/\/2022.fim-6days.com\/fr\/le-puy-en-velay-pret-a-accueillir-les-fim-isde\/\"},\"wordCount\":1143,\"publisher\":{\"@id\":\"https:\/\/2022.fim-6days.com\/fr\/#organization\"},\"image\":{\"@id\":\"https:\/\/2022.fim-6days.com\/fr\/le-puy-en-velay-pret-a-accueillir-les-fim-isde\/#primaryimage\"},\"thumbnailUrl\":\"https:\/\/2022.fim-6days.com\/wp-content\/uploads\/sites\/7\/2022\/08\/Image.jpg\",\"articleSection\":[\"Articles\",\"Avant ISDE2022\"],\"inLanguage\":\"fr-FR\"},{\"@type\":\"WebPage\",\"@id\":\"https:\/\/2022.fim-6days.com\/fr\/le-puy-en-velay-pret-a-accueillir-les-fim-isde\/\",\"url\":\"https:\/\/2022.fim-6days.com\/fr\/le-puy-en-velay-pret-a-accueillir-les-fim-isde\/\",\"name\":\"Le Puy-en-Velay pr\u00eat \u00e0 accueillir les FIM ISDE - FIM ISDE 2022\",\"isPartOf\":{\"@id\":\"https:\/\/2022.fim-6days.com\/fr\/#website\"},\"primaryImageOfPage\":{\"@id\":\"https:\/\/2022.fim-6days.com\/fr\/le-puy-en-velay-pret-a-accueillir-les-fim-isde\/#primaryimage\"},\"image\":{\"@id\":\"https:\/\/2022.fim-6days.com\/fr\/le-puy-en-velay-pret-a-accueillir-les-fim-isde\/#primaryimage\"},\"thumbnailUrl\":\"https:\/\/2022.fim-6days.com\/wp-content\/uploads\/sites\/7\/2022\/08\/Image.jpg\",\"datePublished\":\"2022-08-26T08:00:22+00:00\",\"description\":\"Le Concours international des Six Jours d'Enduro (ISDE en anglais), plus ancienne comp\u00e9tition moto tout-terrain de la FIM, est aussi l'une des plus dure et exigeante physiquement. Pendant six jours d'affil\u00e9e, les pilotes et leurs machines seront \u00e0 rude \u00e9preuve. Pour la 96e \u00e9dition des FIM ISDE, l'\u00e9preuve qui se d\u00e9roule dans la r\u00e9gion du Puy-en-Velay promet de ne pas d\u00e9roger \u00e0 ces quelques principes fondamentaux.\",\"breadcrumb\":{\"@id\":\"https:\/\/2022.fim-6days.com\/fr\/le-puy-en-velay-pret-a-accueillir-les-fim-isde\/#breadcrumb\"},\"inLanguage\":\"fr-FR\",\"potentialAction\":[{\"@type\":\"ReadAction\",\"target\":[\"https:\/\/2022.fim-6days.com\/fr\/le-puy-en-velay-pret-a-accueillir-les-fim-isde\/\"]}]},{\"@type\":\"ImageObject\",\"inLanguage\":\"fr-FR\",\"@id\":\"https:\/\/2022.fim-6days.com\/fr\/le-puy-en-velay-pret-a-accueillir-les-fim-isde\/#primaryimage\",\"url\":\"https:\/\/2022.fim-6days.com\/wp-content\/uploads\/sites\/7\/2022\/08\/Image.jpg\",\"contentUrl\":\"https:\/\/2022.fim-6days.com\/wp-content\/uploads\/sites\/7\/2022\/08\/Image.jpg\",\"width\":1290,\"height\":860,\"caption\":\"\u00a9 Pole Position Communication\"},{\"@type\":\"BreadcrumbList\",\"@id\":\"https:\/\/2022.fim-6days.com\/fr\/le-puy-en-velay-pret-a-accueillir-les-fim-isde\/#breadcrumb\",\"itemListElement\":[{\"@type\":\"ListItem\",\"position\":1,\"name\":\"Home\",\"item\":\"https:\/\/2022.fim-6days.com\/fr\/\"},{\"@type\":\"ListItem\",\"position\":2,\"name\":\"Le Puy-en-Velay pr\u00eat \u00e0 accueillir les FIM ISDE\"}]},{\"@type\":\"WebSite\",\"@id\":\"https:\/\/2022.fim-6days.com\/fr\/#website\",\"url\":\"https:\/\/2022.fim-6days.com\/fr\/\",\"name\":\"FIM ISDE 2021\",\"description\":\"FIM ISDE Official website\",\"publisher\":{\"@id\":\"https:\/\/2022.fim-6days.com\/fr\/#organization\"},\"potentialAction\":[{\"@type\":\"SearchAction\",\"target\":{\"@type\":\"EntryPoint\",\"urlTemplate\":\"https:\/\/2022.fim-6days.com\/fr\/?s={search_term_string}\"},\"query-input\":{\"@type\":\"PropertyValueSpecification\",\"valueRequired\":true,\"valueName\":\"search_term_string\"}}],\"inLanguage\":\"fr-FR\"},{\"@type\":\"Organization\",\"@id\":\"https:\/\/2022.fim-6days.com\/fr\/#organization\",\"name\":\"FIM - F\u00e9d\u00e9ration Internationale de Motocyclisme\",\"url\":\"https:\/\/2022.fim-6days.com\/fr\/\",\"logo\":{\"@type\":\"ImageObject\",\"inLanguage\":\"fr-FR\",\"@id\":\"https:\/\/2022.fim-6days.com\/fr\/#\/schema\/logo\/image\/\",\"url\":\"https:\/\/2022.fim-6days.com\/wp-content\/uploads\/sites\/7\/2019\/07\/LogoFIM-CMYK.png\",\"contentUrl\":\"https:\/\/2022.fim-6days.com\/wp-content\/uploads\/sites\/7\/2019\/07\/LogoFIM-CMYK.png\",\"width\":2608,\"height\":1833,\"caption\":\"FIM - F\u00e9d\u00e9ration Internationale de Motocyclisme\"},\"image\":{\"@id\":\"https:\/\/2022.fim-6days.com\/fr\/#\/schema\/logo\/image\/\"},\"sameAs\":[\"https:\/\/www.facebook.com\/FIMISDE\/\",\"https:\/\/x.com\/fimisde\",\"https:\/\/www.instagram.com\/fim_isde\/\"]},{\"@type\":\"Person\",\"@id\":\"https:\/\/2022.fim-6days.com\/fr\/#\/schema\/person\/db95d361606346a0067912f18df924ab\",\"name\":\"kategtof\",\"image\":{\"@type\":\"ImageObject\",\"inLanguage\":\"fr-FR\",\"@id\":\"https:\/\/2022.fim-6days.com\/fr\/#\/schema\/person\/image\/\",\"url\":\"https:\/\/secure.gravatar.com\/avatar\/c3274649b10bd4db8211a9c5582941bc84ee6a5163a0df3f96f7a4130961d5e1?s=96&d=mm&r=g\",\"contentUrl\":\"https:\/\/secure.gravatar.com\/avatar\/c3274649b10bd4db8211a9c5582941bc84ee6a5163a0df3f96f7a4130961d5e1?s=96&d=mm&r=g\",\"caption\":\"kategtof\"},\"url\":\"https:\/\/2022.fim-6days.com\/fr\/author\/kategtof\/\"}]}<\/script>\n<!-- \/ Yoast SEO plugin. -->","yoast_head_json":{"title":"Le Puy-en-Velay pr\u00eat \u00e0 accueillir les FIM ISDE - FIM ISDE 2022","description":"Le Concours international des Six Jours d'Enduro (ISDE en anglais), plus ancienne comp\u00e9tition moto tout-terrain de la FIM, est aussi l'une des plus dure et exigeante physiquement. Pendant six jours d'affil\u00e9e, les pilotes et leurs machines seront \u00e0 rude \u00e9preuve. Pour la 96e \u00e9dition des FIM ISDE, l'\u00e9preuve qui se d\u00e9roule dans la r\u00e9gion du Puy-en-Velay promet de ne pas d\u00e9roger \u00e0 ces quelques principes fondamentaux.","robots":{"index":"index","follow":"follow","max-snippet":"max-snippet:-1","max-image-preview":"max-image-preview:large","max-video-preview":"max-video-preview:-1"},"canonical":"https:\/\/2022.fim-6days.com\/fr\/le-puy-en-velay-pret-a-accueillir-les-fim-isde\/","og_locale":"fr_FR","og_type":"article","og_title":"Le Puy-en-Velay pr\u00eat \u00e0 accueillir les FIM ISDE - FIM ISDE 2022","og_description":"Le Concours international des Six Jours d'Enduro (ISDE en anglais), plus ancienne comp\u00e9tition moto tout-terrain de la FIM, est aussi l'une des plus dure et exigeante physiquement. Pendant six jours d'affil\u00e9e, les pilotes et leurs machines seront \u00e0 rude \u00e9preuve. Pour la 96e \u00e9dition des FIM ISDE, l'\u00e9preuve qui se d\u00e9roule dans la r\u00e9gion du Puy-en-Velay promet de ne pas d\u00e9roger \u00e0 ces quelques principes fondamentaux.","og_url":"https:\/\/2022.fim-6days.com\/fr\/le-puy-en-velay-pret-a-accueillir-les-fim-isde\/","og_site_name":"FIM ISDE 2022","article_publisher":"https:\/\/www.facebook.com\/FIMISDE\/","article_published_time":"2022-08-26T08:00:22+00:00","og_image":[{"width":1290,"height":860,"url":"https:\/\/2022.fim-6days.com\/wp-content\/uploads\/sites\/7\/2022\/08\/Image.jpg","type":"image\/jpeg"}],"author":"kategtof","twitter_card":"summary_large_image","twitter_creator":"@fimisde","twitter_site":"@fimisde","twitter_misc":{"\u00c9crit par":"kategtof","Dur\u00e9e de lecture estim\u00e9e":"4 minutes"},"schema":{"@context":"https:\/\/schema.org","@graph":[{"@type":"Article","@id":"https:\/\/2022.fim-6days.com\/fr\/le-puy-en-velay-pret-a-accueillir-les-fim-isde\/#article","isPartOf":{"@id":"https:\/\/2022.fim-6days.com\/fr\/le-puy-en-velay-pret-a-accueillir-les-fim-isde\/"},"author":{"name":"kategtof","@id":"https:\/\/2022.fim-6days.com\/fr\/#\/schema\/person\/db95d361606346a0067912f18df924ab"},"headline":"Le Puy-en-Velay pr\u00eat \u00e0 accueillir les FIM ISDE","datePublished":"2022-08-26T08:00:22+00:00","mainEntityOfPage":{"@id":"https:\/\/2022.fim-6days.com\/fr\/le-puy-en-velay-pret-a-accueillir-les-fim-isde\/"},"wordCount":1143,"publisher":{"@id":"https:\/\/2022.fim-6days.com\/fr\/#organization"},"image":{"@id":"https:\/\/2022.fim-6days.com\/fr\/le-puy-en-velay-pret-a-accueillir-les-fim-isde\/#primaryimage"},"thumbnailUrl":"https:\/\/2022.fim-6days.com\/wp-content\/uploads\/sites\/7\/2022\/08\/Image.jpg","articleSection":["Articles","Avant ISDE2022"],"inLanguage":"fr-FR"},{"@type":"WebPage","@id":"https:\/\/2022.fim-6days.com\/fr\/le-puy-en-velay-pret-a-accueillir-les-fim-isde\/","url":"https:\/\/2022.fim-6days.com\/fr\/le-puy-en-velay-pret-a-accueillir-les-fim-isde\/","name":"Le Puy-en-Velay pr\u00eat \u00e0 accueillir les FIM ISDE - FIM ISDE 2022","isPartOf":{"@id":"https:\/\/2022.fim-6days.com\/fr\/#website"},"primaryImageOfPage":{"@id":"https:\/\/2022.fim-6days.com\/fr\/le-puy-en-velay-pret-a-accueillir-les-fim-isde\/#primaryimage"},"image":{"@id":"https:\/\/2022.fim-6days.com\/fr\/le-puy-en-velay-pret-a-accueillir-les-fim-isde\/#primaryimage"},"thumbnailUrl":"https:\/\/2022.fim-6days.com\/wp-content\/uploads\/sites\/7\/2022\/08\/Image.jpg","datePublished":"2022-08-26T08:00:22+00:00","description":"Le Concours international des Six Jours d'Enduro (ISDE en anglais), plus ancienne comp\u00e9tition moto tout-terrain de la FIM, est aussi l'une des plus dure et exigeante physiquement. Pendant six jours d'affil\u00e9e, les pilotes et leurs machines seront \u00e0 rude \u00e9preuve. Pour la 96e \u00e9dition des FIM ISDE, l'\u00e9preuve qui se d\u00e9roule dans la r\u00e9gion du Puy-en-Velay promet de ne pas d\u00e9roger \u00e0 ces quelques principes fondamentaux.","breadcrumb":{"@id":"https:\/\/2022.fim-6days.com\/fr\/le-puy-en-velay-pret-a-accueillir-les-fim-isde\/#breadcrumb"},"inLanguage":"fr-FR","potentialAction":[{"@type":"ReadAction","target":["https:\/\/2022.fim-6days.com\/fr\/le-puy-en-velay-pret-a-accueillir-les-fim-isde\/"]}]},{"@type":"ImageObject","inLanguage":"fr-FR","@id":"https:\/\/2022.fim-6days.com\/fr\/le-puy-en-velay-pret-a-accueillir-les-fim-isde\/#primaryimage","url":"https:\/\/2022.fim-6days.com\/wp-content\/uploads\/sites\/7\/2022\/08\/Image.jpg","contentUrl":"https:\/\/2022.fim-6days.com\/wp-content\/uploads\/sites\/7\/2022\/08\/Image.jpg","width":1290,"height":860,"caption":"\u00a9 Pole Position Communication"},{"@type":"BreadcrumbList","@id":"https:\/\/2022.fim-6days.com\/fr\/le-puy-en-velay-pret-a-accueillir-les-fim-isde\/#breadcrumb","itemListElement":[{"@type":"ListItem","position":1,"name":"Home","item":"https:\/\/2022.fim-6days.com\/fr\/"},{"@type":"ListItem","position":2,"name":"Le Puy-en-Velay pr\u00eat \u00e0 accueillir les FIM ISDE"}]},{"@type":"WebSite","@id":"https:\/\/2022.fim-6days.com\/fr\/#website","url":"https:\/\/2022.fim-6days.com\/fr\/","name":"FIM ISDE 2021","description":"FIM ISDE Official website","publisher":{"@id":"https:\/\/2022.fim-6days.com\/fr\/#organization"},"potentialAction":[{"@type":"SearchAction","target":{"@type":"EntryPoint","urlTemplate":"https:\/\/2022.fim-6days.com\/fr\/?s={search_term_string}"},"query-input":{"@type":"PropertyValueSpecification","valueRequired":true,"valueName":"search_term_string"}}],"inLanguage":"fr-FR"},{"@type":"Organization","@id":"https:\/\/2022.fim-6days.com\/fr\/#organization","name":"FIM - F\u00e9d\u00e9ration Internationale de Motocyclisme","url":"https:\/\/2022.fim-6days.com\/fr\/","logo":{"@type":"ImageObject","inLanguage":"fr-FR","@id":"https:\/\/2022.fim-6days.com\/fr\/#\/schema\/logo\/image\/","url":"https:\/\/2022.fim-6days.com\/wp-content\/uploads\/sites\/7\/2019\/07\/LogoFIM-CMYK.png","contentUrl":"https:\/\/2022.fim-6days.com\/wp-content\/uploads\/sites\/7\/2019\/07\/LogoFIM-CMYK.png","width":2608,"height":1833,"caption":"FIM - F\u00e9d\u00e9ration Internationale de Motocyclisme"},"image":{"@id":"https:\/\/2022.fim-6days.com\/fr\/#\/schema\/logo\/image\/"},"sameAs":["https:\/\/www.facebook.com\/FIMISDE\/","https:\/\/x.com\/fimisde","https:\/\/www.instagram.com\/fim_isde\/"]},{"@type":"Person","@id":"https:\/\/2022.fim-6days.com\/fr\/#\/schema\/person\/db95d361606346a0067912f18df924ab","name":"kategtof","image":{"@type":"ImageObject","inLanguage":"fr-FR","@id":"https:\/\/2022.fim-6days.com\/fr\/#\/schema\/person\/image\/","url":"https:\/\/secure.gravatar.com\/avatar\/c3274649b10bd4db8211a9c5582941bc84ee6a5163a0df3f96f7a4130961d5e1?s=96&d=mm&r=g","contentUrl":"https:\/\/secure.gravatar.com\/avatar\/c3274649b10bd4db8211a9c5582941bc84ee6a5163a0df3f96f7a4130961d5e1?s=96&d=mm&r=g","caption":"kategtof"},"url":"https:\/\/2022.fim-6days.com\/fr\/author\/kategtof\/"}]}},"_links":{"self":[{"href":"https:\/\/2022.fim-6days.com\/fr\/wp-json\/wp\/v2\/posts\/40401","targetHints":{"allow":["GET"]}}],"collection":[{"href":"https:\/\/2022.fim-6days.com\/fr\/wp-json\/wp\/v2\/posts"}],"about":[{"href":"https:\/\/2022.fim-6days.com\/fr\/wp-json\/wp\/v2\/types\/post"}],"author":[{"embeddable":true,"href":"https:\/\/2022.fim-6days.com\/fr\/wp-json\/wp\/v2\/users\/10"}],"replies":[{"embeddable":true,"href":"https:\/\/2022.fim-6days.com\/fr\/wp-json\/wp\/v2\/comments?post=40401"}],"version-history":[{"count":1,"href":"https:\/\/2022.fim-6days.com\/fr\/wp-json\/wp\/v2\/posts\/40401\/revisions"}],"predecessor-version":[{"id":40411,"href":"https:\/\/2022.fim-6days.com\/fr\/wp-json\/wp\/v2\/posts\/40401\/revisions\/40411"}],"wp:featuredmedia":[{"embeddable":true,"href":"https:\/\/2022.fim-6days.com\/fr\/wp-json\/wp\/v2\/media\/40403"}],"wp:attachment":[{"href":"https:\/\/2022.fim-6days.com\/fr\/wp-json\/wp\/v2\/media?parent=40401"}],"wp:term":[{"taxonomy":"category","embeddable":true,"href":"https:\/\/2022.fim-6days.com\/fr\/wp-json\/wp\/v2\/categories?post=40401"},{"taxonomy":"post_tag","embeddable":true,"href":"https:\/\/2022.fim-6days.com\/fr\/wp-json\/wp\/v2\/tags?post=40401"}],"curies":[{"name":"wp","href":"https:\/\/api.w.org\/{rel}","templated":true}]}}