{"id":40358,"date":"2022-08-25T14:00:44","date_gmt":"2022-08-25T12:00:44","guid":{"rendered":"https:\/\/2022.fim-6days.com\/?p=40358"},"modified":"2022-08-25T15:02:23","modified_gmt":"2022-08-25T13:02:23","slug":"la-france-pour-la-gloire-a-domicile-dans-le-trophee-fim-junior-des-isde","status":"publish","type":"post","link":"https:\/\/2022.fim-6days.com\/fr\/la-france-pour-la-gloire-a-domicile-dans-le-trophee-fim-junior-des-isde\/","title":{"rendered":"La France pour la gloire \u00e0 domicile dans le Troph\u00e9e FIM Junior des ISDE"},"content":{"rendered":"<div class=\"fusion-fullwidth fullwidth-box fusion-builder-row-1 fusion-flex-container nonhundred-percent-fullwidth non-hundred-percent-height-scrolling\" style=\"--awb-border-radius-top-left:0px;--awb-border-radius-top-right:0px;--awb-border-radius-bottom-right:0px;--awb-border-radius-bottom-left:0px;--awb-padding-top:0px;--awb-padding-bottom:0px;--awb-flex-wrap:wrap;\" ><div class=\"fusion-builder-row fusion-row fusion-flex-align-items-flex-start fusion-flex-content-wrap\" style=\"max-width:1248px;margin-left: calc(-4% \/ 2 );margin-right: calc(-4% \/ 2 );\"><div class=\"fusion-layout-column fusion_builder_column fusion-builder-column-0 fusion_builder_column_1_1 1_1 fusion-flex-column\" style=\"--awb-padding-top:0px;--awb-padding-bottom:0px;--awb-bg-size:cover;--awb-width-large:100%;--awb-margin-top-large:0px;--awb-spacing-right-large:1.92%;--awb-margin-bottom-large:0px;--awb-spacing-left-large:1.92%;--awb-width-medium:100%;--awb-order-medium:0;--awb-spacing-right-medium:1.92%;--awb-spacing-left-medium:1.92%;--awb-width-small:100%;--awb-order-small:0;--awb-spacing-right-small:1.92%;--awb-spacing-left-small:1.92%;\"><div class=\"fusion-column-wrapper fusion-column-has-shadow fusion-flex-justify-content-flex-start fusion-content-layout-column\"><div class=\"fusion-text fusion-text-1\" style=\"--awb-text-transform:none;\"><p><strong>Pr\u00e9voir l&rsquo;issue du Troph\u00e9e FIM Junior du Concours international des Six Jours d&rsquo;Enduro FIM (ISDE en anglais) rel\u00e8ve toujours de la gageure. Sur ce tremplin important vers la sc\u00e8ne mondiale, de nombreux pilotes se cherchent encore en enduro. Souvent, ils se transcendent lorsqu&rsquo;ils franchissent la ligne de d\u00e9part en portant les couleurs de leur nation.<\/strong><\/p>\n<p>La liste des participants \u00e0 la 96e \u00e9dition des FIM ISDE suit un sch\u00e9ma similaire, \u00e0 quelques exceptions pr\u00e8s.<\/p>\n<p>L&rsquo;Italie part en tant que championne en titre et cherche \u00e0 r\u00e9it\u00e9rer la victoire qu&rsquo;elle a remport\u00e9e \u00e0 domicile l&rsquo;ann\u00e9e derni\u00e8re. Le pays a aussi gagn\u00e9 le Troph\u00e9e mondial FIM l&rsquo;ann\u00e9e derni\u00e8re et r\u00eave d&rsquo;un nouveau doubl\u00e9.<\/p>\n<p>Avec des coureurs comme Enrico Rinaldi (GASGAS) performant sur le circuit mondial, et soutenu par toute une nation, une victoire italienne n&rsquo;est certainement pas une hypoth\u00e8se \u00e0 exclure.<\/p>\n<p>L&rsquo;Espagne et les \u00c9tats-Unis se sont class\u00e9s deuxi\u00e8me et troisi\u00e8me en 2021 respectivement et en dehors des dix premi\u00e8res nations, on trouve la France, capable de grandes choses \u00e0 domicile.<\/p>\n<p>Le chef de file des Bleus sera le nouveau champion du monde Junior d&rsquo;Enduro FIM Zach Pichon (Sherco). Relativement novice en enduro, le Fran\u00e7ais a fait irruption sur la sc\u00e8ne mondiale cette ann\u00e9e.<\/p>\n<p>Le fils de Mikael, deux fois champion du monde FIM de motocross, est pass\u00e9 \u00e0 l&rsquo;enduro en 2021 et le succ\u00e8s est venu instantan\u00e9ment. D\u00e8s la premi\u00e8re manche du Championnat du monde, Pichon a frapp\u00e9 fort en remportant sept courses cons\u00e9cutives.<\/p>\n<p>Avec une double victoire lors de l&rsquo;avant-derni\u00e8re manche en Hongrie, le pilote Sherco a remport\u00e9 le titre \u00e0 une manche de la fin. Et bien que les FIM ISDE soient une \u00e9preuve tr\u00e8s diff\u00e9rente, Pichon voudra sans aucun doute impressionner.<\/p>\n<p>Pichon est rejoint par Luc Fargier (Beta), actuellement troisi\u00e8me au classement g\u00e9n\u00e9ral du Championnat du Monde Junior, tout en \u00e9tant \u00e9galement en t\u00eate de la cat\u00e9gorie Junior2. Avec Antoine Alix (Husqvarna), la France semble avoir la vitesse n\u00e9cessaire pour gagner.<\/p>\n<p>Mais, comme c&rsquo;est toujours le cas avec les FIM ISDE, il y a six jours de course incroyablement durs et exigeants \u00e0 endurer avant la remise du troph\u00e9e. Rien n&rsquo;est jamais acquis dans cette discipline.<\/p>\n<p>Le Concours international des Six Jours d&rsquo;Enduro (ISDE en anglais) se d\u00e9roule au Puy-en-Velay (France) du 29 ao\u00fbt au 3 septembre.<\/p>\n<\/div><\/div><\/div><\/div><\/div>\n","protected":false},"excerpt":{"rendered":"","protected":false},"author":10,"featured_media":40424,"comment_status":"open","ping_status":"open","sticky":false,"template":"","format":"standard","meta":{"inline_featured_image":false,"footnotes":""},"categories":[75,95],"tags":[],"class_list":["post-40358","post","type-post","status-publish","format-standard","has-post-thumbnail","hentry","category-articles","category-avant-isde2022"],"yoast_head":"<!-- This site is optimized with the Yoast SEO plugin v25.6 - https:\/\/yoast.com\/wordpress\/plugins\/seo\/ -->\n<title>La France pour la gloire \u00e0 domicile dans le Troph\u00e9e FIM Junior des ISDE - FIM ISDE 2022<\/title>\n<meta name=\"description\" content=\"Pr\u00e9voir l&#039;issue du Troph\u00e9e FIM Junior du Concours international des Six Jours d&#039;Enduro FIM (ISDE en anglais) rel\u00e8ve toujours de la gageure. Sur ce tremplin important vers la sc\u00e8ne mondiale, de nombreux pilotes se cherchent encore en enduro. Souvent, ils se transcendent lorsqu&#039;ils franchissent la ligne de d\u00e9part en portant les couleurs de leur nation.\" \/>\n<meta name=\"robots\" content=\"index, follow, max-snippet:-1, max-image-preview:large, max-video-preview:-1\" \/>\n<link rel=\"canonical\" href=\"https:\/\/2022.fim-6days.com\/fr\/la-france-pour-la-gloire-a-domicile-dans-le-trophee-fim-junior-des-isde\/\" \/>\n<meta property=\"og:locale\" content=\"fr_FR\" \/>\n<meta property=\"og:type\" content=\"article\" \/>\n<meta property=\"og:title\" content=\"La France pour la gloire \u00e0 domicile dans le Troph\u00e9e FIM Junior des ISDE - FIM ISDE 2022\" \/>\n<meta property=\"og:description\" content=\"Pr\u00e9voir l&#039;issue du Troph\u00e9e FIM Junior du Concours international des Six Jours d&#039;Enduro FIM (ISDE en anglais) rel\u00e8ve toujours de la gageure. Sur ce tremplin important vers la sc\u00e8ne mondiale, de nombreux pilotes se cherchent encore en enduro. Souvent, ils se transcendent lorsqu&#039;ils franchissent la ligne de d\u00e9part en portant les couleurs de leur nation.\" \/>\n<meta property=\"og:url\" content=\"https:\/\/2022.fim-6days.com\/fr\/la-france-pour-la-gloire-a-domicile-dans-le-trophee-fim-junior-des-isde\/\" \/>\n<meta property=\"og:site_name\" content=\"FIM ISDE 2022\" \/>\n<meta property=\"article:publisher\" content=\"https:\/\/www.facebook.com\/FIMISDE\/\" \/>\n<meta property=\"article:published_time\" content=\"2022-08-25T12:00:44+00:00\" \/>\n<meta property=\"article:modified_time\" content=\"2022-08-25T13:02:23+00:00\" \/>\n<meta property=\"og:image\" content=\"https:\/\/2022.fim-6days.com\/wp-content\/uploads\/sites\/7\/2022\/08\/Luc-Fargier-64-Rivanazzano-Terme-ITA-\u00a9-FIM-Dario-Agrati.jpg\" \/>\n\t<meta property=\"og:image:width\" content=\"1920\" \/>\n\t<meta property=\"og:image:height\" content=\"1282\" \/>\n\t<meta property=\"og:image:type\" content=\"image\/jpeg\" \/>\n<meta name=\"author\" content=\"kategtof\" \/>\n<meta name=\"twitter:card\" content=\"summary_large_image\" \/>\n<meta name=\"twitter:creator\" content=\"@fimisde\" \/>\n<meta name=\"twitter:site\" content=\"@fimisde\" \/>\n<meta name=\"twitter:label1\" content=\"\u00c9crit par\" \/>\n\t<meta name=\"twitter:data1\" content=\"kategtof\" \/>\n\t<meta name=\"twitter:label2\" content=\"Dur\u00e9e de lecture estim\u00e9e\" \/>\n\t<meta name=\"twitter:data2\" content=\"3 minutes\" \/>\n<script type=\"application\/ld+json\" class=\"yoast-schema-graph\">{\"@context\":\"https:\/\/schema.org\",\"@graph\":[{\"@type\":\"Article\",\"@id\":\"https:\/\/2022.fim-6days.com\/fr\/la-france-pour-la-gloire-a-domicile-dans-le-trophee-fim-junior-des-isde\/#article\",\"isPartOf\":{\"@id\":\"https:\/\/2022.fim-6days.com\/fr\/la-france-pour-la-gloire-a-domicile-dans-le-trophee-fim-junior-des-isde\/\"},\"author\":{\"name\":\"kategtof\",\"@id\":\"https:\/\/2022.fim-6days.com\/fr\/#\/schema\/person\/db95d361606346a0067912f18df924ab\"},\"headline\":\"La France pour la gloire \u00e0 domicile dans le Troph\u00e9e FIM Junior des ISDE\",\"datePublished\":\"2022-08-25T12:00:44+00:00\",\"dateModified\":\"2022-08-25T13:02:23+00:00\",\"mainEntityOfPage\":{\"@id\":\"https:\/\/2022.fim-6days.com\/fr\/la-france-pour-la-gloire-a-domicile-dans-le-trophee-fim-junior-des-isde\/\"},\"wordCount\":1104,\"commentCount\":0,\"publisher\":{\"@id\":\"https:\/\/2022.fim-6days.com\/fr\/#organization\"},\"image\":{\"@id\":\"https:\/\/2022.fim-6days.com\/fr\/la-france-pour-la-gloire-a-domicile-dans-le-trophee-fim-junior-des-isde\/#primaryimage\"},\"thumbnailUrl\":\"https:\/\/2022.fim-6days.com\/wp-content\/uploads\/sites\/7\/2022\/08\/Luc-Fargier-64-Rivanazzano-Terme-ITA-\u00a9-FIM-Dario-Agrati.jpg\",\"articleSection\":[\"Articles\",\"Avant ISDE2022\"],\"inLanguage\":\"fr-FR\",\"potentialAction\":[{\"@type\":\"CommentAction\",\"name\":\"Comment\",\"target\":[\"https:\/\/2022.fim-6days.com\/fr\/la-france-pour-la-gloire-a-domicile-dans-le-trophee-fim-junior-des-isde\/#respond\"]}]},{\"@type\":\"WebPage\",\"@id\":\"https:\/\/2022.fim-6days.com\/fr\/la-france-pour-la-gloire-a-domicile-dans-le-trophee-fim-junior-des-isde\/\",\"url\":\"https:\/\/2022.fim-6days.com\/fr\/la-france-pour-la-gloire-a-domicile-dans-le-trophee-fim-junior-des-isde\/\",\"name\":\"La France pour la gloire \u00e0 domicile dans le Troph\u00e9e FIM Junior des ISDE - FIM ISDE 2022\",\"isPartOf\":{\"@id\":\"https:\/\/2022.fim-6days.com\/fr\/#website\"},\"primaryImageOfPage\":{\"@id\":\"https:\/\/2022.fim-6days.com\/fr\/la-france-pour-la-gloire-a-domicile-dans-le-trophee-fim-junior-des-isde\/#primaryimage\"},\"image\":{\"@id\":\"https:\/\/2022.fim-6days.com\/fr\/la-france-pour-la-gloire-a-domicile-dans-le-trophee-fim-junior-des-isde\/#primaryimage\"},\"thumbnailUrl\":\"https:\/\/2022.fim-6days.com\/wp-content\/uploads\/sites\/7\/2022\/08\/Luc-Fargier-64-Rivanazzano-Terme-ITA-\u00a9-FIM-Dario-Agrati.jpg\",\"datePublished\":\"2022-08-25T12:00:44+00:00\",\"dateModified\":\"2022-08-25T13:02:23+00:00\",\"description\":\"Pr\u00e9voir l'issue du Troph\u00e9e FIM Junior du Concours international des Six Jours d'Enduro FIM (ISDE en anglais) rel\u00e8ve toujours de la gageure. Sur ce tremplin important vers la sc\u00e8ne mondiale, de nombreux pilotes se cherchent encore en enduro. Souvent, ils se transcendent lorsqu'ils franchissent la ligne de d\u00e9part en portant les couleurs de leur nation.\",\"breadcrumb\":{\"@id\":\"https:\/\/2022.fim-6days.com\/fr\/la-france-pour-la-gloire-a-domicile-dans-le-trophee-fim-junior-des-isde\/#breadcrumb\"},\"inLanguage\":\"fr-FR\",\"potentialAction\":[{\"@type\":\"ReadAction\",\"target\":[\"https:\/\/2022.fim-6days.com\/fr\/la-france-pour-la-gloire-a-domicile-dans-le-trophee-fim-junior-des-isde\/\"]}]},{\"@type\":\"ImageObject\",\"inLanguage\":\"fr-FR\",\"@id\":\"https:\/\/2022.fim-6days.com\/fr\/la-france-pour-la-gloire-a-domicile-dans-le-trophee-fim-junior-des-isde\/#primaryimage\",\"url\":\"https:\/\/2022.fim-6days.com\/wp-content\/uploads\/sites\/7\/2022\/08\/Luc-Fargier-64-Rivanazzano-Terme-ITA-\u00a9-FIM-Dario-Agrati.jpg\",\"contentUrl\":\"https:\/\/2022.fim-6days.com\/wp-content\/uploads\/sites\/7\/2022\/08\/Luc-Fargier-64-Rivanazzano-Terme-ITA-\u00a9-FIM-Dario-Agrati.jpg\",\"width\":1920,\"height\":1282},{\"@type\":\"BreadcrumbList\",\"@id\":\"https:\/\/2022.fim-6days.com\/fr\/la-france-pour-la-gloire-a-domicile-dans-le-trophee-fim-junior-des-isde\/#breadcrumb\",\"itemListElement\":[{\"@type\":\"ListItem\",\"position\":1,\"name\":\"Home\",\"item\":\"https:\/\/2022.fim-6days.com\/fr\/\"},{\"@type\":\"ListItem\",\"position\":2,\"name\":\"La France pour la gloire \u00e0 domicile dans le Troph\u00e9e FIM Junior des ISDE\"}]},{\"@type\":\"WebSite\",\"@id\":\"https:\/\/2022.fim-6days.com\/fr\/#website\",\"url\":\"https:\/\/2022.fim-6days.com\/fr\/\",\"name\":\"FIM ISDE 2021\",\"description\":\"FIM ISDE Official website\",\"publisher\":{\"@id\":\"https:\/\/2022.fim-6days.com\/fr\/#organization\"},\"potentialAction\":[{\"@type\":\"SearchAction\",\"target\":{\"@type\":\"EntryPoint\",\"urlTemplate\":\"https:\/\/2022.fim-6days.com\/fr\/?s={search_term_string}\"},\"query-input\":{\"@type\":\"PropertyValueSpecification\",\"valueRequired\":true,\"valueName\":\"search_term_string\"}}],\"inLanguage\":\"fr-FR\"},{\"@type\":\"Organization\",\"@id\":\"https:\/\/2022.fim-6days.com\/fr\/#organization\",\"name\":\"FIM - F\u00e9d\u00e9ration Internationale de Motocyclisme\",\"url\":\"https:\/\/2022.fim-6days.com\/fr\/\",\"logo\":{\"@type\":\"ImageObject\",\"inLanguage\":\"fr-FR\",\"@id\":\"https:\/\/2022.fim-6days.com\/fr\/#\/schema\/logo\/image\/\",\"url\":\"https:\/\/2022.fim-6days.com\/wp-content\/uploads\/sites\/7\/2019\/07\/LogoFIM-CMYK.png\",\"contentUrl\":\"https:\/\/2022.fim-6days.com\/wp-content\/uploads\/sites\/7\/2019\/07\/LogoFIM-CMYK.png\",\"width\":2608,\"height\":1833,\"caption\":\"FIM - F\u00e9d\u00e9ration Internationale de Motocyclisme\"},\"image\":{\"@id\":\"https:\/\/2022.fim-6days.com\/fr\/#\/schema\/logo\/image\/\"},\"sameAs\":[\"https:\/\/www.facebook.com\/FIMISDE\/\",\"https:\/\/x.com\/fimisde\",\"https:\/\/www.instagram.com\/fim_isde\/\"]},{\"@type\":\"Person\",\"@id\":\"https:\/\/2022.fim-6days.com\/fr\/#\/schema\/person\/db95d361606346a0067912f18df924ab\",\"name\":\"kategtof\",\"image\":{\"@type\":\"ImageObject\",\"inLanguage\":\"fr-FR\",\"@id\":\"https:\/\/2022.fim-6days.com\/fr\/#\/schema\/person\/image\/\",\"url\":\"https:\/\/secure.gravatar.com\/avatar\/c3274649b10bd4db8211a9c5582941bc84ee6a5163a0df3f96f7a4130961d5e1?s=96&d=mm&r=g\",\"contentUrl\":\"https:\/\/secure.gravatar.com\/avatar\/c3274649b10bd4db8211a9c5582941bc84ee6a5163a0df3f96f7a4130961d5e1?s=96&d=mm&r=g\",\"caption\":\"kategtof\"},\"url\":\"https:\/\/2022.fim-6days.com\/fr\/author\/kategtof\/\"}]}<\/script>\n<!-- \/ Yoast SEO plugin. -->","yoast_head_json":{"title":"La France pour la gloire \u00e0 domicile dans le Troph\u00e9e FIM Junior des ISDE - FIM ISDE 2022","description":"Pr\u00e9voir l'issue du Troph\u00e9e FIM Junior du Concours international des Six Jours d'Enduro FIM (ISDE en anglais) rel\u00e8ve toujours de la gageure. Sur ce tremplin important vers la sc\u00e8ne mondiale, de nombreux pilotes se cherchent encore en enduro. Souvent, ils se transcendent lorsqu'ils franchissent la ligne de d\u00e9part en portant les couleurs de leur nation.","robots":{"index":"index","follow":"follow","max-snippet":"max-snippet:-1","max-image-preview":"max-image-preview:large","max-video-preview":"max-video-preview:-1"},"canonical":"https:\/\/2022.fim-6days.com\/fr\/la-france-pour-la-gloire-a-domicile-dans-le-trophee-fim-junior-des-isde\/","og_locale":"fr_FR","og_type":"article","og_title":"La France pour la gloire \u00e0 domicile dans le Troph\u00e9e FIM Junior des ISDE - FIM ISDE 2022","og_description":"Pr\u00e9voir l'issue du Troph\u00e9e FIM Junior du Concours international des Six Jours d'Enduro FIM (ISDE en anglais) rel\u00e8ve toujours de la gageure. Sur ce tremplin important vers la sc\u00e8ne mondiale, de nombreux pilotes se cherchent encore en enduro. Souvent, ils se transcendent lorsqu'ils franchissent la ligne de d\u00e9part en portant les couleurs de leur nation.","og_url":"https:\/\/2022.fim-6days.com\/fr\/la-france-pour-la-gloire-a-domicile-dans-le-trophee-fim-junior-des-isde\/","og_site_name":"FIM ISDE 2022","article_publisher":"https:\/\/www.facebook.com\/FIMISDE\/","article_published_time":"2022-08-25T12:00:44+00:00","article_modified_time":"2022-08-25T13:02:23+00:00","og_image":[{"width":1920,"height":1282,"url":"https:\/\/2022.fim-6days.com\/wp-content\/uploads\/sites\/7\/2022\/08\/Luc-Fargier-64-Rivanazzano-Terme-ITA-\u00a9-FIM-Dario-Agrati.jpg","type":"image\/jpeg"}],"author":"kategtof","twitter_card":"summary_large_image","twitter_creator":"@fimisde","twitter_site":"@fimisde","twitter_misc":{"\u00c9crit par":"kategtof","Dur\u00e9e de lecture estim\u00e9e":"3 minutes"},"schema":{"@context":"https:\/\/schema.org","@graph":[{"@type":"Article","@id":"https:\/\/2022.fim-6days.com\/fr\/la-france-pour-la-gloire-a-domicile-dans-le-trophee-fim-junior-des-isde\/#article","isPartOf":{"@id":"https:\/\/2022.fim-6days.com\/fr\/la-france-pour-la-gloire-a-domicile-dans-le-trophee-fim-junior-des-isde\/"},"author":{"name":"kategtof","@id":"https:\/\/2022.fim-6days.com\/fr\/#\/schema\/person\/db95d361606346a0067912f18df924ab"},"headline":"La France pour la gloire \u00e0 domicile dans le Troph\u00e9e FIM Junior des ISDE","datePublished":"2022-08-25T12:00:44+00:00","dateModified":"2022-08-25T13:02:23+00:00","mainEntityOfPage":{"@id":"https:\/\/2022.fim-6days.com\/fr\/la-france-pour-la-gloire-a-domicile-dans-le-trophee-fim-junior-des-isde\/"},"wordCount":1104,"commentCount":0,"publisher":{"@id":"https:\/\/2022.fim-6days.com\/fr\/#organization"},"image":{"@id":"https:\/\/2022.fim-6days.com\/fr\/la-france-pour-la-gloire-a-domicile-dans-le-trophee-fim-junior-des-isde\/#primaryimage"},"thumbnailUrl":"https:\/\/2022.fim-6days.com\/wp-content\/uploads\/sites\/7\/2022\/08\/Luc-Fargier-64-Rivanazzano-Terme-ITA-\u00a9-FIM-Dario-Agrati.jpg","articleSection":["Articles","Avant ISDE2022"],"inLanguage":"fr-FR","potentialAction":[{"@type":"CommentAction","name":"Comment","target":["https:\/\/2022.fim-6days.com\/fr\/la-france-pour-la-gloire-a-domicile-dans-le-trophee-fim-junior-des-isde\/#respond"]}]},{"@type":"WebPage","@id":"https:\/\/2022.fim-6days.com\/fr\/la-france-pour-la-gloire-a-domicile-dans-le-trophee-fim-junior-des-isde\/","url":"https:\/\/2022.fim-6days.com\/fr\/la-france-pour-la-gloire-a-domicile-dans-le-trophee-fim-junior-des-isde\/","name":"La France pour la gloire \u00e0 domicile dans le Troph\u00e9e FIM Junior des ISDE - FIM ISDE 2022","isPartOf":{"@id":"https:\/\/2022.fim-6days.com\/fr\/#website"},"primaryImageOfPage":{"@id":"https:\/\/2022.fim-6days.com\/fr\/la-france-pour-la-gloire-a-domicile-dans-le-trophee-fim-junior-des-isde\/#primaryimage"},"image":{"@id":"https:\/\/2022.fim-6days.com\/fr\/la-france-pour-la-gloire-a-domicile-dans-le-trophee-fim-junior-des-isde\/#primaryimage"},"thumbnailUrl":"https:\/\/2022.fim-6days.com\/wp-content\/uploads\/sites\/7\/2022\/08\/Luc-Fargier-64-Rivanazzano-Terme-ITA-\u00a9-FIM-Dario-Agrati.jpg","datePublished":"2022-08-25T12:00:44+00:00","dateModified":"2022-08-25T13:02:23+00:00","description":"Pr\u00e9voir l'issue du Troph\u00e9e FIM Junior du Concours international des Six Jours d'Enduro FIM (ISDE en anglais) rel\u00e8ve toujours de la gageure. Sur ce tremplin important vers la sc\u00e8ne mondiale, de nombreux pilotes se cherchent encore en enduro. Souvent, ils se transcendent lorsqu'ils franchissent la ligne de d\u00e9part en portant les couleurs de leur nation.","breadcrumb":{"@id":"https:\/\/2022.fim-6days.com\/fr\/la-france-pour-la-gloire-a-domicile-dans-le-trophee-fim-junior-des-isde\/#breadcrumb"},"inLanguage":"fr-FR","potentialAction":[{"@type":"ReadAction","target":["https:\/\/2022.fim-6days.com\/fr\/la-france-pour-la-gloire-a-domicile-dans-le-trophee-fim-junior-des-isde\/"]}]},{"@type":"ImageObject","inLanguage":"fr-FR","@id":"https:\/\/2022.fim-6days.com\/fr\/la-france-pour-la-gloire-a-domicile-dans-le-trophee-fim-junior-des-isde\/#primaryimage","url":"https:\/\/2022.fim-6days.com\/wp-content\/uploads\/sites\/7\/2022\/08\/Luc-Fargier-64-Rivanazzano-Terme-ITA-\u00a9-FIM-Dario-Agrati.jpg","contentUrl":"https:\/\/2022.fim-6days.com\/wp-content\/uploads\/sites\/7\/2022\/08\/Luc-Fargier-64-Rivanazzano-Terme-ITA-\u00a9-FIM-Dario-Agrati.jpg","width":1920,"height":1282},{"@type":"BreadcrumbList","@id":"https:\/\/2022.fim-6days.com\/fr\/la-france-pour-la-gloire-a-domicile-dans-le-trophee-fim-junior-des-isde\/#breadcrumb","itemListElement":[{"@type":"ListItem","position":1,"name":"Home","item":"https:\/\/2022.fim-6days.com\/fr\/"},{"@type":"ListItem","position":2,"name":"La France pour la gloire \u00e0 domicile dans le Troph\u00e9e FIM Junior des ISDE"}]},{"@type":"WebSite","@id":"https:\/\/2022.fim-6days.com\/fr\/#website","url":"https:\/\/2022.fim-6days.com\/fr\/","name":"FIM ISDE 2021","description":"FIM ISDE Official website","publisher":{"@id":"https:\/\/2022.fim-6days.com\/fr\/#organization"},"potentialAction":[{"@type":"SearchAction","target":{"@type":"EntryPoint","urlTemplate":"https:\/\/2022.fim-6days.com\/fr\/?s={search_term_string}"},"query-input":{"@type":"PropertyValueSpecification","valueRequired":true,"valueName":"search_term_string"}}],"inLanguage":"fr-FR"},{"@type":"Organization","@id":"https:\/\/2022.fim-6days.com\/fr\/#organization","name":"FIM - F\u00e9d\u00e9ration Internationale de Motocyclisme","url":"https:\/\/2022.fim-6days.com\/fr\/","logo":{"@type":"ImageObject","inLanguage":"fr-FR","@id":"https:\/\/2022.fim-6days.com\/fr\/#\/schema\/logo\/image\/","url":"https:\/\/2022.fim-6days.com\/wp-content\/uploads\/sites\/7\/2019\/07\/LogoFIM-CMYK.png","contentUrl":"https:\/\/2022.fim-6days.com\/wp-content\/uploads\/sites\/7\/2019\/07\/LogoFIM-CMYK.png","width":2608,"height":1833,"caption":"FIM - F\u00e9d\u00e9ration Internationale de Motocyclisme"},"image":{"@id":"https:\/\/2022.fim-6days.com\/fr\/#\/schema\/logo\/image\/"},"sameAs":["https:\/\/www.facebook.com\/FIMISDE\/","https:\/\/x.com\/fimisde","https:\/\/www.instagram.com\/fim_isde\/"]},{"@type":"Person","@id":"https:\/\/2022.fim-6days.com\/fr\/#\/schema\/person\/db95d361606346a0067912f18df924ab","name":"kategtof","image":{"@type":"ImageObject","inLanguage":"fr-FR","@id":"https:\/\/2022.fim-6days.com\/fr\/#\/schema\/person\/image\/","url":"https:\/\/secure.gravatar.com\/avatar\/c3274649b10bd4db8211a9c5582941bc84ee6a5163a0df3f96f7a4130961d5e1?s=96&d=mm&r=g","contentUrl":"https:\/\/secure.gravatar.com\/avatar\/c3274649b10bd4db8211a9c5582941bc84ee6a5163a0df3f96f7a4130961d5e1?s=96&d=mm&r=g","caption":"kategtof"},"url":"https:\/\/2022.fim-6days.com\/fr\/author\/kategtof\/"}]}},"_links":{"self":[{"href":"https:\/\/2022.fim-6days.com\/fr\/wp-json\/wp\/v2\/posts\/40358","targetHints":{"allow":["GET"]}}],"collection":[{"href":"https:\/\/2022.fim-6days.com\/fr\/wp-json\/wp\/v2\/posts"}],"about":[{"href":"https:\/\/2022.fim-6days.com\/fr\/wp-json\/wp\/v2\/types\/post"}],"author":[{"embeddable":true,"href":"https:\/\/2022.fim-6days.com\/fr\/wp-json\/wp\/v2\/users\/10"}],"replies":[{"embeddable":true,"href":"https:\/\/2022.fim-6days.com\/fr\/wp-json\/wp\/v2\/comments?post=40358"}],"version-history":[{"count":1,"href":"https:\/\/2022.fim-6days.com\/fr\/wp-json\/wp\/v2\/posts\/40358\/revisions"}],"predecessor-version":[{"id":40382,"href":"https:\/\/2022.fim-6days.com\/fr\/wp-json\/wp\/v2\/posts\/40358\/revisions\/40382"}],"wp:featuredmedia":[{"embeddable":true,"href":"https:\/\/2022.fim-6days.com\/fr\/wp-json\/wp\/v2\/media\/40424"}],"wp:attachment":[{"href":"https:\/\/2022.fim-6days.com\/fr\/wp-json\/wp\/v2\/media?parent=40358"}],"wp:term":[{"taxonomy":"category","embeddable":true,"href":"https:\/\/2022.fim-6days.com\/fr\/wp-json\/wp\/v2\/categories?post=40358"},{"taxonomy":"post_tag","embeddable":true,"href":"https:\/\/2022.fim-6days.com\/fr\/wp-json\/wp\/v2\/tags?post=40358"}],"curies":[{"name":"wp","href":"https:\/\/api.w.org\/{rel}","templated":true}]}}