{"id":40178,"date":"2022-08-25T10:00:02","date_gmt":"2022-08-25T08:00:02","guid":{"rendered":"https:\/\/2022.fim-6days.com\/?p=40178"},"modified":"2022-08-25T10:04:17","modified_gmt":"2022-08-25T08:04:17","slug":"josep-garcia-la-france-sait-comment-mettre-en-place-une-course-speciale","status":"publish","type":"post","link":"https:\/\/2022.fim-6days.com\/fr\/josep-garcia-la-france-sait-comment-mettre-en-place-une-course-speciale\/","title":{"rendered":"Josep Garcia: \u00abLa France sait comment mettre en place une course sp\u00e9ciale\u00bb"},"content":{"rendered":"<div class=\"fusion-fullwidth fullwidth-box fusion-builder-row-1 fusion-flex-container nonhundred-percent-fullwidth non-hundred-percent-height-scrolling\" style=\"--awb-border-radius-top-left:0px;--awb-border-radius-top-right:0px;--awb-border-radius-bottom-right:0px;--awb-border-radius-bottom-left:0px;--awb-padding-top:0px;--awb-padding-bottom:0px;--awb-flex-wrap:wrap;\" ><div class=\"fusion-builder-row fusion-row fusion-flex-align-items-flex-start fusion-flex-content-wrap\" style=\"max-width:1248px;margin-left: calc(-4% \/ 2 );margin-right: calc(-4% \/ 2 );\"><div class=\"fusion-layout-column fusion_builder_column fusion-builder-column-0 fusion_builder_column_1_1 1_1 fusion-flex-column\" style=\"--awb-padding-top:0px;--awb-padding-bottom:0px;--awb-bg-size:cover;--awb-width-large:100%;--awb-margin-top-large:0px;--awb-spacing-right-large:1.92%;--awb-margin-bottom-large:0px;--awb-spacing-left-large:1.92%;--awb-width-medium:100%;--awb-order-medium:0;--awb-spacing-right-medium:1.92%;--awb-spacing-left-medium:1.92%;--awb-width-small:100%;--awb-order-small:0;--awb-spacing-right-small:1.92%;--awb-spacing-left-small:1.92%;\"><div class=\"fusion-column-wrapper fusion-column-has-shadow fusion-flex-justify-content-flex-start fusion-content-layout-column\"><div class=\"fusion-text fusion-text-1\" style=\"--awb-text-transform:none;\"><p><strong>L&rsquo;Espagnol Josep Garcia entame cette ann\u00e9e le Concours international des Six Jours d&rsquo;Enduro (ISDE en anglais) parmi les grands favoris pour la victoire. Il a remport\u00e9 l&rsquo;\u00e9v\u00e9nement en 2021 en individuel et sa forme jusqu&rsquo;\u00e0 pr\u00e9sent en 2022 peut lui donner l&rsquo;espoir de r\u00e9\u00e9diter cet exploit.<\/strong><\/p>\n<p>\u00c0 la lutte avec les meilleurs dans le Championnat du monde FIM d&rsquo;EnduroGP, Garcia a remport\u00e9 quatre journ\u00e9es de course. Une blessure, toutefois, l&rsquo;a forc\u00e9 \u00e0 faire une croix sur le titre, mais sa double victoire la plus r\u00e9cente, \u00e0 l&rsquo;EnduroGP de Hongrie, montre qu&rsquo;il est en forme, en pleine sant\u00e9 et qu&rsquo;il est au sommet au bon moment pour les FIM ISDE en France.<\/p>\n<p>\u00abJe suis enthousiaste \u00e0 l&rsquo;id\u00e9e de revenir aux ISDE\u00bb, d\u00e9clare Garcia. \u00abC&rsquo;est toujours un de mes moments forts de l&rsquo;ann\u00e9e et, apr\u00e8s avoir gagn\u00e9 en 2021, j&rsquo;ai h\u00e2te de les disputer \u00e0 nouveau.\u00bb<\/p>\n<p>\u00abChaque fois que vous prenez le d\u00e9part d&rsquo;une course comme celle-ci, l&rsquo;objectif est toujours le m\u00eame, gagner. C&rsquo;est les FIM ISDE, le plus grand enduro de l&rsquo;ann\u00e9e. Bien s\u00fbr, vous voulez gagner la course qui focalise le plus l&rsquo;attention!\u00bb<\/p>\n<p>Avec cette blessure, 2022 ne s&rsquo;est pas pass\u00e9e comme pr\u00e9vu pour Garcia. Il faut du temps pour retrouver la confiance. Mais si quelque chose peut aider Josep \u00e0 arriver en France sur une bonne dynamique, c&rsquo;est bien son succ\u00e8s en Hongrie.<\/p>\n<p>\u00abCette ann\u00e9e a \u00e9t\u00e9 un peu \u00e9trange, mais aussi tr\u00e8s bonne en m\u00eame temps. Dans le Championnat du Monde, ma vitesse a \u00e9t\u00e9 au rendez-vous. Je me suis battu pour gagner, mais, bien s\u00fbr, ma blessure a fait mis un terme \u00e0 mes espoirs de titre. Je suis revenu et j&rsquo;ai gagn\u00e9 les deux jours en Hongrie, donc c&rsquo;est une performance vraiment positive pour la France\u00bb, reprend-il.<\/p>\n<p>L&rsquo;un des points forts pour les coureurs du monde entier qui viennent cette ann\u00e9e aux ISDE est qu&rsquo;un pays comme la France fait partie des plus experts concernant le trac\u00e9 de la course. Or imaginer et proposer des \u00e9preuves sp\u00e9ciales est une forme d&rsquo;art pour les pilotes et Josep a h\u00e2te de les emprunter.<\/p>\n<p>\u00abJe pense que la France va offrir une course d&rsquo;un genre particulier. Les Fran\u00e7ais, sont en quelque sorte \u00e0 l&rsquo;origine de l&rsquo;Enduro, en ce sens qu&rsquo;ils pr\u00e9parent tr\u00e8s bien les parcours. La France sait comment mettre en place une course sp\u00e9ciale\u00bb, note-t-il.<\/p>\n<p>\u00abJ&rsquo;aime aussi le style d&rsquo;\u00e9preuves sp\u00e9ciales que nous rencontrons en France. Elles sont tr\u00e8s classiques en Enduro. En g\u00e9n\u00e9ral, elles sont fluides et ludiques. On dit aussi qu&rsquo;il y aura beaucoup de sp\u00e9ciales. Cela les rendra difficiles \u00e0 retenir, mais cela peut aussi \u00eatre une bonne chose. Plus de parcours signifie que nous les r\u00e9p\u00e9terons moins, donc ils ne seront peut-\u00eatre pas aussi us\u00e9s que d&rsquo;habitude\u00bb.<\/p>\n<p>Alors que l&rsquo;accent a \u00e9t\u00e9 mis sur la performance individuelle de Josep, les FIM ISDE repr\u00e9sentent avant tout une course d&rsquo;\u00e9quipe que l&rsquo;Espagne n&rsquo;a toujours pas gagn\u00e9e, Josep voit-il cela changer en 2022?<\/p>\n<p>\u00abSur le plan collectif, je pense que nous pouvons faire assez bien\u00bb, r\u00e9pond Garcia. \u00abTout le monde (dans l&rsquo;\u00e9quipe d&rsquo;Espagne) a un bon niveau dans le Championnat du monde et nous avons un bon mix de talent et d&rsquo;exp\u00e9rience. Pas seulement chez les coureurs, mais aussi dans le staff et tous ceux et toutes celles qui nous aident. L&rsquo;Espagne n&rsquo;a jamais gagn\u00e9 cette course, j&rsquo;aimerais contribuer \u00e0 changer cela\u00bb.<\/p>\n<p>Les FIM ISDE sont \u00e0 suivre au Puy-en-Velay du 29 ao\u00fbt au 3 septembre.<\/p>\n<\/div><\/div><\/div><\/div><\/div>\n","protected":false},"excerpt":{"rendered":"","protected":false},"author":10,"featured_media":40180,"comment_status":"open","ping_status":"open","sticky":false,"template":"","format":"standard","meta":{"inline_featured_image":false,"footnotes":""},"categories":[75,95],"tags":[],"class_list":["post-40178","post","type-post","status-publish","format-standard","has-post-thumbnail","hentry","category-articles","category-avant-isde2022"],"yoast_head":"<!-- This site is optimized with the Yoast SEO plugin v25.6 - https:\/\/yoast.com\/wordpress\/plugins\/seo\/ -->\n<title>Josep Garcia: \u00abLa France sait comment mettre en place une course sp\u00e9ciale\u00bb - FIM ISDE 2022<\/title>\n<meta name=\"description\" content=\"L&#039;Espagnol Josep Garcia entame cette ann\u00e9e le Concours international des Six Jours d&#039;Enduro (ISDE en anglais) parmi les grands favoris pour la victoire. Il a remport\u00e9 l&#039;\u00e9v\u00e9nement en 2021 en individuel et sa forme jusqu&#039;\u00e0 pr\u00e9sent en 2022 peut lui donner l&#039;espoir de r\u00e9\u00e9diter cet exploit.\" \/>\n<meta name=\"robots\" content=\"index, follow, max-snippet:-1, max-image-preview:large, max-video-preview:-1\" \/>\n<link rel=\"canonical\" href=\"https:\/\/2022.fim-6days.com\/fr\/josep-garcia-la-france-sait-comment-mettre-en-place-une-course-speciale\/\" \/>\n<meta property=\"og:locale\" content=\"fr_FR\" \/>\n<meta property=\"og:type\" content=\"article\" \/>\n<meta property=\"og:title\" content=\"Josep Garcia: \u00abLa France sait comment mettre en place une course sp\u00e9ciale\u00bb - FIM ISDE 2022\" \/>\n<meta property=\"og:description\" content=\"L&#039;Espagnol Josep Garcia entame cette ann\u00e9e le Concours international des Six Jours d&#039;Enduro (ISDE en anglais) parmi les grands favoris pour la victoire. Il a remport\u00e9 l&#039;\u00e9v\u00e9nement en 2021 en individuel et sa forme jusqu&#039;\u00e0 pr\u00e9sent en 2022 peut lui donner l&#039;espoir de r\u00e9\u00e9diter cet exploit.\" \/>\n<meta property=\"og:url\" content=\"https:\/\/2022.fim-6days.com\/fr\/josep-garcia-la-france-sait-comment-mettre-en-place-une-course-speciale\/\" \/>\n<meta property=\"og:site_name\" content=\"FIM ISDE 2022\" \/>\n<meta property=\"article:publisher\" content=\"https:\/\/www.facebook.com\/FIMISDE\/\" \/>\n<meta property=\"article:published_time\" content=\"2022-08-25T08:00:02+00:00\" \/>\n<meta property=\"article:modified_time\" content=\"2022-08-25T08:04:17+00:00\" \/>\n<meta property=\"og:image\" content=\"https:\/\/2022.fim-6days.com\/wp-content\/uploads\/sites\/7\/2022\/08\/002_Josep-Garcia-41-Rivanazzano-Terme-ITA-\u00a9-FIM-Dario-Agrati-3000x2000.jpg\" \/>\n\t<meta property=\"og:image:width\" content=\"3000\" \/>\n\t<meta property=\"og:image:height\" content=\"2000\" \/>\n\t<meta property=\"og:image:type\" content=\"image\/jpeg\" \/>\n<meta name=\"author\" content=\"kategtof\" \/>\n<meta name=\"twitter:card\" content=\"summary_large_image\" \/>\n<meta name=\"twitter:creator\" content=\"@fimisde\" \/>\n<meta name=\"twitter:site\" content=\"@fimisde\" \/>\n<meta name=\"twitter:label1\" content=\"\u00c9crit par\" \/>\n\t<meta name=\"twitter:data1\" content=\"kategtof\" \/>\n\t<meta name=\"twitter:label2\" content=\"Dur\u00e9e de lecture estim\u00e9e\" \/>\n\t<meta name=\"twitter:data2\" content=\"4 minutes\" \/>\n<script type=\"application\/ld+json\" class=\"yoast-schema-graph\">{\"@context\":\"https:\/\/schema.org\",\"@graph\":[{\"@type\":\"Article\",\"@id\":\"https:\/\/2022.fim-6days.com\/fr\/josep-garcia-la-france-sait-comment-mettre-en-place-une-course-speciale\/#article\",\"isPartOf\":{\"@id\":\"https:\/\/2022.fim-6days.com\/fr\/josep-garcia-la-france-sait-comment-mettre-en-place-une-course-speciale\/\"},\"author\":{\"name\":\"kategtof\",\"@id\":\"https:\/\/2022.fim-6days.com\/fr\/#\/schema\/person\/db95d361606346a0067912f18df924ab\"},\"headline\":\"Josep Garcia: \u00abLa France sait comment mettre en place une course sp\u00e9ciale\u00bb\",\"datePublished\":\"2022-08-25T08:00:02+00:00\",\"dateModified\":\"2022-08-25T08:04:17+00:00\",\"mainEntityOfPage\":{\"@id\":\"https:\/\/2022.fim-6days.com\/fr\/josep-garcia-la-france-sait-comment-mettre-en-place-une-course-speciale\/\"},\"wordCount\":1294,\"commentCount\":0,\"publisher\":{\"@id\":\"https:\/\/2022.fim-6days.com\/fr\/#organization\"},\"image\":{\"@id\":\"https:\/\/2022.fim-6days.com\/fr\/josep-garcia-la-france-sait-comment-mettre-en-place-une-course-speciale\/#primaryimage\"},\"thumbnailUrl\":\"https:\/\/2022.fim-6days.com\/wp-content\/uploads\/sites\/7\/2022\/08\/002_Josep-Garcia-41-Rivanazzano-Terme-ITA-\u00a9-FIM-Dario-Agrati.jpg\",\"articleSection\":[\"Articles\",\"Avant ISDE2022\"],\"inLanguage\":\"fr-FR\",\"potentialAction\":[{\"@type\":\"CommentAction\",\"name\":\"Comment\",\"target\":[\"https:\/\/2022.fim-6days.com\/fr\/josep-garcia-la-france-sait-comment-mettre-en-place-une-course-speciale\/#respond\"]}]},{\"@type\":\"WebPage\",\"@id\":\"https:\/\/2022.fim-6days.com\/fr\/josep-garcia-la-france-sait-comment-mettre-en-place-une-course-speciale\/\",\"url\":\"https:\/\/2022.fim-6days.com\/fr\/josep-garcia-la-france-sait-comment-mettre-en-place-une-course-speciale\/\",\"name\":\"Josep Garcia: \u00abLa France sait comment mettre en place une course sp\u00e9ciale\u00bb - FIM ISDE 2022\",\"isPartOf\":{\"@id\":\"https:\/\/2022.fim-6days.com\/fr\/#website\"},\"primaryImageOfPage\":{\"@id\":\"https:\/\/2022.fim-6days.com\/fr\/josep-garcia-la-france-sait-comment-mettre-en-place-une-course-speciale\/#primaryimage\"},\"image\":{\"@id\":\"https:\/\/2022.fim-6days.com\/fr\/josep-garcia-la-france-sait-comment-mettre-en-place-une-course-speciale\/#primaryimage\"},\"thumbnailUrl\":\"https:\/\/2022.fim-6days.com\/wp-content\/uploads\/sites\/7\/2022\/08\/002_Josep-Garcia-41-Rivanazzano-Terme-ITA-\u00a9-FIM-Dario-Agrati.jpg\",\"datePublished\":\"2022-08-25T08:00:02+00:00\",\"dateModified\":\"2022-08-25T08:04:17+00:00\",\"description\":\"L'Espagnol Josep Garcia entame cette ann\u00e9e le Concours international des Six Jours d'Enduro (ISDE en anglais) parmi les grands favoris pour la victoire. Il a remport\u00e9 l'\u00e9v\u00e9nement en 2021 en individuel et sa forme jusqu'\u00e0 pr\u00e9sent en 2022 peut lui donner l'espoir de r\u00e9\u00e9diter cet exploit.\",\"breadcrumb\":{\"@id\":\"https:\/\/2022.fim-6days.com\/fr\/josep-garcia-la-france-sait-comment-mettre-en-place-une-course-speciale\/#breadcrumb\"},\"inLanguage\":\"fr-FR\",\"potentialAction\":[{\"@type\":\"ReadAction\",\"target\":[\"https:\/\/2022.fim-6days.com\/fr\/josep-garcia-la-france-sait-comment-mettre-en-place-une-course-speciale\/\"]}]},{\"@type\":\"ImageObject\",\"inLanguage\":\"fr-FR\",\"@id\":\"https:\/\/2022.fim-6days.com\/fr\/josep-garcia-la-france-sait-comment-mettre-en-place-une-course-speciale\/#primaryimage\",\"url\":\"https:\/\/2022.fim-6days.com\/wp-content\/uploads\/sites\/7\/2022\/08\/002_Josep-Garcia-41-Rivanazzano-Terme-ITA-\u00a9-FIM-Dario-Agrati.jpg\",\"contentUrl\":\"https:\/\/2022.fim-6days.com\/wp-content\/uploads\/sites\/7\/2022\/08\/002_Josep-Garcia-41-Rivanazzano-Terme-ITA-\u00a9-FIM-Dario-Agrati.jpg\",\"width\":4252,\"height\":2835,\"caption\":\"\u00a9 FIM-Dario Agrati\"},{\"@type\":\"BreadcrumbList\",\"@id\":\"https:\/\/2022.fim-6days.com\/fr\/josep-garcia-la-france-sait-comment-mettre-en-place-une-course-speciale\/#breadcrumb\",\"itemListElement\":[{\"@type\":\"ListItem\",\"position\":1,\"name\":\"Home\",\"item\":\"https:\/\/2022.fim-6days.com\/fr\/\"},{\"@type\":\"ListItem\",\"position\":2,\"name\":\"Josep Garcia: \u00abLa France sait comment mettre en place une course sp\u00e9ciale\u00bb\"}]},{\"@type\":\"WebSite\",\"@id\":\"https:\/\/2022.fim-6days.com\/fr\/#website\",\"url\":\"https:\/\/2022.fim-6days.com\/fr\/\",\"name\":\"FIM ISDE 2021\",\"description\":\"FIM ISDE Official website\",\"publisher\":{\"@id\":\"https:\/\/2022.fim-6days.com\/fr\/#organization\"},\"potentialAction\":[{\"@type\":\"SearchAction\",\"target\":{\"@type\":\"EntryPoint\",\"urlTemplate\":\"https:\/\/2022.fim-6days.com\/fr\/?s={search_term_string}\"},\"query-input\":{\"@type\":\"PropertyValueSpecification\",\"valueRequired\":true,\"valueName\":\"search_term_string\"}}],\"inLanguage\":\"fr-FR\"},{\"@type\":\"Organization\",\"@id\":\"https:\/\/2022.fim-6days.com\/fr\/#organization\",\"name\":\"FIM - F\u00e9d\u00e9ration Internationale de Motocyclisme\",\"url\":\"https:\/\/2022.fim-6days.com\/fr\/\",\"logo\":{\"@type\":\"ImageObject\",\"inLanguage\":\"fr-FR\",\"@id\":\"https:\/\/2022.fim-6days.com\/fr\/#\/schema\/logo\/image\/\",\"url\":\"https:\/\/2022.fim-6days.com\/wp-content\/uploads\/sites\/7\/2019\/07\/LogoFIM-CMYK.png\",\"contentUrl\":\"https:\/\/2022.fim-6days.com\/wp-content\/uploads\/sites\/7\/2019\/07\/LogoFIM-CMYK.png\",\"width\":2608,\"height\":1833,\"caption\":\"FIM - F\u00e9d\u00e9ration Internationale de Motocyclisme\"},\"image\":{\"@id\":\"https:\/\/2022.fim-6days.com\/fr\/#\/schema\/logo\/image\/\"},\"sameAs\":[\"https:\/\/www.facebook.com\/FIMISDE\/\",\"https:\/\/x.com\/fimisde\",\"https:\/\/www.instagram.com\/fim_isde\/\"]},{\"@type\":\"Person\",\"@id\":\"https:\/\/2022.fim-6days.com\/fr\/#\/schema\/person\/db95d361606346a0067912f18df924ab\",\"name\":\"kategtof\",\"image\":{\"@type\":\"ImageObject\",\"inLanguage\":\"fr-FR\",\"@id\":\"https:\/\/2022.fim-6days.com\/fr\/#\/schema\/person\/image\/\",\"url\":\"https:\/\/secure.gravatar.com\/avatar\/c3274649b10bd4db8211a9c5582941bc84ee6a5163a0df3f96f7a4130961d5e1?s=96&d=mm&r=g\",\"contentUrl\":\"https:\/\/secure.gravatar.com\/avatar\/c3274649b10bd4db8211a9c5582941bc84ee6a5163a0df3f96f7a4130961d5e1?s=96&d=mm&r=g\",\"caption\":\"kategtof\"},\"url\":\"https:\/\/2022.fim-6days.com\/fr\/author\/kategtof\/\"}]}<\/script>\n<!-- \/ Yoast SEO plugin. -->","yoast_head_json":{"title":"Josep Garcia: \u00abLa France sait comment mettre en place une course sp\u00e9ciale\u00bb - FIM ISDE 2022","description":"L'Espagnol Josep Garcia entame cette ann\u00e9e le Concours international des Six Jours d'Enduro (ISDE en anglais) parmi les grands favoris pour la victoire. Il a remport\u00e9 l'\u00e9v\u00e9nement en 2021 en individuel et sa forme jusqu'\u00e0 pr\u00e9sent en 2022 peut lui donner l'espoir de r\u00e9\u00e9diter cet exploit.","robots":{"index":"index","follow":"follow","max-snippet":"max-snippet:-1","max-image-preview":"max-image-preview:large","max-video-preview":"max-video-preview:-1"},"canonical":"https:\/\/2022.fim-6days.com\/fr\/josep-garcia-la-france-sait-comment-mettre-en-place-une-course-speciale\/","og_locale":"fr_FR","og_type":"article","og_title":"Josep Garcia: \u00abLa France sait comment mettre en place une course sp\u00e9ciale\u00bb - FIM ISDE 2022","og_description":"L'Espagnol Josep Garcia entame cette ann\u00e9e le Concours international des Six Jours d'Enduro (ISDE en anglais) parmi les grands favoris pour la victoire. Il a remport\u00e9 l'\u00e9v\u00e9nement en 2021 en individuel et sa forme jusqu'\u00e0 pr\u00e9sent en 2022 peut lui donner l'espoir de r\u00e9\u00e9diter cet exploit.","og_url":"https:\/\/2022.fim-6days.com\/fr\/josep-garcia-la-france-sait-comment-mettre-en-place-une-course-speciale\/","og_site_name":"FIM ISDE 2022","article_publisher":"https:\/\/www.facebook.com\/FIMISDE\/","article_published_time":"2022-08-25T08:00:02+00:00","article_modified_time":"2022-08-25T08:04:17+00:00","og_image":[{"width":3000,"height":2000,"url":"https:\/\/2022.fim-6days.com\/wp-content\/uploads\/sites\/7\/2022\/08\/002_Josep-Garcia-41-Rivanazzano-Terme-ITA-\u00a9-FIM-Dario-Agrati-3000x2000.jpg","type":"image\/jpeg"}],"author":"kategtof","twitter_card":"summary_large_image","twitter_creator":"@fimisde","twitter_site":"@fimisde","twitter_misc":{"\u00c9crit par":"kategtof","Dur\u00e9e de lecture estim\u00e9e":"4 minutes"},"schema":{"@context":"https:\/\/schema.org","@graph":[{"@type":"Article","@id":"https:\/\/2022.fim-6days.com\/fr\/josep-garcia-la-france-sait-comment-mettre-en-place-une-course-speciale\/#article","isPartOf":{"@id":"https:\/\/2022.fim-6days.com\/fr\/josep-garcia-la-france-sait-comment-mettre-en-place-une-course-speciale\/"},"author":{"name":"kategtof","@id":"https:\/\/2022.fim-6days.com\/fr\/#\/schema\/person\/db95d361606346a0067912f18df924ab"},"headline":"Josep Garcia: \u00abLa France sait comment mettre en place une course sp\u00e9ciale\u00bb","datePublished":"2022-08-25T08:00:02+00:00","dateModified":"2022-08-25T08:04:17+00:00","mainEntityOfPage":{"@id":"https:\/\/2022.fim-6days.com\/fr\/josep-garcia-la-france-sait-comment-mettre-en-place-une-course-speciale\/"},"wordCount":1294,"commentCount":0,"publisher":{"@id":"https:\/\/2022.fim-6days.com\/fr\/#organization"},"image":{"@id":"https:\/\/2022.fim-6days.com\/fr\/josep-garcia-la-france-sait-comment-mettre-en-place-une-course-speciale\/#primaryimage"},"thumbnailUrl":"https:\/\/2022.fim-6days.com\/wp-content\/uploads\/sites\/7\/2022\/08\/002_Josep-Garcia-41-Rivanazzano-Terme-ITA-\u00a9-FIM-Dario-Agrati.jpg","articleSection":["Articles","Avant ISDE2022"],"inLanguage":"fr-FR","potentialAction":[{"@type":"CommentAction","name":"Comment","target":["https:\/\/2022.fim-6days.com\/fr\/josep-garcia-la-france-sait-comment-mettre-en-place-une-course-speciale\/#respond"]}]},{"@type":"WebPage","@id":"https:\/\/2022.fim-6days.com\/fr\/josep-garcia-la-france-sait-comment-mettre-en-place-une-course-speciale\/","url":"https:\/\/2022.fim-6days.com\/fr\/josep-garcia-la-france-sait-comment-mettre-en-place-une-course-speciale\/","name":"Josep Garcia: \u00abLa France sait comment mettre en place une course sp\u00e9ciale\u00bb - FIM ISDE 2022","isPartOf":{"@id":"https:\/\/2022.fim-6days.com\/fr\/#website"},"primaryImageOfPage":{"@id":"https:\/\/2022.fim-6days.com\/fr\/josep-garcia-la-france-sait-comment-mettre-en-place-une-course-speciale\/#primaryimage"},"image":{"@id":"https:\/\/2022.fim-6days.com\/fr\/josep-garcia-la-france-sait-comment-mettre-en-place-une-course-speciale\/#primaryimage"},"thumbnailUrl":"https:\/\/2022.fim-6days.com\/wp-content\/uploads\/sites\/7\/2022\/08\/002_Josep-Garcia-41-Rivanazzano-Terme-ITA-\u00a9-FIM-Dario-Agrati.jpg","datePublished":"2022-08-25T08:00:02+00:00","dateModified":"2022-08-25T08:04:17+00:00","description":"L'Espagnol Josep Garcia entame cette ann\u00e9e le Concours international des Six Jours d'Enduro (ISDE en anglais) parmi les grands favoris pour la victoire. Il a remport\u00e9 l'\u00e9v\u00e9nement en 2021 en individuel et sa forme jusqu'\u00e0 pr\u00e9sent en 2022 peut lui donner l'espoir de r\u00e9\u00e9diter cet exploit.","breadcrumb":{"@id":"https:\/\/2022.fim-6days.com\/fr\/josep-garcia-la-france-sait-comment-mettre-en-place-une-course-speciale\/#breadcrumb"},"inLanguage":"fr-FR","potentialAction":[{"@type":"ReadAction","target":["https:\/\/2022.fim-6days.com\/fr\/josep-garcia-la-france-sait-comment-mettre-en-place-une-course-speciale\/"]}]},{"@type":"ImageObject","inLanguage":"fr-FR","@id":"https:\/\/2022.fim-6days.com\/fr\/josep-garcia-la-france-sait-comment-mettre-en-place-une-course-speciale\/#primaryimage","url":"https:\/\/2022.fim-6days.com\/wp-content\/uploads\/sites\/7\/2022\/08\/002_Josep-Garcia-41-Rivanazzano-Terme-ITA-\u00a9-FIM-Dario-Agrati.jpg","contentUrl":"https:\/\/2022.fim-6days.com\/wp-content\/uploads\/sites\/7\/2022\/08\/002_Josep-Garcia-41-Rivanazzano-Terme-ITA-\u00a9-FIM-Dario-Agrati.jpg","width":4252,"height":2835,"caption":"\u00a9 FIM-Dario Agrati"},{"@type":"BreadcrumbList","@id":"https:\/\/2022.fim-6days.com\/fr\/josep-garcia-la-france-sait-comment-mettre-en-place-une-course-speciale\/#breadcrumb","itemListElement":[{"@type":"ListItem","position":1,"name":"Home","item":"https:\/\/2022.fim-6days.com\/fr\/"},{"@type":"ListItem","position":2,"name":"Josep Garcia: \u00abLa France sait comment mettre en place une course sp\u00e9ciale\u00bb"}]},{"@type":"WebSite","@id":"https:\/\/2022.fim-6days.com\/fr\/#website","url":"https:\/\/2022.fim-6days.com\/fr\/","name":"FIM ISDE 2021","description":"FIM ISDE Official website","publisher":{"@id":"https:\/\/2022.fim-6days.com\/fr\/#organization"},"potentialAction":[{"@type":"SearchAction","target":{"@type":"EntryPoint","urlTemplate":"https:\/\/2022.fim-6days.com\/fr\/?s={search_term_string}"},"query-input":{"@type":"PropertyValueSpecification","valueRequired":true,"valueName":"search_term_string"}}],"inLanguage":"fr-FR"},{"@type":"Organization","@id":"https:\/\/2022.fim-6days.com\/fr\/#organization","name":"FIM - F\u00e9d\u00e9ration Internationale de Motocyclisme","url":"https:\/\/2022.fim-6days.com\/fr\/","logo":{"@type":"ImageObject","inLanguage":"fr-FR","@id":"https:\/\/2022.fim-6days.com\/fr\/#\/schema\/logo\/image\/","url":"https:\/\/2022.fim-6days.com\/wp-content\/uploads\/sites\/7\/2019\/07\/LogoFIM-CMYK.png","contentUrl":"https:\/\/2022.fim-6days.com\/wp-content\/uploads\/sites\/7\/2019\/07\/LogoFIM-CMYK.png","width":2608,"height":1833,"caption":"FIM - F\u00e9d\u00e9ration Internationale de Motocyclisme"},"image":{"@id":"https:\/\/2022.fim-6days.com\/fr\/#\/schema\/logo\/image\/"},"sameAs":["https:\/\/www.facebook.com\/FIMISDE\/","https:\/\/x.com\/fimisde","https:\/\/www.instagram.com\/fim_isde\/"]},{"@type":"Person","@id":"https:\/\/2022.fim-6days.com\/fr\/#\/schema\/person\/db95d361606346a0067912f18df924ab","name":"kategtof","image":{"@type":"ImageObject","inLanguage":"fr-FR","@id":"https:\/\/2022.fim-6days.com\/fr\/#\/schema\/person\/image\/","url":"https:\/\/secure.gravatar.com\/avatar\/c3274649b10bd4db8211a9c5582941bc84ee6a5163a0df3f96f7a4130961d5e1?s=96&d=mm&r=g","contentUrl":"https:\/\/secure.gravatar.com\/avatar\/c3274649b10bd4db8211a9c5582941bc84ee6a5163a0df3f96f7a4130961d5e1?s=96&d=mm&r=g","caption":"kategtof"},"url":"https:\/\/2022.fim-6days.com\/fr\/author\/kategtof\/"}]}},"_links":{"self":[{"href":"https:\/\/2022.fim-6days.com\/fr\/wp-json\/wp\/v2\/posts\/40178","targetHints":{"allow":["GET"]}}],"collection":[{"href":"https:\/\/2022.fim-6days.com\/fr\/wp-json\/wp\/v2\/posts"}],"about":[{"href":"https:\/\/2022.fim-6days.com\/fr\/wp-json\/wp\/v2\/types\/post"}],"author":[{"embeddable":true,"href":"https:\/\/2022.fim-6days.com\/fr\/wp-json\/wp\/v2\/users\/10"}],"replies":[{"embeddable":true,"href":"https:\/\/2022.fim-6days.com\/fr\/wp-json\/wp\/v2\/comments?post=40178"}],"version-history":[{"count":1,"href":"https:\/\/2022.fim-6days.com\/fr\/wp-json\/wp\/v2\/posts\/40178\/revisions"}],"predecessor-version":[{"id":40190,"href":"https:\/\/2022.fim-6days.com\/fr\/wp-json\/wp\/v2\/posts\/40178\/revisions\/40190"}],"wp:featuredmedia":[{"embeddable":true,"href":"https:\/\/2022.fim-6days.com\/fr\/wp-json\/wp\/v2\/media\/40180"}],"wp:attachment":[{"href":"https:\/\/2022.fim-6days.com\/fr\/wp-json\/wp\/v2\/media?parent=40178"}],"wp:term":[{"taxonomy":"category","embeddable":true,"href":"https:\/\/2022.fim-6days.com\/fr\/wp-json\/wp\/v2\/categories?post=40178"},{"taxonomy":"post_tag","embeddable":true,"href":"https:\/\/2022.fim-6days.com\/fr\/wp-json\/wp\/v2\/tags?post=40178"}],"curies":[{"name":"wp","href":"https:\/\/api.w.org\/{rel}","templated":true}]}}