{"id":40047,"date":"2022-08-24T09:58:11","date_gmt":"2022-08-24T07:58:11","guid":{"rendered":"https:\/\/2022.fim-6days.com\/?p=40047"},"modified":"2022-08-24T09:58:11","modified_gmt":"2022-08-24T07:58:11","slug":"france-2008-2017-les-annees-de-gloire-aux-isde","status":"publish","type":"post","link":"https:\/\/2022.fim-6days.com\/fr\/france-2008-2017-les-annees-de-gloire-aux-isde\/","title":{"rendered":"France 2008-2017, les ann\u00e9es de gloire aux ISDE"},"content":{"rendered":"<div class=\"fusion-fullwidth fullwidth-box fusion-builder-row-1 fusion-flex-container nonhundred-percent-fullwidth non-hundred-percent-height-scrolling\" style=\"--awb-border-radius-top-left:0px;--awb-border-radius-top-right:0px;--awb-border-radius-bottom-right:0px;--awb-border-radius-bottom-left:0px;--awb-padding-top:0px;--awb-padding-bottom:0px;--awb-flex-wrap:wrap;\" ><div class=\"fusion-builder-row fusion-row fusion-flex-align-items-flex-start fusion-flex-content-wrap\" style=\"max-width:1248px;margin-left: calc(-4% \/ 2 );margin-right: calc(-4% \/ 2 );\"><div class=\"fusion-layout-column fusion_builder_column fusion-builder-column-0 fusion_builder_column_1_1 1_1 fusion-flex-column\" style=\"--awb-padding-top:0px;--awb-padding-bottom:0px;--awb-bg-size:cover;--awb-width-large:100%;--awb-margin-top-large:0px;--awb-spacing-right-large:1.92%;--awb-margin-bottom-large:0px;--awb-spacing-left-large:1.92%;--awb-width-medium:100%;--awb-order-medium:0;--awb-spacing-right-medium:1.92%;--awb-spacing-left-medium:1.92%;--awb-width-small:100%;--awb-order-small:0;--awb-spacing-right-small:1.92%;--awb-spacing-left-small:1.92%;\"><div class=\"fusion-column-wrapper fusion-column-has-shadow fusion-flex-justify-content-flex-start fusion-content-layout-column\"><div class=\"fusion-text fusion-text-1\" style=\"--awb-text-transform:none;\"><p><strong>La France est l&rsquo;une des grandes nations du Concours international des Six Jours d&rsquo;Enduro (ISDE en anglais). En montant sur la plus haute marche du podium \u00e0 de nombreuses reprises, elle a souvent montr\u00e9 qu&rsquo;elle disposait d&rsquo;une \u00e9quipe redoutable dans la conqu\u00eate du Troph\u00e9e mondial FIM.<\/strong><\/p>\n<p>Cependant, ce sont les ann\u00e9es allant de 2008 et 2017 qui restent dans les m\u00e9moires comme une sorte d&rsquo;\u00e2ge d&rsquo;or pour la France dans les FIM ISDE. Sur une p\u00e9riode de dix ans, les Fran\u00e7ais ont remport\u00e9 sept victoires, faisant l&rsquo;\u00e9talage d&rsquo;une domination insolente.<\/p>\n<p>Il faut dire qu&rsquo;\u00e0 l&rsquo;\u00e9poque la France \u00e9tait d\u00e9j\u00e0 dominatrice dans le Championnat du Monde FIM d&rsquo;Enduro. Ce qu&rsquo;elle a su faire? Exporter ces succ\u00e8s dans les FIM ISDE presque chaque ann\u00e9e. Dans les \u00e9quipes de France d&rsquo;alors, de nombreux champions du monde et vice-champions du monde en titre d&rsquo;Enduro offraient presque un sacre annonc\u00e9 aux ISDE.<\/p>\n<p>Cette \u00e9poque dor\u00e9e commen\u00e7a en Gr\u00e8ce en 2008, lorsque Julien Gauthier, Jordan Curvalle, Rodrig Thain, Christophe Nambotin, S\u00e9bastien Guillaume et Nicolas Deparrois ont remport\u00e9 la victoire. La France a ensuite fait main basse sur le titre au Portugal en 2009 et au Mexique en 2010.<\/p>\n<p>La Finlande, sur son sol \u00e0 Kotka, a r\u00e9ussi l&rsquo;exploit de faire \u00e9chec aux Tricolores en 2011, mais douze mois plus tard, la France \u00e9tait de retour au sommet en Allemagne. La course en elle-m\u00eame fut quasiment un grand chelem bleu blanc rouge, l&rsquo;\u00e9quipe trustant aussi les podiums individuels. Dans la forme de leur vie, des coureurs comme Antoine Meo, Johnny Aubert, Pela Renet et Christophe Nambotin \u00e9taient alors intouchables.<\/p>\n<p>Cette \u00e9quipe de r\u00eave est rest\u00e9e pratiquement inchang\u00e9e en 2013 et 2014, offrant \u00e0 la France deux nouvelles victoires en Italie et en Argentine, avant que l&rsquo;Australie ne la prive d&rsquo;une quatri\u00e8me victoire cons\u00e9cutive en 2015 en Slovaquie.<\/p>\n<p>Les \u00c9tats-Unis ont \u00e9galement remport\u00e9 une premi\u00e8re victoire en 2016, mais la France est revenue en force en 2017 pour s&rsquo;imposer \u00e0 domicile, \u00e0 Brive-la-Gaillarde. J\u00e9r\u00e9my Tarroux, Lo\u00efc Larrieu, Christophe Nambotin et Christophe Charlier ont fait de cette semaine un moment m\u00e9morable pour les spectateurs.<\/p>\n<p>Ensuite, la domination fran\u00e7aise semble avoir pris fin et les victoires sont d\u00e9sormais plus difficiles \u00e0 obtenir pour les Bleus. Alors que les l\u00e9gendaires Meo, Renet et Nambotin sont de retour aux ISDE pour participer avec leur club cette ann\u00e9e, l&rsquo;enduro fran\u00e7ais est dans une p\u00e9riode de transition.<\/p>\n<p>Reste \u00e0 savoir si Till de Clercq, Christophe Charlier, Hugo Blanjoue et L\u00e9o Le Qu\u00e9r\u00e9 peuvent imiter leurs glorieux a\u00een\u00e9s en faisant retentir la Marseillaise au Puy-en-Velay. Ce qui est s\u00fbr c&rsquo;est que des ISDE en France laissent toujours un h\u00e9ritage et font r\u00eaver de nombreux jeunes du pays, parmi lesquels peut-\u00eatre les prochains pilotes fran\u00e7ais \u00e0 brandir le troph\u00e9e.<\/p>\n<p>Les FIM ISDE sont \u00e0 suivre au Puy-en-Velay du 29 ao\u00fbt au 3 septembre.<\/p>\n<\/div><\/div><\/div><\/div><\/div>\n","protected":false},"excerpt":{"rendered":"","protected":false},"author":10,"featured_media":40050,"comment_status":"open","ping_status":"open","sticky":false,"template":"","format":"standard","meta":{"inline_featured_image":false,"footnotes":""},"categories":[75,95],"tags":[],"class_list":["post-40047","post","type-post","status-publish","format-standard","has-post-thumbnail","hentry","category-articles","category-avant-isde2022"],"yoast_head":"<!-- This site is optimized with the Yoast SEO plugin v25.6 - https:\/\/yoast.com\/wordpress\/plugins\/seo\/ -->\n<title>France 2008-2017, les ann\u00e9es de gloire aux ISDE - FIM ISDE 2022<\/title>\n<meta name=\"description\" content=\"La France est l&#039;une des grandes nations du Concours international des Six Jours d&#039;Enduro (ISDE en anglais). En montant sur la plus haute marche du podium \u00e0 de nombreuses reprises, elle a souvent montr\u00e9 qu&#039;elle disposait d&#039;une \u00e9quipe redoutable dans la conqu\u00eate du Troph\u00e9e mondial FIM.\" \/>\n<meta name=\"robots\" content=\"index, follow, max-snippet:-1, max-image-preview:large, max-video-preview:-1\" \/>\n<link rel=\"canonical\" href=\"https:\/\/2022.fim-6days.com\/fr\/france-2008-2017-les-annees-de-gloire-aux-isde\/\" \/>\n<meta property=\"og:locale\" content=\"fr_FR\" \/>\n<meta property=\"og:type\" content=\"article\" \/>\n<meta property=\"og:title\" content=\"France 2008-2017, les ann\u00e9es de gloire aux ISDE - FIM ISDE 2022\" \/>\n<meta property=\"og:description\" content=\"La France est l&#039;une des grandes nations du Concours international des Six Jours d&#039;Enduro (ISDE en anglais). En montant sur la plus haute marche du podium \u00e0 de nombreuses reprises, elle a souvent montr\u00e9 qu&#039;elle disposait d&#039;une \u00e9quipe redoutable dans la conqu\u00eate du Troph\u00e9e mondial FIM.\" \/>\n<meta property=\"og:url\" content=\"https:\/\/2022.fim-6days.com\/fr\/france-2008-2017-les-annees-de-gloire-aux-isde\/\" \/>\n<meta property=\"og:site_name\" content=\"FIM ISDE 2022\" \/>\n<meta property=\"article:publisher\" content=\"https:\/\/www.facebook.com\/FIMISDE\/\" \/>\n<meta property=\"article:published_time\" content=\"2022-08-24T07:58:11+00:00\" \/>\n<meta property=\"og:image\" content=\"https:\/\/2022.fim-6days.com\/wp-content\/uploads\/sites\/7\/2022\/08\/france-trophy_ISDE-2013_4720.jpg\" \/>\n\t<meta property=\"og:image:width\" content=\"4500\" \/>\n\t<meta property=\"og:image:height\" content=\"3000\" \/>\n\t<meta property=\"og:image:type\" content=\"image\/jpeg\" \/>\n<meta name=\"author\" content=\"kategtof\" \/>\n<meta name=\"twitter:card\" content=\"summary_large_image\" \/>\n<meta name=\"twitter:creator\" content=\"@fimisde\" \/>\n<meta name=\"twitter:site\" content=\"@fimisde\" \/>\n<meta name=\"twitter:label1\" content=\"\u00c9crit par\" \/>\n\t<meta name=\"twitter:data1\" content=\"kategtof\" \/>\n\t<meta name=\"twitter:label2\" content=\"Dur\u00e9e de lecture estim\u00e9e\" \/>\n\t<meta name=\"twitter:data2\" content=\"4 minutes\" \/>\n<script type=\"application\/ld+json\" class=\"yoast-schema-graph\">{\"@context\":\"https:\/\/schema.org\",\"@graph\":[{\"@type\":\"Article\",\"@id\":\"https:\/\/2022.fim-6days.com\/fr\/france-2008-2017-les-annees-de-gloire-aux-isde\/#article\",\"isPartOf\":{\"@id\":\"https:\/\/2022.fim-6days.com\/fr\/france-2008-2017-les-annees-de-gloire-aux-isde\/\"},\"author\":{\"name\":\"kategtof\",\"@id\":\"https:\/\/2022.fim-6days.com\/fr\/#\/schema\/person\/db95d361606346a0067912f18df924ab\"},\"headline\":\"France 2008-2017, les ann\u00e9es de gloire aux ISDE\",\"datePublished\":\"2022-08-24T07:58:11+00:00\",\"mainEntityOfPage\":{\"@id\":\"https:\/\/2022.fim-6days.com\/fr\/france-2008-2017-les-annees-de-gloire-aux-isde\/\"},\"wordCount\":1183,\"commentCount\":0,\"publisher\":{\"@id\":\"https:\/\/2022.fim-6days.com\/fr\/#organization\"},\"image\":{\"@id\":\"https:\/\/2022.fim-6days.com\/fr\/france-2008-2017-les-annees-de-gloire-aux-isde\/#primaryimage\"},\"thumbnailUrl\":\"https:\/\/2022.fim-6days.com\/wp-content\/uploads\/sites\/7\/2022\/08\/france-trophy_ISDE-2013_4720.jpg\",\"articleSection\":[\"Articles\",\"Avant ISDE2022\"],\"inLanguage\":\"fr-FR\",\"potentialAction\":[{\"@type\":\"CommentAction\",\"name\":\"Comment\",\"target\":[\"https:\/\/2022.fim-6days.com\/fr\/france-2008-2017-les-annees-de-gloire-aux-isde\/#respond\"]}]},{\"@type\":\"WebPage\",\"@id\":\"https:\/\/2022.fim-6days.com\/fr\/france-2008-2017-les-annees-de-gloire-aux-isde\/\",\"url\":\"https:\/\/2022.fim-6days.com\/fr\/france-2008-2017-les-annees-de-gloire-aux-isde\/\",\"name\":\"France 2008-2017, les ann\u00e9es de gloire aux ISDE - FIM ISDE 2022\",\"isPartOf\":{\"@id\":\"https:\/\/2022.fim-6days.com\/fr\/#website\"},\"primaryImageOfPage\":{\"@id\":\"https:\/\/2022.fim-6days.com\/fr\/france-2008-2017-les-annees-de-gloire-aux-isde\/#primaryimage\"},\"image\":{\"@id\":\"https:\/\/2022.fim-6days.com\/fr\/france-2008-2017-les-annees-de-gloire-aux-isde\/#primaryimage\"},\"thumbnailUrl\":\"https:\/\/2022.fim-6days.com\/wp-content\/uploads\/sites\/7\/2022\/08\/france-trophy_ISDE-2013_4720.jpg\",\"datePublished\":\"2022-08-24T07:58:11+00:00\",\"description\":\"La France est l'une des grandes nations du Concours international des Six Jours d'Enduro (ISDE en anglais). En montant sur la plus haute marche du podium \u00e0 de nombreuses reprises, elle a souvent montr\u00e9 qu'elle disposait d'une \u00e9quipe redoutable dans la conqu\u00eate du Troph\u00e9e mondial FIM.\",\"breadcrumb\":{\"@id\":\"https:\/\/2022.fim-6days.com\/fr\/france-2008-2017-les-annees-de-gloire-aux-isde\/#breadcrumb\"},\"inLanguage\":\"fr-FR\",\"potentialAction\":[{\"@type\":\"ReadAction\",\"target\":[\"https:\/\/2022.fim-6days.com\/fr\/france-2008-2017-les-annees-de-gloire-aux-isde\/\"]}]},{\"@type\":\"ImageObject\",\"inLanguage\":\"fr-FR\",\"@id\":\"https:\/\/2022.fim-6days.com\/fr\/france-2008-2017-les-annees-de-gloire-aux-isde\/#primaryimage\",\"url\":\"https:\/\/2022.fim-6days.com\/wp-content\/uploads\/sites\/7\/2022\/08\/france-trophy_ISDE-2013_4720.jpg\",\"contentUrl\":\"https:\/\/2022.fim-6days.com\/wp-content\/uploads\/sites\/7\/2022\/08\/france-trophy_ISDE-2013_4720.jpg\",\"width\":4500,\"height\":3000},{\"@type\":\"BreadcrumbList\",\"@id\":\"https:\/\/2022.fim-6days.com\/fr\/france-2008-2017-les-annees-de-gloire-aux-isde\/#breadcrumb\",\"itemListElement\":[{\"@type\":\"ListItem\",\"position\":1,\"name\":\"Home\",\"item\":\"https:\/\/2022.fim-6days.com\/fr\/\"},{\"@type\":\"ListItem\",\"position\":2,\"name\":\"France 2008-2017, les ann\u00e9es de gloire aux ISDE\"}]},{\"@type\":\"WebSite\",\"@id\":\"https:\/\/2022.fim-6days.com\/fr\/#website\",\"url\":\"https:\/\/2022.fim-6days.com\/fr\/\",\"name\":\"FIM ISDE 2021\",\"description\":\"FIM ISDE Official website\",\"publisher\":{\"@id\":\"https:\/\/2022.fim-6days.com\/fr\/#organization\"},\"potentialAction\":[{\"@type\":\"SearchAction\",\"target\":{\"@type\":\"EntryPoint\",\"urlTemplate\":\"https:\/\/2022.fim-6days.com\/fr\/?s={search_term_string}\"},\"query-input\":{\"@type\":\"PropertyValueSpecification\",\"valueRequired\":true,\"valueName\":\"search_term_string\"}}],\"inLanguage\":\"fr-FR\"},{\"@type\":\"Organization\",\"@id\":\"https:\/\/2022.fim-6days.com\/fr\/#organization\",\"name\":\"FIM - F\u00e9d\u00e9ration Internationale de Motocyclisme\",\"url\":\"https:\/\/2022.fim-6days.com\/fr\/\",\"logo\":{\"@type\":\"ImageObject\",\"inLanguage\":\"fr-FR\",\"@id\":\"https:\/\/2022.fim-6days.com\/fr\/#\/schema\/logo\/image\/\",\"url\":\"https:\/\/2022.fim-6days.com\/wp-content\/uploads\/sites\/7\/2019\/07\/LogoFIM-CMYK.png\",\"contentUrl\":\"https:\/\/2022.fim-6days.com\/wp-content\/uploads\/sites\/7\/2019\/07\/LogoFIM-CMYK.png\",\"width\":2608,\"height\":1833,\"caption\":\"FIM - F\u00e9d\u00e9ration Internationale de Motocyclisme\"},\"image\":{\"@id\":\"https:\/\/2022.fim-6days.com\/fr\/#\/schema\/logo\/image\/\"},\"sameAs\":[\"https:\/\/www.facebook.com\/FIMISDE\/\",\"https:\/\/x.com\/fimisde\",\"https:\/\/www.instagram.com\/fim_isde\/\"]},{\"@type\":\"Person\",\"@id\":\"https:\/\/2022.fim-6days.com\/fr\/#\/schema\/person\/db95d361606346a0067912f18df924ab\",\"name\":\"kategtof\",\"image\":{\"@type\":\"ImageObject\",\"inLanguage\":\"fr-FR\",\"@id\":\"https:\/\/2022.fim-6days.com\/fr\/#\/schema\/person\/image\/\",\"url\":\"https:\/\/secure.gravatar.com\/avatar\/c3274649b10bd4db8211a9c5582941bc84ee6a5163a0df3f96f7a4130961d5e1?s=96&d=mm&r=g\",\"contentUrl\":\"https:\/\/secure.gravatar.com\/avatar\/c3274649b10bd4db8211a9c5582941bc84ee6a5163a0df3f96f7a4130961d5e1?s=96&d=mm&r=g\",\"caption\":\"kategtof\"},\"url\":\"https:\/\/2022.fim-6days.com\/fr\/author\/kategtof\/\"}]}<\/script>\n<!-- \/ Yoast SEO plugin. -->","yoast_head_json":{"title":"France 2008-2017, les ann\u00e9es de gloire aux ISDE - FIM ISDE 2022","description":"La France est l'une des grandes nations du Concours international des Six Jours d'Enduro (ISDE en anglais). En montant sur la plus haute marche du podium \u00e0 de nombreuses reprises, elle a souvent montr\u00e9 qu'elle disposait d'une \u00e9quipe redoutable dans la conqu\u00eate du Troph\u00e9e mondial FIM.","robots":{"index":"index","follow":"follow","max-snippet":"max-snippet:-1","max-image-preview":"max-image-preview:large","max-video-preview":"max-video-preview:-1"},"canonical":"https:\/\/2022.fim-6days.com\/fr\/france-2008-2017-les-annees-de-gloire-aux-isde\/","og_locale":"fr_FR","og_type":"article","og_title":"France 2008-2017, les ann\u00e9es de gloire aux ISDE - FIM ISDE 2022","og_description":"La France est l'une des grandes nations du Concours international des Six Jours d'Enduro (ISDE en anglais). En montant sur la plus haute marche du podium \u00e0 de nombreuses reprises, elle a souvent montr\u00e9 qu'elle disposait d'une \u00e9quipe redoutable dans la conqu\u00eate du Troph\u00e9e mondial FIM.","og_url":"https:\/\/2022.fim-6days.com\/fr\/france-2008-2017-les-annees-de-gloire-aux-isde\/","og_site_name":"FIM ISDE 2022","article_publisher":"https:\/\/www.facebook.com\/FIMISDE\/","article_published_time":"2022-08-24T07:58:11+00:00","og_image":[{"width":4500,"height":3000,"url":"https:\/\/2022.fim-6days.com\/wp-content\/uploads\/sites\/7\/2022\/08\/france-trophy_ISDE-2013_4720.jpg","type":"image\/jpeg"}],"author":"kategtof","twitter_card":"summary_large_image","twitter_creator":"@fimisde","twitter_site":"@fimisde","twitter_misc":{"\u00c9crit par":"kategtof","Dur\u00e9e de lecture estim\u00e9e":"4 minutes"},"schema":{"@context":"https:\/\/schema.org","@graph":[{"@type":"Article","@id":"https:\/\/2022.fim-6days.com\/fr\/france-2008-2017-les-annees-de-gloire-aux-isde\/#article","isPartOf":{"@id":"https:\/\/2022.fim-6days.com\/fr\/france-2008-2017-les-annees-de-gloire-aux-isde\/"},"author":{"name":"kategtof","@id":"https:\/\/2022.fim-6days.com\/fr\/#\/schema\/person\/db95d361606346a0067912f18df924ab"},"headline":"France 2008-2017, les ann\u00e9es de gloire aux ISDE","datePublished":"2022-08-24T07:58:11+00:00","mainEntityOfPage":{"@id":"https:\/\/2022.fim-6days.com\/fr\/france-2008-2017-les-annees-de-gloire-aux-isde\/"},"wordCount":1183,"commentCount":0,"publisher":{"@id":"https:\/\/2022.fim-6days.com\/fr\/#organization"},"image":{"@id":"https:\/\/2022.fim-6days.com\/fr\/france-2008-2017-les-annees-de-gloire-aux-isde\/#primaryimage"},"thumbnailUrl":"https:\/\/2022.fim-6days.com\/wp-content\/uploads\/sites\/7\/2022\/08\/france-trophy_ISDE-2013_4720.jpg","articleSection":["Articles","Avant ISDE2022"],"inLanguage":"fr-FR","potentialAction":[{"@type":"CommentAction","name":"Comment","target":["https:\/\/2022.fim-6days.com\/fr\/france-2008-2017-les-annees-de-gloire-aux-isde\/#respond"]}]},{"@type":"WebPage","@id":"https:\/\/2022.fim-6days.com\/fr\/france-2008-2017-les-annees-de-gloire-aux-isde\/","url":"https:\/\/2022.fim-6days.com\/fr\/france-2008-2017-les-annees-de-gloire-aux-isde\/","name":"France 2008-2017, les ann\u00e9es de gloire aux ISDE - FIM ISDE 2022","isPartOf":{"@id":"https:\/\/2022.fim-6days.com\/fr\/#website"},"primaryImageOfPage":{"@id":"https:\/\/2022.fim-6days.com\/fr\/france-2008-2017-les-annees-de-gloire-aux-isde\/#primaryimage"},"image":{"@id":"https:\/\/2022.fim-6days.com\/fr\/france-2008-2017-les-annees-de-gloire-aux-isde\/#primaryimage"},"thumbnailUrl":"https:\/\/2022.fim-6days.com\/wp-content\/uploads\/sites\/7\/2022\/08\/france-trophy_ISDE-2013_4720.jpg","datePublished":"2022-08-24T07:58:11+00:00","description":"La France est l'une des grandes nations du Concours international des Six Jours d'Enduro (ISDE en anglais). En montant sur la plus haute marche du podium \u00e0 de nombreuses reprises, elle a souvent montr\u00e9 qu'elle disposait d'une \u00e9quipe redoutable dans la conqu\u00eate du Troph\u00e9e mondial FIM.","breadcrumb":{"@id":"https:\/\/2022.fim-6days.com\/fr\/france-2008-2017-les-annees-de-gloire-aux-isde\/#breadcrumb"},"inLanguage":"fr-FR","potentialAction":[{"@type":"ReadAction","target":["https:\/\/2022.fim-6days.com\/fr\/france-2008-2017-les-annees-de-gloire-aux-isde\/"]}]},{"@type":"ImageObject","inLanguage":"fr-FR","@id":"https:\/\/2022.fim-6days.com\/fr\/france-2008-2017-les-annees-de-gloire-aux-isde\/#primaryimage","url":"https:\/\/2022.fim-6days.com\/wp-content\/uploads\/sites\/7\/2022\/08\/france-trophy_ISDE-2013_4720.jpg","contentUrl":"https:\/\/2022.fim-6days.com\/wp-content\/uploads\/sites\/7\/2022\/08\/france-trophy_ISDE-2013_4720.jpg","width":4500,"height":3000},{"@type":"BreadcrumbList","@id":"https:\/\/2022.fim-6days.com\/fr\/france-2008-2017-les-annees-de-gloire-aux-isde\/#breadcrumb","itemListElement":[{"@type":"ListItem","position":1,"name":"Home","item":"https:\/\/2022.fim-6days.com\/fr\/"},{"@type":"ListItem","position":2,"name":"France 2008-2017, les ann\u00e9es de gloire aux ISDE"}]},{"@type":"WebSite","@id":"https:\/\/2022.fim-6days.com\/fr\/#website","url":"https:\/\/2022.fim-6days.com\/fr\/","name":"FIM ISDE 2021","description":"FIM ISDE Official website","publisher":{"@id":"https:\/\/2022.fim-6days.com\/fr\/#organization"},"potentialAction":[{"@type":"SearchAction","target":{"@type":"EntryPoint","urlTemplate":"https:\/\/2022.fim-6days.com\/fr\/?s={search_term_string}"},"query-input":{"@type":"PropertyValueSpecification","valueRequired":true,"valueName":"search_term_string"}}],"inLanguage":"fr-FR"},{"@type":"Organization","@id":"https:\/\/2022.fim-6days.com\/fr\/#organization","name":"FIM - F\u00e9d\u00e9ration Internationale de Motocyclisme","url":"https:\/\/2022.fim-6days.com\/fr\/","logo":{"@type":"ImageObject","inLanguage":"fr-FR","@id":"https:\/\/2022.fim-6days.com\/fr\/#\/schema\/logo\/image\/","url":"https:\/\/2022.fim-6days.com\/wp-content\/uploads\/sites\/7\/2019\/07\/LogoFIM-CMYK.png","contentUrl":"https:\/\/2022.fim-6days.com\/wp-content\/uploads\/sites\/7\/2019\/07\/LogoFIM-CMYK.png","width":2608,"height":1833,"caption":"FIM - F\u00e9d\u00e9ration Internationale de Motocyclisme"},"image":{"@id":"https:\/\/2022.fim-6days.com\/fr\/#\/schema\/logo\/image\/"},"sameAs":["https:\/\/www.facebook.com\/FIMISDE\/","https:\/\/x.com\/fimisde","https:\/\/www.instagram.com\/fim_isde\/"]},{"@type":"Person","@id":"https:\/\/2022.fim-6days.com\/fr\/#\/schema\/person\/db95d361606346a0067912f18df924ab","name":"kategtof","image":{"@type":"ImageObject","inLanguage":"fr-FR","@id":"https:\/\/2022.fim-6days.com\/fr\/#\/schema\/person\/image\/","url":"https:\/\/secure.gravatar.com\/avatar\/c3274649b10bd4db8211a9c5582941bc84ee6a5163a0df3f96f7a4130961d5e1?s=96&d=mm&r=g","contentUrl":"https:\/\/secure.gravatar.com\/avatar\/c3274649b10bd4db8211a9c5582941bc84ee6a5163a0df3f96f7a4130961d5e1?s=96&d=mm&r=g","caption":"kategtof"},"url":"https:\/\/2022.fim-6days.com\/fr\/author\/kategtof\/"}]}},"_links":{"self":[{"href":"https:\/\/2022.fim-6days.com\/fr\/wp-json\/wp\/v2\/posts\/40047","targetHints":{"allow":["GET"]}}],"collection":[{"href":"https:\/\/2022.fim-6days.com\/fr\/wp-json\/wp\/v2\/posts"}],"about":[{"href":"https:\/\/2022.fim-6days.com\/fr\/wp-json\/wp\/v2\/types\/post"}],"author":[{"embeddable":true,"href":"https:\/\/2022.fim-6days.com\/fr\/wp-json\/wp\/v2\/users\/10"}],"replies":[{"embeddable":true,"href":"https:\/\/2022.fim-6days.com\/fr\/wp-json\/wp\/v2\/comments?post=40047"}],"version-history":[{"count":1,"href":"https:\/\/2022.fim-6days.com\/fr\/wp-json\/wp\/v2\/posts\/40047\/revisions"}],"predecessor-version":[{"id":40058,"href":"https:\/\/2022.fim-6days.com\/fr\/wp-json\/wp\/v2\/posts\/40047\/revisions\/40058"}],"wp:featuredmedia":[{"embeddable":true,"href":"https:\/\/2022.fim-6days.com\/fr\/wp-json\/wp\/v2\/media\/40050"}],"wp:attachment":[{"href":"https:\/\/2022.fim-6days.com\/fr\/wp-json\/wp\/v2\/media?parent=40047"}],"wp:term":[{"taxonomy":"category","embeddable":true,"href":"https:\/\/2022.fim-6days.com\/fr\/wp-json\/wp\/v2\/categories?post=40047"},{"taxonomy":"post_tag","embeddable":true,"href":"https:\/\/2022.fim-6days.com\/fr\/wp-json\/wp\/v2\/tags?post=40047"}],"curies":[{"name":"wp","href":"https:\/\/api.w.org\/{rel}","templated":true}]}}