{"id":39965,"date":"2022-08-23T14:39:44","date_gmt":"2022-08-23T12:39:44","guid":{"rendered":"https:\/\/2022.fim-6days.com\/?p=39965"},"modified":"2022-08-23T14:39:44","modified_gmt":"2022-08-23T12:39:44","slug":"alex-salvini-les-fim-isde-cest-incomparable","status":"publish","type":"post","link":"https:\/\/2022.fim-6days.com\/fr\/alex-salvini-les-fim-isde-cest-incomparable\/","title":{"rendered":"Alex Salvini : \u00abLes FIM ISDE, c&rsquo;est incomparable\u00bb"},"content":{"rendered":"<div class=\"fusion-fullwidth fullwidth-box fusion-builder-row-1 fusion-flex-container nonhundred-percent-fullwidth non-hundred-percent-height-scrolling\" style=\"--awb-border-radius-top-left:0px;--awb-border-radius-top-right:0px;--awb-border-radius-bottom-right:0px;--awb-border-radius-bottom-left:0px;--awb-padding-top:0px;--awb-padding-bottom:0px;--awb-flex-wrap:wrap;\" ><div class=\"fusion-builder-row fusion-row fusion-flex-align-items-flex-start fusion-flex-content-wrap\" style=\"max-width:1248px;margin-left: calc(-4% \/ 2 );margin-right: calc(-4% \/ 2 );\"><div class=\"fusion-layout-column fusion_builder_column fusion-builder-column-0 fusion_builder_column_1_1 1_1 fusion-flex-column\" style=\"--awb-padding-top:0px;--awb-padding-bottom:0px;--awb-bg-size:cover;--awb-width-large:100%;--awb-margin-top-large:0px;--awb-spacing-right-large:1.92%;--awb-margin-bottom-large:0px;--awb-spacing-left-large:1.92%;--awb-width-medium:100%;--awb-order-medium:0;--awb-spacing-right-medium:1.92%;--awb-spacing-left-medium:1.92%;--awb-width-small:100%;--awb-order-small:0;--awb-spacing-right-small:1.92%;--awb-spacing-left-small:1.92%;\"><div class=\"fusion-column-wrapper fusion-column-has-shadow fusion-flex-justify-content-flex-start fusion-content-layout-column\"><div class=\"fusion-text fusion-text-1\" style=\"--awb-text-transform:none;\"><p><strong>Tr\u00e8s attendu, le Concours international des Six Jours d&rsquo;Enduro (ISDE en anglais) dispute sa quatre-vingt-seizi\u00e8me \u00e9dition en France du 29 ao\u00fbt au 3 septembre. Vainqueur l&rsquo;an dernier du Troph\u00e9e mondial FIM et du Troph\u00e9e junior FIM, l&rsquo;Italie est championne en titre.<\/strong><\/p>\n<p>Bien que l&rsquo;\u00e9quipe soit diff\u00e9rente de celle de 2021 \u2013 une \u00e9dition remport\u00e9e \u00e0 domicile \u2013 la motivation pour gagner reste inchang\u00e9e. L&rsquo;\u00e9quipe italienne du Troph\u00e9e mondial est une puissance avec laquelle il faudra compter.<\/p>\n<p>Andrea Verona (GASGAS) vient de remporter son troisi\u00e8me Championnat du monde FIM d&rsquo;Enduro1 cons\u00e9cutif et est actuellement en t\u00eate du classement EnduroGP. Il est rejoint par le duo tr\u00e8s exp\u00e9riment\u00e9 constitu\u00e9 de Thomas Oldrati (Honda) et d&rsquo;Alex Salvini (Husqvarna). Le jeune talent Samuele Bernardini (Honda) est l\u00e0 pour les \u00e9pauler.<\/p>\n<p>Oldrati et Verona ont gagn\u00e9 en 2021, tandis que Salvini a remport\u00e9 pour la premi\u00e8re fois les FIM ISDE pour son pays en 2007.<\/p>\n<p>\u00abJe suis enthousiaste \u00e0 l&rsquo;id\u00e9e d&rsquo;aller en France avec l&rsquo;Italie\u00bb, d\u00e9clare le toujours souriant Salvini. \u00abJ&rsquo;ai l&rsquo;impression que l&rsquo;\u00e9quipe est forte cette ann\u00e9e, \u00e0 la fois dans les cat\u00e9gories Troph\u00e9e mondial et Troph\u00e9e mondial Junior. Andrea Verona roule de fa\u00e7on incroyable en ce moment. Il se bat pour le titre EnduroGP et vient de remporter son troisi\u00e8me championnat Enduro1.\u00bb<\/p>\n<p>\u00abComme moi, Thomas a une grande exp\u00e9rience et sait comment tenir la distance dans une course comme les ISDE. Avec Samuele Bernadini, je suis s\u00fbr que nous pouvons faire du bon travail.\u00bb<\/p>\n<p>Il n&rsquo;y a jamais deux FIM ISDE qui se ressemblent. Chaque \u00e9dition pr\u00e9sente ses propres d\u00e9fis \u00e0 surmonter alors que le pilote et la machine se battent sont soumis \u00e0 rude \u00e9preuve chaque jour. C&rsquo;est une course o\u00f9 l&rsquo;exp\u00e9rience paie, comme Alex ne le sait que trop bien.<\/p>\n<p>\u00abJ&rsquo;aime le d\u00e9fi de l&rsquo;ISDE\u00bb, poursuit-il. \u00abIl y a beaucoup d&rsquo;inconnues pendant les six jours de course \u2013 il y a toujours des d\u00e9fis \u00e0 relever.\u00bb<\/p>\n<p>\u00ab\u00a0On nous a dit qu&rsquo;il y aura environ treize sp\u00e9ciales. C&rsquo;est beaucoup! C&rsquo;est beaucoup \u00e0 faire avant m\u00eame le d\u00e9but de la course. Je pense qu&rsquo;essayer de s&rsquo;en souvenir sera impossible. En tant que coureur, vous devrez trouver cet \u00e9quilibre entre lire le terrain et attaquer fort. Ce sera une dynamique diff\u00e9rente de celle \u00e0 laquelle nous sommes habitu\u00e9s dans le Championnat du monde.\u00a0\u00bb<\/p>\n<p>En tant que championne en titre, l&rsquo;Italie part avec l&rsquo;objectif de d\u00e9fendre sa couronne. Mais Alex sait qu&rsquo;elle devra se battre.<\/p>\n<p>\u00abIl n&rsquo;est jamais facile de pr\u00e9dire comment les ISDE vont se d\u00e9rouler. Il y a beaucoup d&rsquo;\u00e9quipes sur le papier qui peuvent gagner. Mais c&rsquo;est s\u00fbr que l&rsquo;Espagne sera forte. La Grande-Bretagne a \u00e9galement une bonne \u00e9quipe et les \u00c9tats-Unis sont toujours cette inconnue parce que nous n&rsquo;avons jamais vraiment couru contre eux toute l&rsquo;ann\u00e9e.\u00bb<\/p>\n<p>\u00abLa France va attaquer dur. C&rsquo;est sa course \u00e0 domicile et cela donne toujours un surplus d&rsquo;\u00e9nergie et de motivation. Ils seront dans la course, c&rsquo;est s\u00fbr.\u00bb<\/p>\n<p>Le Concours international des Six Jours d&rsquo;Enduro (ISDE en anglais) se d\u00e9roule au Puy-en-Velay (France) du 29 ao\u00fbt au 3 septembre.<\/p>\n<\/div><\/div><\/div><\/div><\/div>\n","protected":false},"excerpt":{"rendered":"","protected":false},"author":10,"featured_media":39968,"comment_status":"open","ping_status":"open","sticky":false,"template":"","format":"standard","meta":{"inline_featured_image":false,"footnotes":""},"categories":[75,95],"tags":[],"class_list":["post-39965","post","type-post","status-publish","format-standard","has-post-thumbnail","hentry","category-articles","category-avant-isde2022"],"yoast_head":"<!-- This site is optimized with the Yoast SEO plugin v25.6 - https:\/\/yoast.com\/wordpress\/plugins\/seo\/ -->\n<title>Alex Salvini : \u00abLes FIM ISDE, c&#039;est incomparable\u00bb - FIM ISDE 2022<\/title>\n<meta name=\"description\" content=\"Tr\u00e8s attendu, le Concours international des Six Jours d&#039;Enduro (ISDE en anglais) dispute sa quatre-vingt-seizi\u00e8me \u00e9dition en France du 29 ao\u00fbt au 3 septembre. Vainqueur l&#039;an dernier du Troph\u00e9e mondial FIM et du Troph\u00e9e junior FIM, l&#039;Italie est championne en titre.\" \/>\n<meta name=\"robots\" content=\"index, follow, max-snippet:-1, max-image-preview:large, max-video-preview:-1\" \/>\n<link rel=\"canonical\" href=\"https:\/\/2022.fim-6days.com\/fr\/alex-salvini-les-fim-isde-cest-incomparable\/\" \/>\n<meta property=\"og:locale\" content=\"fr_FR\" \/>\n<meta property=\"og:type\" content=\"article\" \/>\n<meta property=\"og:title\" content=\"Alex Salvini : \u00abLes FIM ISDE, c&#039;est incomparable\u00bb - FIM ISDE 2022\" \/>\n<meta property=\"og:description\" content=\"Tr\u00e8s attendu, le Concours international des Six Jours d&#039;Enduro (ISDE en anglais) dispute sa quatre-vingt-seizi\u00e8me \u00e9dition en France du 29 ao\u00fbt au 3 septembre. Vainqueur l&#039;an dernier du Troph\u00e9e mondial FIM et du Troph\u00e9e junior FIM, l&#039;Italie est championne en titre.\" \/>\n<meta property=\"og:url\" content=\"https:\/\/2022.fim-6days.com\/fr\/alex-salvini-les-fim-isde-cest-incomparable\/\" \/>\n<meta property=\"og:site_name\" content=\"FIM ISDE 2022\" \/>\n<meta property=\"article:publisher\" content=\"https:\/\/www.facebook.com\/FIMISDE\/\" \/>\n<meta property=\"article:published_time\" content=\"2022-08-23T12:39:44+00:00\" \/>\n<meta property=\"og:image\" content=\"https:\/\/2022.fim-6days.com\/wp-content\/uploads\/sites\/7\/2022\/08\/alex_salvini_270806_EnduroGP_Hungary_1118-e1661418907325.jpg\" \/>\n\t<meta property=\"og:image:width\" content=\"5000\" \/>\n\t<meta property=\"og:image:height\" content=\"3333\" \/>\n\t<meta property=\"og:image:type\" content=\"image\/jpeg\" \/>\n<meta name=\"author\" content=\"kategtof\" \/>\n<meta name=\"twitter:card\" content=\"summary_large_image\" \/>\n<meta name=\"twitter:creator\" content=\"@fimisde\" \/>\n<meta name=\"twitter:site\" content=\"@fimisde\" \/>\n<meta name=\"twitter:label1\" content=\"\u00c9crit par\" \/>\n\t<meta name=\"twitter:data1\" content=\"kategtof\" \/>\n\t<meta name=\"twitter:label2\" content=\"Dur\u00e9e de lecture estim\u00e9e\" \/>\n\t<meta name=\"twitter:data2\" content=\"4 minutes\" \/>\n<script type=\"application\/ld+json\" class=\"yoast-schema-graph\">{\"@context\":\"https:\/\/schema.org\",\"@graph\":[{\"@type\":\"Article\",\"@id\":\"https:\/\/2022.fim-6days.com\/fr\/alex-salvini-les-fim-isde-cest-incomparable\/#article\",\"isPartOf\":{\"@id\":\"https:\/\/2022.fim-6days.com\/fr\/alex-salvini-les-fim-isde-cest-incomparable\/\"},\"author\":{\"name\":\"kategtof\",\"@id\":\"https:\/\/2022.fim-6days.com\/fr\/#\/schema\/person\/db95d361606346a0067912f18df924ab\"},\"headline\":\"Alex Salvini : \u00abLes FIM ISDE, c&rsquo;est incomparable\u00bb\",\"datePublished\":\"2022-08-23T12:39:44+00:00\",\"mainEntityOfPage\":{\"@id\":\"https:\/\/2022.fim-6days.com\/fr\/alex-salvini-les-fim-isde-cest-incomparable\/\"},\"wordCount\":1222,\"commentCount\":0,\"publisher\":{\"@id\":\"https:\/\/2022.fim-6days.com\/fr\/#organization\"},\"image\":{\"@id\":\"https:\/\/2022.fim-6days.com\/fr\/alex-salvini-les-fim-isde-cest-incomparable\/#primaryimage\"},\"thumbnailUrl\":\"https:\/\/2022.fim-6days.com\/wp-content\/uploads\/sites\/7\/2022\/08\/alex_salvini_270806_EnduroGP_Hungary_1118-e1661418907325.jpg\",\"articleSection\":[\"Articles\",\"Avant ISDE2022\"],\"inLanguage\":\"fr-FR\",\"potentialAction\":[{\"@type\":\"CommentAction\",\"name\":\"Comment\",\"target\":[\"https:\/\/2022.fim-6days.com\/fr\/alex-salvini-les-fim-isde-cest-incomparable\/#respond\"]}]},{\"@type\":\"WebPage\",\"@id\":\"https:\/\/2022.fim-6days.com\/fr\/alex-salvini-les-fim-isde-cest-incomparable\/\",\"url\":\"https:\/\/2022.fim-6days.com\/fr\/alex-salvini-les-fim-isde-cest-incomparable\/\",\"name\":\"Alex Salvini : \u00abLes FIM ISDE, c'est incomparable\u00bb - FIM ISDE 2022\",\"isPartOf\":{\"@id\":\"https:\/\/2022.fim-6days.com\/fr\/#website\"},\"primaryImageOfPage\":{\"@id\":\"https:\/\/2022.fim-6days.com\/fr\/alex-salvini-les-fim-isde-cest-incomparable\/#primaryimage\"},\"image\":{\"@id\":\"https:\/\/2022.fim-6days.com\/fr\/alex-salvini-les-fim-isde-cest-incomparable\/#primaryimage\"},\"thumbnailUrl\":\"https:\/\/2022.fim-6days.com\/wp-content\/uploads\/sites\/7\/2022\/08\/alex_salvini_270806_EnduroGP_Hungary_1118-e1661418907325.jpg\",\"datePublished\":\"2022-08-23T12:39:44+00:00\",\"description\":\"Tr\u00e8s attendu, le Concours international des Six Jours d'Enduro (ISDE en anglais) dispute sa quatre-vingt-seizi\u00e8me \u00e9dition en France du 29 ao\u00fbt au 3 septembre. Vainqueur l'an dernier du Troph\u00e9e mondial FIM et du Troph\u00e9e junior FIM, l'Italie est championne en titre.\",\"breadcrumb\":{\"@id\":\"https:\/\/2022.fim-6days.com\/fr\/alex-salvini-les-fim-isde-cest-incomparable\/#breadcrumb\"},\"inLanguage\":\"fr-FR\",\"potentialAction\":[{\"@type\":\"ReadAction\",\"target\":[\"https:\/\/2022.fim-6days.com\/fr\/alex-salvini-les-fim-isde-cest-incomparable\/\"]}]},{\"@type\":\"ImageObject\",\"inLanguage\":\"fr-FR\",\"@id\":\"https:\/\/2022.fim-6days.com\/fr\/alex-salvini-les-fim-isde-cest-incomparable\/#primaryimage\",\"url\":\"https:\/\/2022.fim-6days.com\/wp-content\/uploads\/sites\/7\/2022\/08\/alex_salvini_270806_EnduroGP_Hungary_1118-e1661418907325.jpg\",\"contentUrl\":\"https:\/\/2022.fim-6days.com\/wp-content\/uploads\/sites\/7\/2022\/08\/alex_salvini_270806_EnduroGP_Hungary_1118-e1661418907325.jpg\",\"width\":5000,\"height\":3333,\"caption\":\"Future7Media \u00a9 2020\"},{\"@type\":\"BreadcrumbList\",\"@id\":\"https:\/\/2022.fim-6days.com\/fr\/alex-salvini-les-fim-isde-cest-incomparable\/#breadcrumb\",\"itemListElement\":[{\"@type\":\"ListItem\",\"position\":1,\"name\":\"Home\",\"item\":\"https:\/\/2022.fim-6days.com\/fr\/\"},{\"@type\":\"ListItem\",\"position\":2,\"name\":\"Alex Salvini : \u00abLes FIM ISDE, c&rsquo;est incomparable\u00bb\"}]},{\"@type\":\"WebSite\",\"@id\":\"https:\/\/2022.fim-6days.com\/fr\/#website\",\"url\":\"https:\/\/2022.fim-6days.com\/fr\/\",\"name\":\"FIM ISDE 2021\",\"description\":\"FIM ISDE Official website\",\"publisher\":{\"@id\":\"https:\/\/2022.fim-6days.com\/fr\/#organization\"},\"potentialAction\":[{\"@type\":\"SearchAction\",\"target\":{\"@type\":\"EntryPoint\",\"urlTemplate\":\"https:\/\/2022.fim-6days.com\/fr\/?s={search_term_string}\"},\"query-input\":{\"@type\":\"PropertyValueSpecification\",\"valueRequired\":true,\"valueName\":\"search_term_string\"}}],\"inLanguage\":\"fr-FR\"},{\"@type\":\"Organization\",\"@id\":\"https:\/\/2022.fim-6days.com\/fr\/#organization\",\"name\":\"FIM - F\u00e9d\u00e9ration Internationale de Motocyclisme\",\"url\":\"https:\/\/2022.fim-6days.com\/fr\/\",\"logo\":{\"@type\":\"ImageObject\",\"inLanguage\":\"fr-FR\",\"@id\":\"https:\/\/2022.fim-6days.com\/fr\/#\/schema\/logo\/image\/\",\"url\":\"https:\/\/2022.fim-6days.com\/wp-content\/uploads\/sites\/7\/2019\/07\/LogoFIM-CMYK.png\",\"contentUrl\":\"https:\/\/2022.fim-6days.com\/wp-content\/uploads\/sites\/7\/2019\/07\/LogoFIM-CMYK.png\",\"width\":2608,\"height\":1833,\"caption\":\"FIM - F\u00e9d\u00e9ration Internationale de Motocyclisme\"},\"image\":{\"@id\":\"https:\/\/2022.fim-6days.com\/fr\/#\/schema\/logo\/image\/\"},\"sameAs\":[\"https:\/\/www.facebook.com\/FIMISDE\/\",\"https:\/\/x.com\/fimisde\",\"https:\/\/www.instagram.com\/fim_isde\/\"]},{\"@type\":\"Person\",\"@id\":\"https:\/\/2022.fim-6days.com\/fr\/#\/schema\/person\/db95d361606346a0067912f18df924ab\",\"name\":\"kategtof\",\"image\":{\"@type\":\"ImageObject\",\"inLanguage\":\"fr-FR\",\"@id\":\"https:\/\/2022.fim-6days.com\/fr\/#\/schema\/person\/image\/\",\"url\":\"https:\/\/secure.gravatar.com\/avatar\/c3274649b10bd4db8211a9c5582941bc84ee6a5163a0df3f96f7a4130961d5e1?s=96&d=mm&r=g\",\"contentUrl\":\"https:\/\/secure.gravatar.com\/avatar\/c3274649b10bd4db8211a9c5582941bc84ee6a5163a0df3f96f7a4130961d5e1?s=96&d=mm&r=g\",\"caption\":\"kategtof\"},\"url\":\"https:\/\/2022.fim-6days.com\/fr\/author\/kategtof\/\"}]}<\/script>\n<!-- \/ Yoast SEO plugin. -->","yoast_head_json":{"title":"Alex Salvini : \u00abLes FIM ISDE, c'est incomparable\u00bb - FIM ISDE 2022","description":"Tr\u00e8s attendu, le Concours international des Six Jours d'Enduro (ISDE en anglais) dispute sa quatre-vingt-seizi\u00e8me \u00e9dition en France du 29 ao\u00fbt au 3 septembre. Vainqueur l'an dernier du Troph\u00e9e mondial FIM et du Troph\u00e9e junior FIM, l'Italie est championne en titre.","robots":{"index":"index","follow":"follow","max-snippet":"max-snippet:-1","max-image-preview":"max-image-preview:large","max-video-preview":"max-video-preview:-1"},"canonical":"https:\/\/2022.fim-6days.com\/fr\/alex-salvini-les-fim-isde-cest-incomparable\/","og_locale":"fr_FR","og_type":"article","og_title":"Alex Salvini : \u00abLes FIM ISDE, c'est incomparable\u00bb - FIM ISDE 2022","og_description":"Tr\u00e8s attendu, le Concours international des Six Jours d'Enduro (ISDE en anglais) dispute sa quatre-vingt-seizi\u00e8me \u00e9dition en France du 29 ao\u00fbt au 3 septembre. Vainqueur l'an dernier du Troph\u00e9e mondial FIM et du Troph\u00e9e junior FIM, l'Italie est championne en titre.","og_url":"https:\/\/2022.fim-6days.com\/fr\/alex-salvini-les-fim-isde-cest-incomparable\/","og_site_name":"FIM ISDE 2022","article_publisher":"https:\/\/www.facebook.com\/FIMISDE\/","article_published_time":"2022-08-23T12:39:44+00:00","og_image":[{"width":5000,"height":3333,"url":"https:\/\/2022.fim-6days.com\/wp-content\/uploads\/sites\/7\/2022\/08\/alex_salvini_270806_EnduroGP_Hungary_1118-e1661418907325.jpg","type":"image\/jpeg"}],"author":"kategtof","twitter_card":"summary_large_image","twitter_creator":"@fimisde","twitter_site":"@fimisde","twitter_misc":{"\u00c9crit par":"kategtof","Dur\u00e9e de lecture estim\u00e9e":"4 minutes"},"schema":{"@context":"https:\/\/schema.org","@graph":[{"@type":"Article","@id":"https:\/\/2022.fim-6days.com\/fr\/alex-salvini-les-fim-isde-cest-incomparable\/#article","isPartOf":{"@id":"https:\/\/2022.fim-6days.com\/fr\/alex-salvini-les-fim-isde-cest-incomparable\/"},"author":{"name":"kategtof","@id":"https:\/\/2022.fim-6days.com\/fr\/#\/schema\/person\/db95d361606346a0067912f18df924ab"},"headline":"Alex Salvini : \u00abLes FIM ISDE, c&rsquo;est incomparable\u00bb","datePublished":"2022-08-23T12:39:44+00:00","mainEntityOfPage":{"@id":"https:\/\/2022.fim-6days.com\/fr\/alex-salvini-les-fim-isde-cest-incomparable\/"},"wordCount":1222,"commentCount":0,"publisher":{"@id":"https:\/\/2022.fim-6days.com\/fr\/#organization"},"image":{"@id":"https:\/\/2022.fim-6days.com\/fr\/alex-salvini-les-fim-isde-cest-incomparable\/#primaryimage"},"thumbnailUrl":"https:\/\/2022.fim-6days.com\/wp-content\/uploads\/sites\/7\/2022\/08\/alex_salvini_270806_EnduroGP_Hungary_1118-e1661418907325.jpg","articleSection":["Articles","Avant ISDE2022"],"inLanguage":"fr-FR","potentialAction":[{"@type":"CommentAction","name":"Comment","target":["https:\/\/2022.fim-6days.com\/fr\/alex-salvini-les-fim-isde-cest-incomparable\/#respond"]}]},{"@type":"WebPage","@id":"https:\/\/2022.fim-6days.com\/fr\/alex-salvini-les-fim-isde-cest-incomparable\/","url":"https:\/\/2022.fim-6days.com\/fr\/alex-salvini-les-fim-isde-cest-incomparable\/","name":"Alex Salvini : \u00abLes FIM ISDE, c'est incomparable\u00bb - FIM ISDE 2022","isPartOf":{"@id":"https:\/\/2022.fim-6days.com\/fr\/#website"},"primaryImageOfPage":{"@id":"https:\/\/2022.fim-6days.com\/fr\/alex-salvini-les-fim-isde-cest-incomparable\/#primaryimage"},"image":{"@id":"https:\/\/2022.fim-6days.com\/fr\/alex-salvini-les-fim-isde-cest-incomparable\/#primaryimage"},"thumbnailUrl":"https:\/\/2022.fim-6days.com\/wp-content\/uploads\/sites\/7\/2022\/08\/alex_salvini_270806_EnduroGP_Hungary_1118-e1661418907325.jpg","datePublished":"2022-08-23T12:39:44+00:00","description":"Tr\u00e8s attendu, le Concours international des Six Jours d'Enduro (ISDE en anglais) dispute sa quatre-vingt-seizi\u00e8me \u00e9dition en France du 29 ao\u00fbt au 3 septembre. Vainqueur l'an dernier du Troph\u00e9e mondial FIM et du Troph\u00e9e junior FIM, l'Italie est championne en titre.","breadcrumb":{"@id":"https:\/\/2022.fim-6days.com\/fr\/alex-salvini-les-fim-isde-cest-incomparable\/#breadcrumb"},"inLanguage":"fr-FR","potentialAction":[{"@type":"ReadAction","target":["https:\/\/2022.fim-6days.com\/fr\/alex-salvini-les-fim-isde-cest-incomparable\/"]}]},{"@type":"ImageObject","inLanguage":"fr-FR","@id":"https:\/\/2022.fim-6days.com\/fr\/alex-salvini-les-fim-isde-cest-incomparable\/#primaryimage","url":"https:\/\/2022.fim-6days.com\/wp-content\/uploads\/sites\/7\/2022\/08\/alex_salvini_270806_EnduroGP_Hungary_1118-e1661418907325.jpg","contentUrl":"https:\/\/2022.fim-6days.com\/wp-content\/uploads\/sites\/7\/2022\/08\/alex_salvini_270806_EnduroGP_Hungary_1118-e1661418907325.jpg","width":5000,"height":3333,"caption":"Future7Media \u00a9 2020"},{"@type":"BreadcrumbList","@id":"https:\/\/2022.fim-6days.com\/fr\/alex-salvini-les-fim-isde-cest-incomparable\/#breadcrumb","itemListElement":[{"@type":"ListItem","position":1,"name":"Home","item":"https:\/\/2022.fim-6days.com\/fr\/"},{"@type":"ListItem","position":2,"name":"Alex Salvini : \u00abLes FIM ISDE, c&rsquo;est incomparable\u00bb"}]},{"@type":"WebSite","@id":"https:\/\/2022.fim-6days.com\/fr\/#website","url":"https:\/\/2022.fim-6days.com\/fr\/","name":"FIM ISDE 2021","description":"FIM ISDE Official website","publisher":{"@id":"https:\/\/2022.fim-6days.com\/fr\/#organization"},"potentialAction":[{"@type":"SearchAction","target":{"@type":"EntryPoint","urlTemplate":"https:\/\/2022.fim-6days.com\/fr\/?s={search_term_string}"},"query-input":{"@type":"PropertyValueSpecification","valueRequired":true,"valueName":"search_term_string"}}],"inLanguage":"fr-FR"},{"@type":"Organization","@id":"https:\/\/2022.fim-6days.com\/fr\/#organization","name":"FIM - F\u00e9d\u00e9ration Internationale de Motocyclisme","url":"https:\/\/2022.fim-6days.com\/fr\/","logo":{"@type":"ImageObject","inLanguage":"fr-FR","@id":"https:\/\/2022.fim-6days.com\/fr\/#\/schema\/logo\/image\/","url":"https:\/\/2022.fim-6days.com\/wp-content\/uploads\/sites\/7\/2019\/07\/LogoFIM-CMYK.png","contentUrl":"https:\/\/2022.fim-6days.com\/wp-content\/uploads\/sites\/7\/2019\/07\/LogoFIM-CMYK.png","width":2608,"height":1833,"caption":"FIM - F\u00e9d\u00e9ration Internationale de Motocyclisme"},"image":{"@id":"https:\/\/2022.fim-6days.com\/fr\/#\/schema\/logo\/image\/"},"sameAs":["https:\/\/www.facebook.com\/FIMISDE\/","https:\/\/x.com\/fimisde","https:\/\/www.instagram.com\/fim_isde\/"]},{"@type":"Person","@id":"https:\/\/2022.fim-6days.com\/fr\/#\/schema\/person\/db95d361606346a0067912f18df924ab","name":"kategtof","image":{"@type":"ImageObject","inLanguage":"fr-FR","@id":"https:\/\/2022.fim-6days.com\/fr\/#\/schema\/person\/image\/","url":"https:\/\/secure.gravatar.com\/avatar\/c3274649b10bd4db8211a9c5582941bc84ee6a5163a0df3f96f7a4130961d5e1?s=96&d=mm&r=g","contentUrl":"https:\/\/secure.gravatar.com\/avatar\/c3274649b10bd4db8211a9c5582941bc84ee6a5163a0df3f96f7a4130961d5e1?s=96&d=mm&r=g","caption":"kategtof"},"url":"https:\/\/2022.fim-6days.com\/fr\/author\/kategtof\/"}]}},"_links":{"self":[{"href":"https:\/\/2022.fim-6days.com\/fr\/wp-json\/wp\/v2\/posts\/39965","targetHints":{"allow":["GET"]}}],"collection":[{"href":"https:\/\/2022.fim-6days.com\/fr\/wp-json\/wp\/v2\/posts"}],"about":[{"href":"https:\/\/2022.fim-6days.com\/fr\/wp-json\/wp\/v2\/types\/post"}],"author":[{"embeddable":true,"href":"https:\/\/2022.fim-6days.com\/fr\/wp-json\/wp\/v2\/users\/10"}],"replies":[{"embeddable":true,"href":"https:\/\/2022.fim-6days.com\/fr\/wp-json\/wp\/v2\/comments?post=39965"}],"version-history":[{"count":1,"href":"https:\/\/2022.fim-6days.com\/fr\/wp-json\/wp\/v2\/posts\/39965\/revisions"}],"predecessor-version":[{"id":39976,"href":"https:\/\/2022.fim-6days.com\/fr\/wp-json\/wp\/v2\/posts\/39965\/revisions\/39976"}],"wp:featuredmedia":[{"embeddable":true,"href":"https:\/\/2022.fim-6days.com\/fr\/wp-json\/wp\/v2\/media\/39968"}],"wp:attachment":[{"href":"https:\/\/2022.fim-6days.com\/fr\/wp-json\/wp\/v2\/media?parent=39965"}],"wp:term":[{"taxonomy":"category","embeddable":true,"href":"https:\/\/2022.fim-6days.com\/fr\/wp-json\/wp\/v2\/categories?post=39965"},{"taxonomy":"post_tag","embeddable":true,"href":"https:\/\/2022.fim-6days.com\/fr\/wp-json\/wp\/v2\/tags?post=39965"}],"curies":[{"name":"wp","href":"https:\/\/api.w.org\/{rel}","templated":true}]}}