{"id":39707,"date":"2022-08-18T09:20:56","date_gmt":"2022-08-18T07:20:56","guid":{"rendered":"https:\/\/2022.fim-6days.com\/?p=39707"},"modified":"2022-08-18T09:20:56","modified_gmt":"2022-08-18T07:20:56","slug":"publication-des-listes-des-engages-provisoires-2022","status":"publish","type":"post","link":"https:\/\/2022.fim-6days.com\/fr\/publication-des-listes-des-engages-provisoires-2022\/","title":{"rendered":"Publication des listes des engag\u00e9s provisoires 2022"},"content":{"rendered":"<div class=\"fusion-fullwidth fullwidth-box fusion-builder-row-1 fusion-flex-container nonhundred-percent-fullwidth non-hundred-percent-height-scrolling\" style=\"--awb-border-radius-top-left:0px;--awb-border-radius-top-right:0px;--awb-border-radius-bottom-right:0px;--awb-border-radius-bottom-left:0px;--awb-padding-top:0px;--awb-padding-bottom:0px;--awb-flex-wrap:wrap;\" ><div class=\"fusion-builder-row fusion-row fusion-flex-align-items-flex-start fusion-flex-content-wrap\" style=\"max-width:1248px;margin-left: calc(-4% \/ 2 );margin-right: calc(-4% \/ 2 );\"><div class=\"fusion-layout-column fusion_builder_column fusion-builder-column-0 fusion_builder_column_1_1 1_1 fusion-flex-column\" style=\"--awb-padding-top:0px;--awb-padding-bottom:0px;--awb-bg-size:cover;--awb-width-large:100%;--awb-margin-top-large:0px;--awb-spacing-right-large:1.92%;--awb-margin-bottom-large:0px;--awb-spacing-left-large:1.92%;--awb-width-medium:100%;--awb-order-medium:0;--awb-spacing-right-medium:1.92%;--awb-spacing-left-medium:1.92%;--awb-width-small:100%;--awb-order-small:0;--awb-spacing-right-small:1.92%;--awb-spacing-left-small:1.92%;\"><div class=\"fusion-column-wrapper fusion-column-has-shadow fusion-flex-justify-content-flex-start fusion-content-layout-column\"><div class=\"fusion-text fusion-text-1\" style=\"--awb-text-transform:none;\"><p><strong>Le Concours International FIM des Six Jours d\u2019Enduro (ISDE) 2022 approchent \u00e0 grands pas. La 96e \u00e9dition de cet \u00e9v\u00e9nement historique aura lieu au Puy-en-Velay, en France, du 29 ao\u00fbt au 3 septembre. Les \u00e9quipes arrivant bient\u00f4t dans la ville fran\u00e7aise, les listes des engag\u00e9s provisoires r\u00e9v\u00e8lent qu&rsquo;un total de cinq cent soixante-quatre pilotes de trente nations participeront \u00e0 l&rsquo;\u00e9v\u00e9nement de cette ann\u00e9e, celui-ci \u00e9tant le plus ancien du calendrier FIM.<\/strong><\/p>\n<p>Des concurrents venus du Japon, d&rsquo;Australie, des \u00c9tats-Unis et d&rsquo;Am\u00e9rique du Sud figurent sur la liste qui confirme que vingt-deux nations s&rsquo;affronteront dans la cat\u00e9gorie Troph\u00e9e Mondial, seize pays tenteront de remporter la gloire dans la cat\u00e9gorie Troph\u00e9e Mondial Junior, tandis que neuf \u00e9quipes f\u00e9minines s&rsquo;affronteront cette fois dans la cat\u00e9gorie Troph\u00e9e Mondial f\u00e9minin. Le gros du peloton est compos\u00e9 de pr\u00e8s de 130 \u00e9quipes de trois coureurs inscrites au Prix des Equipes Club.<\/p>\n<p>Les listes provisoires des engag\u00e9s aux ISDE 2022 peuvent \u00eatre consult\u00e9es ici :<\/p>\n<\/div><ul style=\"--awb-textcolor:#ffffff;--awb-line-height:23.8px;--awb-icon-width:23.8px;--awb-icon-height:23.8px;--awb-icon-margin:9.8px;--awb-content-margin:33.6px;--awb-circlecolor:var(--awb-color4);--awb-circle-yes-font-size:12.32px;\" class=\"fusion-checklist fusion-checklist-1 fusion-checklist-default type-icons\"><li class=\"fusion-li-item\" style=\"\"><span class=\"icon-wrapper circle-yes\"><i class=\"fusion-li-icon fa-arrow-alt-to-bottom fas\" aria-hidden=\"true\"><\/i><\/span><div class=\"fusion-li-item-content\">\n<p><a href=\"https:\/\/anws.co\/cpbj4\/b08f6169-7ee4-415b-b18f-0f77fccf52c7\" target=\"_blank\" rel=\"noopener\">2022 FIM International Six Days of Enduro \u2013 Liste des engag\u00e9s provisoire &#8211; Tous<\/a><\/p>\n<\/div><\/li><li class=\"fusion-li-item\" style=\"\"><span class=\"icon-wrapper circle-yes\"><i class=\"fusion-li-icon fa-arrow-alt-to-bottom fas\" aria-hidden=\"true\"><\/i><\/span><div class=\"fusion-li-item-content\">\n<p><a href=\"https:\/\/anws.co\/cpbj5\/b08f6169-7ee4-415b-b18f-0f77fccf52c7\" target=\"_blank\" rel=\"noopener\">2022 FIM International Six Days of Enduro \u2013\u00a0 Liste des engag\u00e9s provisoire &#8211; Troph\u00e9e Mondial<\/a><\/p>\n<\/div><\/li><li class=\"fusion-li-item\" style=\"\"><span class=\"icon-wrapper circle-yes\"><i class=\"fusion-li-icon fa-arrow-alt-to-bottom fas\" aria-hidden=\"true\"><\/i><\/span><div class=\"fusion-li-item-content\">\n<p><a href=\"https:\/\/anws.co\/cpbj6\/b08f6169-7ee4-415b-b18f-0f77fccf52c7\" target=\"_blank\" rel=\"noopener\">2022 FIM International Six Days of Enduro \u2013 Liste de engag\u00e9s provisoire &#8211; Troph\u00e9e Mondial Junior<\/a><\/p>\n<\/div><\/li><li class=\"fusion-li-item\" style=\"\"><span class=\"icon-wrapper circle-yes\"><i class=\"fusion-li-icon fa-arrow-alt-to-bottom fas\" aria-hidden=\"true\"><\/i><\/span><div class=\"fusion-li-item-content\">\n<p><a href=\"https:\/\/anws.co\/cpbj7\/b08f6169-7ee4-415b-b18f-0f77fccf52c7\" target=\"_blank\" rel=\"noopener\">2022 FIM International Six Days of Enduro \u2013 Liste de engag\u00e9s provisoire &#8211; Troph\u00e9e Mondial F\u00e9minin<\/a><\/p>\n<\/div><\/li><li class=\"fusion-li-item\" style=\"\"><span class=\"icon-wrapper circle-yes\"><i class=\"fusion-li-icon fa-arrow-alt-to-bottom fas\" aria-hidden=\"true\"><\/i><\/span><div class=\"fusion-li-item-content\">\n<p><a href=\"https:\/\/anws.co\/cpbj8\/b08f6169-7ee4-415b-b18f-0f77fccf52c7\" target=\"_blank\" rel=\"noopener\">2022 FIM International Six Days of Enduro \u2013 Liste des engag\u00e9s provisoire &#8211; Prix des Equipes Club<\/a><\/p>\n<\/div><\/li><li class=\"fusion-li-item\" style=\"\"><span class=\"icon-wrapper circle-yes\"><i class=\"fusion-li-icon fa-arrow-alt-to-bottom fas\" aria-hidden=\"true\"><\/i><\/span><div class=\"fusion-li-item-content\">\n<p><a href=\"https:\/\/anws.co\/cpbj9\/b08f6169-7ee4-415b-b18f-0f77fccf52c7\" target=\"_blank\" rel=\"noopener\">2022 FIM International Six Days of Enduro \u2013 Liste des engag\u00e9s provisoire &#8211; Individuel<\/a><\/p>\n<\/div><\/li><\/ul><\/div><\/div><\/div><\/div>\n","protected":false},"excerpt":{"rendered":"","protected":false},"author":5,"featured_media":39712,"comment_status":"closed","ping_status":"closed","sticky":false,"template":"","format":"standard","meta":{"inline_featured_image":false,"footnotes":""},"categories":[75,95],"tags":[],"class_list":["post-39707","post","type-post","status-publish","format-standard","has-post-thumbnail","hentry","category-articles","category-avant-isde2022"],"yoast_head":"<!-- This site is optimized with the Yoast SEO plugin v25.6 - https:\/\/yoast.com\/wordpress\/plugins\/seo\/ -->\n<title>Publication des listes des engag\u00e9s provisoires 2022 - FIM ISDE 2022<\/title>\n<meta name=\"description\" content=\"Les \u00e9quipes arrivant bient\u00f4t dans la ville fran\u00e7aise, les listes des engag\u00e9s provisoires r\u00e9v\u00e8lent qu&#039;un total de cinq cent soixante-quatre pilotes de trente nations participeront \u00e0 l&#039;\u00e9v\u00e9nement de cette ann\u00e9e, celui-ci \u00e9tant le plus ancien du calendrier FIM.\" \/>\n<meta name=\"robots\" content=\"index, follow, max-snippet:-1, max-image-preview:large, max-video-preview:-1\" \/>\n<link rel=\"canonical\" href=\"https:\/\/2022.fim-6days.com\/fr\/publication-des-listes-des-engages-provisoires-2022\/\" \/>\n<meta property=\"og:locale\" content=\"fr_FR\" \/>\n<meta property=\"og:type\" content=\"article\" \/>\n<meta property=\"og:title\" content=\"Publication des listes des engag\u00e9s provisoires 2022 - FIM ISDE 2022\" \/>\n<meta property=\"og:description\" content=\"Les \u00e9quipes arrivant bient\u00f4t dans la ville fran\u00e7aise, les listes des engag\u00e9s provisoires r\u00e9v\u00e8lent qu&#039;un total de cinq cent soixante-quatre pilotes de trente nations participeront \u00e0 l&#039;\u00e9v\u00e9nement de cette ann\u00e9e, celui-ci \u00e9tant le plus ancien du calendrier FIM.\" \/>\n<meta property=\"og:url\" content=\"https:\/\/2022.fim-6days.com\/fr\/publication-des-listes-des-engages-provisoires-2022\/\" \/>\n<meta property=\"og:site_name\" content=\"FIM ISDE 2022\" \/>\n<meta property=\"article:publisher\" content=\"https:\/\/www.facebook.com\/FIMISDE\/\" \/>\n<meta property=\"article:published_time\" content=\"2022-08-18T07:20:56+00:00\" \/>\n<meta property=\"og:image\" content=\"https:\/\/2022.fim-6days.com\/wp-content\/uploads\/sites\/7\/2022\/08\/fredccy-2272.jpg\" \/>\n\t<meta property=\"og:image:width\" content=\"1920\" \/>\n\t<meta property=\"og:image:height\" content=\"1280\" \/>\n\t<meta property=\"og:image:type\" content=\"image\/jpeg\" \/>\n<meta name=\"author\" content=\"adrienl\" \/>\n<meta name=\"twitter:card\" content=\"summary_large_image\" \/>\n<meta name=\"twitter:creator\" content=\"@fimisde\" \/>\n<meta name=\"twitter:site\" content=\"@fimisde\" \/>\n<meta name=\"twitter:label1\" content=\"\u00c9crit par\" \/>\n\t<meta name=\"twitter:data1\" content=\"adrienl\" \/>\n\t<meta name=\"twitter:label2\" content=\"Dur\u00e9e de lecture estim\u00e9e\" \/>\n\t<meta name=\"twitter:data2\" content=\"3 minutes\" \/>\n<script type=\"application\/ld+json\" class=\"yoast-schema-graph\">{\"@context\":\"https:\/\/schema.org\",\"@graph\":[{\"@type\":\"Article\",\"@id\":\"https:\/\/2022.fim-6days.com\/fr\/publication-des-listes-des-engages-provisoires-2022\/#article\",\"isPartOf\":{\"@id\":\"https:\/\/2022.fim-6days.com\/fr\/publication-des-listes-des-engages-provisoires-2022\/\"},\"author\":{\"name\":\"adrienl\",\"@id\":\"https:\/\/2022.fim-6days.com\/fr\/#\/schema\/person\/b768593eefad52cbe5520ff1c35ba2f5\"},\"headline\":\"Publication des listes des engag\u00e9s provisoires 2022\",\"datePublished\":\"2022-08-18T07:20:56+00:00\",\"mainEntityOfPage\":{\"@id\":\"https:\/\/2022.fim-6days.com\/fr\/publication-des-listes-des-engages-provisoires-2022\/\"},\"wordCount\":1043,\"publisher\":{\"@id\":\"https:\/\/2022.fim-6days.com\/fr\/#organization\"},\"image\":{\"@id\":\"https:\/\/2022.fim-6days.com\/fr\/publication-des-listes-des-engages-provisoires-2022\/#primaryimage\"},\"thumbnailUrl\":\"https:\/\/2022.fim-6days.com\/wp-content\/uploads\/sites\/7\/2022\/08\/fredccy-2272.jpg\",\"articleSection\":[\"Articles\",\"Avant ISDE2022\"],\"inLanguage\":\"fr-FR\"},{\"@type\":\"WebPage\",\"@id\":\"https:\/\/2022.fim-6days.com\/fr\/publication-des-listes-des-engages-provisoires-2022\/\",\"url\":\"https:\/\/2022.fim-6days.com\/fr\/publication-des-listes-des-engages-provisoires-2022\/\",\"name\":\"Publication des listes des engag\u00e9s provisoires 2022 - FIM ISDE 2022\",\"isPartOf\":{\"@id\":\"https:\/\/2022.fim-6days.com\/fr\/#website\"},\"primaryImageOfPage\":{\"@id\":\"https:\/\/2022.fim-6days.com\/fr\/publication-des-listes-des-engages-provisoires-2022\/#primaryimage\"},\"image\":{\"@id\":\"https:\/\/2022.fim-6days.com\/fr\/publication-des-listes-des-engages-provisoires-2022\/#primaryimage\"},\"thumbnailUrl\":\"https:\/\/2022.fim-6days.com\/wp-content\/uploads\/sites\/7\/2022\/08\/fredccy-2272.jpg\",\"datePublished\":\"2022-08-18T07:20:56+00:00\",\"description\":\"Les \u00e9quipes arrivant bient\u00f4t dans la ville fran\u00e7aise, les listes des engag\u00e9s provisoires r\u00e9v\u00e8lent qu'un total de cinq cent soixante-quatre pilotes de trente nations participeront \u00e0 l'\u00e9v\u00e9nement de cette ann\u00e9e, celui-ci \u00e9tant le plus ancien du calendrier FIM.\",\"breadcrumb\":{\"@id\":\"https:\/\/2022.fim-6days.com\/fr\/publication-des-listes-des-engages-provisoires-2022\/#breadcrumb\"},\"inLanguage\":\"fr-FR\",\"potentialAction\":[{\"@type\":\"ReadAction\",\"target\":[\"https:\/\/2022.fim-6days.com\/fr\/publication-des-listes-des-engages-provisoires-2022\/\"]}]},{\"@type\":\"ImageObject\",\"inLanguage\":\"fr-FR\",\"@id\":\"https:\/\/2022.fim-6days.com\/fr\/publication-des-listes-des-engages-provisoires-2022\/#primaryimage\",\"url\":\"https:\/\/2022.fim-6days.com\/wp-content\/uploads\/sites\/7\/2022\/08\/fredccy-2272.jpg\",\"contentUrl\":\"https:\/\/2022.fim-6days.com\/wp-content\/uploads\/sites\/7\/2022\/08\/fredccy-2272.jpg\",\"width\":1920,\"height\":1280,\"caption\":\"Ambiance ISDE 2021 Rivanazzano Terme (ITA) \u00a9 FIM\/ Fred Cauchy\"},{\"@type\":\"BreadcrumbList\",\"@id\":\"https:\/\/2022.fim-6days.com\/fr\/publication-des-listes-des-engages-provisoires-2022\/#breadcrumb\",\"itemListElement\":[{\"@type\":\"ListItem\",\"position\":1,\"name\":\"Home\",\"item\":\"https:\/\/2022.fim-6days.com\/fr\/\"},{\"@type\":\"ListItem\",\"position\":2,\"name\":\"Publication des listes des engag\u00e9s provisoires 2022\"}]},{\"@type\":\"WebSite\",\"@id\":\"https:\/\/2022.fim-6days.com\/fr\/#website\",\"url\":\"https:\/\/2022.fim-6days.com\/fr\/\",\"name\":\"FIM ISDE 2021\",\"description\":\"FIM ISDE Official website\",\"publisher\":{\"@id\":\"https:\/\/2022.fim-6days.com\/fr\/#organization\"},\"potentialAction\":[{\"@type\":\"SearchAction\",\"target\":{\"@type\":\"EntryPoint\",\"urlTemplate\":\"https:\/\/2022.fim-6days.com\/fr\/?s={search_term_string}\"},\"query-input\":{\"@type\":\"PropertyValueSpecification\",\"valueRequired\":true,\"valueName\":\"search_term_string\"}}],\"inLanguage\":\"fr-FR\"},{\"@type\":\"Organization\",\"@id\":\"https:\/\/2022.fim-6days.com\/fr\/#organization\",\"name\":\"FIM - F\u00e9d\u00e9ration Internationale de Motocyclisme\",\"url\":\"https:\/\/2022.fim-6days.com\/fr\/\",\"logo\":{\"@type\":\"ImageObject\",\"inLanguage\":\"fr-FR\",\"@id\":\"https:\/\/2022.fim-6days.com\/fr\/#\/schema\/logo\/image\/\",\"url\":\"https:\/\/2022.fim-6days.com\/wp-content\/uploads\/sites\/7\/2019\/07\/LogoFIM-CMYK.png\",\"contentUrl\":\"https:\/\/2022.fim-6days.com\/wp-content\/uploads\/sites\/7\/2019\/07\/LogoFIM-CMYK.png\",\"width\":2608,\"height\":1833,\"caption\":\"FIM - F\u00e9d\u00e9ration Internationale de Motocyclisme\"},\"image\":{\"@id\":\"https:\/\/2022.fim-6days.com\/fr\/#\/schema\/logo\/image\/\"},\"sameAs\":[\"https:\/\/www.facebook.com\/FIMISDE\/\",\"https:\/\/x.com\/fimisde\",\"https:\/\/www.instagram.com\/fim_isde\/\"]},{\"@type\":\"Person\",\"@id\":\"https:\/\/2022.fim-6days.com\/fr\/#\/schema\/person\/b768593eefad52cbe5520ff1c35ba2f5\",\"name\":\"adrienl\",\"image\":{\"@type\":\"ImageObject\",\"inLanguage\":\"fr-FR\",\"@id\":\"https:\/\/2022.fim-6days.com\/fr\/#\/schema\/person\/image\/\",\"url\":\"https:\/\/secure.gravatar.com\/avatar\/e771ef29e1334370187be9d045c63ba9afdb5565bd0da2d089bb69909a828994?s=96&d=mm&r=g\",\"contentUrl\":\"https:\/\/secure.gravatar.com\/avatar\/e771ef29e1334370187be9d045c63ba9afdb5565bd0da2d089bb69909a828994?s=96&d=mm&r=g\",\"caption\":\"adrienl\"},\"url\":\"https:\/\/2022.fim-6days.com\/fr\/author\/adrienl\/\"}]}<\/script>\n<!-- \/ Yoast SEO plugin. -->","yoast_head_json":{"title":"Publication des listes des engag\u00e9s provisoires 2022 - FIM ISDE 2022","description":"Les \u00e9quipes arrivant bient\u00f4t dans la ville fran\u00e7aise, les listes des engag\u00e9s provisoires r\u00e9v\u00e8lent qu'un total de cinq cent soixante-quatre pilotes de trente nations participeront \u00e0 l'\u00e9v\u00e9nement de cette ann\u00e9e, celui-ci \u00e9tant le plus ancien du calendrier FIM.","robots":{"index":"index","follow":"follow","max-snippet":"max-snippet:-1","max-image-preview":"max-image-preview:large","max-video-preview":"max-video-preview:-1"},"canonical":"https:\/\/2022.fim-6days.com\/fr\/publication-des-listes-des-engages-provisoires-2022\/","og_locale":"fr_FR","og_type":"article","og_title":"Publication des listes des engag\u00e9s provisoires 2022 - FIM ISDE 2022","og_description":"Les \u00e9quipes arrivant bient\u00f4t dans la ville fran\u00e7aise, les listes des engag\u00e9s provisoires r\u00e9v\u00e8lent qu'un total de cinq cent soixante-quatre pilotes de trente nations participeront \u00e0 l'\u00e9v\u00e9nement de cette ann\u00e9e, celui-ci \u00e9tant le plus ancien du calendrier FIM.","og_url":"https:\/\/2022.fim-6days.com\/fr\/publication-des-listes-des-engages-provisoires-2022\/","og_site_name":"FIM ISDE 2022","article_publisher":"https:\/\/www.facebook.com\/FIMISDE\/","article_published_time":"2022-08-18T07:20:56+00:00","og_image":[{"width":1920,"height":1280,"url":"https:\/\/2022.fim-6days.com\/wp-content\/uploads\/sites\/7\/2022\/08\/fredccy-2272.jpg","type":"image\/jpeg"}],"author":"adrienl","twitter_card":"summary_large_image","twitter_creator":"@fimisde","twitter_site":"@fimisde","twitter_misc":{"\u00c9crit par":"adrienl","Dur\u00e9e de lecture estim\u00e9e":"3 minutes"},"schema":{"@context":"https:\/\/schema.org","@graph":[{"@type":"Article","@id":"https:\/\/2022.fim-6days.com\/fr\/publication-des-listes-des-engages-provisoires-2022\/#article","isPartOf":{"@id":"https:\/\/2022.fim-6days.com\/fr\/publication-des-listes-des-engages-provisoires-2022\/"},"author":{"name":"adrienl","@id":"https:\/\/2022.fim-6days.com\/fr\/#\/schema\/person\/b768593eefad52cbe5520ff1c35ba2f5"},"headline":"Publication des listes des engag\u00e9s provisoires 2022","datePublished":"2022-08-18T07:20:56+00:00","mainEntityOfPage":{"@id":"https:\/\/2022.fim-6days.com\/fr\/publication-des-listes-des-engages-provisoires-2022\/"},"wordCount":1043,"publisher":{"@id":"https:\/\/2022.fim-6days.com\/fr\/#organization"},"image":{"@id":"https:\/\/2022.fim-6days.com\/fr\/publication-des-listes-des-engages-provisoires-2022\/#primaryimage"},"thumbnailUrl":"https:\/\/2022.fim-6days.com\/wp-content\/uploads\/sites\/7\/2022\/08\/fredccy-2272.jpg","articleSection":["Articles","Avant ISDE2022"],"inLanguage":"fr-FR"},{"@type":"WebPage","@id":"https:\/\/2022.fim-6days.com\/fr\/publication-des-listes-des-engages-provisoires-2022\/","url":"https:\/\/2022.fim-6days.com\/fr\/publication-des-listes-des-engages-provisoires-2022\/","name":"Publication des listes des engag\u00e9s provisoires 2022 - FIM ISDE 2022","isPartOf":{"@id":"https:\/\/2022.fim-6days.com\/fr\/#website"},"primaryImageOfPage":{"@id":"https:\/\/2022.fim-6days.com\/fr\/publication-des-listes-des-engages-provisoires-2022\/#primaryimage"},"image":{"@id":"https:\/\/2022.fim-6days.com\/fr\/publication-des-listes-des-engages-provisoires-2022\/#primaryimage"},"thumbnailUrl":"https:\/\/2022.fim-6days.com\/wp-content\/uploads\/sites\/7\/2022\/08\/fredccy-2272.jpg","datePublished":"2022-08-18T07:20:56+00:00","description":"Les \u00e9quipes arrivant bient\u00f4t dans la ville fran\u00e7aise, les listes des engag\u00e9s provisoires r\u00e9v\u00e8lent qu'un total de cinq cent soixante-quatre pilotes de trente nations participeront \u00e0 l'\u00e9v\u00e9nement de cette ann\u00e9e, celui-ci \u00e9tant le plus ancien du calendrier FIM.","breadcrumb":{"@id":"https:\/\/2022.fim-6days.com\/fr\/publication-des-listes-des-engages-provisoires-2022\/#breadcrumb"},"inLanguage":"fr-FR","potentialAction":[{"@type":"ReadAction","target":["https:\/\/2022.fim-6days.com\/fr\/publication-des-listes-des-engages-provisoires-2022\/"]}]},{"@type":"ImageObject","inLanguage":"fr-FR","@id":"https:\/\/2022.fim-6days.com\/fr\/publication-des-listes-des-engages-provisoires-2022\/#primaryimage","url":"https:\/\/2022.fim-6days.com\/wp-content\/uploads\/sites\/7\/2022\/08\/fredccy-2272.jpg","contentUrl":"https:\/\/2022.fim-6days.com\/wp-content\/uploads\/sites\/7\/2022\/08\/fredccy-2272.jpg","width":1920,"height":1280,"caption":"Ambiance ISDE 2021 Rivanazzano Terme (ITA) \u00a9 FIM\/ Fred Cauchy"},{"@type":"BreadcrumbList","@id":"https:\/\/2022.fim-6days.com\/fr\/publication-des-listes-des-engages-provisoires-2022\/#breadcrumb","itemListElement":[{"@type":"ListItem","position":1,"name":"Home","item":"https:\/\/2022.fim-6days.com\/fr\/"},{"@type":"ListItem","position":2,"name":"Publication des listes des engag\u00e9s provisoires 2022"}]},{"@type":"WebSite","@id":"https:\/\/2022.fim-6days.com\/fr\/#website","url":"https:\/\/2022.fim-6days.com\/fr\/","name":"FIM ISDE 2021","description":"FIM ISDE Official website","publisher":{"@id":"https:\/\/2022.fim-6days.com\/fr\/#organization"},"potentialAction":[{"@type":"SearchAction","target":{"@type":"EntryPoint","urlTemplate":"https:\/\/2022.fim-6days.com\/fr\/?s={search_term_string}"},"query-input":{"@type":"PropertyValueSpecification","valueRequired":true,"valueName":"search_term_string"}}],"inLanguage":"fr-FR"},{"@type":"Organization","@id":"https:\/\/2022.fim-6days.com\/fr\/#organization","name":"FIM - F\u00e9d\u00e9ration Internationale de Motocyclisme","url":"https:\/\/2022.fim-6days.com\/fr\/","logo":{"@type":"ImageObject","inLanguage":"fr-FR","@id":"https:\/\/2022.fim-6days.com\/fr\/#\/schema\/logo\/image\/","url":"https:\/\/2022.fim-6days.com\/wp-content\/uploads\/sites\/7\/2019\/07\/LogoFIM-CMYK.png","contentUrl":"https:\/\/2022.fim-6days.com\/wp-content\/uploads\/sites\/7\/2019\/07\/LogoFIM-CMYK.png","width":2608,"height":1833,"caption":"FIM - F\u00e9d\u00e9ration Internationale de Motocyclisme"},"image":{"@id":"https:\/\/2022.fim-6days.com\/fr\/#\/schema\/logo\/image\/"},"sameAs":["https:\/\/www.facebook.com\/FIMISDE\/","https:\/\/x.com\/fimisde","https:\/\/www.instagram.com\/fim_isde\/"]},{"@type":"Person","@id":"https:\/\/2022.fim-6days.com\/fr\/#\/schema\/person\/b768593eefad52cbe5520ff1c35ba2f5","name":"adrienl","image":{"@type":"ImageObject","inLanguage":"fr-FR","@id":"https:\/\/2022.fim-6days.com\/fr\/#\/schema\/person\/image\/","url":"https:\/\/secure.gravatar.com\/avatar\/e771ef29e1334370187be9d045c63ba9afdb5565bd0da2d089bb69909a828994?s=96&d=mm&r=g","contentUrl":"https:\/\/secure.gravatar.com\/avatar\/e771ef29e1334370187be9d045c63ba9afdb5565bd0da2d089bb69909a828994?s=96&d=mm&r=g","caption":"adrienl"},"url":"https:\/\/2022.fim-6days.com\/fr\/author\/adrienl\/"}]}},"_links":{"self":[{"href":"https:\/\/2022.fim-6days.com\/fr\/wp-json\/wp\/v2\/posts\/39707","targetHints":{"allow":["GET"]}}],"collection":[{"href":"https:\/\/2022.fim-6days.com\/fr\/wp-json\/wp\/v2\/posts"}],"about":[{"href":"https:\/\/2022.fim-6days.com\/fr\/wp-json\/wp\/v2\/types\/post"}],"author":[{"embeddable":true,"href":"https:\/\/2022.fim-6days.com\/fr\/wp-json\/wp\/v2\/users\/5"}],"replies":[{"embeddable":true,"href":"https:\/\/2022.fim-6days.com\/fr\/wp-json\/wp\/v2\/comments?post=39707"}],"version-history":[{"count":5,"href":"https:\/\/2022.fim-6days.com\/fr\/wp-json\/wp\/v2\/posts\/39707\/revisions"}],"predecessor-version":[{"id":39717,"href":"https:\/\/2022.fim-6days.com\/fr\/wp-json\/wp\/v2\/posts\/39707\/revisions\/39717"}],"wp:featuredmedia":[{"embeddable":true,"href":"https:\/\/2022.fim-6days.com\/fr\/wp-json\/wp\/v2\/media\/39712"}],"wp:attachment":[{"href":"https:\/\/2022.fim-6days.com\/fr\/wp-json\/wp\/v2\/media?parent=39707"}],"wp:term":[{"taxonomy":"category","embeddable":true,"href":"https:\/\/2022.fim-6days.com\/fr\/wp-json\/wp\/v2\/categories?post=39707"},{"taxonomy":"post_tag","embeddable":true,"href":"https:\/\/2022.fim-6days.com\/fr\/wp-json\/wp\/v2\/tags?post=39707"}],"curies":[{"name":"wp","href":"https:\/\/api.w.org\/{rel}","templated":true}]}}