{"id":39638,"date":"2022-08-10T11:15:46","date_gmt":"2022-08-10T09:15:46","guid":{"rendered":"https:\/\/2022.fim-6days.com\/?p=39638"},"modified":"2022-08-10T11:15:46","modified_gmt":"2022-08-10T09:15:46","slug":"waters-rejoint-lequipe-isde-daustralie-ruprecht-se-retire","status":"publish","type":"post","link":"https:\/\/2022.fim-6days.com\/fr\/waters-rejoint-lequipe-isde-daustralie-ruprecht-se-retire\/","title":{"rendered":"Waters rejoint l&rsquo;\u00e9quipe ISDE d&rsquo;Australie, Ruprecht se retire"},"content":{"rendered":"<div class=\"fusion-fullwidth fullwidth-box fusion-builder-row-1 fusion-flex-container nonhundred-percent-fullwidth non-hundred-percent-height-scrolling\" style=\"--awb-border-radius-top-left:0px;--awb-border-radius-top-right:0px;--awb-border-radius-bottom-right:0px;--awb-border-radius-bottom-left:0px;--awb-padding-top:0px;--awb-padding-bottom:0px;--awb-flex-wrap:wrap;\" ><div class=\"fusion-builder-row fusion-row fusion-flex-align-items-flex-start fusion-flex-content-wrap\" style=\"max-width:1248px;margin-left: calc(-4% \/ 2 );margin-right: calc(-4% \/ 2 );\"><div class=\"fusion-layout-column fusion_builder_column fusion-builder-column-0 fusion_builder_column_1_1 1_1 fusion-flex-column\" style=\"--awb-padding-top:0px;--awb-padding-bottom:0px;--awb-bg-size:cover;--awb-width-large:100%;--awb-margin-top-large:0px;--awb-spacing-right-large:1.92%;--awb-margin-bottom-large:0px;--awb-spacing-left-large:1.92%;--awb-width-medium:100%;--awb-order-medium:0;--awb-spacing-right-medium:1.92%;--awb-spacing-left-medium:1.92%;--awb-width-small:100%;--awb-order-small:0;--awb-spacing-right-small:1.92%;--awb-spacing-left-small:1.92%;\"><div class=\"fusion-column-wrapper fusion-column-has-shadow fusion-flex-justify-content-flex-start fusion-content-layout-column\"><div class=\"fusion-text fusion-text-1\" style=\"--awb-text-transform:none;\"><p>Motorcycling Australia (MA) a annonc\u00e9 aujourd&rsquo;hui un changement dans l&rsquo;\u00e9quipe australienne MX Store pour le Concours International des Six Jours d\u2019Enduro (ISDE) 2022, qui aura lieu en France.<\/p>\n<p>Wil Ruprecht, membre jusqu\u2019alors de l\u2019\u00e9quipe, a \u00e9t\u00e9 contraint de se retirer de l\u2019escadron de 2022.<\/p>\n<p>Wil a connu une ann\u00e9e exceptionnelle en Championnat du Monde EnduroGP avec plusieurs r\u00e9sultats de premier plan. Il est \u00e9galement deuxi\u00e8me au classement g\u00e9n\u00e9ral EnduroGP et leader de la classe E2.<\/p>\n<p>Il n&rsquo;est pas en mesure de rejoindre l&rsquo;\u00e9quipe d&rsquo;Australie en raison de probl\u00e8mes contractuels avec son \u00e9quipe commerciale concernant la fourniture de machines et de soutien lors de l&rsquo;\u00e9v\u00e9nement.<\/p>\n<p>Todd Waters, v\u00e9t\u00e9ran du motocross et nouveau h\u00e9ros de l&rsquo;enduro, rejoint l&rsquo;\u00e9quipe australienne. Il a connu une ann\u00e9e exceptionnelle en championnat australien d&rsquo;off-road (AORC), o\u00f9 il occupe actuellement la deuxi\u00e8me place dans la tr\u00e8s comp\u00e9titive cat\u00e9gorie E2.<\/p>\n<p>Les Six Days d\u2019Enduro 2022 d\u00e9buteront le lundi 29 ao\u00fbt et se termineront le samedi 3 septembre \u00e0 Le Puy en Velay, en France.<\/p>\n<\/div><div class=\"fusion-image-element \" style=\"--awb-caption-title-font-family:var(--h2_typography-font-family);--awb-caption-title-font-weight:var(--h2_typography-font-weight);--awb-caption-title-font-style:var(--h2_typography-font-style);--awb-caption-title-size:var(--h2_typography-font-size);--awb-caption-title-transform:var(--h2_typography-text-transform);--awb-caption-title-line-height:var(--h2_typography-line-height);--awb-caption-title-letter-spacing:var(--h2_typography-letter-spacing);\"><span class=\" fusion-imageframe imageframe-none imageframe-1 hover-type-none\"><img decoding=\"async\" width=\"1196\" height=\"695\" title=\"cb483364-aad9-bfa6-e12a-92531d8c2799\" src=\"https:\/\/2022.fim-6days.com\/wp-content\/uploads\/sites\/7\/2022\/08\/cb483364-aad9-bfa6-e12a-92531d8c2799.jpg\" alt class=\"img-responsive wp-image-39640\" srcset=\"https:\/\/2022.fim-6days.com\/wp-content\/uploads\/sites\/7\/2022\/08\/cb483364-aad9-bfa6-e12a-92531d8c2799-200x116.jpg 200w, https:\/\/2022.fim-6days.com\/wp-content\/uploads\/sites\/7\/2022\/08\/cb483364-aad9-bfa6-e12a-92531d8c2799-400x232.jpg 400w, https:\/\/2022.fim-6days.com\/wp-content\/uploads\/sites\/7\/2022\/08\/cb483364-aad9-bfa6-e12a-92531d8c2799-600x349.jpg 600w, https:\/\/2022.fim-6days.com\/wp-content\/uploads\/sites\/7\/2022\/08\/cb483364-aad9-bfa6-e12a-92531d8c2799-800x465.jpg 800w, https:\/\/2022.fim-6days.com\/wp-content\/uploads\/sites\/7\/2022\/08\/cb483364-aad9-bfa6-e12a-92531d8c2799.jpg 1196w\" sizes=\"(max-width: 1024px) 100vw, (max-width: 640px) 100vw, 1196px\" \/><\/span><\/div><div class=\"fusion-separator fusion-full-width-sep\" style=\"align-self: center;margin-left: auto;margin-right: auto;width:100%;\"><div class=\"fusion-separator-border sep-single\" style=\"--awb-height:20px;--awb-amount:20px;border-color:#dddbdb;border-top-width:1px;\"><\/div><\/div><div class=\"fusion-text fusion-text-2\"><p><strong>\u00c9quipe australienne du Troph\u00e9e mondial masculin 2022 :<\/strong><\/p>\n<p>Andy Wilksch (E3) &#8211; https:\/\/www.instagram.com\/andywilksch<br \/>\nTodd Waters (E2) &#8211; https:\/\/www.instagram.com\/toddwaters47\/<br \/>\nDaniel Milner (E1) &#8211; https:\/\/www.instagram.com\/milner_31\/<br \/>\nJoshua Green (E1) &#8211; https:\/\/www.instagram.com\/joshgreen99\/<\/p>\n<p><strong>\u00c9quipe f\u00e9minine australienne du Troph\u00e9e mondial 2022 :<\/strong><\/p>\n<p>Jessica Gardiner &#8211; https:\/\/www.instagram.com\/missjessgardiner\/<br \/>\nEbony Nielsen &#8211; https:\/\/www.instagram.com\/bennynielsen_632\/<br \/>\nEmelie Karlsson &#8211; https:\/\/www.instagram.com\/emeliekarlsson788\/<\/p>\n<p><strong>\u00c9quipe australienne du Troph\u00e9e mondial junior 2022 :<\/strong><\/p>\n<p>Kyron Bacon (E1) &#8211; https:\/\/www.instagram.com\/kyronbacon_228\/<br \/>\nBlake Hollis (E1) &#8211; https:\/\/www.instagram.com\/blakehollis16\/<br \/>\nKorey McMahon (E2) &#8211; https:\/\/www.instagram.com\/korey_mcmahon153\/<\/p>\n<\/div><div class=\"fusion-text fusion-text-3\"><p><em>MA Communications<\/em><\/p>\n<\/div><\/div><\/div><\/div><\/div>\n","protected":false},"excerpt":{"rendered":"","protected":false},"author":4,"featured_media":39648,"comment_status":"closed","ping_status":"closed","sticky":false,"template":"","format":"standard","meta":{"inline_featured_image":false,"footnotes":""},"categories":[75,95],"tags":[],"class_list":["post-39638","post","type-post","status-publish","format-standard","has-post-thumbnail","hentry","category-articles","category-avant-isde2022"],"yoast_head":"<!-- This site is optimized with the Yoast SEO plugin v25.6 - https:\/\/yoast.com\/wordpress\/plugins\/seo\/ -->\n<title>Waters rejoint l&#039;\u00e9quipe ISDE d&#039;Australie, Ruprecht se retire - FIM ISDE 2022<\/title>\n<meta name=\"description\" content=\"La Grande-Bretagne poursuivra sa longue association avec cette comp\u00e9tition en amenant trois solides \u00e9quipes de troph\u00e9es en France le mois prochain.\" \/>\n<meta name=\"robots\" content=\"index, follow, max-snippet:-1, max-image-preview:large, max-video-preview:-1\" \/>\n<link rel=\"canonical\" href=\"https:\/\/2022.fim-6days.com\/fr\/waters-rejoint-lequipe-isde-daustralie-ruprecht-se-retire\/\" \/>\n<meta property=\"og:locale\" content=\"fr_FR\" \/>\n<meta property=\"og:type\" content=\"article\" \/>\n<meta property=\"og:title\" content=\"Waters rejoint l&#039;\u00e9quipe ISDE d&#039;Australie, Ruprecht se retire - FIM ISDE 2022\" \/>\n<meta property=\"og:description\" content=\"La Grande-Bretagne poursuivra sa longue association avec cette comp\u00e9tition en amenant trois solides \u00e9quipes de troph\u00e9es en France le mois prochain.\" \/>\n<meta property=\"og:url\" content=\"https:\/\/2022.fim-6days.com\/fr\/waters-rejoint-lequipe-isde-daustralie-ruprecht-se-retire\/\" \/>\n<meta property=\"og:site_name\" content=\"FIM ISDE 2022\" \/>\n<meta property=\"article:publisher\" content=\"https:\/\/www.facebook.com\/FIMISDE\/\" \/>\n<meta property=\"article:published_time\" content=\"2022-08-10T09:15:46+00:00\" \/>\n<meta property=\"og:image\" content=\"https:\/\/2022.fim-6days.com\/wp-content\/uploads\/sites\/7\/2022\/08\/FIM_ISDE_2018_Vin\u0303a_del_Mar_Opening_Ceremony_Australia-2.jpg\" \/>\n\t<meta property=\"og:image:width\" content=\"1920\" \/>\n\t<meta property=\"og:image:height\" content=\"1278\" \/>\n\t<meta property=\"og:image:type\" content=\"image\/jpeg\" \/>\n<meta name=\"author\" content=\"karinea\" \/>\n<meta name=\"twitter:card\" content=\"summary_large_image\" \/>\n<meta name=\"twitter:creator\" content=\"@fimisde\" \/>\n<meta name=\"twitter:site\" content=\"@fimisde\" \/>\n<meta name=\"twitter:label1\" content=\"\u00c9crit par\" \/>\n\t<meta name=\"twitter:data1\" content=\"karinea\" \/>\n\t<meta name=\"twitter:label2\" content=\"Dur\u00e9e de lecture estim\u00e9e\" \/>\n\t<meta name=\"twitter:data2\" content=\"3 minutes\" \/>\n<script type=\"application\/ld+json\" class=\"yoast-schema-graph\">{\"@context\":\"https:\/\/schema.org\",\"@graph\":[{\"@type\":\"Article\",\"@id\":\"https:\/\/2022.fim-6days.com\/fr\/waters-rejoint-lequipe-isde-daustralie-ruprecht-se-retire\/#article\",\"isPartOf\":{\"@id\":\"https:\/\/2022.fim-6days.com\/fr\/waters-rejoint-lequipe-isde-daustralie-ruprecht-se-retire\/\"},\"author\":{\"name\":\"karinea\",\"@id\":\"https:\/\/2022.fim-6days.com\/fr\/#\/schema\/person\/bcf4ff642b8d622c689a6eb754f673d3\"},\"headline\":\"Waters rejoint l&rsquo;\u00e9quipe ISDE d&rsquo;Australie, Ruprecht se retire\",\"datePublished\":\"2022-08-10T09:15:46+00:00\",\"mainEntityOfPage\":{\"@id\":\"https:\/\/2022.fim-6days.com\/fr\/waters-rejoint-lequipe-isde-daustralie-ruprecht-se-retire\/\"},\"wordCount\":1474,\"publisher\":{\"@id\":\"https:\/\/2022.fim-6days.com\/fr\/#organization\"},\"image\":{\"@id\":\"https:\/\/2022.fim-6days.com\/fr\/waters-rejoint-lequipe-isde-daustralie-ruprecht-se-retire\/#primaryimage\"},\"thumbnailUrl\":\"https:\/\/2022.fim-6days.com\/wp-content\/uploads\/sites\/7\/2022\/08\/FIM_ISDE_2018_Vin\u0303a_del_Mar_Opening_Ceremony_Australia-2.jpg\",\"articleSection\":[\"Articles\",\"Avant ISDE2022\"],\"inLanguage\":\"fr-FR\"},{\"@type\":\"WebPage\",\"@id\":\"https:\/\/2022.fim-6days.com\/fr\/waters-rejoint-lequipe-isde-daustralie-ruprecht-se-retire\/\",\"url\":\"https:\/\/2022.fim-6days.com\/fr\/waters-rejoint-lequipe-isde-daustralie-ruprecht-se-retire\/\",\"name\":\"Waters rejoint l'\u00e9quipe ISDE d'Australie, Ruprecht se retire - FIM ISDE 2022\",\"isPartOf\":{\"@id\":\"https:\/\/2022.fim-6days.com\/fr\/#website\"},\"primaryImageOfPage\":{\"@id\":\"https:\/\/2022.fim-6days.com\/fr\/waters-rejoint-lequipe-isde-daustralie-ruprecht-se-retire\/#primaryimage\"},\"image\":{\"@id\":\"https:\/\/2022.fim-6days.com\/fr\/waters-rejoint-lequipe-isde-daustralie-ruprecht-se-retire\/#primaryimage\"},\"thumbnailUrl\":\"https:\/\/2022.fim-6days.com\/wp-content\/uploads\/sites\/7\/2022\/08\/FIM_ISDE_2018_Vin\u0303a_del_Mar_Opening_Ceremony_Australia-2.jpg\",\"datePublished\":\"2022-08-10T09:15:46+00:00\",\"description\":\"La Grande-Bretagne poursuivra sa longue association avec cette comp\u00e9tition en amenant trois solides \u00e9quipes de troph\u00e9es en France le mois prochain.\",\"breadcrumb\":{\"@id\":\"https:\/\/2022.fim-6days.com\/fr\/waters-rejoint-lequipe-isde-daustralie-ruprecht-se-retire\/#breadcrumb\"},\"inLanguage\":\"fr-FR\",\"potentialAction\":[{\"@type\":\"ReadAction\",\"target\":[\"https:\/\/2022.fim-6days.com\/fr\/waters-rejoint-lequipe-isde-daustralie-ruprecht-se-retire\/\"]}]},{\"@type\":\"ImageObject\",\"inLanguage\":\"fr-FR\",\"@id\":\"https:\/\/2022.fim-6days.com\/fr\/waters-rejoint-lequipe-isde-daustralie-ruprecht-se-retire\/#primaryimage\",\"url\":\"https:\/\/2022.fim-6days.com\/wp-content\/uploads\/sites\/7\/2022\/08\/FIM_ISDE_2018_Vin\u0303a_del_Mar_Opening_Ceremony_Australia-2.jpg\",\"contentUrl\":\"https:\/\/2022.fim-6days.com\/wp-content\/uploads\/sites\/7\/2022\/08\/FIM_ISDE_2018_Vin\u0303a_del_Mar_Opening_Ceremony_Australia-2.jpg\",\"width\":1920,\"height\":1278},{\"@type\":\"BreadcrumbList\",\"@id\":\"https:\/\/2022.fim-6days.com\/fr\/waters-rejoint-lequipe-isde-daustralie-ruprecht-se-retire\/#breadcrumb\",\"itemListElement\":[{\"@type\":\"ListItem\",\"position\":1,\"name\":\"Home\",\"item\":\"https:\/\/2022.fim-6days.com\/fr\/\"},{\"@type\":\"ListItem\",\"position\":2,\"name\":\"Waters rejoint l&rsquo;\u00e9quipe ISDE d&rsquo;Australie, Ruprecht se retire\"}]},{\"@type\":\"WebSite\",\"@id\":\"https:\/\/2022.fim-6days.com\/fr\/#website\",\"url\":\"https:\/\/2022.fim-6days.com\/fr\/\",\"name\":\"FIM ISDE 2021\",\"description\":\"FIM ISDE Official website\",\"publisher\":{\"@id\":\"https:\/\/2022.fim-6days.com\/fr\/#organization\"},\"potentialAction\":[{\"@type\":\"SearchAction\",\"target\":{\"@type\":\"EntryPoint\",\"urlTemplate\":\"https:\/\/2022.fim-6days.com\/fr\/?s={search_term_string}\"},\"query-input\":{\"@type\":\"PropertyValueSpecification\",\"valueRequired\":true,\"valueName\":\"search_term_string\"}}],\"inLanguage\":\"fr-FR\"},{\"@type\":\"Organization\",\"@id\":\"https:\/\/2022.fim-6days.com\/fr\/#organization\",\"name\":\"FIM - F\u00e9d\u00e9ration Internationale de Motocyclisme\",\"url\":\"https:\/\/2022.fim-6days.com\/fr\/\",\"logo\":{\"@type\":\"ImageObject\",\"inLanguage\":\"fr-FR\",\"@id\":\"https:\/\/2022.fim-6days.com\/fr\/#\/schema\/logo\/image\/\",\"url\":\"https:\/\/2022.fim-6days.com\/wp-content\/uploads\/sites\/7\/2019\/07\/LogoFIM-CMYK.png\",\"contentUrl\":\"https:\/\/2022.fim-6days.com\/wp-content\/uploads\/sites\/7\/2019\/07\/LogoFIM-CMYK.png\",\"width\":2608,\"height\":1833,\"caption\":\"FIM - F\u00e9d\u00e9ration Internationale de Motocyclisme\"},\"image\":{\"@id\":\"https:\/\/2022.fim-6days.com\/fr\/#\/schema\/logo\/image\/\"},\"sameAs\":[\"https:\/\/www.facebook.com\/FIMISDE\/\",\"https:\/\/x.com\/fimisde\",\"https:\/\/www.instagram.com\/fim_isde\/\"]},{\"@type\":\"Person\",\"@id\":\"https:\/\/2022.fim-6days.com\/fr\/#\/schema\/person\/bcf4ff642b8d622c689a6eb754f673d3\",\"name\":\"karinea\",\"image\":{\"@type\":\"ImageObject\",\"inLanguage\":\"fr-FR\",\"@id\":\"https:\/\/2022.fim-6days.com\/fr\/#\/schema\/person\/image\/\",\"url\":\"https:\/\/secure.gravatar.com\/avatar\/2f99c39cea2cbbb4f521dcc577a5b8981ed563188abba9c20bd62c0d2bd4abca?s=96&d=mm&r=g\",\"contentUrl\":\"https:\/\/secure.gravatar.com\/avatar\/2f99c39cea2cbbb4f521dcc577a5b8981ed563188abba9c20bd62c0d2bd4abca?s=96&d=mm&r=g\",\"caption\":\"karinea\"},\"url\":\"https:\/\/2022.fim-6days.com\/fr\/author\/karinea\/\"}]}<\/script>\n<!-- \/ Yoast SEO plugin. -->","yoast_head_json":{"title":"Waters rejoint l'\u00e9quipe ISDE d'Australie, Ruprecht se retire - FIM ISDE 2022","description":"La Grande-Bretagne poursuivra sa longue association avec cette comp\u00e9tition en amenant trois solides \u00e9quipes de troph\u00e9es en France le mois prochain.","robots":{"index":"index","follow":"follow","max-snippet":"max-snippet:-1","max-image-preview":"max-image-preview:large","max-video-preview":"max-video-preview:-1"},"canonical":"https:\/\/2022.fim-6days.com\/fr\/waters-rejoint-lequipe-isde-daustralie-ruprecht-se-retire\/","og_locale":"fr_FR","og_type":"article","og_title":"Waters rejoint l'\u00e9quipe ISDE d'Australie, Ruprecht se retire - FIM ISDE 2022","og_description":"La Grande-Bretagne poursuivra sa longue association avec cette comp\u00e9tition en amenant trois solides \u00e9quipes de troph\u00e9es en France le mois prochain.","og_url":"https:\/\/2022.fim-6days.com\/fr\/waters-rejoint-lequipe-isde-daustralie-ruprecht-se-retire\/","og_site_name":"FIM ISDE 2022","article_publisher":"https:\/\/www.facebook.com\/FIMISDE\/","article_published_time":"2022-08-10T09:15:46+00:00","og_image":[{"width":1920,"height":1278,"url":"https:\/\/2022.fim-6days.com\/wp-content\/uploads\/sites\/7\/2022\/08\/FIM_ISDE_2018_Vin\u0303a_del_Mar_Opening_Ceremony_Australia-2.jpg","type":"image\/jpeg"}],"author":"karinea","twitter_card":"summary_large_image","twitter_creator":"@fimisde","twitter_site":"@fimisde","twitter_misc":{"\u00c9crit par":"karinea","Dur\u00e9e de lecture estim\u00e9e":"3 minutes"},"schema":{"@context":"https:\/\/schema.org","@graph":[{"@type":"Article","@id":"https:\/\/2022.fim-6days.com\/fr\/waters-rejoint-lequipe-isde-daustralie-ruprecht-se-retire\/#article","isPartOf":{"@id":"https:\/\/2022.fim-6days.com\/fr\/waters-rejoint-lequipe-isde-daustralie-ruprecht-se-retire\/"},"author":{"name":"karinea","@id":"https:\/\/2022.fim-6days.com\/fr\/#\/schema\/person\/bcf4ff642b8d622c689a6eb754f673d3"},"headline":"Waters rejoint l&rsquo;\u00e9quipe ISDE d&rsquo;Australie, Ruprecht se retire","datePublished":"2022-08-10T09:15:46+00:00","mainEntityOfPage":{"@id":"https:\/\/2022.fim-6days.com\/fr\/waters-rejoint-lequipe-isde-daustralie-ruprecht-se-retire\/"},"wordCount":1474,"publisher":{"@id":"https:\/\/2022.fim-6days.com\/fr\/#organization"},"image":{"@id":"https:\/\/2022.fim-6days.com\/fr\/waters-rejoint-lequipe-isde-daustralie-ruprecht-se-retire\/#primaryimage"},"thumbnailUrl":"https:\/\/2022.fim-6days.com\/wp-content\/uploads\/sites\/7\/2022\/08\/FIM_ISDE_2018_Vin\u0303a_del_Mar_Opening_Ceremony_Australia-2.jpg","articleSection":["Articles","Avant ISDE2022"],"inLanguage":"fr-FR"},{"@type":"WebPage","@id":"https:\/\/2022.fim-6days.com\/fr\/waters-rejoint-lequipe-isde-daustralie-ruprecht-se-retire\/","url":"https:\/\/2022.fim-6days.com\/fr\/waters-rejoint-lequipe-isde-daustralie-ruprecht-se-retire\/","name":"Waters rejoint l'\u00e9quipe ISDE d'Australie, Ruprecht se retire - FIM ISDE 2022","isPartOf":{"@id":"https:\/\/2022.fim-6days.com\/fr\/#website"},"primaryImageOfPage":{"@id":"https:\/\/2022.fim-6days.com\/fr\/waters-rejoint-lequipe-isde-daustralie-ruprecht-se-retire\/#primaryimage"},"image":{"@id":"https:\/\/2022.fim-6days.com\/fr\/waters-rejoint-lequipe-isde-daustralie-ruprecht-se-retire\/#primaryimage"},"thumbnailUrl":"https:\/\/2022.fim-6days.com\/wp-content\/uploads\/sites\/7\/2022\/08\/FIM_ISDE_2018_Vin\u0303a_del_Mar_Opening_Ceremony_Australia-2.jpg","datePublished":"2022-08-10T09:15:46+00:00","description":"La Grande-Bretagne poursuivra sa longue association avec cette comp\u00e9tition en amenant trois solides \u00e9quipes de troph\u00e9es en France le mois prochain.","breadcrumb":{"@id":"https:\/\/2022.fim-6days.com\/fr\/waters-rejoint-lequipe-isde-daustralie-ruprecht-se-retire\/#breadcrumb"},"inLanguage":"fr-FR","potentialAction":[{"@type":"ReadAction","target":["https:\/\/2022.fim-6days.com\/fr\/waters-rejoint-lequipe-isde-daustralie-ruprecht-se-retire\/"]}]},{"@type":"ImageObject","inLanguage":"fr-FR","@id":"https:\/\/2022.fim-6days.com\/fr\/waters-rejoint-lequipe-isde-daustralie-ruprecht-se-retire\/#primaryimage","url":"https:\/\/2022.fim-6days.com\/wp-content\/uploads\/sites\/7\/2022\/08\/FIM_ISDE_2018_Vin\u0303a_del_Mar_Opening_Ceremony_Australia-2.jpg","contentUrl":"https:\/\/2022.fim-6days.com\/wp-content\/uploads\/sites\/7\/2022\/08\/FIM_ISDE_2018_Vin\u0303a_del_Mar_Opening_Ceremony_Australia-2.jpg","width":1920,"height":1278},{"@type":"BreadcrumbList","@id":"https:\/\/2022.fim-6days.com\/fr\/waters-rejoint-lequipe-isde-daustralie-ruprecht-se-retire\/#breadcrumb","itemListElement":[{"@type":"ListItem","position":1,"name":"Home","item":"https:\/\/2022.fim-6days.com\/fr\/"},{"@type":"ListItem","position":2,"name":"Waters rejoint l&rsquo;\u00e9quipe ISDE d&rsquo;Australie, Ruprecht se retire"}]},{"@type":"WebSite","@id":"https:\/\/2022.fim-6days.com\/fr\/#website","url":"https:\/\/2022.fim-6days.com\/fr\/","name":"FIM ISDE 2021","description":"FIM ISDE Official website","publisher":{"@id":"https:\/\/2022.fim-6days.com\/fr\/#organization"},"potentialAction":[{"@type":"SearchAction","target":{"@type":"EntryPoint","urlTemplate":"https:\/\/2022.fim-6days.com\/fr\/?s={search_term_string}"},"query-input":{"@type":"PropertyValueSpecification","valueRequired":true,"valueName":"search_term_string"}}],"inLanguage":"fr-FR"},{"@type":"Organization","@id":"https:\/\/2022.fim-6days.com\/fr\/#organization","name":"FIM - F\u00e9d\u00e9ration Internationale de Motocyclisme","url":"https:\/\/2022.fim-6days.com\/fr\/","logo":{"@type":"ImageObject","inLanguage":"fr-FR","@id":"https:\/\/2022.fim-6days.com\/fr\/#\/schema\/logo\/image\/","url":"https:\/\/2022.fim-6days.com\/wp-content\/uploads\/sites\/7\/2019\/07\/LogoFIM-CMYK.png","contentUrl":"https:\/\/2022.fim-6days.com\/wp-content\/uploads\/sites\/7\/2019\/07\/LogoFIM-CMYK.png","width":2608,"height":1833,"caption":"FIM - F\u00e9d\u00e9ration Internationale de Motocyclisme"},"image":{"@id":"https:\/\/2022.fim-6days.com\/fr\/#\/schema\/logo\/image\/"},"sameAs":["https:\/\/www.facebook.com\/FIMISDE\/","https:\/\/x.com\/fimisde","https:\/\/www.instagram.com\/fim_isde\/"]},{"@type":"Person","@id":"https:\/\/2022.fim-6days.com\/fr\/#\/schema\/person\/bcf4ff642b8d622c689a6eb754f673d3","name":"karinea","image":{"@type":"ImageObject","inLanguage":"fr-FR","@id":"https:\/\/2022.fim-6days.com\/fr\/#\/schema\/person\/image\/","url":"https:\/\/secure.gravatar.com\/avatar\/2f99c39cea2cbbb4f521dcc577a5b8981ed563188abba9c20bd62c0d2bd4abca?s=96&d=mm&r=g","contentUrl":"https:\/\/secure.gravatar.com\/avatar\/2f99c39cea2cbbb4f521dcc577a5b8981ed563188abba9c20bd62c0d2bd4abca?s=96&d=mm&r=g","caption":"karinea"},"url":"https:\/\/2022.fim-6days.com\/fr\/author\/karinea\/"}]}},"_links":{"self":[{"href":"https:\/\/2022.fim-6days.com\/fr\/wp-json\/wp\/v2\/posts\/39638","targetHints":{"allow":["GET"]}}],"collection":[{"href":"https:\/\/2022.fim-6days.com\/fr\/wp-json\/wp\/v2\/posts"}],"about":[{"href":"https:\/\/2022.fim-6days.com\/fr\/wp-json\/wp\/v2\/types\/post"}],"author":[{"embeddable":true,"href":"https:\/\/2022.fim-6days.com\/fr\/wp-json\/wp\/v2\/users\/4"}],"replies":[{"embeddable":true,"href":"https:\/\/2022.fim-6days.com\/fr\/wp-json\/wp\/v2\/comments?post=39638"}],"version-history":[{"count":2,"href":"https:\/\/2022.fim-6days.com\/fr\/wp-json\/wp\/v2\/posts\/39638\/revisions"}],"predecessor-version":[{"id":39651,"href":"https:\/\/2022.fim-6days.com\/fr\/wp-json\/wp\/v2\/posts\/39638\/revisions\/39651"}],"wp:featuredmedia":[{"embeddable":true,"href":"https:\/\/2022.fim-6days.com\/fr\/wp-json\/wp\/v2\/media\/39648"}],"wp:attachment":[{"href":"https:\/\/2022.fim-6days.com\/fr\/wp-json\/wp\/v2\/media?parent=39638"}],"wp:term":[{"taxonomy":"category","embeddable":true,"href":"https:\/\/2022.fim-6days.com\/fr\/wp-json\/wp\/v2\/categories?post=39638"},{"taxonomy":"post_tag","embeddable":true,"href":"https:\/\/2022.fim-6days.com\/fr\/wp-json\/wp\/v2\/tags?post=39638"}],"curies":[{"name":"wp","href":"https:\/\/api.w.org\/{rel}","templated":true}]}}