{"id":39607,"date":"2022-08-10T11:30:14","date_gmt":"2022-08-10T09:30:14","guid":{"rendered":"https:\/\/2022.fim-6days.com\/?p=39607"},"modified":"2022-08-10T11:30:14","modified_gmt":"2022-08-10T09:30:14","slug":"airoh-lance-le-nouvel-aviator-3-six-days-france-2022","status":"publish","type":"post","link":"https:\/\/2022.fim-6days.com\/fr\/airoh-lance-le-nouvel-aviator-3-six-days-france-2022\/","title":{"rendered":"Airoh lance le nouvel Aviator 3 Six Days France 2022"},"content":{"rendered":"<div class=\"fusion-fullwidth fullwidth-box fusion-builder-row-1 fusion-flex-container nonhundred-percent-fullwidth non-hundred-percent-height-scrolling\" style=\"--awb-border-radius-top-left:0px;--awb-border-radius-top-right:0px;--awb-border-radius-bottom-right:0px;--awb-border-radius-bottom-left:0px;--awb-padding-top:0px;--awb-padding-bottom:0px;--awb-flex-wrap:wrap;\" ><div class=\"fusion-builder-row fusion-row fusion-flex-align-items-flex-start fusion-flex-content-wrap\" style=\"max-width:1248px;margin-left: calc(-4% \/ 2 );margin-right: calc(-4% \/ 2 );\"><div class=\"fusion-layout-column fusion_builder_column fusion-builder-column-0 fusion_builder_column_1_1 1_1 fusion-flex-column\" style=\"--awb-padding-top:0px;--awb-padding-bottom:0px;--awb-bg-size:cover;--awb-width-large:100%;--awb-margin-top-large:0px;--awb-spacing-right-large:1.92%;--awb-margin-bottom-large:0px;--awb-spacing-left-large:1.92%;--awb-width-medium:100%;--awb-order-medium:0;--awb-spacing-right-medium:1.92%;--awb-spacing-left-medium:1.92%;--awb-width-small:100%;--awb-order-small:0;--awb-spacing-right-small:1.92%;--awb-spacing-left-small:1.92%;\"><div class=\"fusion-column-wrapper fusion-column-has-shadow fusion-flex-justify-content-flex-start fusion-content-layout-column\"><div class=\"fusion-text fusion-text-1\" style=\"--awb-text-transform:none;\"><p><strong>Airoh, partenaire principal des FIM International Six Days of Enduro (ISDE), c\u00e9l\u00e8bre la 96e \u00e9dition de cet \u00e9v\u00e9nement historique en lan\u00e7ant le casque Airoh Aviator 3 Six Days France 2022, limit\u00e9 \u00e0 cinq cents pi\u00e8ces seulement. Il s&rsquo;agit d&rsquo;un casque incontournable pour les pilotes professionnels et amateurs, avec un design d\u00e9di\u00e9 aux couleurs de la France, les ISDE de cette ann\u00e9e se d\u00e9roulant \u00e0 Le Puy-en-Velay, en France, du lundi 29 ao\u00fbt au samedi 3 septembre.<\/strong><\/p>\n<\/div><div class=\"fusion-slider-sc\"><div class=\"fusion-flexslider-loading flexslider flexslider-hover-type-none\" data-slideshow_autoplay=\"1\" data-slideshow_smooth_height=\"0\" data-slideshow_speed=\"9900\" style=\"max-width:100%;height:100%;\"><ul class=\"slides\"><li class=\"image\"><span class=\"fusion-image-hover-element hover-type-none\"><img decoding=\"async\" src=\"https:\/\/2022.fim-6days.com\/wp-content\/uploads\/sites\/7\/2022\/08\/AIROH-SIX-DAYS-FRANCE-12.jpg\" width=\"1900\" height=\"1267\" class=\"wp-image-39610\" srcset=\"https:\/\/2022.fim-6days.com\/wp-content\/uploads\/sites\/7\/2022\/08\/AIROH-SIX-DAYS-FRANCE-12-200x133.jpg 200w, https:\/\/2022.fim-6days.com\/wp-content\/uploads\/sites\/7\/2022\/08\/AIROH-SIX-DAYS-FRANCE-12-400x267.jpg 400w, https:\/\/2022.fim-6days.com\/wp-content\/uploads\/sites\/7\/2022\/08\/AIROH-SIX-DAYS-FRANCE-12-600x400.jpg 600w, https:\/\/2022.fim-6days.com\/wp-content\/uploads\/sites\/7\/2022\/08\/AIROH-SIX-DAYS-FRANCE-12-800x533.jpg 800w, https:\/\/2022.fim-6days.com\/wp-content\/uploads\/sites\/7\/2022\/08\/AIROH-SIX-DAYS-FRANCE-12-1200x800.jpg 1200w, https:\/\/2022.fim-6days.com\/wp-content\/uploads\/sites\/7\/2022\/08\/AIROH-SIX-DAYS-FRANCE-12.jpg 1900w\" sizes=\"(max-width: 1024px) 100vw, (max-width: 640px) 100vw, 1200px\" \/><\/span><\/li><li class=\"image\"><span class=\"fusion-image-hover-element hover-type-none\"><img decoding=\"async\" src=\"https:\/\/2022.fim-6days.com\/wp-content\/uploads\/sites\/7\/2022\/08\/AIROH-SIX-DAYS-FRANCE-4.jpg\" width=\"1900\" height=\"1267\" class=\"wp-image-39612\" srcset=\"https:\/\/2022.fim-6days.com\/wp-content\/uploads\/sites\/7\/2022\/08\/AIROH-SIX-DAYS-FRANCE-4-200x133.jpg 200w, https:\/\/2022.fim-6days.com\/wp-content\/uploads\/sites\/7\/2022\/08\/AIROH-SIX-DAYS-FRANCE-4-400x267.jpg 400w, https:\/\/2022.fim-6days.com\/wp-content\/uploads\/sites\/7\/2022\/08\/AIROH-SIX-DAYS-FRANCE-4-600x400.jpg 600w, https:\/\/2022.fim-6days.com\/wp-content\/uploads\/sites\/7\/2022\/08\/AIROH-SIX-DAYS-FRANCE-4-800x533.jpg 800w, https:\/\/2022.fim-6days.com\/wp-content\/uploads\/sites\/7\/2022\/08\/AIROH-SIX-DAYS-FRANCE-4-1200x800.jpg 1200w, https:\/\/2022.fim-6days.com\/wp-content\/uploads\/sites\/7\/2022\/08\/AIROH-SIX-DAYS-FRANCE-4.jpg 1900w\" sizes=\"(max-width: 1024px) 100vw, (max-width: 640px) 100vw, 1200px\" \/><\/span><\/li><li class=\"image\"><span class=\"fusion-image-hover-element hover-type-none\"><img decoding=\"async\" src=\"https:\/\/2022.fim-6days.com\/wp-content\/uploads\/sites\/7\/2022\/08\/AIROH-SIX-DAYS-FRANCE-6.jpg\" width=\"1900\" height=\"1267\" class=\"wp-image-39614\" srcset=\"https:\/\/2022.fim-6days.com\/wp-content\/uploads\/sites\/7\/2022\/08\/AIROH-SIX-DAYS-FRANCE-6-200x133.jpg 200w, https:\/\/2022.fim-6days.com\/wp-content\/uploads\/sites\/7\/2022\/08\/AIROH-SIX-DAYS-FRANCE-6-400x267.jpg 400w, https:\/\/2022.fim-6days.com\/wp-content\/uploads\/sites\/7\/2022\/08\/AIROH-SIX-DAYS-FRANCE-6-600x400.jpg 600w, https:\/\/2022.fim-6days.com\/wp-content\/uploads\/sites\/7\/2022\/08\/AIROH-SIX-DAYS-FRANCE-6-800x533.jpg 800w, https:\/\/2022.fim-6days.com\/wp-content\/uploads\/sites\/7\/2022\/08\/AIROH-SIX-DAYS-FRANCE-6-1200x800.jpg 1200w, https:\/\/2022.fim-6days.com\/wp-content\/uploads\/sites\/7\/2022\/08\/AIROH-SIX-DAYS-FRANCE-6.jpg 1900w\" sizes=\"(max-width: 1024px) 100vw, (max-width: 640px) 100vw, 1200px\" \/><\/span><\/li><li class=\"image\"><span class=\"fusion-image-hover-element hover-type-none\"><img decoding=\"async\" src=\"https:\/\/2022.fim-6days.com\/wp-content\/uploads\/sites\/7\/2022\/08\/AIROH-SIX-DAYS-FRANCE-9.jpg\" width=\"1900\" height=\"1267\" class=\"wp-image-39616\" srcset=\"https:\/\/2022.fim-6days.com\/wp-content\/uploads\/sites\/7\/2022\/08\/AIROH-SIX-DAYS-FRANCE-9-200x133.jpg 200w, https:\/\/2022.fim-6days.com\/wp-content\/uploads\/sites\/7\/2022\/08\/AIROH-SIX-DAYS-FRANCE-9-400x267.jpg 400w, https:\/\/2022.fim-6days.com\/wp-content\/uploads\/sites\/7\/2022\/08\/AIROH-SIX-DAYS-FRANCE-9-600x400.jpg 600w, https:\/\/2022.fim-6days.com\/wp-content\/uploads\/sites\/7\/2022\/08\/AIROH-SIX-DAYS-FRANCE-9-800x533.jpg 800w, https:\/\/2022.fim-6days.com\/wp-content\/uploads\/sites\/7\/2022\/08\/AIROH-SIX-DAYS-FRANCE-9-1200x800.jpg 1200w, https:\/\/2022.fim-6days.com\/wp-content\/uploads\/sites\/7\/2022\/08\/AIROH-SIX-DAYS-FRANCE-9.jpg 1900w\" sizes=\"(max-width: 1024px) 100vw, (max-width: 640px) 100vw, 1200px\" \/><\/span><\/li><li class=\"image\"><span class=\"fusion-image-hover-element hover-type-none\"><img decoding=\"async\" src=\"https:\/\/2022.fim-6days.com\/wp-content\/uploads\/sites\/7\/2022\/08\/AIROH-SIX-DAYS-FRANCE-10.jpg\" width=\"1900\" height=\"1267\" class=\"wp-image-39618\" srcset=\"https:\/\/2022.fim-6days.com\/wp-content\/uploads\/sites\/7\/2022\/08\/AIROH-SIX-DAYS-FRANCE-10-200x133.jpg 200w, https:\/\/2022.fim-6days.com\/wp-content\/uploads\/sites\/7\/2022\/08\/AIROH-SIX-DAYS-FRANCE-10-400x267.jpg 400w, https:\/\/2022.fim-6days.com\/wp-content\/uploads\/sites\/7\/2022\/08\/AIROH-SIX-DAYS-FRANCE-10-600x400.jpg 600w, https:\/\/2022.fim-6days.com\/wp-content\/uploads\/sites\/7\/2022\/08\/AIROH-SIX-DAYS-FRANCE-10-800x533.jpg 800w, https:\/\/2022.fim-6days.com\/wp-content\/uploads\/sites\/7\/2022\/08\/AIROH-SIX-DAYS-FRANCE-10-1200x800.jpg 1200w, https:\/\/2022.fim-6days.com\/wp-content\/uploads\/sites\/7\/2022\/08\/AIROH-SIX-DAYS-FRANCE-10.jpg 1900w\" sizes=\"(max-width: 1024px) 100vw, (max-width: 640px) 100vw, 1200px\" \/><\/span><\/li><\/ul><\/div><\/div><div class=\"fusion-text fusion-text-2\" style=\"--awb-text-transform:none;\"><p>L&rsquo;exclusivit\u00e9 de ce produit est renforc\u00e9e par le fait que chaque casque porte un num\u00e9ro de s\u00e9rie individuel, ce qui en fait un v\u00e9ritable objet de collection. Ce d\u00e9tail unique est reproduit sur le passeport du produit sp\u00e9cial qui l&rsquo;accompagne et sur l&#8217;emballage sur mesure.<\/p>\n<p>Disponible \u00e0 la vente depuis le 5 ao\u00fbt, le casque <a href=\"https:\/\/airohspecialedition.com\/en\" target=\"_blank\" rel=\"noopener\">Aviator 3 Six Days France 2022<\/a> pourra \u00eatre personnalis\u00e9 avec des mots ou des chiffres suppl\u00e9mentaires imprim\u00e9s au laser sur le bord de la coque s\u2019il est achet\u00e9 via la <a href=\"https:\/\/airohspecialedition.com\/en\" target=\"_blank\" rel=\"noopener\">boutique en ligne officielle d\u2019AIROH<\/a>, rendant ainsi chaque mod\u00e8le encore plus personnel et distinctif.<\/p>\n<p>Le casque <a href=\"https:\/\/airohspecialedition.com\/en\" target=\"_blank\" rel=\"noopener\">Aviator 3 Six Days France 2022<\/a> sera \u00e9galement pr\u00e9sent et en vente au camion AIROH pendant les ISDE en France et d\u00e8s septembre dans les plus grands magasins europ\u00e9ens.<\/p>\n<\/div><div class=\"fusion-image-element \" style=\"--awb-caption-title-font-family:var(--h2_typography-font-family);--awb-caption-title-font-weight:var(--h2_typography-font-weight);--awb-caption-title-font-style:var(--h2_typography-font-style);--awb-caption-title-size:var(--h2_typography-font-size);--awb-caption-title-transform:var(--h2_typography-text-transform);--awb-caption-title-line-height:var(--h2_typography-line-height);--awb-caption-title-letter-spacing:var(--h2_typography-letter-spacing);\"><span class=\" fusion-imageframe imageframe-none imageframe-1 hover-type-none\"><img decoding=\"async\" width=\"1900\" height=\"782\" title=\"SIXDAYS_AV3_PHOTO5\" src=\"https:\/\/2022.fim-6days.com\/wp-content\/uploads\/sites\/7\/2022\/08\/SIXDAYS_AV3_PHOTO5.jpg\" alt class=\"img-responsive wp-image-39582\" srcset=\"https:\/\/2022.fim-6days.com\/wp-content\/uploads\/sites\/7\/2022\/08\/SIXDAYS_AV3_PHOTO5-200x82.jpg 200w, https:\/\/2022.fim-6days.com\/wp-content\/uploads\/sites\/7\/2022\/08\/SIXDAYS_AV3_PHOTO5-400x165.jpg 400w, https:\/\/2022.fim-6days.com\/wp-content\/uploads\/sites\/7\/2022\/08\/SIXDAYS_AV3_PHOTO5-600x247.jpg 600w, https:\/\/2022.fim-6days.com\/wp-content\/uploads\/sites\/7\/2022\/08\/SIXDAYS_AV3_PHOTO5-800x329.jpg 800w, https:\/\/2022.fim-6days.com\/wp-content\/uploads\/sites\/7\/2022\/08\/SIXDAYS_AV3_PHOTO5-1200x494.jpg 1200w, https:\/\/2022.fim-6days.com\/wp-content\/uploads\/sites\/7\/2022\/08\/SIXDAYS_AV3_PHOTO5.jpg 1900w\" sizes=\"(max-width: 1024px) 100vw, (max-width: 640px) 100vw, 1200px\" \/><\/span><\/div><div class=\"fusion-text fusion-text-3\" style=\"--awb-text-color:var(--awb-color4);\"><p style=\"text-align: center\"><strong>AIROH AVIATOR 3 SIX DAYS FRANCE 2022<\/strong><br \/>\n<strong>CARACT\u00c9RISTIQUES TECHNIQUES<\/strong><\/p>\n<\/div><div class=\"fusion-text fusion-text-4\" style=\"--awb-text-transform:none;\"><p style=\"text-align: center\"><strong>Mat\u00e9riau<\/strong><br \/>\nCarbone HPC<br \/>\n<strong>Homologation<\/strong><br \/>\nECE 22 06<br \/>\n<strong>Ventilation<\/strong><br \/>\n8 prises d&rsquo;air et spoilers<br \/>\n<strong>S\u00e9curit\u00e9 et protection<\/strong><br \/>\nAMS\u00b2 Plus &#8211; Airoh Multiaction Safety System Plus, AMLS &#8211; Airoh Magnetic Lining System, AEFR &#8211; Airoh Emergency Fast Release et AHS &#8211; Airoh Hydration System.<br \/>\n<strong>Syst\u00e8me de r\u00e9tention<\/strong><br \/>\nAnneau DD<br \/>\n<strong>Doublure int\u00e9rieure<\/strong><br \/>\nlavable et hypoallerg\u00e9nique<br \/>\n<strong>Poids<\/strong><br \/>\nA partir de 1330g + &#8211; 50g<br \/>\n<strong>Tailles<\/strong><br \/>\nXS-S, M, L, XL-XXL<\/p>\n<\/div><\/div><\/div><div class=\"fusion-layout-column fusion_builder_column fusion-builder-column-1 fusion_builder_column_1_3 1_3 fusion-flex-column\" style=\"--awb-bg-size:cover;--awb-width-large:33.333333333333%;--awb-margin-top-large:0px;--awb-spacing-right-large:5.76%;--awb-margin-bottom-large:20px;--awb-spacing-left-large:5.76%;--awb-width-medium:100%;--awb-order-medium:0;--awb-spacing-right-medium:1.92%;--awb-spacing-left-medium:1.92%;--awb-width-small:100%;--awb-order-small:0;--awb-spacing-right-small:1.92%;--awb-spacing-left-small:1.92%;\"><div class=\"fusion-column-wrapper fusion-column-has-shadow fusion-flex-justify-content-flex-start fusion-content-layout-column\"><div class=\"fusion-image-element \" style=\"--awb-caption-title-font-family:var(--h2_typography-font-family);--awb-caption-title-font-weight:var(--h2_typography-font-weight);--awb-caption-title-font-style:var(--h2_typography-font-style);--awb-caption-title-size:var(--h2_typography-font-size);--awb-caption-title-transform:var(--h2_typography-text-transform);--awb-caption-title-line-height:var(--h2_typography-line-height);--awb-caption-title-letter-spacing:var(--h2_typography-letter-spacing);\"><span class=\" fusion-imageframe imageframe-none imageframe-2 hover-type-none\"><img decoding=\"async\" width=\"300\" height=\"169\" title=\"CLOSE UP AVIATOR 3 SIX DAYS\" src=\"https:\/\/2022.fim-6days.com\/wp-content\/uploads\/sites\/7\/2022\/08\/CLOSE-UP-AVIATOR-3-SIX-DAYS-300x169.jpg\" alt class=\"img-responsive wp-image-39576\" srcset=\"https:\/\/2022.fim-6days.com\/wp-content\/uploads\/sites\/7\/2022\/08\/CLOSE-UP-AVIATOR-3-SIX-DAYS-200x113.jpg 200w, https:\/\/2022.fim-6days.com\/wp-content\/uploads\/sites\/7\/2022\/08\/CLOSE-UP-AVIATOR-3-SIX-DAYS-400x225.jpg 400w, https:\/\/2022.fim-6days.com\/wp-content\/uploads\/sites\/7\/2022\/08\/CLOSE-UP-AVIATOR-3-SIX-DAYS-600x338.jpg 600w, https:\/\/2022.fim-6days.com\/wp-content\/uploads\/sites\/7\/2022\/08\/CLOSE-UP-AVIATOR-3-SIX-DAYS-800x450.jpg 800w, https:\/\/2022.fim-6days.com\/wp-content\/uploads\/sites\/7\/2022\/08\/CLOSE-UP-AVIATOR-3-SIX-DAYS-1200x675.jpg 1200w, https:\/\/2022.fim-6days.com\/wp-content\/uploads\/sites\/7\/2022\/08\/CLOSE-UP-AVIATOR-3-SIX-DAYS.jpg 1900w\" sizes=\"(max-width: 1024px) 100vw, (max-width: 640px) 100vw, 400px\" \/><\/span><\/div><\/div><\/div><div class=\"fusion-layout-column fusion_builder_column fusion-builder-column-2 fusion_builder_column_1_3 1_3 fusion-flex-column\" style=\"--awb-bg-size:cover;--awb-width-large:33.333333333333%;--awb-margin-top-large:0px;--awb-spacing-right-large:5.76%;--awb-margin-bottom-large:20px;--awb-spacing-left-large:5.76%;--awb-width-medium:100%;--awb-order-medium:0;--awb-spacing-right-medium:1.92%;--awb-spacing-left-medium:1.92%;--awb-width-small:100%;--awb-order-small:0;--awb-spacing-right-small:1.92%;--awb-spacing-left-small:1.92%;\"><div class=\"fusion-column-wrapper fusion-column-has-shadow fusion-flex-justify-content-flex-start fusion-content-layout-column\"><div class=\"fusion-image-element \" style=\"--awb-caption-title-font-family:var(--h2_typography-font-family);--awb-caption-title-font-weight:var(--h2_typography-font-weight);--awb-caption-title-font-style:var(--h2_typography-font-style);--awb-caption-title-size:var(--h2_typography-font-size);--awb-caption-title-transform:var(--h2_typography-text-transform);--awb-caption-title-line-height:var(--h2_typography-line-height);--awb-caption-title-letter-spacing:var(--h2_typography-letter-spacing);\"><span class=\" fusion-imageframe imageframe-none imageframe-3 hover-type-none\"><img decoding=\"async\" width=\"300\" height=\"169\" title=\"LIMITED EDITION DETAIL AVIATOR 3 SIX DAYS\" src=\"https:\/\/2022.fim-6days.com\/wp-content\/uploads\/sites\/7\/2022\/08\/LIMITED-EDITION-DETAIL-AVIATOR-3-SIX-DAYS-300x169.jpg\" alt class=\"img-responsive wp-image-39574\" srcset=\"https:\/\/2022.fim-6days.com\/wp-content\/uploads\/sites\/7\/2022\/08\/LIMITED-EDITION-DETAIL-AVIATOR-3-SIX-DAYS-200x113.jpg 200w, https:\/\/2022.fim-6days.com\/wp-content\/uploads\/sites\/7\/2022\/08\/LIMITED-EDITION-DETAIL-AVIATOR-3-SIX-DAYS-400x225.jpg 400w, https:\/\/2022.fim-6days.com\/wp-content\/uploads\/sites\/7\/2022\/08\/LIMITED-EDITION-DETAIL-AVIATOR-3-SIX-DAYS-600x338.jpg 600w, https:\/\/2022.fim-6days.com\/wp-content\/uploads\/sites\/7\/2022\/08\/LIMITED-EDITION-DETAIL-AVIATOR-3-SIX-DAYS-800x450.jpg 800w, https:\/\/2022.fim-6days.com\/wp-content\/uploads\/sites\/7\/2022\/08\/LIMITED-EDITION-DETAIL-AVIATOR-3-SIX-DAYS-1200x675.jpg 1200w, https:\/\/2022.fim-6days.com\/wp-content\/uploads\/sites\/7\/2022\/08\/LIMITED-EDITION-DETAIL-AVIATOR-3-SIX-DAYS.jpg 1900w\" sizes=\"(max-width: 1024px) 100vw, (max-width: 640px) 100vw, 400px\" \/><\/span><\/div><\/div><\/div><div class=\"fusion-layout-column fusion_builder_column fusion-builder-column-3 fusion_builder_column_1_3 1_3 fusion-flex-column\" style=\"--awb-bg-size:cover;--awb-width-large:33.333333333333%;--awb-margin-top-large:0px;--awb-spacing-right-large:5.76%;--awb-margin-bottom-large:20px;--awb-spacing-left-large:5.76%;--awb-width-medium:100%;--awb-order-medium:0;--awb-spacing-right-medium:1.92%;--awb-spacing-left-medium:1.92%;--awb-width-small:100%;--awb-order-small:0;--awb-spacing-right-small:1.92%;--awb-spacing-left-small:1.92%;\"><div class=\"fusion-column-wrapper fusion-column-has-shadow fusion-flex-justify-content-flex-start fusion-content-layout-column\"><div class=\"fusion-image-element \" style=\"--awb-caption-title-font-family:var(--h2_typography-font-family);--awb-caption-title-font-weight:var(--h2_typography-font-weight);--awb-caption-title-font-style:var(--h2_typography-font-style);--awb-caption-title-size:var(--h2_typography-font-size);--awb-caption-title-transform:var(--h2_typography-text-transform);--awb-caption-title-line-height:var(--h2_typography-line-height);--awb-caption-title-letter-spacing:var(--h2_typography-letter-spacing);\"><span class=\" fusion-imageframe imageframe-none imageframe-4 hover-type-none\"><img decoding=\"async\" width=\"300\" height=\"169\" title=\"INTERNAL VIEW AVIATOR 3 SIX DAYS\" src=\"https:\/\/2022.fim-6days.com\/wp-content\/uploads\/sites\/7\/2022\/08\/INTERNAL-VIEW-AVIATOR-3-SIX-DAYS-300x169.jpg\" alt class=\"img-responsive wp-image-39580\" srcset=\"https:\/\/2022.fim-6days.com\/wp-content\/uploads\/sites\/7\/2022\/08\/INTERNAL-VIEW-AVIATOR-3-SIX-DAYS-200x113.jpg 200w, https:\/\/2022.fim-6days.com\/wp-content\/uploads\/sites\/7\/2022\/08\/INTERNAL-VIEW-AVIATOR-3-SIX-DAYS-400x225.jpg 400w, https:\/\/2022.fim-6days.com\/wp-content\/uploads\/sites\/7\/2022\/08\/INTERNAL-VIEW-AVIATOR-3-SIX-DAYS-600x338.jpg 600w, https:\/\/2022.fim-6days.com\/wp-content\/uploads\/sites\/7\/2022\/08\/INTERNAL-VIEW-AVIATOR-3-SIX-DAYS-800x450.jpg 800w, https:\/\/2022.fim-6days.com\/wp-content\/uploads\/sites\/7\/2022\/08\/INTERNAL-VIEW-AVIATOR-3-SIX-DAYS-1200x675.jpg 1200w, https:\/\/2022.fim-6days.com\/wp-content\/uploads\/sites\/7\/2022\/08\/INTERNAL-VIEW-AVIATOR-3-SIX-DAYS.jpg 1900w\" sizes=\"(max-width: 1024px) 100vw, (max-width: 640px) 100vw, 400px\" \/><\/span><\/div><\/div><\/div><div class=\"fusion-layout-column fusion_builder_column fusion-builder-column-4 fusion_builder_column_1_1 1_1 fusion-flex-column\" style=\"--awb-bg-size:cover;--awb-width-large:100%;--awb-margin-top-large:0px;--awb-spacing-right-large:1.92%;--awb-margin-bottom-large:20px;--awb-spacing-left-large:1.92%;--awb-width-medium:100%;--awb-order-medium:0;--awb-spacing-right-medium:1.92%;--awb-spacing-left-medium:1.92%;--awb-width-small:100%;--awb-order-small:0;--awb-spacing-right-small:1.92%;--awb-spacing-left-small:1.92%;\"><div class=\"fusion-column-wrapper fusion-column-has-shadow fusion-flex-justify-content-flex-start fusion-content-layout-column\"><div class=\"fusion-video fusion-youtube\" style=\"--awb-max-width:600px;--awb-max-height:360px;--awb-align-self:center;--awb-width:100%;\"><div class=\"video-shortcode\"><div class=\"fluid-width-video-wrapper\" style=\"padding-top:60%;\" ><iframe title=\"YouTube video player 1\" src=\"https:\/\/www.youtube.com\/embed\/2uY6DHSRYaU?wmode=transparent&autoplay=0&oida=1\" width=\"600\" height=\"360\" allowfullscreen allow=\"autoplay; clipboard-write; encrypted-media; gyroscope; picture-in-picture;\"><\/iframe><\/div><\/div><\/div><div class=\"fusion-separator fusion-full-width-sep\" style=\"align-self: center;margin-left: auto;margin-right: auto;margin-bottom:20px;width:100%;\"><\/div>\n<div class=\"fusion-text fusion-text-5\"><p><strong>Fabio Muner &#8211; Directeur Marketing &amp; Digital de la FIM<\/strong> a confirm\u00e9 une fois de plus l&rsquo;importance de ce partenariat significatif : \u00ab\u00a0<em>C&rsquo;est toujours un moment excitant dans la pr\u00e9paration de chaque ISDE lorsqu&rsquo;AIROH r\u00e9v\u00e8le son casque en \u00e9dition limit\u00e9e pour c\u00e9l\u00e9brer sa longue association avec les 6DAYS. Une fois de plus, Airoh a con\u00e7u un casque exceptionnel pour cette \u00e9dition des ISDE, un casque que n&rsquo;importe quel pilote serait fier de porter et de conserver comme souvenir unique de l&rsquo;\u00e9v\u00e9nement 2022. Au nom de la FIM, je tiens \u00e0 remercier encore une fois Airoh pour son engagement continu envers les ISDE pour les trois prochaines \u00e9ditions.<\/em>\u00a0\u00bb<\/p>\n<\/div><div class=\"fusion-separator fusion-full-width-sep\" style=\"align-self: center;margin-left: auto;margin-right: auto;margin-bottom:20px;width:100%;\"><\/div>\n<div style=\"text-align:center;\"><a class=\"fusion-button button-flat fusion-button-default-size button-default fusion-button-default button-1 fusion-button-default-span fusion-button-default-type\" target=\"_blank\" rel=\"noopener noreferrer\" href=\"https:\/\/airohspecialedition.com\/en\"><span class=\"fusion-button-text awb-button__text awb-button__text--default\">LEARN MORE ABOUT THE AIROH AVIATOR 3 SIX DAYS<\/span><\/a><\/div><div class=\"fusion-separator fusion-full-width-sep\" style=\"align-self: center;margin-left: auto;margin-right: auto;margin-bottom:20px;width:100%;\"><\/div>\n<div class=\"fusion-image-element \" style=\"text-align:center;--awb-caption-title-font-family:var(--h2_typography-font-family);--awb-caption-title-font-weight:var(--h2_typography-font-weight);--awb-caption-title-font-style:var(--h2_typography-font-style);--awb-caption-title-size:var(--h2_typography-font-size);--awb-caption-title-transform:var(--h2_typography-text-transform);--awb-caption-title-line-height:var(--h2_typography-line-height);--awb-caption-title-letter-spacing:var(--h2_typography-letter-spacing);\"><span class=\" fusion-imageframe imageframe-none imageframe-5 hover-type-none\"><a class=\"fusion-no-lightbox\" href=\"https:\/\/airohspecialedition.com\/en\" target=\"_blank\" aria-label=\"ISDE2022-24_Airoh-H\" rel=\"noopener noreferrer\"><img decoding=\"async\" width=\"300\" height=\"107\" src=\"https:\/\/2022.fim-6days.com\/wp-content\/uploads\/sites\/7\/2022\/04\/ISDE2022-24_Airoh-H-300x107.png\" alt class=\"img-responsive wp-image-38870\" srcset=\"https:\/\/2022.fim-6days.com\/wp-content\/uploads\/sites\/7\/2022\/04\/ISDE2022-24_Airoh-H-200x71.png 200w, https:\/\/2022.fim-6days.com\/wp-content\/uploads\/sites\/7\/2022\/04\/ISDE2022-24_Airoh-H-400x143.png 400w, https:\/\/2022.fim-6days.com\/wp-content\/uploads\/sites\/7\/2022\/04\/ISDE2022-24_Airoh-H-600x214.png 600w, https:\/\/2022.fim-6days.com\/wp-content\/uploads\/sites\/7\/2022\/04\/ISDE2022-24_Airoh-H-800x286.png 800w, https:\/\/2022.fim-6days.com\/wp-content\/uploads\/sites\/7\/2022\/04\/ISDE2022-24_Airoh-H-1200x428.png 1200w\" sizes=\"(max-width: 1024px) 100vw, (max-width: 640px) 100vw, 1200px\" \/><\/a><\/span><\/div><\/div><\/div><\/div><\/div>\n","protected":false},"excerpt":{"rendered":"","protected":false},"author":5,"featured_media":39609,"comment_status":"closed","ping_status":"closed","sticky":false,"template":"","format":"standard","meta":{"inline_featured_image":false,"footnotes":""},"categories":[75,95],"tags":[],"class_list":["post-39607","post","type-post","status-publish","format-standard","has-post-thumbnail","hentry","category-articles","category-avant-isde2022"],"yoast_head":"<!-- This site is optimized with the Yoast SEO plugin v25.6 - https:\/\/yoast.com\/wordpress\/plugins\/seo\/ -->\n<title>Airoh lance le nouvel Aviator 3 Six Days France 2022 - FIM ISDE 2022<\/title>\n<meta name=\"description\" content=\"La Grande-Bretagne poursuivra sa longue association avec cette comp\u00e9tition en amenant trois Airoh, partenaire principal des FIM International Six Days of Enduro (ISDE), c\u00e9l\u00e8bre la 96e \u00e9dition de cet \u00e9v\u00e9nement historique en lan\u00e7ant le casque Airoh Aviator 3 Six Days France 2022, limit\u00e9 \u00e0 cinq cents pi\u00e8ces seulement. Il s&#039;agit d&#039;un casque incontournable pour les pilotes professionnels et amateurs, avec un design d\u00e9di\u00e9 aux couleurs de la France, les ISDE de cette ann\u00e9e se d\u00e9roulant \u00e0 Le Puy-en-Velay, en France, du lundi 29 ao\u00fbt au samedi 3 septembre.\" \/>\n<meta name=\"robots\" content=\"index, follow, max-snippet:-1, max-image-preview:large, max-video-preview:-1\" \/>\n<link rel=\"canonical\" href=\"https:\/\/2022.fim-6days.com\/fr\/airoh-lance-le-nouvel-aviator-3-six-days-france-2022\/\" \/>\n<meta property=\"og:locale\" content=\"fr_FR\" \/>\n<meta property=\"og:type\" content=\"article\" \/>\n<meta property=\"og:title\" content=\"Airoh lance le nouvel Aviator 3 Six Days France 2022 - FIM ISDE 2022\" \/>\n<meta property=\"og:description\" content=\"La Grande-Bretagne poursuivra sa longue association avec cette comp\u00e9tition en amenant trois Airoh, partenaire principal des FIM International Six Days of Enduro (ISDE), c\u00e9l\u00e8bre la 96e \u00e9dition de cet \u00e9v\u00e9nement historique en lan\u00e7ant le casque Airoh Aviator 3 Six Days France 2022, limit\u00e9 \u00e0 cinq cents pi\u00e8ces seulement. Il s&#039;agit d&#039;un casque incontournable pour les pilotes professionnels et amateurs, avec un design d\u00e9di\u00e9 aux couleurs de la France, les ISDE de cette ann\u00e9e se d\u00e9roulant \u00e0 Le Puy-en-Velay, en France, du lundi 29 ao\u00fbt au samedi 3 septembre.\" \/>\n<meta property=\"og:url\" content=\"https:\/\/2022.fim-6days.com\/fr\/airoh-lance-le-nouvel-aviator-3-six-days-france-2022\/\" \/>\n<meta property=\"og:site_name\" content=\"FIM ISDE 2022\" \/>\n<meta property=\"article:publisher\" content=\"https:\/\/www.facebook.com\/FIMISDE\/\" \/>\n<meta property=\"article:published_time\" content=\"2022-08-10T09:30:14+00:00\" \/>\n<meta property=\"og:image\" content=\"https:\/\/2022.fim-6days.com\/wp-content\/uploads\/sites\/7\/2022\/08\/AIROH-SIX-DAYS-FRANCE-5.jpg\" \/>\n\t<meta property=\"og:image:width\" content=\"1900\" \/>\n\t<meta property=\"og:image:height\" content=\"1267\" \/>\n\t<meta property=\"og:image:type\" content=\"image\/jpeg\" \/>\n<meta name=\"author\" content=\"adrienl\" \/>\n<meta name=\"twitter:card\" content=\"summary_large_image\" \/>\n<meta name=\"twitter:creator\" content=\"@fimisde\" \/>\n<meta name=\"twitter:site\" content=\"@fimisde\" \/>\n<meta name=\"twitter:label1\" content=\"\u00c9crit par\" \/>\n\t<meta name=\"twitter:data1\" content=\"adrienl\" \/>\n\t<meta name=\"twitter:label2\" content=\"Dur\u00e9e de lecture estim\u00e9e\" \/>\n\t<meta name=\"twitter:data2\" content=\"8 minutes\" \/>\n<script type=\"application\/ld+json\" class=\"yoast-schema-graph\">{\"@context\":\"https:\/\/schema.org\",\"@graph\":[{\"@type\":\"Article\",\"@id\":\"https:\/\/2022.fim-6days.com\/fr\/airoh-lance-le-nouvel-aviator-3-six-days-france-2022\/#article\",\"isPartOf\":{\"@id\":\"https:\/\/2022.fim-6days.com\/fr\/airoh-lance-le-nouvel-aviator-3-six-days-france-2022\/\"},\"author\":{\"name\":\"adrienl\",\"@id\":\"https:\/\/2022.fim-6days.com\/fr\/#\/schema\/person\/b768593eefad52cbe5520ff1c35ba2f5\"},\"headline\":\"Airoh lance le nouvel Aviator 3 Six Days France 2022\",\"datePublished\":\"2022-08-10T09:30:14+00:00\",\"mainEntityOfPage\":{\"@id\":\"https:\/\/2022.fim-6days.com\/fr\/airoh-lance-le-nouvel-aviator-3-six-days-france-2022\/\"},\"wordCount\":4043,\"publisher\":{\"@id\":\"https:\/\/2022.fim-6days.com\/fr\/#organization\"},\"image\":{\"@id\":\"https:\/\/2022.fim-6days.com\/fr\/airoh-lance-le-nouvel-aviator-3-six-days-france-2022\/#primaryimage\"},\"thumbnailUrl\":\"https:\/\/2022.fim-6days.com\/wp-content\/uploads\/sites\/7\/2022\/08\/AIROH-SIX-DAYS-FRANCE-5.jpg\",\"articleSection\":[\"Articles\",\"Avant ISDE2022\"],\"inLanguage\":\"fr-FR\"},{\"@type\":\"WebPage\",\"@id\":\"https:\/\/2022.fim-6days.com\/fr\/airoh-lance-le-nouvel-aviator-3-six-days-france-2022\/\",\"url\":\"https:\/\/2022.fim-6days.com\/fr\/airoh-lance-le-nouvel-aviator-3-six-days-france-2022\/\",\"name\":\"Airoh lance le nouvel Aviator 3 Six Days France 2022 - FIM ISDE 2022\",\"isPartOf\":{\"@id\":\"https:\/\/2022.fim-6days.com\/fr\/#website\"},\"primaryImageOfPage\":{\"@id\":\"https:\/\/2022.fim-6days.com\/fr\/airoh-lance-le-nouvel-aviator-3-six-days-france-2022\/#primaryimage\"},\"image\":{\"@id\":\"https:\/\/2022.fim-6days.com\/fr\/airoh-lance-le-nouvel-aviator-3-six-days-france-2022\/#primaryimage\"},\"thumbnailUrl\":\"https:\/\/2022.fim-6days.com\/wp-content\/uploads\/sites\/7\/2022\/08\/AIROH-SIX-DAYS-FRANCE-5.jpg\",\"datePublished\":\"2022-08-10T09:30:14+00:00\",\"description\":\"La Grande-Bretagne poursuivra sa longue association avec cette comp\u00e9tition en amenant trois Airoh, partenaire principal des FIM International Six Days of Enduro (ISDE), c\u00e9l\u00e8bre la 96e \u00e9dition de cet \u00e9v\u00e9nement historique en lan\u00e7ant le casque Airoh Aviator 3 Six Days France 2022, limit\u00e9 \u00e0 cinq cents pi\u00e8ces seulement. Il s'agit d'un casque incontournable pour les pilotes professionnels et amateurs, avec un design d\u00e9di\u00e9 aux couleurs de la France, les ISDE de cette ann\u00e9e se d\u00e9roulant \u00e0 Le Puy-en-Velay, en France, du lundi 29 ao\u00fbt au samedi 3 septembre.\",\"breadcrumb\":{\"@id\":\"https:\/\/2022.fim-6days.com\/fr\/airoh-lance-le-nouvel-aviator-3-six-days-france-2022\/#breadcrumb\"},\"inLanguage\":\"fr-FR\",\"potentialAction\":[{\"@type\":\"ReadAction\",\"target\":[\"https:\/\/2022.fim-6days.com\/fr\/airoh-lance-le-nouvel-aviator-3-six-days-france-2022\/\"]}]},{\"@type\":\"ImageObject\",\"inLanguage\":\"fr-FR\",\"@id\":\"https:\/\/2022.fim-6days.com\/fr\/airoh-lance-le-nouvel-aviator-3-six-days-france-2022\/#primaryimage\",\"url\":\"https:\/\/2022.fim-6days.com\/wp-content\/uploads\/sites\/7\/2022\/08\/AIROH-SIX-DAYS-FRANCE-5.jpg\",\"contentUrl\":\"https:\/\/2022.fim-6days.com\/wp-content\/uploads\/sites\/7\/2022\/08\/AIROH-SIX-DAYS-FRANCE-5.jpg\",\"width\":1900,\"height\":1267},{\"@type\":\"BreadcrumbList\",\"@id\":\"https:\/\/2022.fim-6days.com\/fr\/airoh-lance-le-nouvel-aviator-3-six-days-france-2022\/#breadcrumb\",\"itemListElement\":[{\"@type\":\"ListItem\",\"position\":1,\"name\":\"Home\",\"item\":\"https:\/\/2022.fim-6days.com\/fr\/\"},{\"@type\":\"ListItem\",\"position\":2,\"name\":\"Airoh lance le nouvel Aviator 3 Six Days France 2022\"}]},{\"@type\":\"WebSite\",\"@id\":\"https:\/\/2022.fim-6days.com\/fr\/#website\",\"url\":\"https:\/\/2022.fim-6days.com\/fr\/\",\"name\":\"FIM ISDE 2021\",\"description\":\"FIM ISDE Official website\",\"publisher\":{\"@id\":\"https:\/\/2022.fim-6days.com\/fr\/#organization\"},\"potentialAction\":[{\"@type\":\"SearchAction\",\"target\":{\"@type\":\"EntryPoint\",\"urlTemplate\":\"https:\/\/2022.fim-6days.com\/fr\/?s={search_term_string}\"},\"query-input\":{\"@type\":\"PropertyValueSpecification\",\"valueRequired\":true,\"valueName\":\"search_term_string\"}}],\"inLanguage\":\"fr-FR\"},{\"@type\":\"Organization\",\"@id\":\"https:\/\/2022.fim-6days.com\/fr\/#organization\",\"name\":\"FIM - F\u00e9d\u00e9ration Internationale de Motocyclisme\",\"url\":\"https:\/\/2022.fim-6days.com\/fr\/\",\"logo\":{\"@type\":\"ImageObject\",\"inLanguage\":\"fr-FR\",\"@id\":\"https:\/\/2022.fim-6days.com\/fr\/#\/schema\/logo\/image\/\",\"url\":\"https:\/\/2022.fim-6days.com\/wp-content\/uploads\/sites\/7\/2019\/07\/LogoFIM-CMYK.png\",\"contentUrl\":\"https:\/\/2022.fim-6days.com\/wp-content\/uploads\/sites\/7\/2019\/07\/LogoFIM-CMYK.png\",\"width\":2608,\"height\":1833,\"caption\":\"FIM - F\u00e9d\u00e9ration Internationale de Motocyclisme\"},\"image\":{\"@id\":\"https:\/\/2022.fim-6days.com\/fr\/#\/schema\/logo\/image\/\"},\"sameAs\":[\"https:\/\/www.facebook.com\/FIMISDE\/\",\"https:\/\/x.com\/fimisde\",\"https:\/\/www.instagram.com\/fim_isde\/\"]},{\"@type\":\"Person\",\"@id\":\"https:\/\/2022.fim-6days.com\/fr\/#\/schema\/person\/b768593eefad52cbe5520ff1c35ba2f5\",\"name\":\"adrienl\",\"image\":{\"@type\":\"ImageObject\",\"inLanguage\":\"fr-FR\",\"@id\":\"https:\/\/2022.fim-6days.com\/fr\/#\/schema\/person\/image\/\",\"url\":\"https:\/\/secure.gravatar.com\/avatar\/e771ef29e1334370187be9d045c63ba9afdb5565bd0da2d089bb69909a828994?s=96&d=mm&r=g\",\"contentUrl\":\"https:\/\/secure.gravatar.com\/avatar\/e771ef29e1334370187be9d045c63ba9afdb5565bd0da2d089bb69909a828994?s=96&d=mm&r=g\",\"caption\":\"adrienl\"},\"url\":\"https:\/\/2022.fim-6days.com\/fr\/author\/adrienl\/\"}]}<\/script>\n<!-- \/ Yoast SEO plugin. -->","yoast_head_json":{"title":"Airoh lance le nouvel Aviator 3 Six Days France 2022 - FIM ISDE 2022","description":"La Grande-Bretagne poursuivra sa longue association avec cette comp\u00e9tition en amenant trois Airoh, partenaire principal des FIM International Six Days of Enduro (ISDE), c\u00e9l\u00e8bre la 96e \u00e9dition de cet \u00e9v\u00e9nement historique en lan\u00e7ant le casque Airoh Aviator 3 Six Days France 2022, limit\u00e9 \u00e0 cinq cents pi\u00e8ces seulement. Il s'agit d'un casque incontournable pour les pilotes professionnels et amateurs, avec un design d\u00e9di\u00e9 aux couleurs de la France, les ISDE de cette ann\u00e9e se d\u00e9roulant \u00e0 Le Puy-en-Velay, en France, du lundi 29 ao\u00fbt au samedi 3 septembre.","robots":{"index":"index","follow":"follow","max-snippet":"max-snippet:-1","max-image-preview":"max-image-preview:large","max-video-preview":"max-video-preview:-1"},"canonical":"https:\/\/2022.fim-6days.com\/fr\/airoh-lance-le-nouvel-aviator-3-six-days-france-2022\/","og_locale":"fr_FR","og_type":"article","og_title":"Airoh lance le nouvel Aviator 3 Six Days France 2022 - FIM ISDE 2022","og_description":"La Grande-Bretagne poursuivra sa longue association avec cette comp\u00e9tition en amenant trois Airoh, partenaire principal des FIM International Six Days of Enduro (ISDE), c\u00e9l\u00e8bre la 96e \u00e9dition de cet \u00e9v\u00e9nement historique en lan\u00e7ant le casque Airoh Aviator 3 Six Days France 2022, limit\u00e9 \u00e0 cinq cents pi\u00e8ces seulement. Il s'agit d'un casque incontournable pour les pilotes professionnels et amateurs, avec un design d\u00e9di\u00e9 aux couleurs de la France, les ISDE de cette ann\u00e9e se d\u00e9roulant \u00e0 Le Puy-en-Velay, en France, du lundi 29 ao\u00fbt au samedi 3 septembre.","og_url":"https:\/\/2022.fim-6days.com\/fr\/airoh-lance-le-nouvel-aviator-3-six-days-france-2022\/","og_site_name":"FIM ISDE 2022","article_publisher":"https:\/\/www.facebook.com\/FIMISDE\/","article_published_time":"2022-08-10T09:30:14+00:00","og_image":[{"width":1900,"height":1267,"url":"https:\/\/2022.fim-6days.com\/wp-content\/uploads\/sites\/7\/2022\/08\/AIROH-SIX-DAYS-FRANCE-5.jpg","type":"image\/jpeg"}],"author":"adrienl","twitter_card":"summary_large_image","twitter_creator":"@fimisde","twitter_site":"@fimisde","twitter_misc":{"\u00c9crit par":"adrienl","Dur\u00e9e de lecture estim\u00e9e":"8 minutes"},"schema":{"@context":"https:\/\/schema.org","@graph":[{"@type":"Article","@id":"https:\/\/2022.fim-6days.com\/fr\/airoh-lance-le-nouvel-aviator-3-six-days-france-2022\/#article","isPartOf":{"@id":"https:\/\/2022.fim-6days.com\/fr\/airoh-lance-le-nouvel-aviator-3-six-days-france-2022\/"},"author":{"name":"adrienl","@id":"https:\/\/2022.fim-6days.com\/fr\/#\/schema\/person\/b768593eefad52cbe5520ff1c35ba2f5"},"headline":"Airoh lance le nouvel Aviator 3 Six Days France 2022","datePublished":"2022-08-10T09:30:14+00:00","mainEntityOfPage":{"@id":"https:\/\/2022.fim-6days.com\/fr\/airoh-lance-le-nouvel-aviator-3-six-days-france-2022\/"},"wordCount":4043,"publisher":{"@id":"https:\/\/2022.fim-6days.com\/fr\/#organization"},"image":{"@id":"https:\/\/2022.fim-6days.com\/fr\/airoh-lance-le-nouvel-aviator-3-six-days-france-2022\/#primaryimage"},"thumbnailUrl":"https:\/\/2022.fim-6days.com\/wp-content\/uploads\/sites\/7\/2022\/08\/AIROH-SIX-DAYS-FRANCE-5.jpg","articleSection":["Articles","Avant ISDE2022"],"inLanguage":"fr-FR"},{"@type":"WebPage","@id":"https:\/\/2022.fim-6days.com\/fr\/airoh-lance-le-nouvel-aviator-3-six-days-france-2022\/","url":"https:\/\/2022.fim-6days.com\/fr\/airoh-lance-le-nouvel-aviator-3-six-days-france-2022\/","name":"Airoh lance le nouvel Aviator 3 Six Days France 2022 - FIM ISDE 2022","isPartOf":{"@id":"https:\/\/2022.fim-6days.com\/fr\/#website"},"primaryImageOfPage":{"@id":"https:\/\/2022.fim-6days.com\/fr\/airoh-lance-le-nouvel-aviator-3-six-days-france-2022\/#primaryimage"},"image":{"@id":"https:\/\/2022.fim-6days.com\/fr\/airoh-lance-le-nouvel-aviator-3-six-days-france-2022\/#primaryimage"},"thumbnailUrl":"https:\/\/2022.fim-6days.com\/wp-content\/uploads\/sites\/7\/2022\/08\/AIROH-SIX-DAYS-FRANCE-5.jpg","datePublished":"2022-08-10T09:30:14+00:00","description":"La Grande-Bretagne poursuivra sa longue association avec cette comp\u00e9tition en amenant trois Airoh, partenaire principal des FIM International Six Days of Enduro (ISDE), c\u00e9l\u00e8bre la 96e \u00e9dition de cet \u00e9v\u00e9nement historique en lan\u00e7ant le casque Airoh Aviator 3 Six Days France 2022, limit\u00e9 \u00e0 cinq cents pi\u00e8ces seulement. Il s'agit d'un casque incontournable pour les pilotes professionnels et amateurs, avec un design d\u00e9di\u00e9 aux couleurs de la France, les ISDE de cette ann\u00e9e se d\u00e9roulant \u00e0 Le Puy-en-Velay, en France, du lundi 29 ao\u00fbt au samedi 3 septembre.","breadcrumb":{"@id":"https:\/\/2022.fim-6days.com\/fr\/airoh-lance-le-nouvel-aviator-3-six-days-france-2022\/#breadcrumb"},"inLanguage":"fr-FR","potentialAction":[{"@type":"ReadAction","target":["https:\/\/2022.fim-6days.com\/fr\/airoh-lance-le-nouvel-aviator-3-six-days-france-2022\/"]}]},{"@type":"ImageObject","inLanguage":"fr-FR","@id":"https:\/\/2022.fim-6days.com\/fr\/airoh-lance-le-nouvel-aviator-3-six-days-france-2022\/#primaryimage","url":"https:\/\/2022.fim-6days.com\/wp-content\/uploads\/sites\/7\/2022\/08\/AIROH-SIX-DAYS-FRANCE-5.jpg","contentUrl":"https:\/\/2022.fim-6days.com\/wp-content\/uploads\/sites\/7\/2022\/08\/AIROH-SIX-DAYS-FRANCE-5.jpg","width":1900,"height":1267},{"@type":"BreadcrumbList","@id":"https:\/\/2022.fim-6days.com\/fr\/airoh-lance-le-nouvel-aviator-3-six-days-france-2022\/#breadcrumb","itemListElement":[{"@type":"ListItem","position":1,"name":"Home","item":"https:\/\/2022.fim-6days.com\/fr\/"},{"@type":"ListItem","position":2,"name":"Airoh lance le nouvel Aviator 3 Six Days France 2022"}]},{"@type":"WebSite","@id":"https:\/\/2022.fim-6days.com\/fr\/#website","url":"https:\/\/2022.fim-6days.com\/fr\/","name":"FIM ISDE 2021","description":"FIM ISDE Official website","publisher":{"@id":"https:\/\/2022.fim-6days.com\/fr\/#organization"},"potentialAction":[{"@type":"SearchAction","target":{"@type":"EntryPoint","urlTemplate":"https:\/\/2022.fim-6days.com\/fr\/?s={search_term_string}"},"query-input":{"@type":"PropertyValueSpecification","valueRequired":true,"valueName":"search_term_string"}}],"inLanguage":"fr-FR"},{"@type":"Organization","@id":"https:\/\/2022.fim-6days.com\/fr\/#organization","name":"FIM - F\u00e9d\u00e9ration Internationale de Motocyclisme","url":"https:\/\/2022.fim-6days.com\/fr\/","logo":{"@type":"ImageObject","inLanguage":"fr-FR","@id":"https:\/\/2022.fim-6days.com\/fr\/#\/schema\/logo\/image\/","url":"https:\/\/2022.fim-6days.com\/wp-content\/uploads\/sites\/7\/2019\/07\/LogoFIM-CMYK.png","contentUrl":"https:\/\/2022.fim-6days.com\/wp-content\/uploads\/sites\/7\/2019\/07\/LogoFIM-CMYK.png","width":2608,"height":1833,"caption":"FIM - F\u00e9d\u00e9ration Internationale de Motocyclisme"},"image":{"@id":"https:\/\/2022.fim-6days.com\/fr\/#\/schema\/logo\/image\/"},"sameAs":["https:\/\/www.facebook.com\/FIMISDE\/","https:\/\/x.com\/fimisde","https:\/\/www.instagram.com\/fim_isde\/"]},{"@type":"Person","@id":"https:\/\/2022.fim-6days.com\/fr\/#\/schema\/person\/b768593eefad52cbe5520ff1c35ba2f5","name":"adrienl","image":{"@type":"ImageObject","inLanguage":"fr-FR","@id":"https:\/\/2022.fim-6days.com\/fr\/#\/schema\/person\/image\/","url":"https:\/\/secure.gravatar.com\/avatar\/e771ef29e1334370187be9d045c63ba9afdb5565bd0da2d089bb69909a828994?s=96&d=mm&r=g","contentUrl":"https:\/\/secure.gravatar.com\/avatar\/e771ef29e1334370187be9d045c63ba9afdb5565bd0da2d089bb69909a828994?s=96&d=mm&r=g","caption":"adrienl"},"url":"https:\/\/2022.fim-6days.com\/fr\/author\/adrienl\/"}]}},"_links":{"self":[{"href":"https:\/\/2022.fim-6days.com\/fr\/wp-json\/wp\/v2\/posts\/39607","targetHints":{"allow":["GET"]}}],"collection":[{"href":"https:\/\/2022.fim-6days.com\/fr\/wp-json\/wp\/v2\/posts"}],"about":[{"href":"https:\/\/2022.fim-6days.com\/fr\/wp-json\/wp\/v2\/types\/post"}],"author":[{"embeddable":true,"href":"https:\/\/2022.fim-6days.com\/fr\/wp-json\/wp\/v2\/users\/5"}],"replies":[{"embeddable":true,"href":"https:\/\/2022.fim-6days.com\/fr\/wp-json\/wp\/v2\/comments?post=39607"}],"version-history":[{"count":3,"href":"https:\/\/2022.fim-6days.com\/fr\/wp-json\/wp\/v2\/posts\/39607\/revisions"}],"predecessor-version":[{"id":39655,"href":"https:\/\/2022.fim-6days.com\/fr\/wp-json\/wp\/v2\/posts\/39607\/revisions\/39655"}],"wp:featuredmedia":[{"embeddable":true,"href":"https:\/\/2022.fim-6days.com\/fr\/wp-json\/wp\/v2\/media\/39609"}],"wp:attachment":[{"href":"https:\/\/2022.fim-6days.com\/fr\/wp-json\/wp\/v2\/media?parent=39607"}],"wp:term":[{"taxonomy":"category","embeddable":true,"href":"https:\/\/2022.fim-6days.com\/fr\/wp-json\/wp\/v2\/categories?post=39607"},{"taxonomy":"post_tag","embeddable":true,"href":"https:\/\/2022.fim-6days.com\/fr\/wp-json\/wp\/v2\/tags?post=39607"}],"curies":[{"name":"wp","href":"https:\/\/api.w.org\/{rel}","templated":true}]}}