{"id":39492,"date":"2022-07-13T13:58:56","date_gmt":"2022-07-13T11:58:56","guid":{"rendered":"https:\/\/2022.fim-6days.com\/?p=39492"},"modified":"2022-07-13T13:58:56","modified_gmt":"2022-07-13T11:58:56","slug":"la-grande-bretagne-presente-ses-equipes-pour-les-isde","status":"publish","type":"post","link":"https:\/\/2022.fim-6days.com\/fr\/la-grande-bretagne-presente-ses-equipes-pour-les-isde\/","title":{"rendered":"La Grande-Bretagne pr\u00e9sente ses \u00e9quipes pour les ISDE"},"content":{"rendered":"<div class=\"fusion-fullwidth fullwidth-box fusion-builder-row-1 fusion-flex-container nonhundred-percent-fullwidth non-hundred-percent-height-scrolling\" style=\"--awb-border-radius-top-left:0px;--awb-border-radius-top-right:0px;--awb-border-radius-bottom-right:0px;--awb-border-radius-bottom-left:0px;--awb-padding-top:0px;--awb-padding-bottom:0px;--awb-flex-wrap:wrap;\" ><div class=\"fusion-builder-row fusion-row fusion-flex-align-items-flex-start fusion-flex-content-wrap\" style=\"max-width:1248px;margin-left: calc(-4% \/ 2 );margin-right: calc(-4% \/ 2 );\"><div class=\"fusion-layout-column fusion_builder_column fusion-builder-column-0 fusion_builder_column_1_1 1_1 fusion-flex-column\" style=\"--awb-padding-top:0px;--awb-padding-bottom:0px;--awb-bg-size:cover;--awb-width-large:100%;--awb-margin-top-large:0px;--awb-spacing-right-large:1.92%;--awb-margin-bottom-large:0px;--awb-spacing-left-large:1.92%;--awb-width-medium:100%;--awb-order-medium:0;--awb-spacing-right-medium:1.92%;--awb-spacing-left-medium:1.92%;--awb-width-small:100%;--awb-order-small:0;--awb-spacing-right-small:1.92%;--awb-spacing-left-small:1.92%;\"><div class=\"fusion-column-wrapper fusion-column-has-shadow fusion-flex-justify-content-flex-start fusion-content-layout-column\"><div class=\"fusion-text fusion-text-1\" style=\"--awb-text-transform:none;\"><p>Forte d&rsquo;une riche histoire li\u00e9e aux Six Jours d&rsquo;Enduro de la FIM (ISDE), avec notamment l&rsquo;accueil et la victoire de la premi\u00e8re \u00e9dition de l&rsquo;\u00e9v\u00e9nement qui s&rsquo;est tenue \u00e0 Carlisle en 1913, la Grande-Bretagne va poursuivre sa longue association avec cette comp\u00e9tition en amenant trois \u00e9quipes fortes en France le mois prochain. Les dix pilotes inclus dans les trois \u00e9quipes ont \u00e9t\u00e9 soigneusement s\u00e9lectionn\u00e9s par l&rsquo;ancien concurrent ISDE et maintenant manager de l&rsquo;\u00e9quipe britannique, Daryl Bolter, avant d&rsquo;\u00eatre annonc\u00e9s sur les r\u00e9seaux sociaux officiels de l&rsquo;\u00e9quipe.<\/p>\n<p>L&rsquo;\u00e9quipe World Trophy comprend des champions du monde FIM et des coureurs ayant termin\u00e9 sur le podium de l&rsquo;EnduroGP, la Grande-Bretagne cherchant \u00e0 remporter sa premi\u00e8re m\u00e9daille d&rsquo;or par \u00e9quipe dans cette cat\u00e9gorie depuis 1953. Les \u00e9quipes Junior et F\u00e9minine ont \u00e9galement un potentiel de podium, ces derni\u00e8res esp\u00e9rant faire mieux que leur m\u00e9daille d&rsquo;argent l&rsquo;ann\u00e9e derni\u00e8re.<\/p>\n<p>Voici la liste compl\u00e8te des \u00e9quipes qui iront chercher la victoire au Puy-en-Velay du lundi 29 ao\u00fbt au samedi 3 septembre :<\/p>\n<p><strong>Equipe Troph\u00e9e Mondial<\/strong><\/p>\n<p>Steve Holcombe<\/p>\n<p>Brad Freeman<\/p>\n<p>Nathan Watson<\/p>\n<p>Jamie McCanney<\/p>\n<p><strong>\u00c9quipe junior Troph\u00e9e mondial<\/strong><\/p>\n<p>Alex Walton<\/p>\n<p>Jed Etchels<\/p>\n<p>Harry Edmondson<\/p>\n<p><strong>\u00c9quipe Troph\u00e9e f\u00e9minin<\/strong><\/p>\n<p>Jane Daniels<\/p>\n<p>Rosie Rowett<\/p>\n<p>Nieve Holmes<\/p>\n<p><strong>Chef d&rsquo;\u00e9quipe<\/strong><\/p>\n<p>Daryl Bolter<\/p>\n<\/div><\/div><\/div><\/div><\/div>\n","protected":false},"excerpt":{"rendered":"","protected":false},"author":4,"featured_media":39494,"comment_status":"closed","ping_status":"closed","sticky":false,"template":"","format":"standard","meta":{"inline_featured_image":false,"footnotes":""},"categories":[75,95],"tags":[],"class_list":["post-39492","post","type-post","status-publish","format-standard","has-post-thumbnail","hentry","category-articles","category-avant-isde2022"],"yoast_head":"<!-- This site is optimized with the Yoast SEO plugin v25.6 - https:\/\/yoast.com\/wordpress\/plugins\/seo\/ -->\n<title>La Grande-Bretagne pr\u00e9sente ses \u00e9quipes pour les ISDE - FIM ISDE 2022<\/title>\n<meta name=\"description\" content=\"La Grande-Bretagne poursuivra sa longue association avec cette comp\u00e9tition en amenant trois solides \u00e9quipes de troph\u00e9es en France le mois prochain.\" \/>\n<meta name=\"robots\" content=\"index, follow, max-snippet:-1, max-image-preview:large, max-video-preview:-1\" \/>\n<link rel=\"canonical\" href=\"https:\/\/2022.fim-6days.com\/fr\/la-grande-bretagne-presente-ses-equipes-pour-les-isde\/\" \/>\n<meta property=\"og:locale\" content=\"fr_FR\" \/>\n<meta property=\"og:type\" content=\"article\" \/>\n<meta property=\"og:title\" content=\"La Grande-Bretagne pr\u00e9sente ses \u00e9quipes pour les ISDE - FIM ISDE 2022\" \/>\n<meta property=\"og:description\" content=\"La Grande-Bretagne poursuivra sa longue association avec cette comp\u00e9tition en amenant trois solides \u00e9quipes de troph\u00e9es en France le mois prochain.\" \/>\n<meta property=\"og:url\" content=\"https:\/\/2022.fim-6days.com\/fr\/la-grande-bretagne-presente-ses-equipes-pour-les-isde\/\" \/>\n<meta property=\"og:site_name\" content=\"FIM ISDE 2022\" \/>\n<meta property=\"article:publisher\" content=\"https:\/\/www.facebook.com\/FIMISDE\/\" \/>\n<meta property=\"article:published_time\" content=\"2022-07-13T11:58:56+00:00\" \/>\n<meta property=\"og:image\" content=\"https:\/\/2022.fim-6days.com\/wp-content\/uploads\/sites\/7\/2022\/07\/293361982_5594269077263265_1060258501977709497_n.jpg\" \/>\n\t<meta property=\"og:image:width\" content=\"2048\" \/>\n\t<meta property=\"og:image:height\" content=\"1536\" \/>\n\t<meta property=\"og:image:type\" content=\"image\/jpeg\" \/>\n<meta name=\"author\" content=\"karinea\" \/>\n<meta name=\"twitter:card\" content=\"summary_large_image\" \/>\n<meta name=\"twitter:creator\" content=\"@fimisde\" \/>\n<meta name=\"twitter:site\" content=\"@fimisde\" \/>\n<meta name=\"twitter:label1\" content=\"\u00c9crit par\" \/>\n\t<meta name=\"twitter:data1\" content=\"karinea\" \/>\n\t<meta name=\"twitter:label2\" content=\"Dur\u00e9e de lecture estim\u00e9e\" \/>\n\t<meta name=\"twitter:data2\" content=\"3 minutes\" \/>\n<script type=\"application\/ld+json\" class=\"yoast-schema-graph\">{\"@context\":\"https:\/\/schema.org\",\"@graph\":[{\"@type\":\"Article\",\"@id\":\"https:\/\/2022.fim-6days.com\/fr\/la-grande-bretagne-presente-ses-equipes-pour-les-isde\/#article\",\"isPartOf\":{\"@id\":\"https:\/\/2022.fim-6days.com\/fr\/la-grande-bretagne-presente-ses-equipes-pour-les-isde\/\"},\"author\":{\"name\":\"karinea\",\"@id\":\"https:\/\/2022.fim-6days.com\/fr\/#\/schema\/person\/bcf4ff642b8d622c689a6eb754f673d3\"},\"headline\":\"La Grande-Bretagne pr\u00e9sente ses \u00e9quipes pour les ISDE\",\"datePublished\":\"2022-07-13T11:58:56+00:00\",\"mainEntityOfPage\":{\"@id\":\"https:\/\/2022.fim-6days.com\/fr\/la-grande-bretagne-presente-ses-equipes-pour-les-isde\/\"},\"wordCount\":913,\"publisher\":{\"@id\":\"https:\/\/2022.fim-6days.com\/fr\/#organization\"},\"image\":{\"@id\":\"https:\/\/2022.fim-6days.com\/fr\/la-grande-bretagne-presente-ses-equipes-pour-les-isde\/#primaryimage\"},\"thumbnailUrl\":\"https:\/\/2022.fim-6days.com\/wp-content\/uploads\/sites\/7\/2022\/07\/293361982_5594269077263265_1060258501977709497_n.jpg\",\"articleSection\":[\"Articles\",\"Avant ISDE2022\"],\"inLanguage\":\"fr-FR\"},{\"@type\":\"WebPage\",\"@id\":\"https:\/\/2022.fim-6days.com\/fr\/la-grande-bretagne-presente-ses-equipes-pour-les-isde\/\",\"url\":\"https:\/\/2022.fim-6days.com\/fr\/la-grande-bretagne-presente-ses-equipes-pour-les-isde\/\",\"name\":\"La Grande-Bretagne pr\u00e9sente ses \u00e9quipes pour les ISDE - FIM ISDE 2022\",\"isPartOf\":{\"@id\":\"https:\/\/2022.fim-6days.com\/fr\/#website\"},\"primaryImageOfPage\":{\"@id\":\"https:\/\/2022.fim-6days.com\/fr\/la-grande-bretagne-presente-ses-equipes-pour-les-isde\/#primaryimage\"},\"image\":{\"@id\":\"https:\/\/2022.fim-6days.com\/fr\/la-grande-bretagne-presente-ses-equipes-pour-les-isde\/#primaryimage\"},\"thumbnailUrl\":\"https:\/\/2022.fim-6days.com\/wp-content\/uploads\/sites\/7\/2022\/07\/293361982_5594269077263265_1060258501977709497_n.jpg\",\"datePublished\":\"2022-07-13T11:58:56+00:00\",\"description\":\"La Grande-Bretagne poursuivra sa longue association avec cette comp\u00e9tition en amenant trois solides \u00e9quipes de troph\u00e9es en France le mois prochain.\",\"breadcrumb\":{\"@id\":\"https:\/\/2022.fim-6days.com\/fr\/la-grande-bretagne-presente-ses-equipes-pour-les-isde\/#breadcrumb\"},\"inLanguage\":\"fr-FR\",\"potentialAction\":[{\"@type\":\"ReadAction\",\"target\":[\"https:\/\/2022.fim-6days.com\/fr\/la-grande-bretagne-presente-ses-equipes-pour-les-isde\/\"]}]},{\"@type\":\"ImageObject\",\"inLanguage\":\"fr-FR\",\"@id\":\"https:\/\/2022.fim-6days.com\/fr\/la-grande-bretagne-presente-ses-equipes-pour-les-isde\/#primaryimage\",\"url\":\"https:\/\/2022.fim-6days.com\/wp-content\/uploads\/sites\/7\/2022\/07\/293361982_5594269077263265_1060258501977709497_n.jpg\",\"contentUrl\":\"https:\/\/2022.fim-6days.com\/wp-content\/uploads\/sites\/7\/2022\/07\/293361982_5594269077263265_1060258501977709497_n.jpg\",\"width\":2048,\"height\":1536},{\"@type\":\"BreadcrumbList\",\"@id\":\"https:\/\/2022.fim-6days.com\/fr\/la-grande-bretagne-presente-ses-equipes-pour-les-isde\/#breadcrumb\",\"itemListElement\":[{\"@type\":\"ListItem\",\"position\":1,\"name\":\"Home\",\"item\":\"https:\/\/2022.fim-6days.com\/fr\/\"},{\"@type\":\"ListItem\",\"position\":2,\"name\":\"La Grande-Bretagne pr\u00e9sente ses \u00e9quipes pour les ISDE\"}]},{\"@type\":\"WebSite\",\"@id\":\"https:\/\/2022.fim-6days.com\/fr\/#website\",\"url\":\"https:\/\/2022.fim-6days.com\/fr\/\",\"name\":\"FIM ISDE 2021\",\"description\":\"FIM ISDE Official website\",\"publisher\":{\"@id\":\"https:\/\/2022.fim-6days.com\/fr\/#organization\"},\"potentialAction\":[{\"@type\":\"SearchAction\",\"target\":{\"@type\":\"EntryPoint\",\"urlTemplate\":\"https:\/\/2022.fim-6days.com\/fr\/?s={search_term_string}\"},\"query-input\":{\"@type\":\"PropertyValueSpecification\",\"valueRequired\":true,\"valueName\":\"search_term_string\"}}],\"inLanguage\":\"fr-FR\"},{\"@type\":\"Organization\",\"@id\":\"https:\/\/2022.fim-6days.com\/fr\/#organization\",\"name\":\"FIM - F\u00e9d\u00e9ration Internationale de Motocyclisme\",\"url\":\"https:\/\/2022.fim-6days.com\/fr\/\",\"logo\":{\"@type\":\"ImageObject\",\"inLanguage\":\"fr-FR\",\"@id\":\"https:\/\/2022.fim-6days.com\/fr\/#\/schema\/logo\/image\/\",\"url\":\"https:\/\/2022.fim-6days.com\/wp-content\/uploads\/sites\/7\/2019\/07\/LogoFIM-CMYK.png\",\"contentUrl\":\"https:\/\/2022.fim-6days.com\/wp-content\/uploads\/sites\/7\/2019\/07\/LogoFIM-CMYK.png\",\"width\":2608,\"height\":1833,\"caption\":\"FIM - F\u00e9d\u00e9ration Internationale de Motocyclisme\"},\"image\":{\"@id\":\"https:\/\/2022.fim-6days.com\/fr\/#\/schema\/logo\/image\/\"},\"sameAs\":[\"https:\/\/www.facebook.com\/FIMISDE\/\",\"https:\/\/x.com\/fimisde\",\"https:\/\/www.instagram.com\/fim_isde\/\"]},{\"@type\":\"Person\",\"@id\":\"https:\/\/2022.fim-6days.com\/fr\/#\/schema\/person\/bcf4ff642b8d622c689a6eb754f673d3\",\"name\":\"karinea\",\"image\":{\"@type\":\"ImageObject\",\"inLanguage\":\"fr-FR\",\"@id\":\"https:\/\/2022.fim-6days.com\/fr\/#\/schema\/person\/image\/\",\"url\":\"https:\/\/secure.gravatar.com\/avatar\/2f99c39cea2cbbb4f521dcc577a5b8981ed563188abba9c20bd62c0d2bd4abca?s=96&d=mm&r=g\",\"contentUrl\":\"https:\/\/secure.gravatar.com\/avatar\/2f99c39cea2cbbb4f521dcc577a5b8981ed563188abba9c20bd62c0d2bd4abca?s=96&d=mm&r=g\",\"caption\":\"karinea\"},\"url\":\"https:\/\/2022.fim-6days.com\/fr\/author\/karinea\/\"}]}<\/script>\n<!-- \/ Yoast SEO plugin. -->","yoast_head_json":{"title":"La Grande-Bretagne pr\u00e9sente ses \u00e9quipes pour les ISDE - FIM ISDE 2022","description":"La Grande-Bretagne poursuivra sa longue association avec cette comp\u00e9tition en amenant trois solides \u00e9quipes de troph\u00e9es en France le mois prochain.","robots":{"index":"index","follow":"follow","max-snippet":"max-snippet:-1","max-image-preview":"max-image-preview:large","max-video-preview":"max-video-preview:-1"},"canonical":"https:\/\/2022.fim-6days.com\/fr\/la-grande-bretagne-presente-ses-equipes-pour-les-isde\/","og_locale":"fr_FR","og_type":"article","og_title":"La Grande-Bretagne pr\u00e9sente ses \u00e9quipes pour les ISDE - FIM ISDE 2022","og_description":"La Grande-Bretagne poursuivra sa longue association avec cette comp\u00e9tition en amenant trois solides \u00e9quipes de troph\u00e9es en France le mois prochain.","og_url":"https:\/\/2022.fim-6days.com\/fr\/la-grande-bretagne-presente-ses-equipes-pour-les-isde\/","og_site_name":"FIM ISDE 2022","article_publisher":"https:\/\/www.facebook.com\/FIMISDE\/","article_published_time":"2022-07-13T11:58:56+00:00","og_image":[{"width":2048,"height":1536,"url":"https:\/\/2022.fim-6days.com\/wp-content\/uploads\/sites\/7\/2022\/07\/293361982_5594269077263265_1060258501977709497_n.jpg","type":"image\/jpeg"}],"author":"karinea","twitter_card":"summary_large_image","twitter_creator":"@fimisde","twitter_site":"@fimisde","twitter_misc":{"\u00c9crit par":"karinea","Dur\u00e9e de lecture estim\u00e9e":"3 minutes"},"schema":{"@context":"https:\/\/schema.org","@graph":[{"@type":"Article","@id":"https:\/\/2022.fim-6days.com\/fr\/la-grande-bretagne-presente-ses-equipes-pour-les-isde\/#article","isPartOf":{"@id":"https:\/\/2022.fim-6days.com\/fr\/la-grande-bretagne-presente-ses-equipes-pour-les-isde\/"},"author":{"name":"karinea","@id":"https:\/\/2022.fim-6days.com\/fr\/#\/schema\/person\/bcf4ff642b8d622c689a6eb754f673d3"},"headline":"La Grande-Bretagne pr\u00e9sente ses \u00e9quipes pour les ISDE","datePublished":"2022-07-13T11:58:56+00:00","mainEntityOfPage":{"@id":"https:\/\/2022.fim-6days.com\/fr\/la-grande-bretagne-presente-ses-equipes-pour-les-isde\/"},"wordCount":913,"publisher":{"@id":"https:\/\/2022.fim-6days.com\/fr\/#organization"},"image":{"@id":"https:\/\/2022.fim-6days.com\/fr\/la-grande-bretagne-presente-ses-equipes-pour-les-isde\/#primaryimage"},"thumbnailUrl":"https:\/\/2022.fim-6days.com\/wp-content\/uploads\/sites\/7\/2022\/07\/293361982_5594269077263265_1060258501977709497_n.jpg","articleSection":["Articles","Avant ISDE2022"],"inLanguage":"fr-FR"},{"@type":"WebPage","@id":"https:\/\/2022.fim-6days.com\/fr\/la-grande-bretagne-presente-ses-equipes-pour-les-isde\/","url":"https:\/\/2022.fim-6days.com\/fr\/la-grande-bretagne-presente-ses-equipes-pour-les-isde\/","name":"La Grande-Bretagne pr\u00e9sente ses \u00e9quipes pour les ISDE - FIM ISDE 2022","isPartOf":{"@id":"https:\/\/2022.fim-6days.com\/fr\/#website"},"primaryImageOfPage":{"@id":"https:\/\/2022.fim-6days.com\/fr\/la-grande-bretagne-presente-ses-equipes-pour-les-isde\/#primaryimage"},"image":{"@id":"https:\/\/2022.fim-6days.com\/fr\/la-grande-bretagne-presente-ses-equipes-pour-les-isde\/#primaryimage"},"thumbnailUrl":"https:\/\/2022.fim-6days.com\/wp-content\/uploads\/sites\/7\/2022\/07\/293361982_5594269077263265_1060258501977709497_n.jpg","datePublished":"2022-07-13T11:58:56+00:00","description":"La Grande-Bretagne poursuivra sa longue association avec cette comp\u00e9tition en amenant trois solides \u00e9quipes de troph\u00e9es en France le mois prochain.","breadcrumb":{"@id":"https:\/\/2022.fim-6days.com\/fr\/la-grande-bretagne-presente-ses-equipes-pour-les-isde\/#breadcrumb"},"inLanguage":"fr-FR","potentialAction":[{"@type":"ReadAction","target":["https:\/\/2022.fim-6days.com\/fr\/la-grande-bretagne-presente-ses-equipes-pour-les-isde\/"]}]},{"@type":"ImageObject","inLanguage":"fr-FR","@id":"https:\/\/2022.fim-6days.com\/fr\/la-grande-bretagne-presente-ses-equipes-pour-les-isde\/#primaryimage","url":"https:\/\/2022.fim-6days.com\/wp-content\/uploads\/sites\/7\/2022\/07\/293361982_5594269077263265_1060258501977709497_n.jpg","contentUrl":"https:\/\/2022.fim-6days.com\/wp-content\/uploads\/sites\/7\/2022\/07\/293361982_5594269077263265_1060258501977709497_n.jpg","width":2048,"height":1536},{"@type":"BreadcrumbList","@id":"https:\/\/2022.fim-6days.com\/fr\/la-grande-bretagne-presente-ses-equipes-pour-les-isde\/#breadcrumb","itemListElement":[{"@type":"ListItem","position":1,"name":"Home","item":"https:\/\/2022.fim-6days.com\/fr\/"},{"@type":"ListItem","position":2,"name":"La Grande-Bretagne pr\u00e9sente ses \u00e9quipes pour les ISDE"}]},{"@type":"WebSite","@id":"https:\/\/2022.fim-6days.com\/fr\/#website","url":"https:\/\/2022.fim-6days.com\/fr\/","name":"FIM ISDE 2021","description":"FIM ISDE Official website","publisher":{"@id":"https:\/\/2022.fim-6days.com\/fr\/#organization"},"potentialAction":[{"@type":"SearchAction","target":{"@type":"EntryPoint","urlTemplate":"https:\/\/2022.fim-6days.com\/fr\/?s={search_term_string}"},"query-input":{"@type":"PropertyValueSpecification","valueRequired":true,"valueName":"search_term_string"}}],"inLanguage":"fr-FR"},{"@type":"Organization","@id":"https:\/\/2022.fim-6days.com\/fr\/#organization","name":"FIM - F\u00e9d\u00e9ration Internationale de Motocyclisme","url":"https:\/\/2022.fim-6days.com\/fr\/","logo":{"@type":"ImageObject","inLanguage":"fr-FR","@id":"https:\/\/2022.fim-6days.com\/fr\/#\/schema\/logo\/image\/","url":"https:\/\/2022.fim-6days.com\/wp-content\/uploads\/sites\/7\/2019\/07\/LogoFIM-CMYK.png","contentUrl":"https:\/\/2022.fim-6days.com\/wp-content\/uploads\/sites\/7\/2019\/07\/LogoFIM-CMYK.png","width":2608,"height":1833,"caption":"FIM - F\u00e9d\u00e9ration Internationale de Motocyclisme"},"image":{"@id":"https:\/\/2022.fim-6days.com\/fr\/#\/schema\/logo\/image\/"},"sameAs":["https:\/\/www.facebook.com\/FIMISDE\/","https:\/\/x.com\/fimisde","https:\/\/www.instagram.com\/fim_isde\/"]},{"@type":"Person","@id":"https:\/\/2022.fim-6days.com\/fr\/#\/schema\/person\/bcf4ff642b8d622c689a6eb754f673d3","name":"karinea","image":{"@type":"ImageObject","inLanguage":"fr-FR","@id":"https:\/\/2022.fim-6days.com\/fr\/#\/schema\/person\/image\/","url":"https:\/\/secure.gravatar.com\/avatar\/2f99c39cea2cbbb4f521dcc577a5b8981ed563188abba9c20bd62c0d2bd4abca?s=96&d=mm&r=g","contentUrl":"https:\/\/secure.gravatar.com\/avatar\/2f99c39cea2cbbb4f521dcc577a5b8981ed563188abba9c20bd62c0d2bd4abca?s=96&d=mm&r=g","caption":"karinea"},"url":"https:\/\/2022.fim-6days.com\/fr\/author\/karinea\/"}]}},"_links":{"self":[{"href":"https:\/\/2022.fim-6days.com\/fr\/wp-json\/wp\/v2\/posts\/39492","targetHints":{"allow":["GET"]}}],"collection":[{"href":"https:\/\/2022.fim-6days.com\/fr\/wp-json\/wp\/v2\/posts"}],"about":[{"href":"https:\/\/2022.fim-6days.com\/fr\/wp-json\/wp\/v2\/types\/post"}],"author":[{"embeddable":true,"href":"https:\/\/2022.fim-6days.com\/fr\/wp-json\/wp\/v2\/users\/4"}],"replies":[{"embeddable":true,"href":"https:\/\/2022.fim-6days.com\/fr\/wp-json\/wp\/v2\/comments?post=39492"}],"version-history":[{"count":3,"href":"https:\/\/2022.fim-6days.com\/fr\/wp-json\/wp\/v2\/posts\/39492\/revisions"}],"predecessor-version":[{"id":39498,"href":"https:\/\/2022.fim-6days.com\/fr\/wp-json\/wp\/v2\/posts\/39492\/revisions\/39498"}],"wp:featuredmedia":[{"embeddable":true,"href":"https:\/\/2022.fim-6days.com\/fr\/wp-json\/wp\/v2\/media\/39494"}],"wp:attachment":[{"href":"https:\/\/2022.fim-6days.com\/fr\/wp-json\/wp\/v2\/media?parent=39492"}],"wp:term":[{"taxonomy":"category","embeddable":true,"href":"https:\/\/2022.fim-6days.com\/fr\/wp-json\/wp\/v2\/categories?post=39492"},{"taxonomy":"post_tag","embeddable":true,"href":"https:\/\/2022.fim-6days.com\/fr\/wp-json\/wp\/v2\/tags?post=39492"}],"curies":[{"name":"wp","href":"https:\/\/api.w.org\/{rel}","templated":true}]}}