{"id":39422,"date":"2022-07-04T12:14:45","date_gmt":"2022-07-04T10:14:45","guid":{"rendered":"https:\/\/2022.fim-6days.com\/?p=39422"},"modified":"2022-07-04T12:14:45","modified_gmt":"2022-07-04T10:14:45","slug":"litalie-presente-ses-couleurs-isde-2022","status":"publish","type":"post","link":"https:\/\/2022.fim-6days.com\/fr\/litalie-presente-ses-couleurs-isde-2022\/","title":{"rendered":"L&rsquo;Italie pr\u00e9sente ses couleurs ISDE 2022"},"content":{"rendered":"<div class=\"fusion-fullwidth fullwidth-box fusion-builder-row-1 fusion-flex-container nonhundred-percent-fullwidth non-hundred-percent-height-scrolling\" style=\"--awb-border-radius-top-left:0px;--awb-border-radius-top-right:0px;--awb-border-radius-bottom-right:0px;--awb-border-radius-bottom-left:0px;--awb-padding-top:0px;--awb-padding-bottom:0px;--awb-flex-wrap:wrap;\" ><div class=\"fusion-builder-row fusion-row fusion-flex-align-items-flex-start fusion-flex-content-wrap\" style=\"max-width:1248px;margin-left: calc(-4% \/ 2 );margin-right: calc(-4% \/ 2 );\"><div class=\"fusion-layout-column fusion_builder_column fusion-builder-column-0 fusion_builder_column_1_1 1_1 fusion-flex-column\" style=\"--awb-padding-top:0px;--awb-padding-bottom:0px;--awb-bg-size:cover;--awb-width-large:100%;--awb-margin-top-large:0px;--awb-spacing-right-large:1.92%;--awb-margin-bottom-large:0px;--awb-spacing-left-large:1.92%;--awb-width-medium:100%;--awb-order-medium:0;--awb-spacing-right-medium:1.92%;--awb-spacing-left-medium:1.92%;--awb-width-small:100%;--awb-order-small:0;--awb-spacing-right-small:1.92%;--awb-spacing-left-small:1.92%;\"><div class=\"fusion-column-wrapper fusion-column-has-shadow fusion-flex-justify-content-flex-start fusion-content-layout-column\"><div class=\"fusion-text fusion-text-1\" style=\"--awb-text-transform:none;\"><p>\u00c0 l&rsquo;occasion du r\u00e9cent \u00e9v\u00e9nement EnduroGP en Italie, le pr\u00e9sident de la FMI, Giovanni Copioli, accompagn\u00e9 d&rsquo;autres membres cl\u00e9s du personnel, ont pr\u00e9sent\u00e9 la version 2022 de leur c\u00e9l\u00e8bre maillot bleu qui sera fi\u00e8rement port\u00e9 par les membres des \u00e9quipes italiennes lors des Six jours d&rsquo;enduro FIM (ISDE) de cette ann\u00e9e. Reconnaissables au premier coup d&rsquo;\u0153il, les coureurs \u00ab\u00a0bleus\u00a0\u00bb seront une fois de plus parmi les favoris lorsque la comp\u00e9tition d\u00e9butera\u00e0 Le Puy-en-Velay, en France, du lundi 29 ao\u00fbt au samedi 3 septembre.<\/p>\n<p>Pour c\u00e9l\u00e9brer ses pr\u00e9c\u00e9dentes victoires d&rsquo;\u00e9quipe aux ISDE, au Motocross des Nations et au Supermoto des Nations, le nouveau maillot bleu de l&rsquo;Italie porte trois \u00e9toiles d&rsquo;or, comme le font les nations gagnantes de la Coupe du monde de football. Le style \u00e9pur\u00e9 et moderne du maillot 2022 est compl\u00e9t\u00e9 par les couleurs du drapeau italien sur les manches, le rouge, le vert et le blanc renfor\u00e7ant l&rsquo;identit\u00e9 de la nation.<\/p>\n<p><strong>Giovanni Copioli, pr\u00e9sident de la FMI<\/strong>, a d\u00e9clar\u00e9 : \u00ab\u00a0La pr\u00e9sentation du Maillot Bleu est une c\u00e9r\u00e9monie qui se r\u00e9p\u00e8te chaque ann\u00e9e, et qui transmet toujours de grandes \u00e9motions. C&rsquo;\u00e9tait agr\u00e9able de voir, ici \u00e0 Carpineti, l&rsquo;enthousiasme du public et des pilotes vainqueurs des ISDE qui ont d\u00e9voil\u00e9 le maillot avec nous. Nous sommes pr\u00eats pour un ISDE riche en comp\u00e9titions par \u00e9quipe, o\u00f9 chacun donnera le meilleur de lui-m\u00eame pour obtenir des r\u00e9sultats prestigieux. L&rsquo;ann\u00e9e derni\u00e8re, nous avons \u00e9t\u00e9 des protagonistes dans de nombreuses cat\u00e9gories, en remportant quatre titres mondiaux et en montant souvent sur le podium. R\u00e9p\u00e9ter cela, si ce n&rsquo;est s&rsquo;am\u00e9liorer, sera certainement difficile mais nous allons essayer de toutes nos forces. Je conclus en adressant de grands encouragements aux coureurs qui repr\u00e9senteront notre pays en portant le maillot bleu FMI 2022 ! \u00a0\u00bb<\/p>\n<\/div><\/div><\/div><\/div><\/div>\n","protected":false},"excerpt":{"rendered":"","protected":false},"author":4,"featured_media":39425,"comment_status":"closed","ping_status":"closed","sticky":false,"template":"","format":"standard","meta":{"inline_featured_image":false,"footnotes":""},"categories":[75,95],"tags":[],"class_list":["post-39422","post","type-post","status-publish","format-standard","has-post-thumbnail","hentry","category-articles","category-avant-isde2022"],"yoast_head":"<!-- This site is optimized with the Yoast SEO plugin v25.6 - https:\/\/yoast.com\/wordpress\/plugins\/seo\/ -->\n<title>L&#039;Italie pr\u00e9sente ses couleurs ISDE 2022 - FIM ISDE 2022<\/title>\n<meta name=\"description\" content=\"\u00c0 l&#039;occasion du r\u00e9cent \u00e9v\u00e9nement EnduroGP en Italie, le pr\u00e9sident de la FMI, Giovanni Copioli, accompagn\u00e9 d&#039;autres membres cl\u00e9s du personnel, ont pr\u00e9sent\u00e9 la version 2022 de leur c\u00e9l\u00e8bre maillot bleu qui sera fi\u00e8rement port\u00e9 par les membres des \u00e9quipes italiennes lors des Six jours d&#039;enduro FIM (ISDE) de cette ann\u00e9e.\" \/>\n<meta name=\"robots\" content=\"index, follow, max-snippet:-1, max-image-preview:large, max-video-preview:-1\" \/>\n<link rel=\"canonical\" href=\"https:\/\/2022.fim-6days.com\/fr\/litalie-presente-ses-couleurs-isde-2022\/\" \/>\n<meta property=\"og:locale\" content=\"fr_FR\" \/>\n<meta property=\"og:type\" content=\"article\" \/>\n<meta property=\"og:title\" content=\"L&#039;Italie pr\u00e9sente ses couleurs ISDE 2022 - FIM ISDE 2022\" \/>\n<meta property=\"og:description\" content=\"\u00c0 l&#039;occasion du r\u00e9cent \u00e9v\u00e9nement EnduroGP en Italie, le pr\u00e9sident de la FMI, Giovanni Copioli, accompagn\u00e9 d&#039;autres membres cl\u00e9s du personnel, ont pr\u00e9sent\u00e9 la version 2022 de leur c\u00e9l\u00e8bre maillot bleu qui sera fi\u00e8rement port\u00e9 par les membres des \u00e9quipes italiennes lors des Six jours d&#039;enduro FIM (ISDE) de cette ann\u00e9e.\" \/>\n<meta property=\"og:url\" content=\"https:\/\/2022.fim-6days.com\/fr\/litalie-presente-ses-couleurs-isde-2022\/\" \/>\n<meta property=\"og:site_name\" content=\"FIM ISDE 2022\" \/>\n<meta property=\"article:publisher\" content=\"https:\/\/www.facebook.com\/FIMISDE\/\" \/>\n<meta property=\"article:published_time\" content=\"2022-07-04T10:14:45+00:00\" \/>\n<meta property=\"og:image\" content=\"https:\/\/2022.fim-6days.com\/wp-content\/uploads\/sites\/7\/2022\/07\/AZ93933-3000x2000.jpg\" \/>\n\t<meta property=\"og:image:width\" content=\"3000\" \/>\n\t<meta property=\"og:image:height\" content=\"2000\" \/>\n\t<meta property=\"og:image:type\" content=\"image\/jpeg\" \/>\n<meta name=\"author\" content=\"karinea\" \/>\n<meta name=\"twitter:card\" content=\"summary_large_image\" \/>\n<meta name=\"twitter:creator\" content=\"@fimisde\" \/>\n<meta name=\"twitter:site\" content=\"@fimisde\" \/>\n<meta name=\"twitter:label1\" content=\"\u00c9crit par\" \/>\n\t<meta name=\"twitter:data1\" content=\"karinea\" \/>\n\t<meta name=\"twitter:label2\" content=\"Dur\u00e9e de lecture estim\u00e9e\" \/>\n\t<meta name=\"twitter:data2\" content=\"3 minutes\" \/>\n<script type=\"application\/ld+json\" class=\"yoast-schema-graph\">{\"@context\":\"https:\/\/schema.org\",\"@graph\":[{\"@type\":\"Article\",\"@id\":\"https:\/\/2022.fim-6days.com\/fr\/litalie-presente-ses-couleurs-isde-2022\/#article\",\"isPartOf\":{\"@id\":\"https:\/\/2022.fim-6days.com\/fr\/litalie-presente-ses-couleurs-isde-2022\/\"},\"author\":{\"name\":\"karinea\",\"@id\":\"https:\/\/2022.fim-6days.com\/fr\/#\/schema\/person\/bcf4ff642b8d622c689a6eb754f673d3\"},\"headline\":\"L&rsquo;Italie pr\u00e9sente ses couleurs ISDE 2022\",\"datePublished\":\"2022-07-04T10:14:45+00:00\",\"mainEntityOfPage\":{\"@id\":\"https:\/\/2022.fim-6days.com\/fr\/litalie-presente-ses-couleurs-isde-2022\/\"},\"wordCount\":1012,\"publisher\":{\"@id\":\"https:\/\/2022.fim-6days.com\/fr\/#organization\"},\"image\":{\"@id\":\"https:\/\/2022.fim-6days.com\/fr\/litalie-presente-ses-couleurs-isde-2022\/#primaryimage\"},\"thumbnailUrl\":\"https:\/\/2022.fim-6days.com\/wp-content\/uploads\/sites\/7\/2022\/07\/AZ93933.jpg\",\"articleSection\":[\"Articles\",\"Avant ISDE2022\"],\"inLanguage\":\"fr-FR\"},{\"@type\":\"WebPage\",\"@id\":\"https:\/\/2022.fim-6days.com\/fr\/litalie-presente-ses-couleurs-isde-2022\/\",\"url\":\"https:\/\/2022.fim-6days.com\/fr\/litalie-presente-ses-couleurs-isde-2022\/\",\"name\":\"L'Italie pr\u00e9sente ses couleurs ISDE 2022 - FIM ISDE 2022\",\"isPartOf\":{\"@id\":\"https:\/\/2022.fim-6days.com\/fr\/#website\"},\"primaryImageOfPage\":{\"@id\":\"https:\/\/2022.fim-6days.com\/fr\/litalie-presente-ses-couleurs-isde-2022\/#primaryimage\"},\"image\":{\"@id\":\"https:\/\/2022.fim-6days.com\/fr\/litalie-presente-ses-couleurs-isde-2022\/#primaryimage\"},\"thumbnailUrl\":\"https:\/\/2022.fim-6days.com\/wp-content\/uploads\/sites\/7\/2022\/07\/AZ93933.jpg\",\"datePublished\":\"2022-07-04T10:14:45+00:00\",\"description\":\"\u00c0 l'occasion du r\u00e9cent \u00e9v\u00e9nement EnduroGP en Italie, le pr\u00e9sident de la FMI, Giovanni Copioli, accompagn\u00e9 d'autres membres cl\u00e9s du personnel, ont pr\u00e9sent\u00e9 la version 2022 de leur c\u00e9l\u00e8bre maillot bleu qui sera fi\u00e8rement port\u00e9 par les membres des \u00e9quipes italiennes lors des Six jours d'enduro FIM (ISDE) de cette ann\u00e9e.\",\"breadcrumb\":{\"@id\":\"https:\/\/2022.fim-6days.com\/fr\/litalie-presente-ses-couleurs-isde-2022\/#breadcrumb\"},\"inLanguage\":\"fr-FR\",\"potentialAction\":[{\"@type\":\"ReadAction\",\"target\":[\"https:\/\/2022.fim-6days.com\/fr\/litalie-presente-ses-couleurs-isde-2022\/\"]}]},{\"@type\":\"ImageObject\",\"inLanguage\":\"fr-FR\",\"@id\":\"https:\/\/2022.fim-6days.com\/fr\/litalie-presente-ses-couleurs-isde-2022\/#primaryimage\",\"url\":\"https:\/\/2022.fim-6days.com\/wp-content\/uploads\/sites\/7\/2022\/07\/AZ93933.jpg\",\"contentUrl\":\"https:\/\/2022.fim-6days.com\/wp-content\/uploads\/sites\/7\/2022\/07\/AZ93933.jpg\",\"width\":4252,\"height\":2835,\"caption\":\"Italy\u2019s famous ISDE blue 2022 jersey is presented\"},{\"@type\":\"BreadcrumbList\",\"@id\":\"https:\/\/2022.fim-6days.com\/fr\/litalie-presente-ses-couleurs-isde-2022\/#breadcrumb\",\"itemListElement\":[{\"@type\":\"ListItem\",\"position\":1,\"name\":\"Home\",\"item\":\"https:\/\/2022.fim-6days.com\/fr\/\"},{\"@type\":\"ListItem\",\"position\":2,\"name\":\"L&rsquo;Italie pr\u00e9sente ses couleurs ISDE 2022\"}]},{\"@type\":\"WebSite\",\"@id\":\"https:\/\/2022.fim-6days.com\/fr\/#website\",\"url\":\"https:\/\/2022.fim-6days.com\/fr\/\",\"name\":\"FIM ISDE 2021\",\"description\":\"FIM ISDE Official website\",\"publisher\":{\"@id\":\"https:\/\/2022.fim-6days.com\/fr\/#organization\"},\"potentialAction\":[{\"@type\":\"SearchAction\",\"target\":{\"@type\":\"EntryPoint\",\"urlTemplate\":\"https:\/\/2022.fim-6days.com\/fr\/?s={search_term_string}\"},\"query-input\":{\"@type\":\"PropertyValueSpecification\",\"valueRequired\":true,\"valueName\":\"search_term_string\"}}],\"inLanguage\":\"fr-FR\"},{\"@type\":\"Organization\",\"@id\":\"https:\/\/2022.fim-6days.com\/fr\/#organization\",\"name\":\"FIM - F\u00e9d\u00e9ration Internationale de Motocyclisme\",\"url\":\"https:\/\/2022.fim-6days.com\/fr\/\",\"logo\":{\"@type\":\"ImageObject\",\"inLanguage\":\"fr-FR\",\"@id\":\"https:\/\/2022.fim-6days.com\/fr\/#\/schema\/logo\/image\/\",\"url\":\"https:\/\/2022.fim-6days.com\/wp-content\/uploads\/sites\/7\/2019\/07\/LogoFIM-CMYK.png\",\"contentUrl\":\"https:\/\/2022.fim-6days.com\/wp-content\/uploads\/sites\/7\/2019\/07\/LogoFIM-CMYK.png\",\"width\":2608,\"height\":1833,\"caption\":\"FIM - F\u00e9d\u00e9ration Internationale de Motocyclisme\"},\"image\":{\"@id\":\"https:\/\/2022.fim-6days.com\/fr\/#\/schema\/logo\/image\/\"},\"sameAs\":[\"https:\/\/www.facebook.com\/FIMISDE\/\",\"https:\/\/x.com\/fimisde\",\"https:\/\/www.instagram.com\/fim_isde\/\"]},{\"@type\":\"Person\",\"@id\":\"https:\/\/2022.fim-6days.com\/fr\/#\/schema\/person\/bcf4ff642b8d622c689a6eb754f673d3\",\"name\":\"karinea\",\"image\":{\"@type\":\"ImageObject\",\"inLanguage\":\"fr-FR\",\"@id\":\"https:\/\/2022.fim-6days.com\/fr\/#\/schema\/person\/image\/\",\"url\":\"https:\/\/secure.gravatar.com\/avatar\/2f99c39cea2cbbb4f521dcc577a5b8981ed563188abba9c20bd62c0d2bd4abca?s=96&d=mm&r=g\",\"contentUrl\":\"https:\/\/secure.gravatar.com\/avatar\/2f99c39cea2cbbb4f521dcc577a5b8981ed563188abba9c20bd62c0d2bd4abca?s=96&d=mm&r=g\",\"caption\":\"karinea\"},\"url\":\"https:\/\/2022.fim-6days.com\/fr\/author\/karinea\/\"}]}<\/script>\n<!-- \/ Yoast SEO plugin. -->","yoast_head_json":{"title":"L'Italie pr\u00e9sente ses couleurs ISDE 2022 - FIM ISDE 2022","description":"\u00c0 l'occasion du r\u00e9cent \u00e9v\u00e9nement EnduroGP en Italie, le pr\u00e9sident de la FMI, Giovanni Copioli, accompagn\u00e9 d'autres membres cl\u00e9s du personnel, ont pr\u00e9sent\u00e9 la version 2022 de leur c\u00e9l\u00e8bre maillot bleu qui sera fi\u00e8rement port\u00e9 par les membres des \u00e9quipes italiennes lors des Six jours d'enduro FIM (ISDE) de cette ann\u00e9e.","robots":{"index":"index","follow":"follow","max-snippet":"max-snippet:-1","max-image-preview":"max-image-preview:large","max-video-preview":"max-video-preview:-1"},"canonical":"https:\/\/2022.fim-6days.com\/fr\/litalie-presente-ses-couleurs-isde-2022\/","og_locale":"fr_FR","og_type":"article","og_title":"L'Italie pr\u00e9sente ses couleurs ISDE 2022 - FIM ISDE 2022","og_description":"\u00c0 l'occasion du r\u00e9cent \u00e9v\u00e9nement EnduroGP en Italie, le pr\u00e9sident de la FMI, Giovanni Copioli, accompagn\u00e9 d'autres membres cl\u00e9s du personnel, ont pr\u00e9sent\u00e9 la version 2022 de leur c\u00e9l\u00e8bre maillot bleu qui sera fi\u00e8rement port\u00e9 par les membres des \u00e9quipes italiennes lors des Six jours d'enduro FIM (ISDE) de cette ann\u00e9e.","og_url":"https:\/\/2022.fim-6days.com\/fr\/litalie-presente-ses-couleurs-isde-2022\/","og_site_name":"FIM ISDE 2022","article_publisher":"https:\/\/www.facebook.com\/FIMISDE\/","article_published_time":"2022-07-04T10:14:45+00:00","og_image":[{"width":3000,"height":2000,"url":"https:\/\/2022.fim-6days.com\/wp-content\/uploads\/sites\/7\/2022\/07\/AZ93933-3000x2000.jpg","type":"image\/jpeg"}],"author":"karinea","twitter_card":"summary_large_image","twitter_creator":"@fimisde","twitter_site":"@fimisde","twitter_misc":{"\u00c9crit par":"karinea","Dur\u00e9e de lecture estim\u00e9e":"3 minutes"},"schema":{"@context":"https:\/\/schema.org","@graph":[{"@type":"Article","@id":"https:\/\/2022.fim-6days.com\/fr\/litalie-presente-ses-couleurs-isde-2022\/#article","isPartOf":{"@id":"https:\/\/2022.fim-6days.com\/fr\/litalie-presente-ses-couleurs-isde-2022\/"},"author":{"name":"karinea","@id":"https:\/\/2022.fim-6days.com\/fr\/#\/schema\/person\/bcf4ff642b8d622c689a6eb754f673d3"},"headline":"L&rsquo;Italie pr\u00e9sente ses couleurs ISDE 2022","datePublished":"2022-07-04T10:14:45+00:00","mainEntityOfPage":{"@id":"https:\/\/2022.fim-6days.com\/fr\/litalie-presente-ses-couleurs-isde-2022\/"},"wordCount":1012,"publisher":{"@id":"https:\/\/2022.fim-6days.com\/fr\/#organization"},"image":{"@id":"https:\/\/2022.fim-6days.com\/fr\/litalie-presente-ses-couleurs-isde-2022\/#primaryimage"},"thumbnailUrl":"https:\/\/2022.fim-6days.com\/wp-content\/uploads\/sites\/7\/2022\/07\/AZ93933.jpg","articleSection":["Articles","Avant ISDE2022"],"inLanguage":"fr-FR"},{"@type":"WebPage","@id":"https:\/\/2022.fim-6days.com\/fr\/litalie-presente-ses-couleurs-isde-2022\/","url":"https:\/\/2022.fim-6days.com\/fr\/litalie-presente-ses-couleurs-isde-2022\/","name":"L'Italie pr\u00e9sente ses couleurs ISDE 2022 - FIM ISDE 2022","isPartOf":{"@id":"https:\/\/2022.fim-6days.com\/fr\/#website"},"primaryImageOfPage":{"@id":"https:\/\/2022.fim-6days.com\/fr\/litalie-presente-ses-couleurs-isde-2022\/#primaryimage"},"image":{"@id":"https:\/\/2022.fim-6days.com\/fr\/litalie-presente-ses-couleurs-isde-2022\/#primaryimage"},"thumbnailUrl":"https:\/\/2022.fim-6days.com\/wp-content\/uploads\/sites\/7\/2022\/07\/AZ93933.jpg","datePublished":"2022-07-04T10:14:45+00:00","description":"\u00c0 l'occasion du r\u00e9cent \u00e9v\u00e9nement EnduroGP en Italie, le pr\u00e9sident de la FMI, Giovanni Copioli, accompagn\u00e9 d'autres membres cl\u00e9s du personnel, ont pr\u00e9sent\u00e9 la version 2022 de leur c\u00e9l\u00e8bre maillot bleu qui sera fi\u00e8rement port\u00e9 par les membres des \u00e9quipes italiennes lors des Six jours d'enduro FIM (ISDE) de cette ann\u00e9e.","breadcrumb":{"@id":"https:\/\/2022.fim-6days.com\/fr\/litalie-presente-ses-couleurs-isde-2022\/#breadcrumb"},"inLanguage":"fr-FR","potentialAction":[{"@type":"ReadAction","target":["https:\/\/2022.fim-6days.com\/fr\/litalie-presente-ses-couleurs-isde-2022\/"]}]},{"@type":"ImageObject","inLanguage":"fr-FR","@id":"https:\/\/2022.fim-6days.com\/fr\/litalie-presente-ses-couleurs-isde-2022\/#primaryimage","url":"https:\/\/2022.fim-6days.com\/wp-content\/uploads\/sites\/7\/2022\/07\/AZ93933.jpg","contentUrl":"https:\/\/2022.fim-6days.com\/wp-content\/uploads\/sites\/7\/2022\/07\/AZ93933.jpg","width":4252,"height":2835,"caption":"Italy\u2019s famous ISDE blue 2022 jersey is presented"},{"@type":"BreadcrumbList","@id":"https:\/\/2022.fim-6days.com\/fr\/litalie-presente-ses-couleurs-isde-2022\/#breadcrumb","itemListElement":[{"@type":"ListItem","position":1,"name":"Home","item":"https:\/\/2022.fim-6days.com\/fr\/"},{"@type":"ListItem","position":2,"name":"L&rsquo;Italie pr\u00e9sente ses couleurs ISDE 2022"}]},{"@type":"WebSite","@id":"https:\/\/2022.fim-6days.com\/fr\/#website","url":"https:\/\/2022.fim-6days.com\/fr\/","name":"FIM ISDE 2021","description":"FIM ISDE Official website","publisher":{"@id":"https:\/\/2022.fim-6days.com\/fr\/#organization"},"potentialAction":[{"@type":"SearchAction","target":{"@type":"EntryPoint","urlTemplate":"https:\/\/2022.fim-6days.com\/fr\/?s={search_term_string}"},"query-input":{"@type":"PropertyValueSpecification","valueRequired":true,"valueName":"search_term_string"}}],"inLanguage":"fr-FR"},{"@type":"Organization","@id":"https:\/\/2022.fim-6days.com\/fr\/#organization","name":"FIM - F\u00e9d\u00e9ration Internationale de Motocyclisme","url":"https:\/\/2022.fim-6days.com\/fr\/","logo":{"@type":"ImageObject","inLanguage":"fr-FR","@id":"https:\/\/2022.fim-6days.com\/fr\/#\/schema\/logo\/image\/","url":"https:\/\/2022.fim-6days.com\/wp-content\/uploads\/sites\/7\/2019\/07\/LogoFIM-CMYK.png","contentUrl":"https:\/\/2022.fim-6days.com\/wp-content\/uploads\/sites\/7\/2019\/07\/LogoFIM-CMYK.png","width":2608,"height":1833,"caption":"FIM - F\u00e9d\u00e9ration Internationale de Motocyclisme"},"image":{"@id":"https:\/\/2022.fim-6days.com\/fr\/#\/schema\/logo\/image\/"},"sameAs":["https:\/\/www.facebook.com\/FIMISDE\/","https:\/\/x.com\/fimisde","https:\/\/www.instagram.com\/fim_isde\/"]},{"@type":"Person","@id":"https:\/\/2022.fim-6days.com\/fr\/#\/schema\/person\/bcf4ff642b8d622c689a6eb754f673d3","name":"karinea","image":{"@type":"ImageObject","inLanguage":"fr-FR","@id":"https:\/\/2022.fim-6days.com\/fr\/#\/schema\/person\/image\/","url":"https:\/\/secure.gravatar.com\/avatar\/2f99c39cea2cbbb4f521dcc577a5b8981ed563188abba9c20bd62c0d2bd4abca?s=96&d=mm&r=g","contentUrl":"https:\/\/secure.gravatar.com\/avatar\/2f99c39cea2cbbb4f521dcc577a5b8981ed563188abba9c20bd62c0d2bd4abca?s=96&d=mm&r=g","caption":"karinea"},"url":"https:\/\/2022.fim-6days.com\/fr\/author\/karinea\/"}]}},"_links":{"self":[{"href":"https:\/\/2022.fim-6days.com\/fr\/wp-json\/wp\/v2\/posts\/39422","targetHints":{"allow":["GET"]}}],"collection":[{"href":"https:\/\/2022.fim-6days.com\/fr\/wp-json\/wp\/v2\/posts"}],"about":[{"href":"https:\/\/2022.fim-6days.com\/fr\/wp-json\/wp\/v2\/types\/post"}],"author":[{"embeddable":true,"href":"https:\/\/2022.fim-6days.com\/fr\/wp-json\/wp\/v2\/users\/4"}],"replies":[{"embeddable":true,"href":"https:\/\/2022.fim-6days.com\/fr\/wp-json\/wp\/v2\/comments?post=39422"}],"version-history":[{"count":2,"href":"https:\/\/2022.fim-6days.com\/fr\/wp-json\/wp\/v2\/posts\/39422\/revisions"}],"predecessor-version":[{"id":39427,"href":"https:\/\/2022.fim-6days.com\/fr\/wp-json\/wp\/v2\/posts\/39422\/revisions\/39427"}],"wp:featuredmedia":[{"embeddable":true,"href":"https:\/\/2022.fim-6days.com\/fr\/wp-json\/wp\/v2\/media\/39425"}],"wp:attachment":[{"href":"https:\/\/2022.fim-6days.com\/fr\/wp-json\/wp\/v2\/media?parent=39422"}],"wp:term":[{"taxonomy":"category","embeddable":true,"href":"https:\/\/2022.fim-6days.com\/fr\/wp-json\/wp\/v2\/categories?post=39422"},{"taxonomy":"post_tag","embeddable":true,"href":"https:\/\/2022.fim-6days.com\/fr\/wp-json\/wp\/v2\/tags?post=39422"}],"curies":[{"name":"wp","href":"https:\/\/api.w.org\/{rel}","templated":true}]}}