{"id":39400,"date":"2022-07-04T09:02:02","date_gmt":"2022-07-04T07:02:02","guid":{"rendered":"https:\/\/2022.fim-6days.com\/?p=39400"},"modified":"2022-07-04T12:18:28","modified_gmt":"2022-07-04T10:18:28","slug":"lequipe-canadienne-confirme-sa-participation-a-lisde-2022","status":"publish","type":"post","link":"https:\/\/2022.fim-6days.com\/fr\/lequipe-canadienne-confirme-sa-participation-a-lisde-2022\/","title":{"rendered":"L&rsquo;\u00e9quipe canadienne confirme sa participation \u00e0 l&rsquo;ISDE 2022"},"content":{"rendered":"<div class=\"fusion-fullwidth fullwidth-box fusion-builder-row-1 fusion-flex-container nonhundred-percent-fullwidth non-hundred-percent-height-scrolling\" style=\"--awb-border-radius-top-left:0px;--awb-border-radius-top-right:0px;--awb-border-radius-bottom-right:0px;--awb-border-radius-bottom-left:0px;--awb-padding-top:0px;--awb-padding-bottom:0px;--awb-flex-wrap:wrap;\" ><div class=\"fusion-builder-row fusion-row fusion-flex-align-items-flex-start fusion-flex-content-wrap\" style=\"max-width:1248px;margin-left: calc(-4% \/ 2 );margin-right: calc(-4% \/ 2 );\"><div class=\"fusion-layout-column fusion_builder_column fusion-builder-column-0 fusion_builder_column_1_1 1_1 fusion-flex-column\" style=\"--awb-padding-top:0px;--awb-padding-bottom:0px;--awb-bg-size:cover;--awb-width-large:100%;--awb-margin-top-large:0px;--awb-spacing-right-large:1.92%;--awb-margin-bottom-large:0px;--awb-spacing-left-large:1.92%;--awb-width-medium:100%;--awb-order-medium:0;--awb-spacing-right-medium:1.92%;--awb-spacing-left-medium:1.92%;--awb-width-small:100%;--awb-order-small:0;--awb-spacing-right-small:1.92%;--awb-spacing-left-small:1.92%;\"><div class=\"fusion-column-wrapper fusion-column-has-shadow fusion-flex-justify-content-flex-start fusion-content-layout-column\"><div class=\"fusion-text fusion-text-1\" style=\"--awb-text-transform:none;\"><p>Toujours tr\u00e8s populaire lors des FIM International Six Days of Enduro (ISDE), la team Canada reviendra en force lors de l&rsquo;\u00e9v\u00e9nement de cette ann\u00e9e avec de solides \u00e9quipes dans les divisions World Trophy et Women&rsquo;s World Trophy. Lorsque les Canadiens arriveront en France pr\u00eats pour la future \u00e9dition des ISDE, qui se d\u00e9roulera au Puy-en-Velay du lundi 29 ao\u00fbt au samedi 3 septembre, les deux groupes de coureurs se concentreront sur l&rsquo;am\u00e9lioration des r\u00e9sultats pr\u00e9c\u00e9dents, le Canada ayant d\u00e9croch\u00e9 la septi\u00e8me place dans la classe World Trophy il y a douze mois et la septi\u00e8me place lors de leur derni\u00e8re participation \u00e0 la classe Women&rsquo;s World Trophy en 2019.<\/p>\n<p>Voici les coureurs et les directeurs d&rsquo;\u00e9quipe qui porteront fi\u00e8rement le drapeau \u00e0 la feuille d&rsquo;\u00e9rable lors des prochains 6DAYS.<\/p>\n<p><strong>\u00c9quipe World Trophy<\/strong><\/p>\n<p>Philippe Chaine<br \/>\nTyler Medaglia<br \/>\nJared Stock<br \/>\nKade Tinkler-Walker<\/p>\n<p><strong>\u00c9quipe du Troph\u00e9e f\u00e9minin<\/strong><\/p>\n<p>Marie-Claude Boudreau<br \/>\nKristen Broderick<br \/>\nShelby Turner<\/p>\n<p><strong>Chef d&rsquo;\u00e9quipe<\/strong><\/p>\n<p>Lee Fryberger<\/p>\n<p><strong>G\u00e9rants adjoints<\/strong><\/p>\n<p>Renee Turner<br \/>\nMario Jakowski<\/p>\n<\/div><div class=\"fusion-image-element \" style=\"--awb-caption-title-font-family:var(--h2_typography-font-family);--awb-caption-title-font-weight:var(--h2_typography-font-weight);--awb-caption-title-font-style:var(--h2_typography-font-style);--awb-caption-title-size:var(--h2_typography-font-size);--awb-caption-title-transform:var(--h2_typography-text-transform);--awb-caption-title-line-height:var(--h2_typography-line-height);--awb-caption-title-letter-spacing:var(--h2_typography-letter-spacing);\"><span class=\" fusion-imageframe imageframe-none imageframe-1 hover-type-none\"><img decoding=\"async\" width=\"4252\" height=\"2835\" title=\"Opening_Ceremony_FIM_ISDE_2019_Portim\u00e3o_029.JPG\" src=\"https:\/\/2022.fim-6days.com\/wp-content\/uploads\/sites\/7\/2022\/07\/Opening_Ceremony_FIM_ISDE_2019_Portimao_029.jpg\" alt class=\"img-responsive wp-image-39413\" srcset=\"https:\/\/2022.fim-6days.com\/wp-content\/uploads\/sites\/7\/2022\/07\/Opening_Ceremony_FIM_ISDE_2019_Portimao_029-200x133.jpg 200w, https:\/\/2022.fim-6days.com\/wp-content\/uploads\/sites\/7\/2022\/07\/Opening_Ceremony_FIM_ISDE_2019_Portimao_029-400x267.jpg 400w, https:\/\/2022.fim-6days.com\/wp-content\/uploads\/sites\/7\/2022\/07\/Opening_Ceremony_FIM_ISDE_2019_Portimao_029-600x400.jpg 600w, https:\/\/2022.fim-6days.com\/wp-content\/uploads\/sites\/7\/2022\/07\/Opening_Ceremony_FIM_ISDE_2019_Portimao_029-800x533.jpg 800w, https:\/\/2022.fim-6days.com\/wp-content\/uploads\/sites\/7\/2022\/07\/Opening_Ceremony_FIM_ISDE_2019_Portimao_029-1200x800.jpg 1200w, https:\/\/2022.fim-6days.com\/wp-content\/uploads\/sites\/7\/2022\/07\/Opening_Ceremony_FIM_ISDE_2019_Portimao_029.jpg 4252w\" sizes=\"(max-width: 1024px) 100vw, (max-width: 640px) 100vw, 1200px\" \/><\/span><\/div><\/div><\/div><\/div><\/div>\n","protected":false},"excerpt":{"rendered":"","protected":false},"author":4,"featured_media":39404,"comment_status":"open","ping_status":"open","sticky":false,"template":"","format":"standard","meta":{"inline_featured_image":false,"footnotes":""},"categories":[75,95],"tags":[],"class_list":["post-39400","post","type-post","status-publish","format-standard","has-post-thumbnail","hentry","category-articles","category-avant-isde2022"],"yoast_head":"<!-- This site is optimized with the Yoast SEO plugin v25.6 - https:\/\/yoast.com\/wordpress\/plugins\/seo\/ -->\n<title>L&#039;\u00e9quipe canadienne confirme sa participation \u00e0 l&#039;ISDE 2022 - FIM ISDE 2022<\/title>\n<meta name=\"description\" content=\"Toujours tr\u00e8s populaire lors des FIM International Six Days of Enduro (ISDE), la team Canada reviendra en force lors de l&#039;\u00e9v\u00e9nement de cette ann\u00e9e avec de solides \u00e9quipes dans les divisions World Trophy et Women&#039;s World Trophy.\" \/>\n<meta name=\"robots\" content=\"index, follow, max-snippet:-1, max-image-preview:large, max-video-preview:-1\" \/>\n<link rel=\"canonical\" href=\"https:\/\/2022.fim-6days.com\/fr\/lequipe-canadienne-confirme-sa-participation-a-lisde-2022\/\" \/>\n<meta property=\"og:locale\" content=\"fr_FR\" \/>\n<meta property=\"og:type\" content=\"article\" \/>\n<meta property=\"og:title\" content=\"L&#039;\u00e9quipe canadienne confirme sa participation \u00e0 l&#039;ISDE 2022 - FIM ISDE 2022\" \/>\n<meta property=\"og:description\" content=\"Toujours tr\u00e8s populaire lors des FIM International Six Days of Enduro (ISDE), la team Canada reviendra en force lors de l&#039;\u00e9v\u00e9nement de cette ann\u00e9e avec de solides \u00e9quipes dans les divisions World Trophy et Women&#039;s World Trophy.\" \/>\n<meta property=\"og:url\" content=\"https:\/\/2022.fim-6days.com\/fr\/lequipe-canadienne-confirme-sa-participation-a-lisde-2022\/\" \/>\n<meta property=\"og:site_name\" content=\"FIM ISDE 2022\" \/>\n<meta property=\"article:publisher\" content=\"https:\/\/www.facebook.com\/FIMISDE\/\" \/>\n<meta property=\"article:published_time\" content=\"2022-07-04T07:02:02+00:00\" \/>\n<meta property=\"article:modified_time\" content=\"2022-07-04T10:18:28+00:00\" \/>\n<meta property=\"og:image\" content=\"https:\/\/2022.fim-6days.com\/wp-content\/uploads\/sites\/7\/2022\/07\/DSC5330-3000x2000.jpg\" \/>\n\t<meta property=\"og:image:width\" content=\"3000\" \/>\n\t<meta property=\"og:image:height\" content=\"2000\" \/>\n\t<meta property=\"og:image:type\" content=\"image\/jpeg\" \/>\n<meta name=\"author\" content=\"karinea\" \/>\n<meta name=\"twitter:card\" content=\"summary_large_image\" \/>\n<meta name=\"twitter:creator\" content=\"@fimisde\" \/>\n<meta name=\"twitter:site\" content=\"@fimisde\" \/>\n<meta name=\"twitter:label1\" content=\"\u00c9crit par\" \/>\n\t<meta name=\"twitter:data1\" content=\"karinea\" \/>\n\t<meta name=\"twitter:label2\" content=\"Dur\u00e9e de lecture estim\u00e9e\" \/>\n\t<meta name=\"twitter:data2\" content=\"3 minutes\" \/>\n<script type=\"application\/ld+json\" class=\"yoast-schema-graph\">{\"@context\":\"https:\/\/schema.org\",\"@graph\":[{\"@type\":\"Article\",\"@id\":\"https:\/\/2022.fim-6days.com\/fr\/lequipe-canadienne-confirme-sa-participation-a-lisde-2022\/#article\",\"isPartOf\":{\"@id\":\"https:\/\/2022.fim-6days.com\/fr\/lequipe-canadienne-confirme-sa-participation-a-lisde-2022\/\"},\"author\":{\"name\":\"karinea\",\"@id\":\"https:\/\/2022.fim-6days.com\/fr\/#\/schema\/person\/bcf4ff642b8d622c689a6eb754f673d3\"},\"headline\":\"L&rsquo;\u00e9quipe canadienne confirme sa participation \u00e0 l&rsquo;ISDE 2022\",\"datePublished\":\"2022-07-04T07:02:02+00:00\",\"dateModified\":\"2022-07-04T10:18:28+00:00\",\"mainEntityOfPage\":{\"@id\":\"https:\/\/2022.fim-6days.com\/fr\/lequipe-canadienne-confirme-sa-participation-a-lisde-2022\/\"},\"wordCount\":1152,\"commentCount\":0,\"publisher\":{\"@id\":\"https:\/\/2022.fim-6days.com\/fr\/#organization\"},\"image\":{\"@id\":\"https:\/\/2022.fim-6days.com\/fr\/lequipe-canadienne-confirme-sa-participation-a-lisde-2022\/#primaryimage\"},\"thumbnailUrl\":\"https:\/\/2022.fim-6days.com\/wp-content\/uploads\/sites\/7\/2022\/07\/DSC5330.jpg\",\"articleSection\":[\"Articles\",\"Avant ISDE2022\"],\"inLanguage\":\"fr-FR\",\"potentialAction\":[{\"@type\":\"CommentAction\",\"name\":\"Comment\",\"target\":[\"https:\/\/2022.fim-6days.com\/fr\/lequipe-canadienne-confirme-sa-participation-a-lisde-2022\/#respond\"]}]},{\"@type\":\"WebPage\",\"@id\":\"https:\/\/2022.fim-6days.com\/fr\/lequipe-canadienne-confirme-sa-participation-a-lisde-2022\/\",\"url\":\"https:\/\/2022.fim-6days.com\/fr\/lequipe-canadienne-confirme-sa-participation-a-lisde-2022\/\",\"name\":\"L'\u00e9quipe canadienne confirme sa participation \u00e0 l'ISDE 2022 - FIM ISDE 2022\",\"isPartOf\":{\"@id\":\"https:\/\/2022.fim-6days.com\/fr\/#website\"},\"primaryImageOfPage\":{\"@id\":\"https:\/\/2022.fim-6days.com\/fr\/lequipe-canadienne-confirme-sa-participation-a-lisde-2022\/#primaryimage\"},\"image\":{\"@id\":\"https:\/\/2022.fim-6days.com\/fr\/lequipe-canadienne-confirme-sa-participation-a-lisde-2022\/#primaryimage\"},\"thumbnailUrl\":\"https:\/\/2022.fim-6days.com\/wp-content\/uploads\/sites\/7\/2022\/07\/DSC5330.jpg\",\"datePublished\":\"2022-07-04T07:02:02+00:00\",\"dateModified\":\"2022-07-04T10:18:28+00:00\",\"description\":\"Toujours tr\u00e8s populaire lors des FIM International Six Days of Enduro (ISDE), la team Canada reviendra en force lors de l'\u00e9v\u00e9nement de cette ann\u00e9e avec de solides \u00e9quipes dans les divisions World Trophy et Women's World Trophy.\",\"breadcrumb\":{\"@id\":\"https:\/\/2022.fim-6days.com\/fr\/lequipe-canadienne-confirme-sa-participation-a-lisde-2022\/#breadcrumb\"},\"inLanguage\":\"fr-FR\",\"potentialAction\":[{\"@type\":\"ReadAction\",\"target\":[\"https:\/\/2022.fim-6days.com\/fr\/lequipe-canadienne-confirme-sa-participation-a-lisde-2022\/\"]}]},{\"@type\":\"ImageObject\",\"inLanguage\":\"fr-FR\",\"@id\":\"https:\/\/2022.fim-6days.com\/fr\/lequipe-canadienne-confirme-sa-participation-a-lisde-2022\/#primaryimage\",\"url\":\"https:\/\/2022.fim-6days.com\/wp-content\/uploads\/sites\/7\/2022\/07\/DSC5330.jpg\",\"contentUrl\":\"https:\/\/2022.fim-6days.com\/wp-content\/uploads\/sites\/7\/2022\/07\/DSC5330.jpg\",\"width\":4252,\"height\":2835,\"caption\":\"20211 FIM International Six Days of Enduro, Rivanazzano Terme, Italy\"},{\"@type\":\"BreadcrumbList\",\"@id\":\"https:\/\/2022.fim-6days.com\/fr\/lequipe-canadienne-confirme-sa-participation-a-lisde-2022\/#breadcrumb\",\"itemListElement\":[{\"@type\":\"ListItem\",\"position\":1,\"name\":\"Home\",\"item\":\"https:\/\/2022.fim-6days.com\/fr\/\"},{\"@type\":\"ListItem\",\"position\":2,\"name\":\"L&rsquo;\u00e9quipe canadienne confirme sa participation \u00e0 l&rsquo;ISDE 2022\"}]},{\"@type\":\"WebSite\",\"@id\":\"https:\/\/2022.fim-6days.com\/fr\/#website\",\"url\":\"https:\/\/2022.fim-6days.com\/fr\/\",\"name\":\"FIM ISDE 2021\",\"description\":\"FIM ISDE Official website\",\"publisher\":{\"@id\":\"https:\/\/2022.fim-6days.com\/fr\/#organization\"},\"potentialAction\":[{\"@type\":\"SearchAction\",\"target\":{\"@type\":\"EntryPoint\",\"urlTemplate\":\"https:\/\/2022.fim-6days.com\/fr\/?s={search_term_string}\"},\"query-input\":{\"@type\":\"PropertyValueSpecification\",\"valueRequired\":true,\"valueName\":\"search_term_string\"}}],\"inLanguage\":\"fr-FR\"},{\"@type\":\"Organization\",\"@id\":\"https:\/\/2022.fim-6days.com\/fr\/#organization\",\"name\":\"FIM - F\u00e9d\u00e9ration Internationale de Motocyclisme\",\"url\":\"https:\/\/2022.fim-6days.com\/fr\/\",\"logo\":{\"@type\":\"ImageObject\",\"inLanguage\":\"fr-FR\",\"@id\":\"https:\/\/2022.fim-6days.com\/fr\/#\/schema\/logo\/image\/\",\"url\":\"https:\/\/2022.fim-6days.com\/wp-content\/uploads\/sites\/7\/2019\/07\/LogoFIM-CMYK.png\",\"contentUrl\":\"https:\/\/2022.fim-6days.com\/wp-content\/uploads\/sites\/7\/2019\/07\/LogoFIM-CMYK.png\",\"width\":2608,\"height\":1833,\"caption\":\"FIM - F\u00e9d\u00e9ration Internationale de Motocyclisme\"},\"image\":{\"@id\":\"https:\/\/2022.fim-6days.com\/fr\/#\/schema\/logo\/image\/\"},\"sameAs\":[\"https:\/\/www.facebook.com\/FIMISDE\/\",\"https:\/\/x.com\/fimisde\",\"https:\/\/www.instagram.com\/fim_isde\/\"]},{\"@type\":\"Person\",\"@id\":\"https:\/\/2022.fim-6days.com\/fr\/#\/schema\/person\/bcf4ff642b8d622c689a6eb754f673d3\",\"name\":\"karinea\",\"image\":{\"@type\":\"ImageObject\",\"inLanguage\":\"fr-FR\",\"@id\":\"https:\/\/2022.fim-6days.com\/fr\/#\/schema\/person\/image\/\",\"url\":\"https:\/\/secure.gravatar.com\/avatar\/2f99c39cea2cbbb4f521dcc577a5b8981ed563188abba9c20bd62c0d2bd4abca?s=96&d=mm&r=g\",\"contentUrl\":\"https:\/\/secure.gravatar.com\/avatar\/2f99c39cea2cbbb4f521dcc577a5b8981ed563188abba9c20bd62c0d2bd4abca?s=96&d=mm&r=g\",\"caption\":\"karinea\"},\"url\":\"https:\/\/2022.fim-6days.com\/fr\/author\/karinea\/\"}]}<\/script>\n<!-- \/ Yoast SEO plugin. -->","yoast_head_json":{"title":"L'\u00e9quipe canadienne confirme sa participation \u00e0 l'ISDE 2022 - FIM ISDE 2022","description":"Toujours tr\u00e8s populaire lors des FIM International Six Days of Enduro (ISDE), la team Canada reviendra en force lors de l'\u00e9v\u00e9nement de cette ann\u00e9e avec de solides \u00e9quipes dans les divisions World Trophy et Women's World Trophy.","robots":{"index":"index","follow":"follow","max-snippet":"max-snippet:-1","max-image-preview":"max-image-preview:large","max-video-preview":"max-video-preview:-1"},"canonical":"https:\/\/2022.fim-6days.com\/fr\/lequipe-canadienne-confirme-sa-participation-a-lisde-2022\/","og_locale":"fr_FR","og_type":"article","og_title":"L'\u00e9quipe canadienne confirme sa participation \u00e0 l'ISDE 2022 - FIM ISDE 2022","og_description":"Toujours tr\u00e8s populaire lors des FIM International Six Days of Enduro (ISDE), la team Canada reviendra en force lors de l'\u00e9v\u00e9nement de cette ann\u00e9e avec de solides \u00e9quipes dans les divisions World Trophy et Women's World Trophy.","og_url":"https:\/\/2022.fim-6days.com\/fr\/lequipe-canadienne-confirme-sa-participation-a-lisde-2022\/","og_site_name":"FIM ISDE 2022","article_publisher":"https:\/\/www.facebook.com\/FIMISDE\/","article_published_time":"2022-07-04T07:02:02+00:00","article_modified_time":"2022-07-04T10:18:28+00:00","og_image":[{"width":3000,"height":2000,"url":"https:\/\/2022.fim-6days.com\/wp-content\/uploads\/sites\/7\/2022\/07\/DSC5330-3000x2000.jpg","type":"image\/jpeg"}],"author":"karinea","twitter_card":"summary_large_image","twitter_creator":"@fimisde","twitter_site":"@fimisde","twitter_misc":{"\u00c9crit par":"karinea","Dur\u00e9e de lecture estim\u00e9e":"3 minutes"},"schema":{"@context":"https:\/\/schema.org","@graph":[{"@type":"Article","@id":"https:\/\/2022.fim-6days.com\/fr\/lequipe-canadienne-confirme-sa-participation-a-lisde-2022\/#article","isPartOf":{"@id":"https:\/\/2022.fim-6days.com\/fr\/lequipe-canadienne-confirme-sa-participation-a-lisde-2022\/"},"author":{"name":"karinea","@id":"https:\/\/2022.fim-6days.com\/fr\/#\/schema\/person\/bcf4ff642b8d622c689a6eb754f673d3"},"headline":"L&rsquo;\u00e9quipe canadienne confirme sa participation \u00e0 l&rsquo;ISDE 2022","datePublished":"2022-07-04T07:02:02+00:00","dateModified":"2022-07-04T10:18:28+00:00","mainEntityOfPage":{"@id":"https:\/\/2022.fim-6days.com\/fr\/lequipe-canadienne-confirme-sa-participation-a-lisde-2022\/"},"wordCount":1152,"commentCount":0,"publisher":{"@id":"https:\/\/2022.fim-6days.com\/fr\/#organization"},"image":{"@id":"https:\/\/2022.fim-6days.com\/fr\/lequipe-canadienne-confirme-sa-participation-a-lisde-2022\/#primaryimage"},"thumbnailUrl":"https:\/\/2022.fim-6days.com\/wp-content\/uploads\/sites\/7\/2022\/07\/DSC5330.jpg","articleSection":["Articles","Avant ISDE2022"],"inLanguage":"fr-FR","potentialAction":[{"@type":"CommentAction","name":"Comment","target":["https:\/\/2022.fim-6days.com\/fr\/lequipe-canadienne-confirme-sa-participation-a-lisde-2022\/#respond"]}]},{"@type":"WebPage","@id":"https:\/\/2022.fim-6days.com\/fr\/lequipe-canadienne-confirme-sa-participation-a-lisde-2022\/","url":"https:\/\/2022.fim-6days.com\/fr\/lequipe-canadienne-confirme-sa-participation-a-lisde-2022\/","name":"L'\u00e9quipe canadienne confirme sa participation \u00e0 l'ISDE 2022 - FIM ISDE 2022","isPartOf":{"@id":"https:\/\/2022.fim-6days.com\/fr\/#website"},"primaryImageOfPage":{"@id":"https:\/\/2022.fim-6days.com\/fr\/lequipe-canadienne-confirme-sa-participation-a-lisde-2022\/#primaryimage"},"image":{"@id":"https:\/\/2022.fim-6days.com\/fr\/lequipe-canadienne-confirme-sa-participation-a-lisde-2022\/#primaryimage"},"thumbnailUrl":"https:\/\/2022.fim-6days.com\/wp-content\/uploads\/sites\/7\/2022\/07\/DSC5330.jpg","datePublished":"2022-07-04T07:02:02+00:00","dateModified":"2022-07-04T10:18:28+00:00","description":"Toujours tr\u00e8s populaire lors des FIM International Six Days of Enduro (ISDE), la team Canada reviendra en force lors de l'\u00e9v\u00e9nement de cette ann\u00e9e avec de solides \u00e9quipes dans les divisions World Trophy et Women's World Trophy.","breadcrumb":{"@id":"https:\/\/2022.fim-6days.com\/fr\/lequipe-canadienne-confirme-sa-participation-a-lisde-2022\/#breadcrumb"},"inLanguage":"fr-FR","potentialAction":[{"@type":"ReadAction","target":["https:\/\/2022.fim-6days.com\/fr\/lequipe-canadienne-confirme-sa-participation-a-lisde-2022\/"]}]},{"@type":"ImageObject","inLanguage":"fr-FR","@id":"https:\/\/2022.fim-6days.com\/fr\/lequipe-canadienne-confirme-sa-participation-a-lisde-2022\/#primaryimage","url":"https:\/\/2022.fim-6days.com\/wp-content\/uploads\/sites\/7\/2022\/07\/DSC5330.jpg","contentUrl":"https:\/\/2022.fim-6days.com\/wp-content\/uploads\/sites\/7\/2022\/07\/DSC5330.jpg","width":4252,"height":2835,"caption":"20211 FIM International Six Days of Enduro, Rivanazzano Terme, Italy"},{"@type":"BreadcrumbList","@id":"https:\/\/2022.fim-6days.com\/fr\/lequipe-canadienne-confirme-sa-participation-a-lisde-2022\/#breadcrumb","itemListElement":[{"@type":"ListItem","position":1,"name":"Home","item":"https:\/\/2022.fim-6days.com\/fr\/"},{"@type":"ListItem","position":2,"name":"L&rsquo;\u00e9quipe canadienne confirme sa participation \u00e0 l&rsquo;ISDE 2022"}]},{"@type":"WebSite","@id":"https:\/\/2022.fim-6days.com\/fr\/#website","url":"https:\/\/2022.fim-6days.com\/fr\/","name":"FIM ISDE 2021","description":"FIM ISDE Official website","publisher":{"@id":"https:\/\/2022.fim-6days.com\/fr\/#organization"},"potentialAction":[{"@type":"SearchAction","target":{"@type":"EntryPoint","urlTemplate":"https:\/\/2022.fim-6days.com\/fr\/?s={search_term_string}"},"query-input":{"@type":"PropertyValueSpecification","valueRequired":true,"valueName":"search_term_string"}}],"inLanguage":"fr-FR"},{"@type":"Organization","@id":"https:\/\/2022.fim-6days.com\/fr\/#organization","name":"FIM - F\u00e9d\u00e9ration Internationale de Motocyclisme","url":"https:\/\/2022.fim-6days.com\/fr\/","logo":{"@type":"ImageObject","inLanguage":"fr-FR","@id":"https:\/\/2022.fim-6days.com\/fr\/#\/schema\/logo\/image\/","url":"https:\/\/2022.fim-6days.com\/wp-content\/uploads\/sites\/7\/2019\/07\/LogoFIM-CMYK.png","contentUrl":"https:\/\/2022.fim-6days.com\/wp-content\/uploads\/sites\/7\/2019\/07\/LogoFIM-CMYK.png","width":2608,"height":1833,"caption":"FIM - F\u00e9d\u00e9ration Internationale de Motocyclisme"},"image":{"@id":"https:\/\/2022.fim-6days.com\/fr\/#\/schema\/logo\/image\/"},"sameAs":["https:\/\/www.facebook.com\/FIMISDE\/","https:\/\/x.com\/fimisde","https:\/\/www.instagram.com\/fim_isde\/"]},{"@type":"Person","@id":"https:\/\/2022.fim-6days.com\/fr\/#\/schema\/person\/bcf4ff642b8d622c689a6eb754f673d3","name":"karinea","image":{"@type":"ImageObject","inLanguage":"fr-FR","@id":"https:\/\/2022.fim-6days.com\/fr\/#\/schema\/person\/image\/","url":"https:\/\/secure.gravatar.com\/avatar\/2f99c39cea2cbbb4f521dcc577a5b8981ed563188abba9c20bd62c0d2bd4abca?s=96&d=mm&r=g","contentUrl":"https:\/\/secure.gravatar.com\/avatar\/2f99c39cea2cbbb4f521dcc577a5b8981ed563188abba9c20bd62c0d2bd4abca?s=96&d=mm&r=g","caption":"karinea"},"url":"https:\/\/2022.fim-6days.com\/fr\/author\/karinea\/"}]}},"_links":{"self":[{"href":"https:\/\/2022.fim-6days.com\/fr\/wp-json\/wp\/v2\/posts\/39400","targetHints":{"allow":["GET"]}}],"collection":[{"href":"https:\/\/2022.fim-6days.com\/fr\/wp-json\/wp\/v2\/posts"}],"about":[{"href":"https:\/\/2022.fim-6days.com\/fr\/wp-json\/wp\/v2\/types\/post"}],"author":[{"embeddable":true,"href":"https:\/\/2022.fim-6days.com\/fr\/wp-json\/wp\/v2\/users\/4"}],"replies":[{"embeddable":true,"href":"https:\/\/2022.fim-6days.com\/fr\/wp-json\/wp\/v2\/comments?post=39400"}],"version-history":[{"count":9,"href":"https:\/\/2022.fim-6days.com\/fr\/wp-json\/wp\/v2\/posts\/39400\/revisions"}],"predecessor-version":[{"id":39420,"href":"https:\/\/2022.fim-6days.com\/fr\/wp-json\/wp\/v2\/posts\/39400\/revisions\/39420"}],"wp:featuredmedia":[{"embeddable":true,"href":"https:\/\/2022.fim-6days.com\/fr\/wp-json\/wp\/v2\/media\/39404"}],"wp:attachment":[{"href":"https:\/\/2022.fim-6days.com\/fr\/wp-json\/wp\/v2\/media?parent=39400"}],"wp:term":[{"taxonomy":"category","embeddable":true,"href":"https:\/\/2022.fim-6days.com\/fr\/wp-json\/wp\/v2\/categories?post=39400"},{"taxonomy":"post_tag","embeddable":true,"href":"https:\/\/2022.fim-6days.com\/fr\/wp-json\/wp\/v2\/tags?post=39400"}],"curies":[{"name":"wp","href":"https:\/\/api.w.org\/{rel}","templated":true}]}}