{"id":39243,"date":"2022-06-20T14:52:18","date_gmt":"2022-06-20T12:52:18","guid":{"rendered":"https:\/\/2022.fim-6days.com\/?p=39243"},"modified":"2022-06-21T11:37:03","modified_gmt":"2022-06-21T09:37:03","slug":"rk-takasago-chain-etend-son-partenariat-avec-les-fim-isde","status":"publish","type":"post","link":"https:\/\/2022.fim-6days.com\/fr\/rk-takasago-chain-etend-son-partenariat-avec-les-fim-isde\/","title":{"rendered":"RK Takasago Chain \u00e9tend son partenariat avec les FIM ISDE"},"content":{"rendered":"<div class=\"fusion-fullwidth fullwidth-box fusion-builder-row-1 fusion-flex-container nonhundred-percent-fullwidth non-hundred-percent-height-scrolling\" style=\"--awb-border-radius-top-left:0px;--awb-border-radius-top-right:0px;--awb-border-radius-bottom-right:0px;--awb-border-radius-bottom-left:0px;--awb-padding-top:0px;--awb-padding-bottom:0px;--awb-flex-wrap:wrap;\" ><div class=\"fusion-builder-row fusion-row fusion-flex-align-items-flex-start fusion-flex-content-wrap\" style=\"max-width:1248px;margin-left: calc(-4% \/ 2 );margin-right: calc(-4% \/ 2 );\"><div class=\"fusion-layout-column fusion_builder_column fusion-builder-column-0 fusion_builder_column_1_1 1_1 fusion-flex-column\" style=\"--awb-padding-top:0px;--awb-padding-bottom:0px;--awb-bg-size:cover;--awb-width-large:100%;--awb-margin-top-large:0px;--awb-spacing-right-large:1.92%;--awb-margin-bottom-large:0px;--awb-spacing-left-large:1.92%;--awb-width-medium:100%;--awb-order-medium:0;--awb-spacing-right-medium:1.92%;--awb-spacing-left-medium:1.92%;--awb-width-small:100%;--awb-order-small:0;--awb-spacing-right-small:1.92%;--awb-spacing-left-small:1.92%;\"><div class=\"fusion-column-wrapper fusion-column-has-shadow fusion-flex-justify-content-flex-start fusion-content-layout-column\"><div class=\"fusion-text fusion-text-1\" style=\"--awb-text-transform:none;\"><p><strong>La FIM est heureuse d&rsquo;annoncer que RK Takasago Chain a \u00e9tendu son partenariat avec les FIM International Six Days of Enduro (ISDE) pour trois ann\u00e9es suppl\u00e9mentaires, suite au succ\u00e8s de l&rsquo;accord initial de deux ans. Avec plus de soixante ans d&rsquo;exp\u00e9rience dans le secteur, RK est reconnu comme l&rsquo;un des principaux fabricants de cha\u00eenes, et au cours de cette longue p\u00e9riode, il a fourni une qualit\u00e9 constante, des innovations et des produits de haute performance qui lui ont permis de travailler avec des partenaires de renomm\u00e9e mondiale.<\/strong><\/p>\n<\/div><div class=\"fusion-image-element \" style=\"text-align:center;--awb-caption-title-font-family:var(--h2_typography-font-family);--awb-caption-title-font-weight:var(--h2_typography-font-weight);--awb-caption-title-font-style:var(--h2_typography-font-style);--awb-caption-title-size:var(--h2_typography-font-size);--awb-caption-title-transform:var(--h2_typography-text-transform);--awb-caption-title-line-height:var(--h2_typography-line-height);--awb-caption-title-letter-spacing:var(--h2_typography-letter-spacing);\"><span class=\" fusion-imageframe imageframe-none imageframe-1 hover-type-none\"><img decoding=\"async\" width=\"300\" height=\"200\" title=\"GB520MXU\" src=\"https:\/\/2022.fim-6days.com\/wp-content\/uploads\/sites\/7\/2022\/06\/GB520MXU-300x200.png\" alt class=\"img-responsive wp-image-39247\" srcset=\"https:\/\/2022.fim-6days.com\/wp-content\/uploads\/sites\/7\/2022\/06\/GB520MXU-200x133.png 200w, https:\/\/2022.fim-6days.com\/wp-content\/uploads\/sites\/7\/2022\/06\/GB520MXU-400x267.png 400w, https:\/\/2022.fim-6days.com\/wp-content\/uploads\/sites\/7\/2022\/06\/GB520MXU-600x400.png 600w, https:\/\/2022.fim-6days.com\/wp-content\/uploads\/sites\/7\/2022\/06\/GB520MXU-800x533.png 800w, https:\/\/2022.fim-6days.com\/wp-content\/uploads\/sites\/7\/2022\/06\/GB520MXU-1200x800.png 1200w, https:\/\/2022.fim-6days.com\/wp-content\/uploads\/sites\/7\/2022\/06\/GB520MXU.png 1920w\" sizes=\"(max-width: 1024px) 100vw, (max-width: 640px) 100vw, 1200px\" \/><\/span><\/div><div class=\"fusion-separator fusion-full-width-sep\" style=\"align-self: center;margin-left: auto;margin-right: auto;margin-bottom:20px;width:100%;\"><\/div>\n<div class=\"fusion-text fusion-text-2\"><p>Dans le cadre de cette relation, qui s&rsquo;\u00e9tendra sur cinq ans au total, RK restera le sponsor officiel des 6DAYS pour les trois prochaines \u00e9ditions des ISDE, \u00e0 commencer par celle de cette ann\u00e9e, qui se d\u00e9roulera au Puy-en-Velay, en France, du lundi 29 ao\u00fbt au samedi 3 septembre, ainsi que pour les comp\u00e9titions en Argentine en 2023 et en Espagne en 2024. Le nouvel accord sign\u00e9 signifie que RK d\u00e9tiendra les droits exclusifs sur le segment de march\u00e9 des cha\u00eenes pour une p\u00e9riode suppl\u00e9mentaire de trois ans.<\/p>\n<p>Avec un r\u00e9sultat extr\u00eamement positif lors des deux derni\u00e8res \u00e9ditions des ISDE, RK continuera \u00e0 utiliser l&rsquo;opportunit\u00e9 des 6DAYS pour renforcer l&rsquo;exposition de sa marque dans le segment de march\u00e9 off road \/ enduro. De mani\u00e8re tout aussi importante, RK continuera \u00e9galement d&rsquo;utiliser cette comp\u00e9tition historique comme test ultime pour le d\u00e9veloppement de produits et b\u00e9n\u00e9ficiera des commentaires pr\u00e9cieux de leurs pilotes soutenus, comprenant le pilote italien Andrea Verona, Daniel Milner d&rsquo;Australie, Mikael Persson de Su\u00e8de et Hamish MacDonald de Nouvelle-Z\u00e9lande.<\/p>\n<p>La fiabilit\u00e9 est un \u00e9l\u00e9ment cl\u00e9 des ISDE et une valeur qui figure au premier plan des objectifs de la cha\u00eene RK Takasago, tout comme la devise de l&rsquo;entreprise \u00ab\u00a0\u00eatre le meilleur est un engagement\u00a0\u00bb, d&rsquo;o\u00f9 le renouvellement de ce partenariat qui repr\u00e9sente la parfaite synergie entre l&rsquo;\u00e9v\u00e9nement et la marque.<\/p>\n<p><strong>Fabio Muner, directeur marketing et digital de la FIM<\/strong>, s&rsquo;est f\u00e9licit\u00e9 de la conclusion de ce nouvel accord : <em>\u00ab\u00a0Encore une fois, nous voyons une autre marque qui b\u00e9n\u00e9ficie directement de son association officielle avec les ISDE et qui, gr\u00e2ce \u00e0 ces r\u00e9sultats mesurables, a pris la d\u00e9cision de prolonger sa relation avec ce qui reste l&rsquo;un des plus grands \u00e9v\u00e9nements du calendrier off-road. Les ISDE offrent une occasion unique de d\u00e9velopper des produits au cours de six jours de comp\u00e9tition acharn\u00e9e, ainsi que la possibilit\u00e9 de pr\u00e9senter la marque \u00e0 un public v\u00e9ritablement mondial et cibl\u00e9. Nous sommes tr\u00e8s heureux de conserver la cha\u00eene RK Takasago dans le cadre des ISDE et nous tenons \u00e0 les remercier pour leur soutien continu.\u00a0\u00bb<\/em><\/p>\n<p><strong>M. EH Lee, vice-pr\u00e9sident de RK, a comment\u00e9 :<\/strong><br \/>\n<em>\u00ab\u00a0Nous sommes tr\u00e8s fiers de poursuivre le partenariat avec la plus ancienne comp\u00e9tition de la FIM dans le monde, les International Six Days of Enduro. Notre objectif est d&rsquo;\u00eatre \u00ab\u00a0le choix des champions\u00a0\u00bb, et nous pensons que la meilleure R&amp;D n&rsquo;est disponible que sur les pistes de course. Nous continuerons \u00e0 profiter de cette opportunit\u00e9 pour prouver la performance et la qualit\u00e9 de nos produits, en prenant \u00e9galement toutes les chances possibles pour affiner notre produit. \u00catre le meilleur est un engagement !\u00a0\u00bb<\/em><\/p>\n<\/div><\/div><\/div><\/div><\/div>\n","protected":false},"excerpt":{"rendered":"","protected":false},"author":4,"featured_media":39249,"comment_status":"closed","ping_status":"closed","sticky":false,"template":"","format":"standard","meta":{"inline_featured_image":false,"footnotes":""},"categories":[75,95],"tags":[],"class_list":["post-39243","post","type-post","status-publish","format-standard","has-post-thumbnail","hentry","category-articles","category-avant-isde2022"],"yoast_head":"<!-- This site is optimized with the Yoast SEO plugin v25.6 - https:\/\/yoast.com\/wordpress\/plugins\/seo\/ -->\n<title>RK Takasago Chain \u00e9tend son partenariat avec les FIM ISDE - FIM ISDE 2022<\/title>\n<meta name=\"description\" content=\"Lors de la r\u00e9cente r\u00e9union du conseil d&#039;administration de la FIM, les pays h\u00f4tes des deux prochaines \u00e9ditions des Six jours internationaux d&#039;enduro de la FIM (ISDE) ont \u00e9t\u00e9 confirm\u00e9s comme suit : 2023 Argentine (CAMOD) et 2024 Espagne (RFME).\" \/>\n<meta name=\"robots\" content=\"index, follow, max-snippet:-1, max-image-preview:large, max-video-preview:-1\" \/>\n<link rel=\"canonical\" href=\"https:\/\/2022.fim-6days.com\/fr\/rk-takasago-chain-etend-son-partenariat-avec-les-fim-isde\/\" \/>\n<meta property=\"og:locale\" content=\"fr_FR\" \/>\n<meta property=\"og:type\" content=\"article\" \/>\n<meta property=\"og:title\" content=\"RK Takasago Chain \u00e9tend son partenariat avec les FIM ISDE - FIM ISDE 2022\" \/>\n<meta property=\"og:description\" content=\"Lors de la r\u00e9cente r\u00e9union du conseil d&#039;administration de la FIM, les pays h\u00f4tes des deux prochaines \u00e9ditions des Six jours internationaux d&#039;enduro de la FIM (ISDE) ont \u00e9t\u00e9 confirm\u00e9s comme suit : 2023 Argentine (CAMOD) et 2024 Espagne (RFME).\" \/>\n<meta property=\"og:url\" content=\"https:\/\/2022.fim-6days.com\/fr\/rk-takasago-chain-etend-son-partenariat-avec-les-fim-isde\/\" \/>\n<meta property=\"og:site_name\" content=\"FIM ISDE 2022\" \/>\n<meta property=\"article:publisher\" content=\"https:\/\/www.facebook.com\/FIMISDE\/\" \/>\n<meta property=\"article:published_time\" content=\"2022-06-20T12:52:18+00:00\" \/>\n<meta property=\"article:modified_time\" content=\"2022-06-21T09:37:03+00:00\" \/>\n<meta property=\"og:image\" content=\"https:\/\/2022.fim-6days.com\/wp-content\/uploads\/sites\/7\/2022\/06\/GB520MXU_Chain-2.jpg\" \/>\n\t<meta property=\"og:image:width\" content=\"1920\" \/>\n\t<meta property=\"og:image:height\" content=\"1440\" \/>\n\t<meta property=\"og:image:type\" content=\"image\/jpeg\" \/>\n<meta name=\"author\" content=\"karinea\" \/>\n<meta name=\"twitter:card\" content=\"summary_large_image\" \/>\n<meta name=\"twitter:creator\" content=\"@fimisde\" \/>\n<meta name=\"twitter:site\" content=\"@fimisde\" \/>\n<meta name=\"twitter:label1\" content=\"\u00c9crit par\" \/>\n\t<meta name=\"twitter:data1\" content=\"karinea\" \/>\n\t<meta name=\"twitter:label2\" content=\"Dur\u00e9e de lecture estim\u00e9e\" \/>\n\t<meta name=\"twitter:data2\" content=\"3 minutes\" \/>\n<script type=\"application\/ld+json\" class=\"yoast-schema-graph\">{\"@context\":\"https:\/\/schema.org\",\"@graph\":[{\"@type\":\"Article\",\"@id\":\"https:\/\/2022.fim-6days.com\/fr\/rk-takasago-chain-etend-son-partenariat-avec-les-fim-isde\/#article\",\"isPartOf\":{\"@id\":\"https:\/\/2022.fim-6days.com\/fr\/rk-takasago-chain-etend-son-partenariat-avec-les-fim-isde\/\"},\"author\":{\"name\":\"karinea\",\"@id\":\"https:\/\/2022.fim-6days.com\/fr\/#\/schema\/person\/bcf4ff642b8d622c689a6eb754f673d3\"},\"headline\":\"RK Takasago Chain \u00e9tend son partenariat avec les FIM ISDE\",\"datePublished\":\"2022-06-20T12:52:18+00:00\",\"dateModified\":\"2022-06-21T09:37:03+00:00\",\"mainEntityOfPage\":{\"@id\":\"https:\/\/2022.fim-6days.com\/fr\/rk-takasago-chain-etend-son-partenariat-avec-les-fim-isde\/\"},\"wordCount\":1615,\"publisher\":{\"@id\":\"https:\/\/2022.fim-6days.com\/fr\/#organization\"},\"image\":{\"@id\":\"https:\/\/2022.fim-6days.com\/fr\/rk-takasago-chain-etend-son-partenariat-avec-les-fim-isde\/#primaryimage\"},\"thumbnailUrl\":\"https:\/\/2022.fim-6days.com\/wp-content\/uploads\/sites\/7\/2022\/06\/GB520MXU_Chain-2.jpg\",\"articleSection\":[\"Articles\",\"Avant ISDE2022\"],\"inLanguage\":\"fr-FR\"},{\"@type\":\"WebPage\",\"@id\":\"https:\/\/2022.fim-6days.com\/fr\/rk-takasago-chain-etend-son-partenariat-avec-les-fim-isde\/\",\"url\":\"https:\/\/2022.fim-6days.com\/fr\/rk-takasago-chain-etend-son-partenariat-avec-les-fim-isde\/\",\"name\":\"RK Takasago Chain \u00e9tend son partenariat avec les FIM ISDE - FIM ISDE 2022\",\"isPartOf\":{\"@id\":\"https:\/\/2022.fim-6days.com\/fr\/#website\"},\"primaryImageOfPage\":{\"@id\":\"https:\/\/2022.fim-6days.com\/fr\/rk-takasago-chain-etend-son-partenariat-avec-les-fim-isde\/#primaryimage\"},\"image\":{\"@id\":\"https:\/\/2022.fim-6days.com\/fr\/rk-takasago-chain-etend-son-partenariat-avec-les-fim-isde\/#primaryimage\"},\"thumbnailUrl\":\"https:\/\/2022.fim-6days.com\/wp-content\/uploads\/sites\/7\/2022\/06\/GB520MXU_Chain-2.jpg\",\"datePublished\":\"2022-06-20T12:52:18+00:00\",\"dateModified\":\"2022-06-21T09:37:03+00:00\",\"description\":\"Lors de la r\u00e9cente r\u00e9union du conseil d'administration de la FIM, les pays h\u00f4tes des deux prochaines \u00e9ditions des Six jours internationaux d'enduro de la FIM (ISDE) ont \u00e9t\u00e9 confirm\u00e9s comme suit : 2023 Argentine (CAMOD) et 2024 Espagne (RFME).\",\"breadcrumb\":{\"@id\":\"https:\/\/2022.fim-6days.com\/fr\/rk-takasago-chain-etend-son-partenariat-avec-les-fim-isde\/#breadcrumb\"},\"inLanguage\":\"fr-FR\",\"potentialAction\":[{\"@type\":\"ReadAction\",\"target\":[\"https:\/\/2022.fim-6days.com\/fr\/rk-takasago-chain-etend-son-partenariat-avec-les-fim-isde\/\"]}]},{\"@type\":\"ImageObject\",\"inLanguage\":\"fr-FR\",\"@id\":\"https:\/\/2022.fim-6days.com\/fr\/rk-takasago-chain-etend-son-partenariat-avec-les-fim-isde\/#primaryimage\",\"url\":\"https:\/\/2022.fim-6days.com\/wp-content\/uploads\/sites\/7\/2022\/06\/GB520MXU_Chain-2.jpg\",\"contentUrl\":\"https:\/\/2022.fim-6days.com\/wp-content\/uploads\/sites\/7\/2022\/06\/GB520MXU_Chain-2.jpg\",\"width\":1920,\"height\":1440,\"caption\":\"GB520MXU features the RK's only technology of Ultra-Thin Seal: #UWRing \u00a9 RK Takasago Chain\"},{\"@type\":\"BreadcrumbList\",\"@id\":\"https:\/\/2022.fim-6days.com\/fr\/rk-takasago-chain-etend-son-partenariat-avec-les-fim-isde\/#breadcrumb\",\"itemListElement\":[{\"@type\":\"ListItem\",\"position\":1,\"name\":\"Home\",\"item\":\"https:\/\/2022.fim-6days.com\/fr\/\"},{\"@type\":\"ListItem\",\"position\":2,\"name\":\"RK Takasago Chain \u00e9tend son partenariat avec les FIM ISDE\"}]},{\"@type\":\"WebSite\",\"@id\":\"https:\/\/2022.fim-6days.com\/fr\/#website\",\"url\":\"https:\/\/2022.fim-6days.com\/fr\/\",\"name\":\"FIM ISDE 2021\",\"description\":\"FIM ISDE Official website\",\"publisher\":{\"@id\":\"https:\/\/2022.fim-6days.com\/fr\/#organization\"},\"potentialAction\":[{\"@type\":\"SearchAction\",\"target\":{\"@type\":\"EntryPoint\",\"urlTemplate\":\"https:\/\/2022.fim-6days.com\/fr\/?s={search_term_string}\"},\"query-input\":{\"@type\":\"PropertyValueSpecification\",\"valueRequired\":true,\"valueName\":\"search_term_string\"}}],\"inLanguage\":\"fr-FR\"},{\"@type\":\"Organization\",\"@id\":\"https:\/\/2022.fim-6days.com\/fr\/#organization\",\"name\":\"FIM - F\u00e9d\u00e9ration Internationale de Motocyclisme\",\"url\":\"https:\/\/2022.fim-6days.com\/fr\/\",\"logo\":{\"@type\":\"ImageObject\",\"inLanguage\":\"fr-FR\",\"@id\":\"https:\/\/2022.fim-6days.com\/fr\/#\/schema\/logo\/image\/\",\"url\":\"https:\/\/2022.fim-6days.com\/wp-content\/uploads\/sites\/7\/2019\/07\/LogoFIM-CMYK.png\",\"contentUrl\":\"https:\/\/2022.fim-6days.com\/wp-content\/uploads\/sites\/7\/2019\/07\/LogoFIM-CMYK.png\",\"width\":2608,\"height\":1833,\"caption\":\"FIM - F\u00e9d\u00e9ration Internationale de Motocyclisme\"},\"image\":{\"@id\":\"https:\/\/2022.fim-6days.com\/fr\/#\/schema\/logo\/image\/\"},\"sameAs\":[\"https:\/\/www.facebook.com\/FIMISDE\/\",\"https:\/\/x.com\/fimisde\",\"https:\/\/www.instagram.com\/fim_isde\/\"]},{\"@type\":\"Person\",\"@id\":\"https:\/\/2022.fim-6days.com\/fr\/#\/schema\/person\/bcf4ff642b8d622c689a6eb754f673d3\",\"name\":\"karinea\",\"image\":{\"@type\":\"ImageObject\",\"inLanguage\":\"fr-FR\",\"@id\":\"https:\/\/2022.fim-6days.com\/fr\/#\/schema\/person\/image\/\",\"url\":\"https:\/\/secure.gravatar.com\/avatar\/2f99c39cea2cbbb4f521dcc577a5b8981ed563188abba9c20bd62c0d2bd4abca?s=96&d=mm&r=g\",\"contentUrl\":\"https:\/\/secure.gravatar.com\/avatar\/2f99c39cea2cbbb4f521dcc577a5b8981ed563188abba9c20bd62c0d2bd4abca?s=96&d=mm&r=g\",\"caption\":\"karinea\"},\"url\":\"https:\/\/2022.fim-6days.com\/fr\/author\/karinea\/\"}]}<\/script>\n<!-- \/ Yoast SEO plugin. -->","yoast_head_json":{"title":"RK Takasago Chain \u00e9tend son partenariat avec les FIM ISDE - FIM ISDE 2022","description":"Lors de la r\u00e9cente r\u00e9union du conseil d'administration de la FIM, les pays h\u00f4tes des deux prochaines \u00e9ditions des Six jours internationaux d'enduro de la FIM (ISDE) ont \u00e9t\u00e9 confirm\u00e9s comme suit : 2023 Argentine (CAMOD) et 2024 Espagne (RFME).","robots":{"index":"index","follow":"follow","max-snippet":"max-snippet:-1","max-image-preview":"max-image-preview:large","max-video-preview":"max-video-preview:-1"},"canonical":"https:\/\/2022.fim-6days.com\/fr\/rk-takasago-chain-etend-son-partenariat-avec-les-fim-isde\/","og_locale":"fr_FR","og_type":"article","og_title":"RK Takasago Chain \u00e9tend son partenariat avec les FIM ISDE - FIM ISDE 2022","og_description":"Lors de la r\u00e9cente r\u00e9union du conseil d'administration de la FIM, les pays h\u00f4tes des deux prochaines \u00e9ditions des Six jours internationaux d'enduro de la FIM (ISDE) ont \u00e9t\u00e9 confirm\u00e9s comme suit : 2023 Argentine (CAMOD) et 2024 Espagne (RFME).","og_url":"https:\/\/2022.fim-6days.com\/fr\/rk-takasago-chain-etend-son-partenariat-avec-les-fim-isde\/","og_site_name":"FIM ISDE 2022","article_publisher":"https:\/\/www.facebook.com\/FIMISDE\/","article_published_time":"2022-06-20T12:52:18+00:00","article_modified_time":"2022-06-21T09:37:03+00:00","og_image":[{"width":1920,"height":1440,"url":"https:\/\/2022.fim-6days.com\/wp-content\/uploads\/sites\/7\/2022\/06\/GB520MXU_Chain-2.jpg","type":"image\/jpeg"}],"author":"karinea","twitter_card":"summary_large_image","twitter_creator":"@fimisde","twitter_site":"@fimisde","twitter_misc":{"\u00c9crit par":"karinea","Dur\u00e9e de lecture estim\u00e9e":"3 minutes"},"schema":{"@context":"https:\/\/schema.org","@graph":[{"@type":"Article","@id":"https:\/\/2022.fim-6days.com\/fr\/rk-takasago-chain-etend-son-partenariat-avec-les-fim-isde\/#article","isPartOf":{"@id":"https:\/\/2022.fim-6days.com\/fr\/rk-takasago-chain-etend-son-partenariat-avec-les-fim-isde\/"},"author":{"name":"karinea","@id":"https:\/\/2022.fim-6days.com\/fr\/#\/schema\/person\/bcf4ff642b8d622c689a6eb754f673d3"},"headline":"RK Takasago Chain \u00e9tend son partenariat avec les FIM ISDE","datePublished":"2022-06-20T12:52:18+00:00","dateModified":"2022-06-21T09:37:03+00:00","mainEntityOfPage":{"@id":"https:\/\/2022.fim-6days.com\/fr\/rk-takasago-chain-etend-son-partenariat-avec-les-fim-isde\/"},"wordCount":1615,"publisher":{"@id":"https:\/\/2022.fim-6days.com\/fr\/#organization"},"image":{"@id":"https:\/\/2022.fim-6days.com\/fr\/rk-takasago-chain-etend-son-partenariat-avec-les-fim-isde\/#primaryimage"},"thumbnailUrl":"https:\/\/2022.fim-6days.com\/wp-content\/uploads\/sites\/7\/2022\/06\/GB520MXU_Chain-2.jpg","articleSection":["Articles","Avant ISDE2022"],"inLanguage":"fr-FR"},{"@type":"WebPage","@id":"https:\/\/2022.fim-6days.com\/fr\/rk-takasago-chain-etend-son-partenariat-avec-les-fim-isde\/","url":"https:\/\/2022.fim-6days.com\/fr\/rk-takasago-chain-etend-son-partenariat-avec-les-fim-isde\/","name":"RK Takasago Chain \u00e9tend son partenariat avec les FIM ISDE - FIM ISDE 2022","isPartOf":{"@id":"https:\/\/2022.fim-6days.com\/fr\/#website"},"primaryImageOfPage":{"@id":"https:\/\/2022.fim-6days.com\/fr\/rk-takasago-chain-etend-son-partenariat-avec-les-fim-isde\/#primaryimage"},"image":{"@id":"https:\/\/2022.fim-6days.com\/fr\/rk-takasago-chain-etend-son-partenariat-avec-les-fim-isde\/#primaryimage"},"thumbnailUrl":"https:\/\/2022.fim-6days.com\/wp-content\/uploads\/sites\/7\/2022\/06\/GB520MXU_Chain-2.jpg","datePublished":"2022-06-20T12:52:18+00:00","dateModified":"2022-06-21T09:37:03+00:00","description":"Lors de la r\u00e9cente r\u00e9union du conseil d'administration de la FIM, les pays h\u00f4tes des deux prochaines \u00e9ditions des Six jours internationaux d'enduro de la FIM (ISDE) ont \u00e9t\u00e9 confirm\u00e9s comme suit : 2023 Argentine (CAMOD) et 2024 Espagne (RFME).","breadcrumb":{"@id":"https:\/\/2022.fim-6days.com\/fr\/rk-takasago-chain-etend-son-partenariat-avec-les-fim-isde\/#breadcrumb"},"inLanguage":"fr-FR","potentialAction":[{"@type":"ReadAction","target":["https:\/\/2022.fim-6days.com\/fr\/rk-takasago-chain-etend-son-partenariat-avec-les-fim-isde\/"]}]},{"@type":"ImageObject","inLanguage":"fr-FR","@id":"https:\/\/2022.fim-6days.com\/fr\/rk-takasago-chain-etend-son-partenariat-avec-les-fim-isde\/#primaryimage","url":"https:\/\/2022.fim-6days.com\/wp-content\/uploads\/sites\/7\/2022\/06\/GB520MXU_Chain-2.jpg","contentUrl":"https:\/\/2022.fim-6days.com\/wp-content\/uploads\/sites\/7\/2022\/06\/GB520MXU_Chain-2.jpg","width":1920,"height":1440,"caption":"GB520MXU features the RK's only technology of Ultra-Thin Seal: #UWRing \u00a9 RK Takasago Chain"},{"@type":"BreadcrumbList","@id":"https:\/\/2022.fim-6days.com\/fr\/rk-takasago-chain-etend-son-partenariat-avec-les-fim-isde\/#breadcrumb","itemListElement":[{"@type":"ListItem","position":1,"name":"Home","item":"https:\/\/2022.fim-6days.com\/fr\/"},{"@type":"ListItem","position":2,"name":"RK Takasago Chain \u00e9tend son partenariat avec les FIM ISDE"}]},{"@type":"WebSite","@id":"https:\/\/2022.fim-6days.com\/fr\/#website","url":"https:\/\/2022.fim-6days.com\/fr\/","name":"FIM ISDE 2021","description":"FIM ISDE Official website","publisher":{"@id":"https:\/\/2022.fim-6days.com\/fr\/#organization"},"potentialAction":[{"@type":"SearchAction","target":{"@type":"EntryPoint","urlTemplate":"https:\/\/2022.fim-6days.com\/fr\/?s={search_term_string}"},"query-input":{"@type":"PropertyValueSpecification","valueRequired":true,"valueName":"search_term_string"}}],"inLanguage":"fr-FR"},{"@type":"Organization","@id":"https:\/\/2022.fim-6days.com\/fr\/#organization","name":"FIM - F\u00e9d\u00e9ration Internationale de Motocyclisme","url":"https:\/\/2022.fim-6days.com\/fr\/","logo":{"@type":"ImageObject","inLanguage":"fr-FR","@id":"https:\/\/2022.fim-6days.com\/fr\/#\/schema\/logo\/image\/","url":"https:\/\/2022.fim-6days.com\/wp-content\/uploads\/sites\/7\/2019\/07\/LogoFIM-CMYK.png","contentUrl":"https:\/\/2022.fim-6days.com\/wp-content\/uploads\/sites\/7\/2019\/07\/LogoFIM-CMYK.png","width":2608,"height":1833,"caption":"FIM - F\u00e9d\u00e9ration Internationale de Motocyclisme"},"image":{"@id":"https:\/\/2022.fim-6days.com\/fr\/#\/schema\/logo\/image\/"},"sameAs":["https:\/\/www.facebook.com\/FIMISDE\/","https:\/\/x.com\/fimisde","https:\/\/www.instagram.com\/fim_isde\/"]},{"@type":"Person","@id":"https:\/\/2022.fim-6days.com\/fr\/#\/schema\/person\/bcf4ff642b8d622c689a6eb754f673d3","name":"karinea","image":{"@type":"ImageObject","inLanguage":"fr-FR","@id":"https:\/\/2022.fim-6days.com\/fr\/#\/schema\/person\/image\/","url":"https:\/\/secure.gravatar.com\/avatar\/2f99c39cea2cbbb4f521dcc577a5b8981ed563188abba9c20bd62c0d2bd4abca?s=96&d=mm&r=g","contentUrl":"https:\/\/secure.gravatar.com\/avatar\/2f99c39cea2cbbb4f521dcc577a5b8981ed563188abba9c20bd62c0d2bd4abca?s=96&d=mm&r=g","caption":"karinea"},"url":"https:\/\/2022.fim-6days.com\/fr\/author\/karinea\/"}]}},"_links":{"self":[{"href":"https:\/\/2022.fim-6days.com\/fr\/wp-json\/wp\/v2\/posts\/39243","targetHints":{"allow":["GET"]}}],"collection":[{"href":"https:\/\/2022.fim-6days.com\/fr\/wp-json\/wp\/v2\/posts"}],"about":[{"href":"https:\/\/2022.fim-6days.com\/fr\/wp-json\/wp\/v2\/types\/post"}],"author":[{"embeddable":true,"href":"https:\/\/2022.fim-6days.com\/fr\/wp-json\/wp\/v2\/users\/4"}],"replies":[{"embeddable":true,"href":"https:\/\/2022.fim-6days.com\/fr\/wp-json\/wp\/v2\/comments?post=39243"}],"version-history":[{"count":6,"href":"https:\/\/2022.fim-6days.com\/fr\/wp-json\/wp\/v2\/posts\/39243\/revisions"}],"predecessor-version":[{"id":39262,"href":"https:\/\/2022.fim-6days.com\/fr\/wp-json\/wp\/v2\/posts\/39243\/revisions\/39262"}],"wp:featuredmedia":[{"embeddable":true,"href":"https:\/\/2022.fim-6days.com\/fr\/wp-json\/wp\/v2\/media\/39249"}],"wp:attachment":[{"href":"https:\/\/2022.fim-6days.com\/fr\/wp-json\/wp\/v2\/media?parent=39243"}],"wp:term":[{"taxonomy":"category","embeddable":true,"href":"https:\/\/2022.fim-6days.com\/fr\/wp-json\/wp\/v2\/categories?post=39243"},{"taxonomy":"post_tag","embeddable":true,"href":"https:\/\/2022.fim-6days.com\/fr\/wp-json\/wp\/v2\/tags?post=39243"}],"curies":[{"name":"wp","href":"https:\/\/api.w.org\/{rel}","templated":true}]}}