{"id":39194,"date":"2022-06-09T11:01:51","date_gmt":"2022-06-09T09:01:51","guid":{"rendered":"https:\/\/2022.fim-6days.com\/?p=39194"},"modified":"2022-06-09T11:01:51","modified_gmt":"2022-06-09T09:01:51","slug":"confirmation-des-pays-hotes-des-isde-2023-et-2024","status":"publish","type":"post","link":"https:\/\/2022.fim-6days.com\/fr\/confirmation-des-pays-hotes-des-isde-2023-et-2024\/","title":{"rendered":"Confirmation des pays h\u00f4tes des ISDE 2023 et 2024"},"content":{"rendered":"<div class=\"fusion-fullwidth fullwidth-box fusion-builder-row-1 fusion-flex-container nonhundred-percent-fullwidth non-hundred-percent-height-scrolling\" style=\"--awb-border-radius-top-left:0px;--awb-border-radius-top-right:0px;--awb-border-radius-bottom-right:0px;--awb-border-radius-bottom-left:0px;--awb-padding-top:0px;--awb-padding-bottom:0px;--awb-flex-wrap:wrap;\" ><div class=\"fusion-builder-row fusion-row fusion-flex-align-items-flex-start fusion-flex-content-wrap\" style=\"max-width:1248px;margin-left: calc(-4% \/ 2 );margin-right: calc(-4% \/ 2 );\"><div class=\"fusion-layout-column fusion_builder_column fusion-builder-column-0 fusion_builder_column_1_1 1_1 fusion-flex-column\" style=\"--awb-padding-top:0px;--awb-padding-bottom:0px;--awb-bg-size:cover;--awb-width-large:100%;--awb-margin-top-large:0px;--awb-spacing-right-large:1.92%;--awb-margin-bottom-large:0px;--awb-spacing-left-large:1.92%;--awb-width-medium:100%;--awb-order-medium:0;--awb-spacing-right-medium:1.92%;--awb-spacing-left-medium:1.92%;--awb-width-small:100%;--awb-order-small:0;--awb-spacing-right-small:1.92%;--awb-spacing-left-small:1.92%;\"><div class=\"fusion-column-wrapper fusion-column-has-shadow fusion-flex-justify-content-flex-start fusion-content-layout-column\"><div class=\"fusion-text fusion-text-1\" style=\"--awb-text-transform:none;\"><p><strong>Lors de la r\u00e9cente r\u00e9union du conseil d&rsquo;administration de la FIM, les pays h\u00f4tes des deux prochaines \u00e9ditions des Six jours internationaux d&rsquo;enduro de la FIM (ISDE) ont \u00e9t\u00e9 confirm\u00e9s comme suit : 2023 Argentine (CAMOD) et 2024 Espagne (RFME).<\/strong><\/p>\n<p>L&rsquo;ann\u00e9e prochaine, les ISDE reviendront en Argentine. Ce n&rsquo;est que la deuxi\u00e8me fois que cet \u00e9v\u00e9nement historique se rend dans ce pays d&rsquo;Am\u00e9rique du Sud, la visite inaugurale ayant eu lieu en 2014 lorsque le monde de l&rsquo;enduro s&rsquo;est rendu \u00e0 San Juan pour une \u00e9dition m\u00e9morable des 6DAYS. David Eli &#8211; Directeur de +Eventos \u00e9tait \u00e0 la barre il y a huit ans et a donc une exp\u00e9rience pr\u00e9alable de l&rsquo;organisation d&rsquo;ISDE r\u00e9ussis aux c\u00f4t\u00e9s d&rsquo;autres \u00e9v\u00e9nements de haut niveau tels que le MXGP de Patagonie et le Desafio Ruta 40 &#8211; Cross-Country Rallies, tous organis\u00e9s en Argentine. Les d\u00e9tails concernant les dates et le lieu seront communiqu\u00e9s pendant les ISDE de cette ann\u00e9e en France.<\/p>\n<p>Un an plus tard, en 2024, les Six jours internationaux d&rsquo;enduro de la FIM reviendront en Espagne pour la cinqui\u00e8me fois. Ce pays riche en enduro a d\u00e9j\u00e0 accueilli l&rsquo;\u00e9v\u00e9nement en 1970 \u00e0 El Escorial, en 1985 \u00e0 Alp, en 2000 \u00e0 Grenade et en 2016 en Navarre. La derni\u00e8re fois que les 6DAYS ont eu lieu en Espagne en 2016, elle a \u00e9galement marqu\u00e9 la premi\u00e8re \u00e9dition du Troph\u00e9e FIM Enduro Vintage, qui s&rsquo;est d\u00e9roul\u00e9 pendant les trois derniers jours de la comp\u00e9tition, l&rsquo;\u00e9v\u00e9nement moderne et historique attirant tous deux un niveau \u00e9lev\u00e9 d&rsquo;inscriptions. Comme le veut la tradition, tous les d\u00e9tails de cet \u00e9v\u00e9nement seront communiqu\u00e9s lors des ISDE 2023.<\/p>\n<p>Apr\u00e8s la pand\u00e9mie et plus de cent ans apr\u00e8s la premi\u00e8re \u00e9dition des ISDE en Grande-Bretagne, la confirmation des deux prochaines \u00e9ditions des 6DAYS \u00e0 ce stade pr\u00e9coce renforce le fait que l&rsquo;\u00e9v\u00e9nement reste l&rsquo;une des comp\u00e9titions off-road les plus importantes pour les f\u00e9d\u00e9rations nationales et l&rsquo;industrie de la moto. De plus, avec le retour \u00e0 la normale des voyages, le retour des ISDE en Argentine l&rsquo;ann\u00e9e prochaine confirme qu&rsquo;il s&rsquo;agit toujours d&rsquo;une v\u00e9ritable comp\u00e9tition mondiale, avec le projet de visiter d&rsquo;autres pays \u00e9trangers tous les trois ou quatre ans pour aider au d\u00e9veloppement de march\u00e9s importants pour l&rsquo;enduro.<\/p>\n<p>Ravi de pouvoir confirmer les deux prochains pays h\u00f4tes, <strong>Jorge Viegas &#8211; Pr\u00e9sident de la FIM<\/strong> a d\u00e9clar\u00e9 : <em>\u00ab\u00a0L&rsquo;int\u00e9r\u00eat pour l&rsquo;organisation des 6 jours apr\u00e8s la pand\u00e9mie est \u00e0 la fois fort et sain et nous permettra de revenir \u00e0 notre plan d&rsquo;amener cette comp\u00e9tition de longue date dans des pays nouveaux et \u00e9tablis \u00e0 travers le monde afin qu&rsquo;elle puisse jouer son r\u00f4le dans la croissance de nouveaux march\u00e9s d&rsquo;enduro. Les trois prochaines \u00e9ditions des ISDE en France, en Argentine et en Espagne respectivement, confirmeront l&rsquo;importance de cet \u00e9v\u00e9nement dans le calendrier international de l&rsquo;enduro comme l&rsquo;un des plus grands et importants \u00e9v\u00e9nements chaque ann\u00e9e.<\/em><\/p>\n<\/div><div class=\"fusion-image-element \" style=\"--awb-caption-title-font-family:var(--h2_typography-font-family);--awb-caption-title-font-weight:var(--h2_typography-font-weight);--awb-caption-title-font-style:var(--h2_typography-font-style);--awb-caption-title-size:var(--h2_typography-font-size);--awb-caption-title-transform:var(--h2_typography-text-transform);--awb-caption-title-line-height:var(--h2_typography-line-height);--awb-caption-title-letter-spacing:var(--h2_typography-letter-spacing);\"><span class=\" fusion-imageframe imageframe-none imageframe-1 hover-type-none\"><img decoding=\"async\" width=\"1920\" height=\"1278\" title=\"Ambiance-San-Juan\" src=\"https:\/\/2022.fim-6days.com\/wp-content\/uploads\/sites\/7\/2022\/06\/Ambiance-San-Juan.jpg\" alt class=\"img-responsive wp-image-39185\" srcset=\"https:\/\/2022.fim-6days.com\/wp-content\/uploads\/sites\/7\/2022\/06\/Ambiance-San-Juan-200x133.jpg 200w, https:\/\/2022.fim-6days.com\/wp-content\/uploads\/sites\/7\/2022\/06\/Ambiance-San-Juan-400x266.jpg 400w, https:\/\/2022.fim-6days.com\/wp-content\/uploads\/sites\/7\/2022\/06\/Ambiance-San-Juan-600x399.jpg 600w, https:\/\/2022.fim-6days.com\/wp-content\/uploads\/sites\/7\/2022\/06\/Ambiance-San-Juan-800x533.jpg 800w, https:\/\/2022.fim-6days.com\/wp-content\/uploads\/sites\/7\/2022\/06\/Ambiance-San-Juan-1200x799.jpg 1200w, https:\/\/2022.fim-6days.com\/wp-content\/uploads\/sites\/7\/2022\/06\/Ambiance-San-Juan.jpg 1920w\" sizes=\"(max-width: 1024px) 100vw, (max-width: 640px) 100vw, 1200px\" \/><\/span><\/div><div class=\"fusion-separator fusion-full-width-sep\" style=\"align-self: center;margin-left: auto;margin-right: auto;margin-bottom:20px;width:100%;\"><\/div>\n<div class=\"fusion-text fusion-text-2\"><p>Alors que la planification a d\u00e9j\u00e0 commenc\u00e9 pour les ann\u00e9es 2023 et 2024, toute l&rsquo;attention se porte sur les ISDE de cette ann\u00e9e, qui se tiendront au Puy-en-Velay, en France, du lundi 29 ao\u00fbt au samedi 3 septembre, dans moins de trois mois.<\/p>\n<\/div><\/div><\/div><\/div><\/div>\n","protected":false},"excerpt":{"rendered":"","protected":false},"author":5,"featured_media":39183,"comment_status":"closed","ping_status":"closed","sticky":false,"template":"","format":"standard","meta":{"inline_featured_image":false,"footnotes":""},"categories":[75,95],"tags":[],"class_list":["post-39194","post","type-post","status-publish","format-standard","has-post-thumbnail","hentry","category-articles","category-avant-isde2022"],"yoast_head":"<!-- This site is optimized with the Yoast SEO plugin v25.6 - https:\/\/yoast.com\/wordpress\/plugins\/seo\/ -->\n<title>Confirmation des pays h\u00f4tes des ISDE 2023 et 2024 - FIM ISDE 2022<\/title>\n<meta name=\"description\" content=\"Lors de la r\u00e9cente r\u00e9union du conseil d&#039;administration de la FIM, les pays h\u00f4tes des deux prochaines \u00e9ditions des Six jours internationaux d&#039;enduro de la FIM (ISDE) ont \u00e9t\u00e9 confirm\u00e9s comme suit : 2023 Argentine (CAMOD) et 2024 Espagne (RFME).\" \/>\n<meta name=\"robots\" content=\"index, follow, max-snippet:-1, max-image-preview:large, max-video-preview:-1\" \/>\n<link rel=\"canonical\" href=\"https:\/\/2022.fim-6days.com\/fr\/confirmation-des-pays-hotes-des-isde-2023-et-2024\/\" \/>\n<meta property=\"og:locale\" content=\"fr_FR\" \/>\n<meta property=\"og:type\" content=\"article\" \/>\n<meta property=\"og:title\" content=\"Confirmation des pays h\u00f4tes des ISDE 2023 et 2024 - FIM ISDE 2022\" \/>\n<meta property=\"og:description\" content=\"Lors de la r\u00e9cente r\u00e9union du conseil d&#039;administration de la FIM, les pays h\u00f4tes des deux prochaines \u00e9ditions des Six jours internationaux d&#039;enduro de la FIM (ISDE) ont \u00e9t\u00e9 confirm\u00e9s comme suit : 2023 Argentine (CAMOD) et 2024 Espagne (RFME).\" \/>\n<meta property=\"og:url\" content=\"https:\/\/2022.fim-6days.com\/fr\/confirmation-des-pays-hotes-des-isde-2023-et-2024\/\" \/>\n<meta property=\"og:site_name\" content=\"FIM ISDE 2022\" \/>\n<meta property=\"article:publisher\" content=\"https:\/\/www.facebook.com\/FIMISDE\/\" \/>\n<meta property=\"article:published_time\" content=\"2022-06-09T09:01:51+00:00\" \/>\n<meta property=\"og:image\" content=\"https:\/\/2022.fim-6days.com\/wp-content\/uploads\/sites\/7\/2022\/06\/FIM_Isde_Italy_2021_198.jpg\" \/>\n\t<meta property=\"og:image:width\" content=\"1920\" \/>\n\t<meta property=\"og:image:height\" content=\"1280\" \/>\n\t<meta property=\"og:image:type\" content=\"image\/jpeg\" \/>\n<meta name=\"author\" content=\"adrienl\" \/>\n<meta name=\"twitter:card\" content=\"summary_large_image\" \/>\n<meta name=\"twitter:creator\" content=\"@fimisde\" \/>\n<meta name=\"twitter:site\" content=\"@fimisde\" \/>\n<meta name=\"twitter:label1\" content=\"\u00c9crit par\" \/>\n\t<meta name=\"twitter:data1\" content=\"adrienl\" \/>\n\t<meta name=\"twitter:label2\" content=\"Dur\u00e9e de lecture estim\u00e9e\" \/>\n\t<meta name=\"twitter:data2\" content=\"3 minutes\" \/>\n<script type=\"application\/ld+json\" class=\"yoast-schema-graph\">{\"@context\":\"https:\/\/schema.org\",\"@graph\":[{\"@type\":\"Article\",\"@id\":\"https:\/\/2022.fim-6days.com\/fr\/confirmation-des-pays-hotes-des-isde-2023-et-2024\/#article\",\"isPartOf\":{\"@id\":\"https:\/\/2022.fim-6days.com\/fr\/confirmation-des-pays-hotes-des-isde-2023-et-2024\/\"},\"author\":{\"name\":\"adrienl\",\"@id\":\"https:\/\/2022.fim-6days.com\/fr\/#\/schema\/person\/b768593eefad52cbe5520ff1c35ba2f5\"},\"headline\":\"Confirmation des pays h\u00f4tes des ISDE 2023 et 2024\",\"datePublished\":\"2022-06-09T09:01:51+00:00\",\"mainEntityOfPage\":{\"@id\":\"https:\/\/2022.fim-6days.com\/fr\/confirmation-des-pays-hotes-des-isde-2023-et-2024\/\"},\"wordCount\":1607,\"publisher\":{\"@id\":\"https:\/\/2022.fim-6days.com\/fr\/#organization\"},\"image\":{\"@id\":\"https:\/\/2022.fim-6days.com\/fr\/confirmation-des-pays-hotes-des-isde-2023-et-2024\/#primaryimage\"},\"thumbnailUrl\":\"https:\/\/2022.fim-6days.com\/wp-content\/uploads\/sites\/7\/2022\/06\/FIM_Isde_Italy_2021_198.jpg\",\"articleSection\":[\"Articles\",\"Avant ISDE2022\"],\"inLanguage\":\"fr-FR\"},{\"@type\":\"WebPage\",\"@id\":\"https:\/\/2022.fim-6days.com\/fr\/confirmation-des-pays-hotes-des-isde-2023-et-2024\/\",\"url\":\"https:\/\/2022.fim-6days.com\/fr\/confirmation-des-pays-hotes-des-isde-2023-et-2024\/\",\"name\":\"Confirmation des pays h\u00f4tes des ISDE 2023 et 2024 - FIM ISDE 2022\",\"isPartOf\":{\"@id\":\"https:\/\/2022.fim-6days.com\/fr\/#website\"},\"primaryImageOfPage\":{\"@id\":\"https:\/\/2022.fim-6days.com\/fr\/confirmation-des-pays-hotes-des-isde-2023-et-2024\/#primaryimage\"},\"image\":{\"@id\":\"https:\/\/2022.fim-6days.com\/fr\/confirmation-des-pays-hotes-des-isde-2023-et-2024\/#primaryimage\"},\"thumbnailUrl\":\"https:\/\/2022.fim-6days.com\/wp-content\/uploads\/sites\/7\/2022\/06\/FIM_Isde_Italy_2021_198.jpg\",\"datePublished\":\"2022-06-09T09:01:51+00:00\",\"description\":\"Lors de la r\u00e9cente r\u00e9union du conseil d'administration de la FIM, les pays h\u00f4tes des deux prochaines \u00e9ditions des Six jours internationaux d'enduro de la FIM (ISDE) ont \u00e9t\u00e9 confirm\u00e9s comme suit : 2023 Argentine (CAMOD) et 2024 Espagne (RFME).\",\"breadcrumb\":{\"@id\":\"https:\/\/2022.fim-6days.com\/fr\/confirmation-des-pays-hotes-des-isde-2023-et-2024\/#breadcrumb\"},\"inLanguage\":\"fr-FR\",\"potentialAction\":[{\"@type\":\"ReadAction\",\"target\":[\"https:\/\/2022.fim-6days.com\/fr\/confirmation-des-pays-hotes-des-isde-2023-et-2024\/\"]}]},{\"@type\":\"ImageObject\",\"inLanguage\":\"fr-FR\",\"@id\":\"https:\/\/2022.fim-6days.com\/fr\/confirmation-des-pays-hotes-des-isde-2023-et-2024\/#primaryimage\",\"url\":\"https:\/\/2022.fim-6days.com\/wp-content\/uploads\/sites\/7\/2022\/06\/FIM_Isde_Italy_2021_198.jpg\",\"contentUrl\":\"https:\/\/2022.fim-6days.com\/wp-content\/uploads\/sites\/7\/2022\/06\/FIM_Isde_Italy_2021_198.jpg\",\"width\":1920,\"height\":1280},{\"@type\":\"BreadcrumbList\",\"@id\":\"https:\/\/2022.fim-6days.com\/fr\/confirmation-des-pays-hotes-des-isde-2023-et-2024\/#breadcrumb\",\"itemListElement\":[{\"@type\":\"ListItem\",\"position\":1,\"name\":\"Home\",\"item\":\"https:\/\/2022.fim-6days.com\/fr\/\"},{\"@type\":\"ListItem\",\"position\":2,\"name\":\"Confirmation des pays h\u00f4tes des ISDE 2023 et 2024\"}]},{\"@type\":\"WebSite\",\"@id\":\"https:\/\/2022.fim-6days.com\/fr\/#website\",\"url\":\"https:\/\/2022.fim-6days.com\/fr\/\",\"name\":\"FIM ISDE 2021\",\"description\":\"FIM ISDE Official website\",\"publisher\":{\"@id\":\"https:\/\/2022.fim-6days.com\/fr\/#organization\"},\"potentialAction\":[{\"@type\":\"SearchAction\",\"target\":{\"@type\":\"EntryPoint\",\"urlTemplate\":\"https:\/\/2022.fim-6days.com\/fr\/?s={search_term_string}\"},\"query-input\":{\"@type\":\"PropertyValueSpecification\",\"valueRequired\":true,\"valueName\":\"search_term_string\"}}],\"inLanguage\":\"fr-FR\"},{\"@type\":\"Organization\",\"@id\":\"https:\/\/2022.fim-6days.com\/fr\/#organization\",\"name\":\"FIM - F\u00e9d\u00e9ration Internationale de Motocyclisme\",\"url\":\"https:\/\/2022.fim-6days.com\/fr\/\",\"logo\":{\"@type\":\"ImageObject\",\"inLanguage\":\"fr-FR\",\"@id\":\"https:\/\/2022.fim-6days.com\/fr\/#\/schema\/logo\/image\/\",\"url\":\"https:\/\/2022.fim-6days.com\/wp-content\/uploads\/sites\/7\/2019\/07\/LogoFIM-CMYK.png\",\"contentUrl\":\"https:\/\/2022.fim-6days.com\/wp-content\/uploads\/sites\/7\/2019\/07\/LogoFIM-CMYK.png\",\"width\":2608,\"height\":1833,\"caption\":\"FIM - F\u00e9d\u00e9ration Internationale de Motocyclisme\"},\"image\":{\"@id\":\"https:\/\/2022.fim-6days.com\/fr\/#\/schema\/logo\/image\/\"},\"sameAs\":[\"https:\/\/www.facebook.com\/FIMISDE\/\",\"https:\/\/x.com\/fimisde\",\"https:\/\/www.instagram.com\/fim_isde\/\"]},{\"@type\":\"Person\",\"@id\":\"https:\/\/2022.fim-6days.com\/fr\/#\/schema\/person\/b768593eefad52cbe5520ff1c35ba2f5\",\"name\":\"adrienl\",\"image\":{\"@type\":\"ImageObject\",\"inLanguage\":\"fr-FR\",\"@id\":\"https:\/\/2022.fim-6days.com\/fr\/#\/schema\/person\/image\/\",\"url\":\"https:\/\/secure.gravatar.com\/avatar\/e771ef29e1334370187be9d045c63ba9afdb5565bd0da2d089bb69909a828994?s=96&d=mm&r=g\",\"contentUrl\":\"https:\/\/secure.gravatar.com\/avatar\/e771ef29e1334370187be9d045c63ba9afdb5565bd0da2d089bb69909a828994?s=96&d=mm&r=g\",\"caption\":\"adrienl\"},\"url\":\"https:\/\/2022.fim-6days.com\/fr\/author\/adrienl\/\"}]}<\/script>\n<!-- \/ Yoast SEO plugin. -->","yoast_head_json":{"title":"Confirmation des pays h\u00f4tes des ISDE 2023 et 2024 - FIM ISDE 2022","description":"Lors de la r\u00e9cente r\u00e9union du conseil d'administration de la FIM, les pays h\u00f4tes des deux prochaines \u00e9ditions des Six jours internationaux d'enduro de la FIM (ISDE) ont \u00e9t\u00e9 confirm\u00e9s comme suit : 2023 Argentine (CAMOD) et 2024 Espagne (RFME).","robots":{"index":"index","follow":"follow","max-snippet":"max-snippet:-1","max-image-preview":"max-image-preview:large","max-video-preview":"max-video-preview:-1"},"canonical":"https:\/\/2022.fim-6days.com\/fr\/confirmation-des-pays-hotes-des-isde-2023-et-2024\/","og_locale":"fr_FR","og_type":"article","og_title":"Confirmation des pays h\u00f4tes des ISDE 2023 et 2024 - FIM ISDE 2022","og_description":"Lors de la r\u00e9cente r\u00e9union du conseil d'administration de la FIM, les pays h\u00f4tes des deux prochaines \u00e9ditions des Six jours internationaux d'enduro de la FIM (ISDE) ont \u00e9t\u00e9 confirm\u00e9s comme suit : 2023 Argentine (CAMOD) et 2024 Espagne (RFME).","og_url":"https:\/\/2022.fim-6days.com\/fr\/confirmation-des-pays-hotes-des-isde-2023-et-2024\/","og_site_name":"FIM ISDE 2022","article_publisher":"https:\/\/www.facebook.com\/FIMISDE\/","article_published_time":"2022-06-09T09:01:51+00:00","og_image":[{"width":1920,"height":1280,"url":"https:\/\/2022.fim-6days.com\/wp-content\/uploads\/sites\/7\/2022\/06\/FIM_Isde_Italy_2021_198.jpg","type":"image\/jpeg"}],"author":"adrienl","twitter_card":"summary_large_image","twitter_creator":"@fimisde","twitter_site":"@fimisde","twitter_misc":{"\u00c9crit par":"adrienl","Dur\u00e9e de lecture estim\u00e9e":"3 minutes"},"schema":{"@context":"https:\/\/schema.org","@graph":[{"@type":"Article","@id":"https:\/\/2022.fim-6days.com\/fr\/confirmation-des-pays-hotes-des-isde-2023-et-2024\/#article","isPartOf":{"@id":"https:\/\/2022.fim-6days.com\/fr\/confirmation-des-pays-hotes-des-isde-2023-et-2024\/"},"author":{"name":"adrienl","@id":"https:\/\/2022.fim-6days.com\/fr\/#\/schema\/person\/b768593eefad52cbe5520ff1c35ba2f5"},"headline":"Confirmation des pays h\u00f4tes des ISDE 2023 et 2024","datePublished":"2022-06-09T09:01:51+00:00","mainEntityOfPage":{"@id":"https:\/\/2022.fim-6days.com\/fr\/confirmation-des-pays-hotes-des-isde-2023-et-2024\/"},"wordCount":1607,"publisher":{"@id":"https:\/\/2022.fim-6days.com\/fr\/#organization"},"image":{"@id":"https:\/\/2022.fim-6days.com\/fr\/confirmation-des-pays-hotes-des-isde-2023-et-2024\/#primaryimage"},"thumbnailUrl":"https:\/\/2022.fim-6days.com\/wp-content\/uploads\/sites\/7\/2022\/06\/FIM_Isde_Italy_2021_198.jpg","articleSection":["Articles","Avant ISDE2022"],"inLanguage":"fr-FR"},{"@type":"WebPage","@id":"https:\/\/2022.fim-6days.com\/fr\/confirmation-des-pays-hotes-des-isde-2023-et-2024\/","url":"https:\/\/2022.fim-6days.com\/fr\/confirmation-des-pays-hotes-des-isde-2023-et-2024\/","name":"Confirmation des pays h\u00f4tes des ISDE 2023 et 2024 - FIM ISDE 2022","isPartOf":{"@id":"https:\/\/2022.fim-6days.com\/fr\/#website"},"primaryImageOfPage":{"@id":"https:\/\/2022.fim-6days.com\/fr\/confirmation-des-pays-hotes-des-isde-2023-et-2024\/#primaryimage"},"image":{"@id":"https:\/\/2022.fim-6days.com\/fr\/confirmation-des-pays-hotes-des-isde-2023-et-2024\/#primaryimage"},"thumbnailUrl":"https:\/\/2022.fim-6days.com\/wp-content\/uploads\/sites\/7\/2022\/06\/FIM_Isde_Italy_2021_198.jpg","datePublished":"2022-06-09T09:01:51+00:00","description":"Lors de la r\u00e9cente r\u00e9union du conseil d'administration de la FIM, les pays h\u00f4tes des deux prochaines \u00e9ditions des Six jours internationaux d'enduro de la FIM (ISDE) ont \u00e9t\u00e9 confirm\u00e9s comme suit : 2023 Argentine (CAMOD) et 2024 Espagne (RFME).","breadcrumb":{"@id":"https:\/\/2022.fim-6days.com\/fr\/confirmation-des-pays-hotes-des-isde-2023-et-2024\/#breadcrumb"},"inLanguage":"fr-FR","potentialAction":[{"@type":"ReadAction","target":["https:\/\/2022.fim-6days.com\/fr\/confirmation-des-pays-hotes-des-isde-2023-et-2024\/"]}]},{"@type":"ImageObject","inLanguage":"fr-FR","@id":"https:\/\/2022.fim-6days.com\/fr\/confirmation-des-pays-hotes-des-isde-2023-et-2024\/#primaryimage","url":"https:\/\/2022.fim-6days.com\/wp-content\/uploads\/sites\/7\/2022\/06\/FIM_Isde_Italy_2021_198.jpg","contentUrl":"https:\/\/2022.fim-6days.com\/wp-content\/uploads\/sites\/7\/2022\/06\/FIM_Isde_Italy_2021_198.jpg","width":1920,"height":1280},{"@type":"BreadcrumbList","@id":"https:\/\/2022.fim-6days.com\/fr\/confirmation-des-pays-hotes-des-isde-2023-et-2024\/#breadcrumb","itemListElement":[{"@type":"ListItem","position":1,"name":"Home","item":"https:\/\/2022.fim-6days.com\/fr\/"},{"@type":"ListItem","position":2,"name":"Confirmation des pays h\u00f4tes des ISDE 2023 et 2024"}]},{"@type":"WebSite","@id":"https:\/\/2022.fim-6days.com\/fr\/#website","url":"https:\/\/2022.fim-6days.com\/fr\/","name":"FIM ISDE 2021","description":"FIM ISDE Official website","publisher":{"@id":"https:\/\/2022.fim-6days.com\/fr\/#organization"},"potentialAction":[{"@type":"SearchAction","target":{"@type":"EntryPoint","urlTemplate":"https:\/\/2022.fim-6days.com\/fr\/?s={search_term_string}"},"query-input":{"@type":"PropertyValueSpecification","valueRequired":true,"valueName":"search_term_string"}}],"inLanguage":"fr-FR"},{"@type":"Organization","@id":"https:\/\/2022.fim-6days.com\/fr\/#organization","name":"FIM - F\u00e9d\u00e9ration Internationale de Motocyclisme","url":"https:\/\/2022.fim-6days.com\/fr\/","logo":{"@type":"ImageObject","inLanguage":"fr-FR","@id":"https:\/\/2022.fim-6days.com\/fr\/#\/schema\/logo\/image\/","url":"https:\/\/2022.fim-6days.com\/wp-content\/uploads\/sites\/7\/2019\/07\/LogoFIM-CMYK.png","contentUrl":"https:\/\/2022.fim-6days.com\/wp-content\/uploads\/sites\/7\/2019\/07\/LogoFIM-CMYK.png","width":2608,"height":1833,"caption":"FIM - F\u00e9d\u00e9ration Internationale de Motocyclisme"},"image":{"@id":"https:\/\/2022.fim-6days.com\/fr\/#\/schema\/logo\/image\/"},"sameAs":["https:\/\/www.facebook.com\/FIMISDE\/","https:\/\/x.com\/fimisde","https:\/\/www.instagram.com\/fim_isde\/"]},{"@type":"Person","@id":"https:\/\/2022.fim-6days.com\/fr\/#\/schema\/person\/b768593eefad52cbe5520ff1c35ba2f5","name":"adrienl","image":{"@type":"ImageObject","inLanguage":"fr-FR","@id":"https:\/\/2022.fim-6days.com\/fr\/#\/schema\/person\/image\/","url":"https:\/\/secure.gravatar.com\/avatar\/e771ef29e1334370187be9d045c63ba9afdb5565bd0da2d089bb69909a828994?s=96&d=mm&r=g","contentUrl":"https:\/\/secure.gravatar.com\/avatar\/e771ef29e1334370187be9d045c63ba9afdb5565bd0da2d089bb69909a828994?s=96&d=mm&r=g","caption":"adrienl"},"url":"https:\/\/2022.fim-6days.com\/fr\/author\/adrienl\/"}]}},"_links":{"self":[{"href":"https:\/\/2022.fim-6days.com\/fr\/wp-json\/wp\/v2\/posts\/39194","targetHints":{"allow":["GET"]}}],"collection":[{"href":"https:\/\/2022.fim-6days.com\/fr\/wp-json\/wp\/v2\/posts"}],"about":[{"href":"https:\/\/2022.fim-6days.com\/fr\/wp-json\/wp\/v2\/types\/post"}],"author":[{"embeddable":true,"href":"https:\/\/2022.fim-6days.com\/fr\/wp-json\/wp\/v2\/users\/5"}],"replies":[{"embeddable":true,"href":"https:\/\/2022.fim-6days.com\/fr\/wp-json\/wp\/v2\/comments?post=39194"}],"version-history":[{"count":8,"href":"https:\/\/2022.fim-6days.com\/fr\/wp-json\/wp\/v2\/posts\/39194\/revisions"}],"predecessor-version":[{"id":39203,"href":"https:\/\/2022.fim-6days.com\/fr\/wp-json\/wp\/v2\/posts\/39194\/revisions\/39203"}],"wp:featuredmedia":[{"embeddable":true,"href":"https:\/\/2022.fim-6days.com\/fr\/wp-json\/wp\/v2\/media\/39183"}],"wp:attachment":[{"href":"https:\/\/2022.fim-6days.com\/fr\/wp-json\/wp\/v2\/media?parent=39194"}],"wp:term":[{"taxonomy":"category","embeddable":true,"href":"https:\/\/2022.fim-6days.com\/fr\/wp-json\/wp\/v2\/categories?post=39194"},{"taxonomy":"post_tag","embeddable":true,"href":"https:\/\/2022.fim-6days.com\/fr\/wp-json\/wp\/v2\/tags?post=39194"}],"curies":[{"name":"wp","href":"https:\/\/api.w.org\/{rel}","templated":true}]}}