{"id":39180,"date":"2022-06-09T09:29:04","date_gmt":"2022-06-09T07:29:04","guid":{"rendered":"https:\/\/2022.fim-6days.com\/?p=39180"},"modified":"2022-06-20T15:42:35","modified_gmt":"2022-06-20T13:42:35","slug":"les-equipes-et-nations-des-isde-2022-ont-ete-revelees-2","status":"publish","type":"post","link":"https:\/\/2022.fim-6days.com\/fr\/les-equipes-et-nations-des-isde-2022-ont-ete-revelees-2\/","title":{"rendered":"Les \u00e9quipes et nations des ISDE 2022 ont \u00e9t\u00e9 r\u00e9v\u00e9l\u00e9es"},"content":{"rendered":"<div class=\"fusion-fullwidth fullwidth-box fusion-builder-row-1 fusion-flex-container nonhundred-percent-fullwidth non-hundred-percent-height-scrolling\" style=\"--awb-border-radius-top-left:0px;--awb-border-radius-top-right:0px;--awb-border-radius-bottom-right:0px;--awb-border-radius-bottom-left:0px;--awb-padding-top:0px;--awb-padding-bottom:0px;--awb-flex-wrap:wrap;\" ><div class=\"fusion-builder-row fusion-row fusion-flex-align-items-flex-start fusion-flex-content-wrap\" style=\"max-width:1248px;margin-left: calc(-4% \/ 2 );margin-right: calc(-4% \/ 2 );\"><div class=\"fusion-layout-column fusion_builder_column fusion-builder-column-0 fusion_builder_column_1_1 1_1 fusion-flex-column\" style=\"--awb-padding-top:0px;--awb-padding-bottom:0px;--awb-bg-size:cover;--awb-width-large:100%;--awb-margin-top-large:0px;--awb-spacing-right-large:1.92%;--awb-margin-bottom-large:0px;--awb-spacing-left-large:1.92%;--awb-width-medium:100%;--awb-order-medium:0;--awb-spacing-right-medium:1.92%;--awb-spacing-left-medium:1.92%;--awb-width-small:100%;--awb-order-small:0;--awb-spacing-right-small:1.92%;--awb-spacing-left-small:1.92%;\"><div class=\"fusion-column-wrapper fusion-column-has-shadow fusion-flex-justify-content-flex-start fusion-content-layout-column\"><div class=\"fusion-text fusion-text-1\" style=\"--awb-text-transform:none;\"><p>During the recent FIM Board meeting the host countries for the next two editions of the FIM International Six Days of Enduro (ISDE) were confirmed as follows: 2023 Argentina (CAMOD) and 2024 Spain (RFME).<\/p>\n<p>Next year will see the ISDE return to Argentina, this being only the second time that this historic event has visited this South American country, the inaugural visit being back in 2014 when the enduro world descended on San Juan for a memorable edition of the 6DAYS. David Eli \u2013 Director of +Eventos was at the helm eight years ago and therefore has previous experience of organising a successful ISDE alongside other high-profile events such as the MXGP of Patagonia and the Desafio Ruta 40 &#8211; Cross-Country Rallies, all staged in Argentina. Details regarding dates \/ location will be released during this year\u2019s ISDE in France.<\/p>\n<p>Then a year later, in 2024, the FIM International Six Days of Enduro will return to Spain for the fifth occasion, with this enduro rich country having previously hosted the event in 1970 &#8211; El Escorial, 1985 &#8211; Alp, 2000 &#8211; Granada and 2016 \u2013 Navarra. The last time the 6DAYS was held in Spain in 2016 it also marked the first edition of the FIM Enduro Vintage Trophy, which took place during the last three days of the competition at that time, with both the modern and historic event attracting a high level of entries. As is traditional full details of this event will be released during the 2023 ISDE.<\/p>\n<p>Post pandemic and more than one hundred years since the first ISDE was run in Great Britain, confirmation of the next two editions of the 6DAYS at this early stage reinforces that the event remains one of the most important off-road competitions for national federations and the motorcycle industry. Moreover, with travel now back to normal, the return of the ISDE to Argentina next year confirms that it continues to be a real global competition with the plan to visit other overseas countries every three or four years to assist with the development of important markets for enduro.<\/p>\n<p>Delighted to be able to confirm the next two host countries <strong>Jorge Viegas &#8211; FIM President<\/strong> said: \u201c<em>Interest to stage the 6DAYS post the pandemic is both strong and healthy and will allow us to return to our plan of taking this long-standing competition to new and established countries throughout the world so it can play its part in growing new enduro markets. The next three editions of the ISDE in France, Argentina and Spain respectively will really cement the huge importance of this event in the international off-road calendar as one of the biggest and most import occasions each year<\/em>.\u201d<\/p>\n<\/div><div class=\"fusion-image-element \" style=\"--awb-caption-title-font-family:var(--h2_typography-font-family);--awb-caption-title-font-weight:var(--h2_typography-font-weight);--awb-caption-title-font-style:var(--h2_typography-font-style);--awb-caption-title-size:var(--h2_typography-font-size);--awb-caption-title-transform:var(--h2_typography-text-transform);--awb-caption-title-line-height:var(--h2_typography-line-height);--awb-caption-title-letter-spacing:var(--h2_typography-letter-spacing);\"><span class=\" fusion-imageframe imageframe-none imageframe-1 hover-type-none\"><img decoding=\"async\" width=\"1920\" height=\"1278\" title=\"Ambiance-San-Juan\" src=\"https:\/\/2022.fim-6days.com\/wp-content\/uploads\/sites\/7\/2022\/06\/Ambiance-San-Juan.jpg\" alt class=\"img-responsive wp-image-39185\" srcset=\"https:\/\/2022.fim-6days.com\/wp-content\/uploads\/sites\/7\/2022\/06\/Ambiance-San-Juan-200x133.jpg 200w, https:\/\/2022.fim-6days.com\/wp-content\/uploads\/sites\/7\/2022\/06\/Ambiance-San-Juan-400x266.jpg 400w, https:\/\/2022.fim-6days.com\/wp-content\/uploads\/sites\/7\/2022\/06\/Ambiance-San-Juan-600x399.jpg 600w, https:\/\/2022.fim-6days.com\/wp-content\/uploads\/sites\/7\/2022\/06\/Ambiance-San-Juan-800x533.jpg 800w, https:\/\/2022.fim-6days.com\/wp-content\/uploads\/sites\/7\/2022\/06\/Ambiance-San-Juan-1200x799.jpg 1200w, https:\/\/2022.fim-6days.com\/wp-content\/uploads\/sites\/7\/2022\/06\/Ambiance-San-Juan.jpg 1920w\" sizes=\"(max-width: 1024px) 100vw, (max-width: 640px) 100vw, 1200px\" \/><\/span><\/div><div class=\"fusion-separator fusion-full-width-sep\" style=\"align-self: center;margin-left: auto;margin-right: auto;margin-bottom:20px;width:100%;\"><\/div>\n<div class=\"fusion-text fusion-text-2\"><p>Whilst planning has already started for 2023 and 2024, the immediate focus is on this year\u2019s ISDE to be held at Le Puy-en-Velay, France from Monday 29 August to Saturday 3 September, which is now less than three months away.<\/p>\n<\/div><\/div><\/div><\/div><\/div>\n","protected":false},"excerpt":{"rendered":"","protected":false},"author":5,"featured_media":39183,"comment_status":"closed","ping_status":"closed","sticky":false,"template":"","format":"standard","meta":{"inline_featured_image":false,"footnotes":""},"categories":[75,95],"tags":[],"class_list":["post-39180","post","type-post","status-publish","format-standard","has-post-thumbnail","hentry","category-articles","category-avant-isde2022"],"yoast_head":"<!-- This site is optimized with the Yoast SEO plugin v25.6 - https:\/\/yoast.com\/wordpress\/plugins\/seo\/ -->\n<title>Les \u00e9quipes et nations des ISDE 2022 ont \u00e9t\u00e9 r\u00e9v\u00e9l\u00e9es - FIM ISDE 2022<\/title>\n<meta name=\"description\" content=\"Il ne fait aucun doute que les FIM International Six Days of Enduro (ISDE) constituent un v\u00e9ritable d\u00e9fi \u00e0 de nombreux niveaux. La pr\u00e9paration et l&#039;entretien de votre moto sont l&#039;une des parties les plus importantes des ISDE. Comme lors des \u00e9ditions pr\u00e9c\u00e9dentes, les concurrents de l&#039;ISDE pourront \u00e0 nouveau profiter d&#039;une vaste gamme de services d&#039;assistance et de location fournis par les principaux constructeurs lors de l&#039;\u00e9v\u00e9nement de cette ann\u00e9e au Puy-en-Velay, en France, du lundi 29 ao\u00fbt au samedi 3 septembre.\" \/>\n<meta name=\"robots\" content=\"index, follow, max-snippet:-1, max-image-preview:large, max-video-preview:-1\" \/>\n<link rel=\"canonical\" href=\"https:\/\/2022.fim-6days.com\/fr\/les-equipes-et-nations-des-isde-2022-ont-ete-revelees-2\/\" \/>\n<meta property=\"og:locale\" content=\"fr_FR\" \/>\n<meta property=\"og:type\" content=\"article\" \/>\n<meta property=\"og:title\" content=\"Les \u00e9quipes et nations des ISDE 2022 ont \u00e9t\u00e9 r\u00e9v\u00e9l\u00e9es - FIM ISDE 2022\" \/>\n<meta property=\"og:description\" content=\"Il ne fait aucun doute que les FIM International Six Days of Enduro (ISDE) constituent un v\u00e9ritable d\u00e9fi \u00e0 de nombreux niveaux. La pr\u00e9paration et l&#039;entretien de votre moto sont l&#039;une des parties les plus importantes des ISDE. Comme lors des \u00e9ditions pr\u00e9c\u00e9dentes, les concurrents de l&#039;ISDE pourront \u00e0 nouveau profiter d&#039;une vaste gamme de services d&#039;assistance et de location fournis par les principaux constructeurs lors de l&#039;\u00e9v\u00e9nement de cette ann\u00e9e au Puy-en-Velay, en France, du lundi 29 ao\u00fbt au samedi 3 septembre.\" \/>\n<meta property=\"og:url\" content=\"https:\/\/2022.fim-6days.com\/fr\/les-equipes-et-nations-des-isde-2022-ont-ete-revelees-2\/\" \/>\n<meta property=\"og:site_name\" content=\"FIM ISDE 2022\" \/>\n<meta property=\"article:publisher\" content=\"https:\/\/www.facebook.com\/FIMISDE\/\" \/>\n<meta property=\"article:published_time\" content=\"2022-06-09T07:29:04+00:00\" \/>\n<meta property=\"article:modified_time\" content=\"2022-06-20T13:42:35+00:00\" \/>\n<meta property=\"og:image\" content=\"https:\/\/2022.fim-6days.com\/wp-content\/uploads\/sites\/7\/2022\/06\/FIM_Isde_Italy_2021_198.jpg\" \/>\n\t<meta property=\"og:image:width\" content=\"1920\" \/>\n\t<meta property=\"og:image:height\" content=\"1280\" \/>\n\t<meta property=\"og:image:type\" content=\"image\/jpeg\" \/>\n<meta name=\"author\" content=\"adrienl\" \/>\n<meta name=\"twitter:card\" content=\"summary_large_image\" \/>\n<meta name=\"twitter:creator\" content=\"@fimisde\" \/>\n<meta name=\"twitter:site\" content=\"@fimisde\" \/>\n<meta name=\"twitter:label1\" content=\"\u00c9crit par\" \/>\n\t<meta name=\"twitter:data1\" content=\"adrienl\" \/>\n\t<meta name=\"twitter:label2\" content=\"Dur\u00e9e de lecture estim\u00e9e\" \/>\n\t<meta name=\"twitter:data2\" content=\"3 minutes\" \/>\n<script type=\"application\/ld+json\" class=\"yoast-schema-graph\">{\"@context\":\"https:\/\/schema.org\",\"@graph\":[{\"@type\":\"Article\",\"@id\":\"https:\/\/2022.fim-6days.com\/fr\/les-equipes-et-nations-des-isde-2022-ont-ete-revelees-2\/#article\",\"isPartOf\":{\"@id\":\"https:\/\/2022.fim-6days.com\/fr\/les-equipes-et-nations-des-isde-2022-ont-ete-revelees-2\/\"},\"author\":{\"name\":\"adrienl\",\"@id\":\"https:\/\/2022.fim-6days.com\/fr\/#\/schema\/person\/b768593eefad52cbe5520ff1c35ba2f5\"},\"headline\":\"Les \u00e9quipes et nations des ISDE 2022 ont \u00e9t\u00e9 r\u00e9v\u00e9l\u00e9es\",\"datePublished\":\"2022-06-09T07:29:04+00:00\",\"dateModified\":\"2022-06-20T13:42:35+00:00\",\"mainEntityOfPage\":{\"@id\":\"https:\/\/2022.fim-6days.com\/fr\/les-equipes-et-nations-des-isde-2022-ont-ete-revelees-2\/\"},\"wordCount\":1530,\"publisher\":{\"@id\":\"https:\/\/2022.fim-6days.com\/fr\/#organization\"},\"image\":{\"@id\":\"https:\/\/2022.fim-6days.com\/fr\/les-equipes-et-nations-des-isde-2022-ont-ete-revelees-2\/#primaryimage\"},\"thumbnailUrl\":\"https:\/\/2022.fim-6days.com\/wp-content\/uploads\/sites\/7\/2022\/06\/FIM_Isde_Italy_2021_198.jpg\",\"articleSection\":[\"Articles\",\"Avant ISDE2022\"],\"inLanguage\":\"fr-FR\"},{\"@type\":\"WebPage\",\"@id\":\"https:\/\/2022.fim-6days.com\/fr\/les-equipes-et-nations-des-isde-2022-ont-ete-revelees-2\/\",\"url\":\"https:\/\/2022.fim-6days.com\/fr\/les-equipes-et-nations-des-isde-2022-ont-ete-revelees-2\/\",\"name\":\"Les \u00e9quipes et nations des ISDE 2022 ont \u00e9t\u00e9 r\u00e9v\u00e9l\u00e9es - FIM ISDE 2022\",\"isPartOf\":{\"@id\":\"https:\/\/2022.fim-6days.com\/fr\/#website\"},\"primaryImageOfPage\":{\"@id\":\"https:\/\/2022.fim-6days.com\/fr\/les-equipes-et-nations-des-isde-2022-ont-ete-revelees-2\/#primaryimage\"},\"image\":{\"@id\":\"https:\/\/2022.fim-6days.com\/fr\/les-equipes-et-nations-des-isde-2022-ont-ete-revelees-2\/#primaryimage\"},\"thumbnailUrl\":\"https:\/\/2022.fim-6days.com\/wp-content\/uploads\/sites\/7\/2022\/06\/FIM_Isde_Italy_2021_198.jpg\",\"datePublished\":\"2022-06-09T07:29:04+00:00\",\"dateModified\":\"2022-06-20T13:42:35+00:00\",\"description\":\"Il ne fait aucun doute que les FIM International Six Days of Enduro (ISDE) constituent un v\u00e9ritable d\u00e9fi \u00e0 de nombreux niveaux. La pr\u00e9paration et l'entretien de votre moto sont l'une des parties les plus importantes des ISDE. Comme lors des \u00e9ditions pr\u00e9c\u00e9dentes, les concurrents de l'ISDE pourront \u00e0 nouveau profiter d'une vaste gamme de services d'assistance et de location fournis par les principaux constructeurs lors de l'\u00e9v\u00e9nement de cette ann\u00e9e au Puy-en-Velay, en France, du lundi 29 ao\u00fbt au samedi 3 septembre.\",\"breadcrumb\":{\"@id\":\"https:\/\/2022.fim-6days.com\/fr\/les-equipes-et-nations-des-isde-2022-ont-ete-revelees-2\/#breadcrumb\"},\"inLanguage\":\"fr-FR\",\"potentialAction\":[{\"@type\":\"ReadAction\",\"target\":[\"https:\/\/2022.fim-6days.com\/fr\/les-equipes-et-nations-des-isde-2022-ont-ete-revelees-2\/\"]}]},{\"@type\":\"ImageObject\",\"inLanguage\":\"fr-FR\",\"@id\":\"https:\/\/2022.fim-6days.com\/fr\/les-equipes-et-nations-des-isde-2022-ont-ete-revelees-2\/#primaryimage\",\"url\":\"https:\/\/2022.fim-6days.com\/wp-content\/uploads\/sites\/7\/2022\/06\/FIM_Isde_Italy_2021_198.jpg\",\"contentUrl\":\"https:\/\/2022.fim-6days.com\/wp-content\/uploads\/sites\/7\/2022\/06\/FIM_Isde_Italy_2021_198.jpg\",\"width\":1920,\"height\":1280},{\"@type\":\"BreadcrumbList\",\"@id\":\"https:\/\/2022.fim-6days.com\/fr\/les-equipes-et-nations-des-isde-2022-ont-ete-revelees-2\/#breadcrumb\",\"itemListElement\":[{\"@type\":\"ListItem\",\"position\":1,\"name\":\"Home\",\"item\":\"https:\/\/2022.fim-6days.com\/fr\/\"},{\"@type\":\"ListItem\",\"position\":2,\"name\":\"Les \u00e9quipes et nations des ISDE 2022 ont \u00e9t\u00e9 r\u00e9v\u00e9l\u00e9es\"}]},{\"@type\":\"WebSite\",\"@id\":\"https:\/\/2022.fim-6days.com\/fr\/#website\",\"url\":\"https:\/\/2022.fim-6days.com\/fr\/\",\"name\":\"FIM ISDE 2021\",\"description\":\"FIM ISDE Official website\",\"publisher\":{\"@id\":\"https:\/\/2022.fim-6days.com\/fr\/#organization\"},\"potentialAction\":[{\"@type\":\"SearchAction\",\"target\":{\"@type\":\"EntryPoint\",\"urlTemplate\":\"https:\/\/2022.fim-6days.com\/fr\/?s={search_term_string}\"},\"query-input\":{\"@type\":\"PropertyValueSpecification\",\"valueRequired\":true,\"valueName\":\"search_term_string\"}}],\"inLanguage\":\"fr-FR\"},{\"@type\":\"Organization\",\"@id\":\"https:\/\/2022.fim-6days.com\/fr\/#organization\",\"name\":\"FIM - F\u00e9d\u00e9ration Internationale de Motocyclisme\",\"url\":\"https:\/\/2022.fim-6days.com\/fr\/\",\"logo\":{\"@type\":\"ImageObject\",\"inLanguage\":\"fr-FR\",\"@id\":\"https:\/\/2022.fim-6days.com\/fr\/#\/schema\/logo\/image\/\",\"url\":\"https:\/\/2022.fim-6days.com\/wp-content\/uploads\/sites\/7\/2019\/07\/LogoFIM-CMYK.png\",\"contentUrl\":\"https:\/\/2022.fim-6days.com\/wp-content\/uploads\/sites\/7\/2019\/07\/LogoFIM-CMYK.png\",\"width\":2608,\"height\":1833,\"caption\":\"FIM - F\u00e9d\u00e9ration Internationale de Motocyclisme\"},\"image\":{\"@id\":\"https:\/\/2022.fim-6days.com\/fr\/#\/schema\/logo\/image\/\"},\"sameAs\":[\"https:\/\/www.facebook.com\/FIMISDE\/\",\"https:\/\/x.com\/fimisde\",\"https:\/\/www.instagram.com\/fim_isde\/\"]},{\"@type\":\"Person\",\"@id\":\"https:\/\/2022.fim-6days.com\/fr\/#\/schema\/person\/b768593eefad52cbe5520ff1c35ba2f5\",\"name\":\"adrienl\",\"image\":{\"@type\":\"ImageObject\",\"inLanguage\":\"fr-FR\",\"@id\":\"https:\/\/2022.fim-6days.com\/fr\/#\/schema\/person\/image\/\",\"url\":\"https:\/\/secure.gravatar.com\/avatar\/e771ef29e1334370187be9d045c63ba9afdb5565bd0da2d089bb69909a828994?s=96&d=mm&r=g\",\"contentUrl\":\"https:\/\/secure.gravatar.com\/avatar\/e771ef29e1334370187be9d045c63ba9afdb5565bd0da2d089bb69909a828994?s=96&d=mm&r=g\",\"caption\":\"adrienl\"},\"url\":\"https:\/\/2022.fim-6days.com\/fr\/author\/adrienl\/\"}]}<\/script>\n<!-- \/ Yoast SEO plugin. -->","yoast_head_json":{"title":"Les \u00e9quipes et nations des ISDE 2022 ont \u00e9t\u00e9 r\u00e9v\u00e9l\u00e9es - FIM ISDE 2022","description":"Il ne fait aucun doute que les FIM International Six Days of Enduro (ISDE) constituent un v\u00e9ritable d\u00e9fi \u00e0 de nombreux niveaux. La pr\u00e9paration et l'entretien de votre moto sont l'une des parties les plus importantes des ISDE. Comme lors des \u00e9ditions pr\u00e9c\u00e9dentes, les concurrents de l'ISDE pourront \u00e0 nouveau profiter d'une vaste gamme de services d'assistance et de location fournis par les principaux constructeurs lors de l'\u00e9v\u00e9nement de cette ann\u00e9e au Puy-en-Velay, en France, du lundi 29 ao\u00fbt au samedi 3 septembre.","robots":{"index":"index","follow":"follow","max-snippet":"max-snippet:-1","max-image-preview":"max-image-preview:large","max-video-preview":"max-video-preview:-1"},"canonical":"https:\/\/2022.fim-6days.com\/fr\/les-equipes-et-nations-des-isde-2022-ont-ete-revelees-2\/","og_locale":"fr_FR","og_type":"article","og_title":"Les \u00e9quipes et nations des ISDE 2022 ont \u00e9t\u00e9 r\u00e9v\u00e9l\u00e9es - FIM ISDE 2022","og_description":"Il ne fait aucun doute que les FIM International Six Days of Enduro (ISDE) constituent un v\u00e9ritable d\u00e9fi \u00e0 de nombreux niveaux. La pr\u00e9paration et l'entretien de votre moto sont l'une des parties les plus importantes des ISDE. Comme lors des \u00e9ditions pr\u00e9c\u00e9dentes, les concurrents de l'ISDE pourront \u00e0 nouveau profiter d'une vaste gamme de services d'assistance et de location fournis par les principaux constructeurs lors de l'\u00e9v\u00e9nement de cette ann\u00e9e au Puy-en-Velay, en France, du lundi 29 ao\u00fbt au samedi 3 septembre.","og_url":"https:\/\/2022.fim-6days.com\/fr\/les-equipes-et-nations-des-isde-2022-ont-ete-revelees-2\/","og_site_name":"FIM ISDE 2022","article_publisher":"https:\/\/www.facebook.com\/FIMISDE\/","article_published_time":"2022-06-09T07:29:04+00:00","article_modified_time":"2022-06-20T13:42:35+00:00","og_image":[{"width":1920,"height":1280,"url":"https:\/\/2022.fim-6days.com\/wp-content\/uploads\/sites\/7\/2022\/06\/FIM_Isde_Italy_2021_198.jpg","type":"image\/jpeg"}],"author":"adrienl","twitter_card":"summary_large_image","twitter_creator":"@fimisde","twitter_site":"@fimisde","twitter_misc":{"\u00c9crit par":"adrienl","Dur\u00e9e de lecture estim\u00e9e":"3 minutes"},"schema":{"@context":"https:\/\/schema.org","@graph":[{"@type":"Article","@id":"https:\/\/2022.fim-6days.com\/fr\/les-equipes-et-nations-des-isde-2022-ont-ete-revelees-2\/#article","isPartOf":{"@id":"https:\/\/2022.fim-6days.com\/fr\/les-equipes-et-nations-des-isde-2022-ont-ete-revelees-2\/"},"author":{"name":"adrienl","@id":"https:\/\/2022.fim-6days.com\/fr\/#\/schema\/person\/b768593eefad52cbe5520ff1c35ba2f5"},"headline":"Les \u00e9quipes et nations des ISDE 2022 ont \u00e9t\u00e9 r\u00e9v\u00e9l\u00e9es","datePublished":"2022-06-09T07:29:04+00:00","dateModified":"2022-06-20T13:42:35+00:00","mainEntityOfPage":{"@id":"https:\/\/2022.fim-6days.com\/fr\/les-equipes-et-nations-des-isde-2022-ont-ete-revelees-2\/"},"wordCount":1530,"publisher":{"@id":"https:\/\/2022.fim-6days.com\/fr\/#organization"},"image":{"@id":"https:\/\/2022.fim-6days.com\/fr\/les-equipes-et-nations-des-isde-2022-ont-ete-revelees-2\/#primaryimage"},"thumbnailUrl":"https:\/\/2022.fim-6days.com\/wp-content\/uploads\/sites\/7\/2022\/06\/FIM_Isde_Italy_2021_198.jpg","articleSection":["Articles","Avant ISDE2022"],"inLanguage":"fr-FR"},{"@type":"WebPage","@id":"https:\/\/2022.fim-6days.com\/fr\/les-equipes-et-nations-des-isde-2022-ont-ete-revelees-2\/","url":"https:\/\/2022.fim-6days.com\/fr\/les-equipes-et-nations-des-isde-2022-ont-ete-revelees-2\/","name":"Les \u00e9quipes et nations des ISDE 2022 ont \u00e9t\u00e9 r\u00e9v\u00e9l\u00e9es - FIM ISDE 2022","isPartOf":{"@id":"https:\/\/2022.fim-6days.com\/fr\/#website"},"primaryImageOfPage":{"@id":"https:\/\/2022.fim-6days.com\/fr\/les-equipes-et-nations-des-isde-2022-ont-ete-revelees-2\/#primaryimage"},"image":{"@id":"https:\/\/2022.fim-6days.com\/fr\/les-equipes-et-nations-des-isde-2022-ont-ete-revelees-2\/#primaryimage"},"thumbnailUrl":"https:\/\/2022.fim-6days.com\/wp-content\/uploads\/sites\/7\/2022\/06\/FIM_Isde_Italy_2021_198.jpg","datePublished":"2022-06-09T07:29:04+00:00","dateModified":"2022-06-20T13:42:35+00:00","description":"Il ne fait aucun doute que les FIM International Six Days of Enduro (ISDE) constituent un v\u00e9ritable d\u00e9fi \u00e0 de nombreux niveaux. La pr\u00e9paration et l'entretien de votre moto sont l'une des parties les plus importantes des ISDE. Comme lors des \u00e9ditions pr\u00e9c\u00e9dentes, les concurrents de l'ISDE pourront \u00e0 nouveau profiter d'une vaste gamme de services d'assistance et de location fournis par les principaux constructeurs lors de l'\u00e9v\u00e9nement de cette ann\u00e9e au Puy-en-Velay, en France, du lundi 29 ao\u00fbt au samedi 3 septembre.","breadcrumb":{"@id":"https:\/\/2022.fim-6days.com\/fr\/les-equipes-et-nations-des-isde-2022-ont-ete-revelees-2\/#breadcrumb"},"inLanguage":"fr-FR","potentialAction":[{"@type":"ReadAction","target":["https:\/\/2022.fim-6days.com\/fr\/les-equipes-et-nations-des-isde-2022-ont-ete-revelees-2\/"]}]},{"@type":"ImageObject","inLanguage":"fr-FR","@id":"https:\/\/2022.fim-6days.com\/fr\/les-equipes-et-nations-des-isde-2022-ont-ete-revelees-2\/#primaryimage","url":"https:\/\/2022.fim-6days.com\/wp-content\/uploads\/sites\/7\/2022\/06\/FIM_Isde_Italy_2021_198.jpg","contentUrl":"https:\/\/2022.fim-6days.com\/wp-content\/uploads\/sites\/7\/2022\/06\/FIM_Isde_Italy_2021_198.jpg","width":1920,"height":1280},{"@type":"BreadcrumbList","@id":"https:\/\/2022.fim-6days.com\/fr\/les-equipes-et-nations-des-isde-2022-ont-ete-revelees-2\/#breadcrumb","itemListElement":[{"@type":"ListItem","position":1,"name":"Home","item":"https:\/\/2022.fim-6days.com\/fr\/"},{"@type":"ListItem","position":2,"name":"Les \u00e9quipes et nations des ISDE 2022 ont \u00e9t\u00e9 r\u00e9v\u00e9l\u00e9es"}]},{"@type":"WebSite","@id":"https:\/\/2022.fim-6days.com\/fr\/#website","url":"https:\/\/2022.fim-6days.com\/fr\/","name":"FIM ISDE 2021","description":"FIM ISDE Official website","publisher":{"@id":"https:\/\/2022.fim-6days.com\/fr\/#organization"},"potentialAction":[{"@type":"SearchAction","target":{"@type":"EntryPoint","urlTemplate":"https:\/\/2022.fim-6days.com\/fr\/?s={search_term_string}"},"query-input":{"@type":"PropertyValueSpecification","valueRequired":true,"valueName":"search_term_string"}}],"inLanguage":"fr-FR"},{"@type":"Organization","@id":"https:\/\/2022.fim-6days.com\/fr\/#organization","name":"FIM - F\u00e9d\u00e9ration Internationale de Motocyclisme","url":"https:\/\/2022.fim-6days.com\/fr\/","logo":{"@type":"ImageObject","inLanguage":"fr-FR","@id":"https:\/\/2022.fim-6days.com\/fr\/#\/schema\/logo\/image\/","url":"https:\/\/2022.fim-6days.com\/wp-content\/uploads\/sites\/7\/2019\/07\/LogoFIM-CMYK.png","contentUrl":"https:\/\/2022.fim-6days.com\/wp-content\/uploads\/sites\/7\/2019\/07\/LogoFIM-CMYK.png","width":2608,"height":1833,"caption":"FIM - F\u00e9d\u00e9ration Internationale de Motocyclisme"},"image":{"@id":"https:\/\/2022.fim-6days.com\/fr\/#\/schema\/logo\/image\/"},"sameAs":["https:\/\/www.facebook.com\/FIMISDE\/","https:\/\/x.com\/fimisde","https:\/\/www.instagram.com\/fim_isde\/"]},{"@type":"Person","@id":"https:\/\/2022.fim-6days.com\/fr\/#\/schema\/person\/b768593eefad52cbe5520ff1c35ba2f5","name":"adrienl","image":{"@type":"ImageObject","inLanguage":"fr-FR","@id":"https:\/\/2022.fim-6days.com\/fr\/#\/schema\/person\/image\/","url":"https:\/\/secure.gravatar.com\/avatar\/e771ef29e1334370187be9d045c63ba9afdb5565bd0da2d089bb69909a828994?s=96&d=mm&r=g","contentUrl":"https:\/\/secure.gravatar.com\/avatar\/e771ef29e1334370187be9d045c63ba9afdb5565bd0da2d089bb69909a828994?s=96&d=mm&r=g","caption":"adrienl"},"url":"https:\/\/2022.fim-6days.com\/fr\/author\/adrienl\/"}]}},"_links":{"self":[{"href":"https:\/\/2022.fim-6days.com\/fr\/wp-json\/wp\/v2\/posts\/39180","targetHints":{"allow":["GET"]}}],"collection":[{"href":"https:\/\/2022.fim-6days.com\/fr\/wp-json\/wp\/v2\/posts"}],"about":[{"href":"https:\/\/2022.fim-6days.com\/fr\/wp-json\/wp\/v2\/types\/post"}],"author":[{"embeddable":true,"href":"https:\/\/2022.fim-6days.com\/fr\/wp-json\/wp\/v2\/users\/5"}],"replies":[{"embeddable":true,"href":"https:\/\/2022.fim-6days.com\/fr\/wp-json\/wp\/v2\/comments?post=39180"}],"version-history":[{"count":5,"href":"https:\/\/2022.fim-6days.com\/fr\/wp-json\/wp\/v2\/posts\/39180\/revisions"}],"predecessor-version":[{"id":39264,"href":"https:\/\/2022.fim-6days.com\/fr\/wp-json\/wp\/v2\/posts\/39180\/revisions\/39264"}],"wp:featuredmedia":[{"embeddable":true,"href":"https:\/\/2022.fim-6days.com\/fr\/wp-json\/wp\/v2\/media\/39183"}],"wp:attachment":[{"href":"https:\/\/2022.fim-6days.com\/fr\/wp-json\/wp\/v2\/media?parent=39180"}],"wp:term":[{"taxonomy":"category","embeddable":true,"href":"https:\/\/2022.fim-6days.com\/fr\/wp-json\/wp\/v2\/categories?post=39180"},{"taxonomy":"post_tag","embeddable":true,"href":"https:\/\/2022.fim-6days.com\/fr\/wp-json\/wp\/v2\/tags?post=39180"}],"curies":[{"name":"wp","href":"https:\/\/api.w.org\/{rel}","templated":true}]}}