{"id":39124,"date":"2022-05-31T10:49:52","date_gmt":"2022-05-31T08:49:52","guid":{"rendered":"https:\/\/2022.fim-6days.com\/?p=39124"},"modified":"2022-05-31T10:49:52","modified_gmt":"2022-05-31T08:49:52","slug":"la-fim-lance-la-campagne-motorcyclingis","status":"publish","type":"post","link":"https:\/\/2022.fim-6days.com\/fr\/la-fim-lance-la-campagne-motorcyclingis\/","title":{"rendered":"La FIM lance la campagne #MotorcyclingIs"},"content":{"rendered":"<div class=\"fusion-fullwidth fullwidth-box fusion-builder-row-1 fusion-flex-container nonhundred-percent-fullwidth non-hundred-percent-height-scrolling\" style=\"--awb-border-radius-top-left:0px;--awb-border-radius-top-right:0px;--awb-border-radius-bottom-right:0px;--awb-border-radius-bottom-left:0px;--awb-padding-top:0px;--awb-padding-bottom:0px;--awb-flex-wrap:wrap;\" ><div class=\"fusion-builder-row fusion-row fusion-flex-align-items-flex-start fusion-flex-content-wrap\" style=\"max-width:1248px;margin-left: calc(-4% \/ 2 );margin-right: calc(-4% \/ 2 );\"><div class=\"fusion-layout-column fusion_builder_column fusion-builder-column-0 fusion_builder_column_1_1 1_1 fusion-flex-column\" style=\"--awb-padding-top:0px;--awb-padding-bottom:0px;--awb-bg-size:cover;--awb-width-large:100%;--awb-margin-top-large:0px;--awb-spacing-right-large:1.92%;--awb-margin-bottom-large:0px;--awb-spacing-left-large:1.92%;--awb-width-medium:100%;--awb-order-medium:0;--awb-spacing-right-medium:1.92%;--awb-spacing-left-medium:1.92%;--awb-width-small:100%;--awb-order-small:0;--awb-spacing-right-small:1.92%;--awb-spacing-left-small:1.92%;\"><div class=\"fusion-column-wrapper fusion-column-has-shadow fusion-flex-justify-content-flex-start fusion-content-layout-column\"><div class=\"fusion-text fusion-text-1\" style=\"--awb-text-transform:none;\"><p>En ce jour d&rsquo;ouverture de la Semaine de la Durabilit\u00e9 FIM 2022, la FIM est heureuse de lancer sa campagne digitale #MotorcyclingIs dans le but de rassembler toutes les personnes impliqu\u00e9es dans l&rsquo;industrie du 2 roues afin de promouvoir le partage, l&rsquo;\u00e9galit\u00e9 et l&rsquo;inclusion parmi les individus passionn\u00e9s s&rsquo;effor\u00e7ant de construire une communaut\u00e9 motocycliste plus globale et plus diverse.<\/p>\n<p>Le but et les m\u00e9canismes de la campagne sont clairement expliqu\u00e9s dans la vid\u00e9o de lancement et b\u00e9n\u00e9ficiera du soutien continu de personnalit\u00e9s comme Greg Hancock, Laia Sanz, Alex Salvini ,Toni Bou, Maria Herrera et bien d&rsquo;autres encore&#8230;<\/p>\n<p><strong>Nita Korhonen, directrice de la Commission Femmes et Motocyclisme<\/strong> : \u00ab\u00a0Nous croyons fermement que notre passion nous rend tous \u00e9gaux, donc avec cette campagne nous voulons montrer que nous sommes tous unis par le motocyclisme. En fin de compte, peu importe qui vous \u00eates, vous \u00eates le bienvenu dans le monde de la moto. Cette campagne nous donnera \u00e9galement l&rsquo;occasion de voir combien de significations diff\u00e9rentes le motocyclisme a pour chacun. Nous sommes tr\u00e8s heureux qu&rsquo;autant de personnes aient pris conscience de l&rsquo;importance de la diversit\u00e9 et de l&rsquo;inclusion et aient voulu participer \u00e0 cette campagne sp\u00e9ciale.\u00a0\u00bb<\/p>\n<p><strong>La directrice de la Commission Internationale de la Durabilit\u00e9, Katia Ju\u00e1rez Dub\u00f3n<\/strong> : \u00ab\u00a0C&rsquo;est un r\u00e9el plaisir d&rsquo;ouvrir la Semaine de la Durabilit\u00e9 FIM 2022 avec cette campagne de promotion de l&rsquo;\u00e9galit\u00e9 des sexes. Soutenir l&rsquo;autonomisation des femmes et la r\u00e9duction de l&rsquo;\u00e9cart entre les sexes est essentiel pour r\u00e9aliser l&rsquo;agenda 2030 et le d\u00e9fi mondial d&rsquo;atteindre les objectifs de d\u00e9veloppement durable. Le monde de la moto et ses diff\u00e9rentes dimensions (tourisme, sport, mobilit\u00e9, industrie, acc\u00e9l\u00e9rateur de d\u00e9veloppement durable et laboratoire de nouvelles technologies) ouvrent un \u00e9norme champ de possibilit\u00e9s pour le d\u00e9veloppement des femmes. Le soutien de tous les secteurs est crucial et des campagnes comme celle-ci soutiennent \u00e9galement les ambitions de la FIM de mener \u00e0 bien sa strat\u00e9gie de durabilit\u00e9. Le #MotorcyclingIs est un vrai booster de durabilit\u00e9 !\u00a0\u00bb<\/p>\n<p>Communications de la FIM<\/p>\n<\/div><div class=\"fusion-video fusion-youtube\" style=\"--awb-max-width:600px;--awb-max-height:360px;--awb-align-self:center;--awb-width:100%;\"><div class=\"video-shortcode\"><div class=\"fluid-width-video-wrapper\" style=\"padding-top:60%;\" ><iframe title=\"YouTube video player 1\" src=\"https:\/\/www.youtube.com\/embed\/fKs3xHtS8Yg?wmode=transparent&autoplay=0&oida=1\" width=\"600\" height=\"360\" allowfullscreen allow=\"autoplay; clipboard-write; encrypted-media; gyroscope; picture-in-picture;\"><\/iframe><\/div><\/div><\/div><\/div><\/div><\/div><\/div>\n","protected":false},"excerpt":{"rendered":"","protected":false},"author":4,"featured_media":39127,"comment_status":"closed","ping_status":"closed","sticky":false,"template":"","format":"standard","meta":{"inline_featured_image":false,"footnotes":""},"categories":[75,95],"tags":[],"class_list":["post-39124","post","type-post","status-publish","format-standard","has-post-thumbnail","hentry","category-articles","category-avant-isde2022"],"yoast_head":"<!-- This site is optimized with the Yoast SEO plugin v25.6 - https:\/\/yoast.com\/wordpress\/plugins\/seo\/ -->\n<title>La FIM lance la campagne #MotorcyclingIs - FIM ISDE 2022<\/title>\n<meta name=\"description\" content=\"Il ne fait aucun doute que les FIM International Six Days of Enduro (ISDE) constituent un v\u00e9ritable d\u00e9fi \u00e0 de nombreux niveaux. La pr\u00e9paration et l&#039;entretien de votre moto sont l&#039;une des parties les plus importantes des ISDE. Comme lors des \u00e9ditions pr\u00e9c\u00e9dentes, les concurrents de l&#039;ISDE pourront \u00e0 nouveau profiter d&#039;une vaste gamme de services d&#039;assistance et de location fournis par les principaux constructeurs lors de l&#039;\u00e9v\u00e9nement de cette ann\u00e9e au Puy-en-Velay, en France, du lundi 29 ao\u00fbt au samedi 3 septembre.\" \/>\n<meta name=\"robots\" content=\"index, follow, max-snippet:-1, max-image-preview:large, max-video-preview:-1\" \/>\n<link rel=\"canonical\" href=\"https:\/\/2022.fim-6days.com\/fr\/la-fim-lance-la-campagne-motorcyclingis\/\" \/>\n<meta property=\"og:locale\" content=\"fr_FR\" \/>\n<meta property=\"og:type\" content=\"article\" \/>\n<meta property=\"og:title\" content=\"La FIM lance la campagne #MotorcyclingIs - FIM ISDE 2022\" \/>\n<meta property=\"og:description\" content=\"Il ne fait aucun doute que les FIM International Six Days of Enduro (ISDE) constituent un v\u00e9ritable d\u00e9fi \u00e0 de nombreux niveaux. La pr\u00e9paration et l&#039;entretien de votre moto sont l&#039;une des parties les plus importantes des ISDE. Comme lors des \u00e9ditions pr\u00e9c\u00e9dentes, les concurrents de l&#039;ISDE pourront \u00e0 nouveau profiter d&#039;une vaste gamme de services d&#039;assistance et de location fournis par les principaux constructeurs lors de l&#039;\u00e9v\u00e9nement de cette ann\u00e9e au Puy-en-Velay, en France, du lundi 29 ao\u00fbt au samedi 3 septembre.\" \/>\n<meta property=\"og:url\" content=\"https:\/\/2022.fim-6days.com\/fr\/la-fim-lance-la-campagne-motorcyclingis\/\" \/>\n<meta property=\"og:site_name\" content=\"FIM ISDE 2022\" \/>\n<meta property=\"article:publisher\" content=\"https:\/\/www.facebook.com\/FIMISDE\/\" \/>\n<meta property=\"article:published_time\" content=\"2022-05-31T08:49:52+00:00\" \/>\n<meta property=\"og:image\" content=\"https:\/\/2022.fim-6days.com\/wp-content\/uploads\/sites\/7\/2022\/05\/csm_MotorcyclingIs_1d0183ee97.jpeg\" \/>\n\t<meta property=\"og:image:width\" content=\"1040\" \/>\n\t<meta property=\"og:image:height\" content=\"583\" \/>\n\t<meta property=\"og:image:type\" content=\"image\/jpeg\" \/>\n<meta name=\"author\" content=\"karinea\" \/>\n<meta name=\"twitter:card\" content=\"summary_large_image\" \/>\n<meta name=\"twitter:creator\" content=\"@fimisde\" \/>\n<meta name=\"twitter:site\" content=\"@fimisde\" \/>\n<meta name=\"twitter:label1\" content=\"\u00c9crit par\" \/>\n\t<meta name=\"twitter:data1\" content=\"karinea\" \/>\n\t<meta name=\"twitter:label2\" content=\"Dur\u00e9e de lecture estim\u00e9e\" \/>\n\t<meta name=\"twitter:data2\" content=\"3 minutes\" \/>\n<script type=\"application\/ld+json\" class=\"yoast-schema-graph\">{\"@context\":\"https:\/\/schema.org\",\"@graph\":[{\"@type\":\"Article\",\"@id\":\"https:\/\/2022.fim-6days.com\/fr\/la-fim-lance-la-campagne-motorcyclingis\/#article\",\"isPartOf\":{\"@id\":\"https:\/\/2022.fim-6days.com\/fr\/la-fim-lance-la-campagne-motorcyclingis\/\"},\"author\":{\"name\":\"karinea\",\"@id\":\"https:\/\/2022.fim-6days.com\/fr\/#\/schema\/person\/bcf4ff642b8d622c689a6eb754f673d3\"},\"headline\":\"La FIM lance la campagne #MotorcyclingIs\",\"datePublished\":\"2022-05-31T08:49:52+00:00\",\"mainEntityOfPage\":{\"@id\":\"https:\/\/2022.fim-6days.com\/fr\/la-fim-lance-la-campagne-motorcyclingis\/\"},\"wordCount\":1072,\"publisher\":{\"@id\":\"https:\/\/2022.fim-6days.com\/fr\/#organization\"},\"image\":{\"@id\":\"https:\/\/2022.fim-6days.com\/fr\/la-fim-lance-la-campagne-motorcyclingis\/#primaryimage\"},\"thumbnailUrl\":\"https:\/\/2022.fim-6days.com\/wp-content\/uploads\/sites\/7\/2022\/05\/csm_MotorcyclingIs_1d0183ee97.jpeg\",\"articleSection\":[\"Articles\",\"Avant ISDE2022\"],\"inLanguage\":\"fr-FR\"},{\"@type\":\"WebPage\",\"@id\":\"https:\/\/2022.fim-6days.com\/fr\/la-fim-lance-la-campagne-motorcyclingis\/\",\"url\":\"https:\/\/2022.fim-6days.com\/fr\/la-fim-lance-la-campagne-motorcyclingis\/\",\"name\":\"La FIM lance la campagne #MotorcyclingIs - FIM ISDE 2022\",\"isPartOf\":{\"@id\":\"https:\/\/2022.fim-6days.com\/fr\/#website\"},\"primaryImageOfPage\":{\"@id\":\"https:\/\/2022.fim-6days.com\/fr\/la-fim-lance-la-campagne-motorcyclingis\/#primaryimage\"},\"image\":{\"@id\":\"https:\/\/2022.fim-6days.com\/fr\/la-fim-lance-la-campagne-motorcyclingis\/#primaryimage\"},\"thumbnailUrl\":\"https:\/\/2022.fim-6days.com\/wp-content\/uploads\/sites\/7\/2022\/05\/csm_MotorcyclingIs_1d0183ee97.jpeg\",\"datePublished\":\"2022-05-31T08:49:52+00:00\",\"description\":\"Il ne fait aucun doute que les FIM International Six Days of Enduro (ISDE) constituent un v\u00e9ritable d\u00e9fi \u00e0 de nombreux niveaux. La pr\u00e9paration et l'entretien de votre moto sont l'une des parties les plus importantes des ISDE. Comme lors des \u00e9ditions pr\u00e9c\u00e9dentes, les concurrents de l'ISDE pourront \u00e0 nouveau profiter d'une vaste gamme de services d'assistance et de location fournis par les principaux constructeurs lors de l'\u00e9v\u00e9nement de cette ann\u00e9e au Puy-en-Velay, en France, du lundi 29 ao\u00fbt au samedi 3 septembre.\",\"breadcrumb\":{\"@id\":\"https:\/\/2022.fim-6days.com\/fr\/la-fim-lance-la-campagne-motorcyclingis\/#breadcrumb\"},\"inLanguage\":\"fr-FR\",\"potentialAction\":[{\"@type\":\"ReadAction\",\"target\":[\"https:\/\/2022.fim-6days.com\/fr\/la-fim-lance-la-campagne-motorcyclingis\/\"]}]},{\"@type\":\"ImageObject\",\"inLanguage\":\"fr-FR\",\"@id\":\"https:\/\/2022.fim-6days.com\/fr\/la-fim-lance-la-campagne-motorcyclingis\/#primaryimage\",\"url\":\"https:\/\/2022.fim-6days.com\/wp-content\/uploads\/sites\/7\/2022\/05\/csm_MotorcyclingIs_1d0183ee97.jpeg\",\"contentUrl\":\"https:\/\/2022.fim-6days.com\/wp-content\/uploads\/sites\/7\/2022\/05\/csm_MotorcyclingIs_1d0183ee97.jpeg\",\"width\":1040,\"height\":583},{\"@type\":\"BreadcrumbList\",\"@id\":\"https:\/\/2022.fim-6days.com\/fr\/la-fim-lance-la-campagne-motorcyclingis\/#breadcrumb\",\"itemListElement\":[{\"@type\":\"ListItem\",\"position\":1,\"name\":\"Home\",\"item\":\"https:\/\/2022.fim-6days.com\/fr\/\"},{\"@type\":\"ListItem\",\"position\":2,\"name\":\"La FIM lance la campagne #MotorcyclingIs\"}]},{\"@type\":\"WebSite\",\"@id\":\"https:\/\/2022.fim-6days.com\/fr\/#website\",\"url\":\"https:\/\/2022.fim-6days.com\/fr\/\",\"name\":\"FIM ISDE 2021\",\"description\":\"FIM ISDE Official website\",\"publisher\":{\"@id\":\"https:\/\/2022.fim-6days.com\/fr\/#organization\"},\"potentialAction\":[{\"@type\":\"SearchAction\",\"target\":{\"@type\":\"EntryPoint\",\"urlTemplate\":\"https:\/\/2022.fim-6days.com\/fr\/?s={search_term_string}\"},\"query-input\":{\"@type\":\"PropertyValueSpecification\",\"valueRequired\":true,\"valueName\":\"search_term_string\"}}],\"inLanguage\":\"fr-FR\"},{\"@type\":\"Organization\",\"@id\":\"https:\/\/2022.fim-6days.com\/fr\/#organization\",\"name\":\"FIM - F\u00e9d\u00e9ration Internationale de Motocyclisme\",\"url\":\"https:\/\/2022.fim-6days.com\/fr\/\",\"logo\":{\"@type\":\"ImageObject\",\"inLanguage\":\"fr-FR\",\"@id\":\"https:\/\/2022.fim-6days.com\/fr\/#\/schema\/logo\/image\/\",\"url\":\"https:\/\/2022.fim-6days.com\/wp-content\/uploads\/sites\/7\/2019\/07\/LogoFIM-CMYK.png\",\"contentUrl\":\"https:\/\/2022.fim-6days.com\/wp-content\/uploads\/sites\/7\/2019\/07\/LogoFIM-CMYK.png\",\"width\":2608,\"height\":1833,\"caption\":\"FIM - F\u00e9d\u00e9ration Internationale de Motocyclisme\"},\"image\":{\"@id\":\"https:\/\/2022.fim-6days.com\/fr\/#\/schema\/logo\/image\/\"},\"sameAs\":[\"https:\/\/www.facebook.com\/FIMISDE\/\",\"https:\/\/x.com\/fimisde\",\"https:\/\/www.instagram.com\/fim_isde\/\"]},{\"@type\":\"Person\",\"@id\":\"https:\/\/2022.fim-6days.com\/fr\/#\/schema\/person\/bcf4ff642b8d622c689a6eb754f673d3\",\"name\":\"karinea\",\"image\":{\"@type\":\"ImageObject\",\"inLanguage\":\"fr-FR\",\"@id\":\"https:\/\/2022.fim-6days.com\/fr\/#\/schema\/person\/image\/\",\"url\":\"https:\/\/secure.gravatar.com\/avatar\/2f99c39cea2cbbb4f521dcc577a5b8981ed563188abba9c20bd62c0d2bd4abca?s=96&d=mm&r=g\",\"contentUrl\":\"https:\/\/secure.gravatar.com\/avatar\/2f99c39cea2cbbb4f521dcc577a5b8981ed563188abba9c20bd62c0d2bd4abca?s=96&d=mm&r=g\",\"caption\":\"karinea\"},\"url\":\"https:\/\/2022.fim-6days.com\/fr\/author\/karinea\/\"}]}<\/script>\n<!-- \/ Yoast SEO plugin. -->","yoast_head_json":{"title":"La FIM lance la campagne #MotorcyclingIs - FIM ISDE 2022","description":"Il ne fait aucun doute que les FIM International Six Days of Enduro (ISDE) constituent un v\u00e9ritable d\u00e9fi \u00e0 de nombreux niveaux. La pr\u00e9paration et l'entretien de votre moto sont l'une des parties les plus importantes des ISDE. Comme lors des \u00e9ditions pr\u00e9c\u00e9dentes, les concurrents de l'ISDE pourront \u00e0 nouveau profiter d'une vaste gamme de services d'assistance et de location fournis par les principaux constructeurs lors de l'\u00e9v\u00e9nement de cette ann\u00e9e au Puy-en-Velay, en France, du lundi 29 ao\u00fbt au samedi 3 septembre.","robots":{"index":"index","follow":"follow","max-snippet":"max-snippet:-1","max-image-preview":"max-image-preview:large","max-video-preview":"max-video-preview:-1"},"canonical":"https:\/\/2022.fim-6days.com\/fr\/la-fim-lance-la-campagne-motorcyclingis\/","og_locale":"fr_FR","og_type":"article","og_title":"La FIM lance la campagne #MotorcyclingIs - FIM ISDE 2022","og_description":"Il ne fait aucun doute que les FIM International Six Days of Enduro (ISDE) constituent un v\u00e9ritable d\u00e9fi \u00e0 de nombreux niveaux. La pr\u00e9paration et l'entretien de votre moto sont l'une des parties les plus importantes des ISDE. Comme lors des \u00e9ditions pr\u00e9c\u00e9dentes, les concurrents de l'ISDE pourront \u00e0 nouveau profiter d'une vaste gamme de services d'assistance et de location fournis par les principaux constructeurs lors de l'\u00e9v\u00e9nement de cette ann\u00e9e au Puy-en-Velay, en France, du lundi 29 ao\u00fbt au samedi 3 septembre.","og_url":"https:\/\/2022.fim-6days.com\/fr\/la-fim-lance-la-campagne-motorcyclingis\/","og_site_name":"FIM ISDE 2022","article_publisher":"https:\/\/www.facebook.com\/FIMISDE\/","article_published_time":"2022-05-31T08:49:52+00:00","og_image":[{"width":1040,"height":583,"url":"https:\/\/2022.fim-6days.com\/wp-content\/uploads\/sites\/7\/2022\/05\/csm_MotorcyclingIs_1d0183ee97.jpeg","type":"image\/jpeg"}],"author":"karinea","twitter_card":"summary_large_image","twitter_creator":"@fimisde","twitter_site":"@fimisde","twitter_misc":{"\u00c9crit par":"karinea","Dur\u00e9e de lecture estim\u00e9e":"3 minutes"},"schema":{"@context":"https:\/\/schema.org","@graph":[{"@type":"Article","@id":"https:\/\/2022.fim-6days.com\/fr\/la-fim-lance-la-campagne-motorcyclingis\/#article","isPartOf":{"@id":"https:\/\/2022.fim-6days.com\/fr\/la-fim-lance-la-campagne-motorcyclingis\/"},"author":{"name":"karinea","@id":"https:\/\/2022.fim-6days.com\/fr\/#\/schema\/person\/bcf4ff642b8d622c689a6eb754f673d3"},"headline":"La FIM lance la campagne #MotorcyclingIs","datePublished":"2022-05-31T08:49:52+00:00","mainEntityOfPage":{"@id":"https:\/\/2022.fim-6days.com\/fr\/la-fim-lance-la-campagne-motorcyclingis\/"},"wordCount":1072,"publisher":{"@id":"https:\/\/2022.fim-6days.com\/fr\/#organization"},"image":{"@id":"https:\/\/2022.fim-6days.com\/fr\/la-fim-lance-la-campagne-motorcyclingis\/#primaryimage"},"thumbnailUrl":"https:\/\/2022.fim-6days.com\/wp-content\/uploads\/sites\/7\/2022\/05\/csm_MotorcyclingIs_1d0183ee97.jpeg","articleSection":["Articles","Avant ISDE2022"],"inLanguage":"fr-FR"},{"@type":"WebPage","@id":"https:\/\/2022.fim-6days.com\/fr\/la-fim-lance-la-campagne-motorcyclingis\/","url":"https:\/\/2022.fim-6days.com\/fr\/la-fim-lance-la-campagne-motorcyclingis\/","name":"La FIM lance la campagne #MotorcyclingIs - FIM ISDE 2022","isPartOf":{"@id":"https:\/\/2022.fim-6days.com\/fr\/#website"},"primaryImageOfPage":{"@id":"https:\/\/2022.fim-6days.com\/fr\/la-fim-lance-la-campagne-motorcyclingis\/#primaryimage"},"image":{"@id":"https:\/\/2022.fim-6days.com\/fr\/la-fim-lance-la-campagne-motorcyclingis\/#primaryimage"},"thumbnailUrl":"https:\/\/2022.fim-6days.com\/wp-content\/uploads\/sites\/7\/2022\/05\/csm_MotorcyclingIs_1d0183ee97.jpeg","datePublished":"2022-05-31T08:49:52+00:00","description":"Il ne fait aucun doute que les FIM International Six Days of Enduro (ISDE) constituent un v\u00e9ritable d\u00e9fi \u00e0 de nombreux niveaux. La pr\u00e9paration et l'entretien de votre moto sont l'une des parties les plus importantes des ISDE. Comme lors des \u00e9ditions pr\u00e9c\u00e9dentes, les concurrents de l'ISDE pourront \u00e0 nouveau profiter d'une vaste gamme de services d'assistance et de location fournis par les principaux constructeurs lors de l'\u00e9v\u00e9nement de cette ann\u00e9e au Puy-en-Velay, en France, du lundi 29 ao\u00fbt au samedi 3 septembre.","breadcrumb":{"@id":"https:\/\/2022.fim-6days.com\/fr\/la-fim-lance-la-campagne-motorcyclingis\/#breadcrumb"},"inLanguage":"fr-FR","potentialAction":[{"@type":"ReadAction","target":["https:\/\/2022.fim-6days.com\/fr\/la-fim-lance-la-campagne-motorcyclingis\/"]}]},{"@type":"ImageObject","inLanguage":"fr-FR","@id":"https:\/\/2022.fim-6days.com\/fr\/la-fim-lance-la-campagne-motorcyclingis\/#primaryimage","url":"https:\/\/2022.fim-6days.com\/wp-content\/uploads\/sites\/7\/2022\/05\/csm_MotorcyclingIs_1d0183ee97.jpeg","contentUrl":"https:\/\/2022.fim-6days.com\/wp-content\/uploads\/sites\/7\/2022\/05\/csm_MotorcyclingIs_1d0183ee97.jpeg","width":1040,"height":583},{"@type":"BreadcrumbList","@id":"https:\/\/2022.fim-6days.com\/fr\/la-fim-lance-la-campagne-motorcyclingis\/#breadcrumb","itemListElement":[{"@type":"ListItem","position":1,"name":"Home","item":"https:\/\/2022.fim-6days.com\/fr\/"},{"@type":"ListItem","position":2,"name":"La FIM lance la campagne #MotorcyclingIs"}]},{"@type":"WebSite","@id":"https:\/\/2022.fim-6days.com\/fr\/#website","url":"https:\/\/2022.fim-6days.com\/fr\/","name":"FIM ISDE 2021","description":"FIM ISDE Official website","publisher":{"@id":"https:\/\/2022.fim-6days.com\/fr\/#organization"},"potentialAction":[{"@type":"SearchAction","target":{"@type":"EntryPoint","urlTemplate":"https:\/\/2022.fim-6days.com\/fr\/?s={search_term_string}"},"query-input":{"@type":"PropertyValueSpecification","valueRequired":true,"valueName":"search_term_string"}}],"inLanguage":"fr-FR"},{"@type":"Organization","@id":"https:\/\/2022.fim-6days.com\/fr\/#organization","name":"FIM - F\u00e9d\u00e9ration Internationale de Motocyclisme","url":"https:\/\/2022.fim-6days.com\/fr\/","logo":{"@type":"ImageObject","inLanguage":"fr-FR","@id":"https:\/\/2022.fim-6days.com\/fr\/#\/schema\/logo\/image\/","url":"https:\/\/2022.fim-6days.com\/wp-content\/uploads\/sites\/7\/2019\/07\/LogoFIM-CMYK.png","contentUrl":"https:\/\/2022.fim-6days.com\/wp-content\/uploads\/sites\/7\/2019\/07\/LogoFIM-CMYK.png","width":2608,"height":1833,"caption":"FIM - F\u00e9d\u00e9ration Internationale de Motocyclisme"},"image":{"@id":"https:\/\/2022.fim-6days.com\/fr\/#\/schema\/logo\/image\/"},"sameAs":["https:\/\/www.facebook.com\/FIMISDE\/","https:\/\/x.com\/fimisde","https:\/\/www.instagram.com\/fim_isde\/"]},{"@type":"Person","@id":"https:\/\/2022.fim-6days.com\/fr\/#\/schema\/person\/bcf4ff642b8d622c689a6eb754f673d3","name":"karinea","image":{"@type":"ImageObject","inLanguage":"fr-FR","@id":"https:\/\/2022.fim-6days.com\/fr\/#\/schema\/person\/image\/","url":"https:\/\/secure.gravatar.com\/avatar\/2f99c39cea2cbbb4f521dcc577a5b8981ed563188abba9c20bd62c0d2bd4abca?s=96&d=mm&r=g","contentUrl":"https:\/\/secure.gravatar.com\/avatar\/2f99c39cea2cbbb4f521dcc577a5b8981ed563188abba9c20bd62c0d2bd4abca?s=96&d=mm&r=g","caption":"karinea"},"url":"https:\/\/2022.fim-6days.com\/fr\/author\/karinea\/"}]}},"_links":{"self":[{"href":"https:\/\/2022.fim-6days.com\/fr\/wp-json\/wp\/v2\/posts\/39124","targetHints":{"allow":["GET"]}}],"collection":[{"href":"https:\/\/2022.fim-6days.com\/fr\/wp-json\/wp\/v2\/posts"}],"about":[{"href":"https:\/\/2022.fim-6days.com\/fr\/wp-json\/wp\/v2\/types\/post"}],"author":[{"embeddable":true,"href":"https:\/\/2022.fim-6days.com\/fr\/wp-json\/wp\/v2\/users\/4"}],"replies":[{"embeddable":true,"href":"https:\/\/2022.fim-6days.com\/fr\/wp-json\/wp\/v2\/comments?post=39124"}],"version-history":[{"count":5,"href":"https:\/\/2022.fim-6days.com\/fr\/wp-json\/wp\/v2\/posts\/39124\/revisions"}],"predecessor-version":[{"id":39140,"href":"https:\/\/2022.fim-6days.com\/fr\/wp-json\/wp\/v2\/posts\/39124\/revisions\/39140"}],"wp:featuredmedia":[{"embeddable":true,"href":"https:\/\/2022.fim-6days.com\/fr\/wp-json\/wp\/v2\/media\/39127"}],"wp:attachment":[{"href":"https:\/\/2022.fim-6days.com\/fr\/wp-json\/wp\/v2\/media?parent=39124"}],"wp:term":[{"taxonomy":"category","embeddable":true,"href":"https:\/\/2022.fim-6days.com\/fr\/wp-json\/wp\/v2\/categories?post=39124"},{"taxonomy":"post_tag","embeddable":true,"href":"https:\/\/2022.fim-6days.com\/fr\/wp-json\/wp\/v2\/tags?post=39124"}],"curies":[{"name":"wp","href":"https:\/\/api.w.org\/{rel}","templated":true}]}}