{"id":39106,"date":"2022-05-25T16:10:29","date_gmt":"2022-05-25T14:10:29","guid":{"rendered":"https:\/\/2022.fim-6days.com\/?p=39106"},"modified":"2022-05-27T19:33:19","modified_gmt":"2022-05-27T17:33:19","slug":"les-equipes-et-nations-des-isde-2022-ont-ete-revelees","status":"publish","type":"post","link":"https:\/\/2022.fim-6days.com\/fr\/les-equipes-et-nations-des-isde-2022-ont-ete-revelees\/","title":{"rendered":"Les \u00e9quipes et nations des ISDE 2022 ont \u00e9t\u00e9 r\u00e9v\u00e9l\u00e9es"},"content":{"rendered":"<div class=\"fusion-fullwidth fullwidth-box fusion-builder-row-1 fusion-flex-container nonhundred-percent-fullwidth non-hundred-percent-height-scrolling\" style=\"--awb-border-radius-top-left:0px;--awb-border-radius-top-right:0px;--awb-border-radius-bottom-right:0px;--awb-border-radius-bottom-left:0px;--awb-padding-top:0px;--awb-padding-bottom:0px;--awb-flex-wrap:wrap;\" ><div class=\"fusion-builder-row fusion-row fusion-flex-align-items-flex-start fusion-flex-content-wrap\" style=\"max-width:1248px;margin-left: calc(-4% \/ 2 );margin-right: calc(-4% \/ 2 );\"><div class=\"fusion-layout-column fusion_builder_column fusion-builder-column-0 fusion_builder_column_1_1 1_1 fusion-flex-column\" style=\"--awb-padding-top:0px;--awb-padding-bottom:0px;--awb-bg-size:cover;--awb-width-large:100%;--awb-margin-top-large:0px;--awb-spacing-right-large:1.92%;--awb-margin-bottom-large:0px;--awb-spacing-left-large:1.92%;--awb-width-medium:100%;--awb-order-medium:0;--awb-spacing-right-medium:1.92%;--awb-spacing-left-medium:1.92%;--awb-width-small:100%;--awb-order-small:0;--awb-spacing-right-small:1.92%;--awb-spacing-left-small:1.92%;\"><div class=\"fusion-column-wrapper fusion-column-has-shadow fusion-flex-justify-content-flex-start fusion-content-layout-column\"><div class=\"fusion-text fusion-text-1\" style=\"--awb-text-transform:none;\"><p><strong>Les pr\u00e9-inscriptions pour les Six Jours Internationaux d&rsquo;Enduro de la FIM (ISDE) 2022 sont d\u00e9sormais closes et nous sommes ravis de pouvoir r\u00e9v\u00e9ler les d\u00e9tails des \u00e9quipes et des nations qui participeront \u00e0 l&rsquo;\u00e9v\u00e9nement au Puy-en-Velay, en France, du lundi 29 ao\u00fbt au samedi 3 septembre.<\/strong><\/p>\n<p>Le plateau impressionnant comprend la France, pays h\u00f4te, l&rsquo;Italie, championne du monde et du Junior Trophy en titre, les puissantes Am\u00e9ricaines, qui ont remport\u00e9 le Troph\u00e9e mondial f\u00e9minin l&rsquo;ann\u00e9e derni\u00e8re et le Troph\u00e9e mondial en 2019, l&rsquo;Espagne, qui a termin\u00e9 deuxi\u00e8me du Troph\u00e9e mondial en 2021, l&rsquo;Australie, malheureusement absente de la derni\u00e8re \u00e9dition en raison de la pand\u00e9mie, mais qui a remport\u00e9 le Troph\u00e9e mondial en 2018, ainsi que la Grande-Bretagne, l&rsquo;Allemagne, la Su\u00e8de et le Portugal, pour ne citer que quelques-uns des principaux concurrents.<\/p>\n<p>Alors que l&rsquo;Australie a r\u00e9cemment <a href=\"https:\/\/2022.fim-6days.com\/fr\/les-membres-de-lequipe-australienne-des-isde-2022-annonces\/\">confirm\u00e9 les membres de son \u00e9quipe<\/a>, la plupart des pays d\u00e9signeront les coureurs qui repr\u00e9senteront le Troph\u00e9e d&rsquo;ici la fin du mois de juillet. Outre les Australiens, certains des plus grands noms du monde de l&rsquo;enduro sont d\u00e9j\u00e0 li\u00e9s aux ISDE de cette ann\u00e9e, notamment Antoine Magain, Josep Garcia, Marc Sans Soria, Theo Espinasse, Hugo Blanjoue, Brad Freeman, Steve Holcombe, Nathan Watson, Daniel McCanney, Matteo Cavallo, Davide Guarneri, Thomas Oldrati, Andrea Verona, Alex Salvini, Mikael Persson, Taylor Robert, Ryan Sipes et Krystof Kouble.<\/p>\n<p>Avec trente-quatre nations d\u00e9j\u00e0 confirm\u00e9es et d&rsquo;autres qui finalisent actuellement leurs inscriptions, les ISDE de cette ann\u00e9e \u00e9tablissent un nouveau record en termes de nombre de pays participants. Les pays suivants figurent d\u00e9j\u00e0 sur la liste : Afrique du Sud, Allemagne, Argentine, Australie, Autriche, Belgique, Br\u00e9sil, Canada, Chili, Espagne, Estonie, Finlande, France, Grande-Bretagne, Gr\u00e8ce, Honduras, Hongrie, Isra\u00ebl, Italie, Japon, Lettonie, Lituanie, Mexique, Norv\u00e8ge, Nouvelle-Z\u00e9lande, Pays-Bas, Pologne, Portugal, R\u00e9publique tch\u00e8que, Slovaquie, Su\u00e8de, Suisse, \u00c9tats-Unis et Venezuela.<\/p>\n<p>Pas moins de six cent cinquante cavaliers participeront aux ISDE 2022, dont soixante-quinze pour cent feront partie des cent cinquante \u00e9quipes de clubs du monde entier. Pour beaucoup de ces pilotes, l&rsquo;objectif principal est d&rsquo;arriver \u00e0 la fin de la derni\u00e8re journ\u00e9e, de faire partie des 6DAYS et d&rsquo;aider leur \u00e9quipe \u00e0 figurer en haut du classement des Club Team Awards.<\/p>\n<p><a href=\"https:\/\/2022.fim-6days.com\/fr\/pre-inscription-ouvertes\/\">Cliquez ici<\/a> pour b\u00e9n\u00e9ficier d&rsquo;une derni\u00e8re chance de vous inscrire \u00e0 l&rsquo;ISDE de cette ann\u00e9e.<\/p>\n<p><a href=\"https:\/\/2022.fim-6days.com\/fr\/services-racing\/\">Cliquez ici<\/a> pour voir toute une s\u00e9rie d&rsquo;options rendant votre participation aussi simple que possible.<\/p>\n<p>Dans seulement trois mois, nous avons h\u00e2te d&rsquo;accueillir tout le monde au Puy-en-Velay pour profiter de ce qui sera certainement une semaine incroyable ou plus dans le c\u0153ur de la course d&rsquo;enduro fran\u00e7aise, avec un acc\u00e8s gratuit pour les spectateurs et un programme complet d&rsquo;activit\u00e9s comme indiqu\u00e9 ci-dessous :<\/p>\n<ul>\n<li>Du jeudi 25 au dimanche 28 ao\u00fbt : Contr\u00f4le administratif et technique + essais libres sur la piste officielle d&rsquo;Eycenac.<\/li>\n<li>Samedi 27 ao\u00fbt \u00e0 20h00 : C\u00e9r\u00e9monie d&rsquo;ouverture avec le d\u00e9fil\u00e9 des nations de la vieille ville \u00e0 la place du Breuil.<\/li>\n<li>Du lundi 29 ao\u00fbt au vendredi 2 septembre : D\u00e9part de la course \u00e0 7h30 et retour des premiers coureurs au paddock \u00e0 partir de 15h30. Animations dans la fan zone du paddock tous les jours \u00e0 partir de 17h00.<\/li>\n<li>Samedi 3 septembre : Cross Test final \u00e0 c\u00f4t\u00e9 du paddock et soir\u00e9e 6Days dans le paddock.<\/li>\n<\/ul>\n<\/div><\/div><\/div><\/div><\/div>\n","protected":false},"excerpt":{"rendered":"","protected":false},"author":5,"featured_media":39110,"comment_status":"closed","ping_status":"closed","sticky":false,"template":"","format":"standard","meta":{"inline_featured_image":false,"footnotes":""},"categories":[75,95],"tags":[],"class_list":["post-39106","post","type-post","status-publish","format-standard","has-post-thumbnail","hentry","category-articles","category-avant-isde2022"],"yoast_head":"<!-- This site is optimized with the Yoast SEO plugin v25.6 - https:\/\/yoast.com\/wordpress\/plugins\/seo\/ -->\n<title>Les \u00e9quipes et nations des ISDE 2022 ont \u00e9t\u00e9 r\u00e9v\u00e9l\u00e9es - FIM ISDE 2022<\/title>\n<meta name=\"description\" content=\"Il ne fait aucun doute que les FIM International Six Days of Enduro (ISDE) constituent un v\u00e9ritable d\u00e9fi \u00e0 de nombreux niveaux. La pr\u00e9paration et l&#039;entretien de votre moto sont l&#039;une des parties les plus importantes des ISDE. Comme lors des \u00e9ditions pr\u00e9c\u00e9dentes, les concurrents de l&#039;ISDE pourront \u00e0 nouveau profiter d&#039;une vaste gamme de services d&#039;assistance et de location fournis par les principaux constructeurs lors de l&#039;\u00e9v\u00e9nement de cette ann\u00e9e au Puy-en-Velay, en France, du lundi 29 ao\u00fbt au samedi 3 septembre.\" \/>\n<meta name=\"robots\" content=\"index, follow, max-snippet:-1, max-image-preview:large, max-video-preview:-1\" \/>\n<link rel=\"canonical\" href=\"https:\/\/2022.fim-6days.com\/fr\/les-equipes-et-nations-des-isde-2022-ont-ete-revelees\/\" \/>\n<meta property=\"og:locale\" content=\"fr_FR\" \/>\n<meta property=\"og:type\" content=\"article\" \/>\n<meta property=\"og:title\" content=\"Les \u00e9quipes et nations des ISDE 2022 ont \u00e9t\u00e9 r\u00e9v\u00e9l\u00e9es - FIM ISDE 2022\" \/>\n<meta property=\"og:description\" content=\"Il ne fait aucun doute que les FIM International Six Days of Enduro (ISDE) constituent un v\u00e9ritable d\u00e9fi \u00e0 de nombreux niveaux. La pr\u00e9paration et l&#039;entretien de votre moto sont l&#039;une des parties les plus importantes des ISDE. Comme lors des \u00e9ditions pr\u00e9c\u00e9dentes, les concurrents de l&#039;ISDE pourront \u00e0 nouveau profiter d&#039;une vaste gamme de services d&#039;assistance et de location fournis par les principaux constructeurs lors de l&#039;\u00e9v\u00e9nement de cette ann\u00e9e au Puy-en-Velay, en France, du lundi 29 ao\u00fbt au samedi 3 septembre.\" \/>\n<meta property=\"og:url\" content=\"https:\/\/2022.fim-6days.com\/fr\/les-equipes-et-nations-des-isde-2022-ont-ete-revelees\/\" \/>\n<meta property=\"og:site_name\" content=\"FIM ISDE 2022\" \/>\n<meta property=\"article:publisher\" content=\"https:\/\/www.facebook.com\/FIMISDE\/\" \/>\n<meta property=\"article:published_time\" content=\"2022-05-25T14:10:29+00:00\" \/>\n<meta property=\"article:modified_time\" content=\"2022-05-27T17:33:19+00:00\" \/>\n<meta property=\"og:image\" content=\"https:\/\/2022.fim-6days.com\/wp-content\/uploads\/sites\/7\/2022\/05\/046_fimisde_robert.jpg\" \/>\n\t<meta property=\"og:image:width\" content=\"1920\" \/>\n\t<meta property=\"og:image:height\" content=\"1280\" \/>\n\t<meta property=\"og:image:type\" content=\"image\/jpeg\" \/>\n<meta name=\"author\" content=\"adrienl\" \/>\n<meta name=\"twitter:card\" content=\"summary_large_image\" \/>\n<meta name=\"twitter:creator\" content=\"@fimisde\" \/>\n<meta name=\"twitter:site\" content=\"@fimisde\" \/>\n<meta name=\"twitter:label1\" content=\"\u00c9crit par\" \/>\n\t<meta name=\"twitter:data1\" content=\"adrienl\" \/>\n\t<meta name=\"twitter:label2\" content=\"Dur\u00e9e de lecture estim\u00e9e\" \/>\n\t<meta name=\"twitter:data2\" content=\"3 minutes\" \/>\n<script type=\"application\/ld+json\" class=\"yoast-schema-graph\">{\"@context\":\"https:\/\/schema.org\",\"@graph\":[{\"@type\":\"Article\",\"@id\":\"https:\/\/2022.fim-6days.com\/fr\/les-equipes-et-nations-des-isde-2022-ont-ete-revelees\/#article\",\"isPartOf\":{\"@id\":\"https:\/\/2022.fim-6days.com\/fr\/les-equipes-et-nations-des-isde-2022-ont-ete-revelees\/\"},\"author\":{\"name\":\"adrienl\",\"@id\":\"https:\/\/2022.fim-6days.com\/fr\/#\/schema\/person\/b768593eefad52cbe5520ff1c35ba2f5\"},\"headline\":\"Les \u00e9quipes et nations des ISDE 2022 ont \u00e9t\u00e9 r\u00e9v\u00e9l\u00e9es\",\"datePublished\":\"2022-05-25T14:10:29+00:00\",\"dateModified\":\"2022-05-27T17:33:19+00:00\",\"mainEntityOfPage\":{\"@id\":\"https:\/\/2022.fim-6days.com\/fr\/les-equipes-et-nations-des-isde-2022-ont-ete-revelees\/\"},\"wordCount\":1260,\"publisher\":{\"@id\":\"https:\/\/2022.fim-6days.com\/fr\/#organization\"},\"image\":{\"@id\":\"https:\/\/2022.fim-6days.com\/fr\/les-equipes-et-nations-des-isde-2022-ont-ete-revelees\/#primaryimage\"},\"thumbnailUrl\":\"https:\/\/2022.fim-6days.com\/wp-content\/uploads\/sites\/7\/2022\/05\/046_fimisde_robert.jpg\",\"articleSection\":[\"Articles\",\"Avant ISDE2022\"],\"inLanguage\":\"fr-FR\"},{\"@type\":\"WebPage\",\"@id\":\"https:\/\/2022.fim-6days.com\/fr\/les-equipes-et-nations-des-isde-2022-ont-ete-revelees\/\",\"url\":\"https:\/\/2022.fim-6days.com\/fr\/les-equipes-et-nations-des-isde-2022-ont-ete-revelees\/\",\"name\":\"Les \u00e9quipes et nations des ISDE 2022 ont \u00e9t\u00e9 r\u00e9v\u00e9l\u00e9es - FIM ISDE 2022\",\"isPartOf\":{\"@id\":\"https:\/\/2022.fim-6days.com\/fr\/#website\"},\"primaryImageOfPage\":{\"@id\":\"https:\/\/2022.fim-6days.com\/fr\/les-equipes-et-nations-des-isde-2022-ont-ete-revelees\/#primaryimage\"},\"image\":{\"@id\":\"https:\/\/2022.fim-6days.com\/fr\/les-equipes-et-nations-des-isde-2022-ont-ete-revelees\/#primaryimage\"},\"thumbnailUrl\":\"https:\/\/2022.fim-6days.com\/wp-content\/uploads\/sites\/7\/2022\/05\/046_fimisde_robert.jpg\",\"datePublished\":\"2022-05-25T14:10:29+00:00\",\"dateModified\":\"2022-05-27T17:33:19+00:00\",\"description\":\"Il ne fait aucun doute que les FIM International Six Days of Enduro (ISDE) constituent un v\u00e9ritable d\u00e9fi \u00e0 de nombreux niveaux. La pr\u00e9paration et l'entretien de votre moto sont l'une des parties les plus importantes des ISDE. Comme lors des \u00e9ditions pr\u00e9c\u00e9dentes, les concurrents de l'ISDE pourront \u00e0 nouveau profiter d'une vaste gamme de services d'assistance et de location fournis par les principaux constructeurs lors de l'\u00e9v\u00e9nement de cette ann\u00e9e au Puy-en-Velay, en France, du lundi 29 ao\u00fbt au samedi 3 septembre.\",\"breadcrumb\":{\"@id\":\"https:\/\/2022.fim-6days.com\/fr\/les-equipes-et-nations-des-isde-2022-ont-ete-revelees\/#breadcrumb\"},\"inLanguage\":\"fr-FR\",\"potentialAction\":[{\"@type\":\"ReadAction\",\"target\":[\"https:\/\/2022.fim-6days.com\/fr\/les-equipes-et-nations-des-isde-2022-ont-ete-revelees\/\"]}]},{\"@type\":\"ImageObject\",\"inLanguage\":\"fr-FR\",\"@id\":\"https:\/\/2022.fim-6days.com\/fr\/les-equipes-et-nations-des-isde-2022-ont-ete-revelees\/#primaryimage\",\"url\":\"https:\/\/2022.fim-6days.com\/wp-content\/uploads\/sites\/7\/2022\/05\/046_fimisde_robert.jpg\",\"contentUrl\":\"https:\/\/2022.fim-6days.com\/wp-content\/uploads\/sites\/7\/2022\/05\/046_fimisde_robert.jpg\",\"width\":1920,\"height\":1280},{\"@type\":\"BreadcrumbList\",\"@id\":\"https:\/\/2022.fim-6days.com\/fr\/les-equipes-et-nations-des-isde-2022-ont-ete-revelees\/#breadcrumb\",\"itemListElement\":[{\"@type\":\"ListItem\",\"position\":1,\"name\":\"Home\",\"item\":\"https:\/\/2022.fim-6days.com\/fr\/\"},{\"@type\":\"ListItem\",\"position\":2,\"name\":\"Les \u00e9quipes et nations des ISDE 2022 ont \u00e9t\u00e9 r\u00e9v\u00e9l\u00e9es\"}]},{\"@type\":\"WebSite\",\"@id\":\"https:\/\/2022.fim-6days.com\/fr\/#website\",\"url\":\"https:\/\/2022.fim-6days.com\/fr\/\",\"name\":\"FIM ISDE 2021\",\"description\":\"FIM ISDE Official website\",\"publisher\":{\"@id\":\"https:\/\/2022.fim-6days.com\/fr\/#organization\"},\"potentialAction\":[{\"@type\":\"SearchAction\",\"target\":{\"@type\":\"EntryPoint\",\"urlTemplate\":\"https:\/\/2022.fim-6days.com\/fr\/?s={search_term_string}\"},\"query-input\":{\"@type\":\"PropertyValueSpecification\",\"valueRequired\":true,\"valueName\":\"search_term_string\"}}],\"inLanguage\":\"fr-FR\"},{\"@type\":\"Organization\",\"@id\":\"https:\/\/2022.fim-6days.com\/fr\/#organization\",\"name\":\"FIM - F\u00e9d\u00e9ration Internationale de Motocyclisme\",\"url\":\"https:\/\/2022.fim-6days.com\/fr\/\",\"logo\":{\"@type\":\"ImageObject\",\"inLanguage\":\"fr-FR\",\"@id\":\"https:\/\/2022.fim-6days.com\/fr\/#\/schema\/logo\/image\/\",\"url\":\"https:\/\/2022.fim-6days.com\/wp-content\/uploads\/sites\/7\/2019\/07\/LogoFIM-CMYK.png\",\"contentUrl\":\"https:\/\/2022.fim-6days.com\/wp-content\/uploads\/sites\/7\/2019\/07\/LogoFIM-CMYK.png\",\"width\":2608,\"height\":1833,\"caption\":\"FIM - F\u00e9d\u00e9ration Internationale de Motocyclisme\"},\"image\":{\"@id\":\"https:\/\/2022.fim-6days.com\/fr\/#\/schema\/logo\/image\/\"},\"sameAs\":[\"https:\/\/www.facebook.com\/FIMISDE\/\",\"https:\/\/x.com\/fimisde\",\"https:\/\/www.instagram.com\/fim_isde\/\"]},{\"@type\":\"Person\",\"@id\":\"https:\/\/2022.fim-6days.com\/fr\/#\/schema\/person\/b768593eefad52cbe5520ff1c35ba2f5\",\"name\":\"adrienl\",\"image\":{\"@type\":\"ImageObject\",\"inLanguage\":\"fr-FR\",\"@id\":\"https:\/\/2022.fim-6days.com\/fr\/#\/schema\/person\/image\/\",\"url\":\"https:\/\/secure.gravatar.com\/avatar\/e771ef29e1334370187be9d045c63ba9afdb5565bd0da2d089bb69909a828994?s=96&d=mm&r=g\",\"contentUrl\":\"https:\/\/secure.gravatar.com\/avatar\/e771ef29e1334370187be9d045c63ba9afdb5565bd0da2d089bb69909a828994?s=96&d=mm&r=g\",\"caption\":\"adrienl\"},\"url\":\"https:\/\/2022.fim-6days.com\/fr\/author\/adrienl\/\"}]}<\/script>\n<!-- \/ Yoast SEO plugin. -->","yoast_head_json":{"title":"Les \u00e9quipes et nations des ISDE 2022 ont \u00e9t\u00e9 r\u00e9v\u00e9l\u00e9es - FIM ISDE 2022","description":"Il ne fait aucun doute que les FIM International Six Days of Enduro (ISDE) constituent un v\u00e9ritable d\u00e9fi \u00e0 de nombreux niveaux. La pr\u00e9paration et l'entretien de votre moto sont l'une des parties les plus importantes des ISDE. Comme lors des \u00e9ditions pr\u00e9c\u00e9dentes, les concurrents de l'ISDE pourront \u00e0 nouveau profiter d'une vaste gamme de services d'assistance et de location fournis par les principaux constructeurs lors de l'\u00e9v\u00e9nement de cette ann\u00e9e au Puy-en-Velay, en France, du lundi 29 ao\u00fbt au samedi 3 septembre.","robots":{"index":"index","follow":"follow","max-snippet":"max-snippet:-1","max-image-preview":"max-image-preview:large","max-video-preview":"max-video-preview:-1"},"canonical":"https:\/\/2022.fim-6days.com\/fr\/les-equipes-et-nations-des-isde-2022-ont-ete-revelees\/","og_locale":"fr_FR","og_type":"article","og_title":"Les \u00e9quipes et nations des ISDE 2022 ont \u00e9t\u00e9 r\u00e9v\u00e9l\u00e9es - FIM ISDE 2022","og_description":"Il ne fait aucun doute que les FIM International Six Days of Enduro (ISDE) constituent un v\u00e9ritable d\u00e9fi \u00e0 de nombreux niveaux. La pr\u00e9paration et l'entretien de votre moto sont l'une des parties les plus importantes des ISDE. Comme lors des \u00e9ditions pr\u00e9c\u00e9dentes, les concurrents de l'ISDE pourront \u00e0 nouveau profiter d'une vaste gamme de services d'assistance et de location fournis par les principaux constructeurs lors de l'\u00e9v\u00e9nement de cette ann\u00e9e au Puy-en-Velay, en France, du lundi 29 ao\u00fbt au samedi 3 septembre.","og_url":"https:\/\/2022.fim-6days.com\/fr\/les-equipes-et-nations-des-isde-2022-ont-ete-revelees\/","og_site_name":"FIM ISDE 2022","article_publisher":"https:\/\/www.facebook.com\/FIMISDE\/","article_published_time":"2022-05-25T14:10:29+00:00","article_modified_time":"2022-05-27T17:33:19+00:00","og_image":[{"width":1920,"height":1280,"url":"https:\/\/2022.fim-6days.com\/wp-content\/uploads\/sites\/7\/2022\/05\/046_fimisde_robert.jpg","type":"image\/jpeg"}],"author":"adrienl","twitter_card":"summary_large_image","twitter_creator":"@fimisde","twitter_site":"@fimisde","twitter_misc":{"\u00c9crit par":"adrienl","Dur\u00e9e de lecture estim\u00e9e":"3 minutes"},"schema":{"@context":"https:\/\/schema.org","@graph":[{"@type":"Article","@id":"https:\/\/2022.fim-6days.com\/fr\/les-equipes-et-nations-des-isde-2022-ont-ete-revelees\/#article","isPartOf":{"@id":"https:\/\/2022.fim-6days.com\/fr\/les-equipes-et-nations-des-isde-2022-ont-ete-revelees\/"},"author":{"name":"adrienl","@id":"https:\/\/2022.fim-6days.com\/fr\/#\/schema\/person\/b768593eefad52cbe5520ff1c35ba2f5"},"headline":"Les \u00e9quipes et nations des ISDE 2022 ont \u00e9t\u00e9 r\u00e9v\u00e9l\u00e9es","datePublished":"2022-05-25T14:10:29+00:00","dateModified":"2022-05-27T17:33:19+00:00","mainEntityOfPage":{"@id":"https:\/\/2022.fim-6days.com\/fr\/les-equipes-et-nations-des-isde-2022-ont-ete-revelees\/"},"wordCount":1260,"publisher":{"@id":"https:\/\/2022.fim-6days.com\/fr\/#organization"},"image":{"@id":"https:\/\/2022.fim-6days.com\/fr\/les-equipes-et-nations-des-isde-2022-ont-ete-revelees\/#primaryimage"},"thumbnailUrl":"https:\/\/2022.fim-6days.com\/wp-content\/uploads\/sites\/7\/2022\/05\/046_fimisde_robert.jpg","articleSection":["Articles","Avant ISDE2022"],"inLanguage":"fr-FR"},{"@type":"WebPage","@id":"https:\/\/2022.fim-6days.com\/fr\/les-equipes-et-nations-des-isde-2022-ont-ete-revelees\/","url":"https:\/\/2022.fim-6days.com\/fr\/les-equipes-et-nations-des-isde-2022-ont-ete-revelees\/","name":"Les \u00e9quipes et nations des ISDE 2022 ont \u00e9t\u00e9 r\u00e9v\u00e9l\u00e9es - FIM ISDE 2022","isPartOf":{"@id":"https:\/\/2022.fim-6days.com\/fr\/#website"},"primaryImageOfPage":{"@id":"https:\/\/2022.fim-6days.com\/fr\/les-equipes-et-nations-des-isde-2022-ont-ete-revelees\/#primaryimage"},"image":{"@id":"https:\/\/2022.fim-6days.com\/fr\/les-equipes-et-nations-des-isde-2022-ont-ete-revelees\/#primaryimage"},"thumbnailUrl":"https:\/\/2022.fim-6days.com\/wp-content\/uploads\/sites\/7\/2022\/05\/046_fimisde_robert.jpg","datePublished":"2022-05-25T14:10:29+00:00","dateModified":"2022-05-27T17:33:19+00:00","description":"Il ne fait aucun doute que les FIM International Six Days of Enduro (ISDE) constituent un v\u00e9ritable d\u00e9fi \u00e0 de nombreux niveaux. La pr\u00e9paration et l'entretien de votre moto sont l'une des parties les plus importantes des ISDE. Comme lors des \u00e9ditions pr\u00e9c\u00e9dentes, les concurrents de l'ISDE pourront \u00e0 nouveau profiter d'une vaste gamme de services d'assistance et de location fournis par les principaux constructeurs lors de l'\u00e9v\u00e9nement de cette ann\u00e9e au Puy-en-Velay, en France, du lundi 29 ao\u00fbt au samedi 3 septembre.","breadcrumb":{"@id":"https:\/\/2022.fim-6days.com\/fr\/les-equipes-et-nations-des-isde-2022-ont-ete-revelees\/#breadcrumb"},"inLanguage":"fr-FR","potentialAction":[{"@type":"ReadAction","target":["https:\/\/2022.fim-6days.com\/fr\/les-equipes-et-nations-des-isde-2022-ont-ete-revelees\/"]}]},{"@type":"ImageObject","inLanguage":"fr-FR","@id":"https:\/\/2022.fim-6days.com\/fr\/les-equipes-et-nations-des-isde-2022-ont-ete-revelees\/#primaryimage","url":"https:\/\/2022.fim-6days.com\/wp-content\/uploads\/sites\/7\/2022\/05\/046_fimisde_robert.jpg","contentUrl":"https:\/\/2022.fim-6days.com\/wp-content\/uploads\/sites\/7\/2022\/05\/046_fimisde_robert.jpg","width":1920,"height":1280},{"@type":"BreadcrumbList","@id":"https:\/\/2022.fim-6days.com\/fr\/les-equipes-et-nations-des-isde-2022-ont-ete-revelees\/#breadcrumb","itemListElement":[{"@type":"ListItem","position":1,"name":"Home","item":"https:\/\/2022.fim-6days.com\/fr\/"},{"@type":"ListItem","position":2,"name":"Les \u00e9quipes et nations des ISDE 2022 ont \u00e9t\u00e9 r\u00e9v\u00e9l\u00e9es"}]},{"@type":"WebSite","@id":"https:\/\/2022.fim-6days.com\/fr\/#website","url":"https:\/\/2022.fim-6days.com\/fr\/","name":"FIM ISDE 2021","description":"FIM ISDE Official website","publisher":{"@id":"https:\/\/2022.fim-6days.com\/fr\/#organization"},"potentialAction":[{"@type":"SearchAction","target":{"@type":"EntryPoint","urlTemplate":"https:\/\/2022.fim-6days.com\/fr\/?s={search_term_string}"},"query-input":{"@type":"PropertyValueSpecification","valueRequired":true,"valueName":"search_term_string"}}],"inLanguage":"fr-FR"},{"@type":"Organization","@id":"https:\/\/2022.fim-6days.com\/fr\/#organization","name":"FIM - F\u00e9d\u00e9ration Internationale de Motocyclisme","url":"https:\/\/2022.fim-6days.com\/fr\/","logo":{"@type":"ImageObject","inLanguage":"fr-FR","@id":"https:\/\/2022.fim-6days.com\/fr\/#\/schema\/logo\/image\/","url":"https:\/\/2022.fim-6days.com\/wp-content\/uploads\/sites\/7\/2019\/07\/LogoFIM-CMYK.png","contentUrl":"https:\/\/2022.fim-6days.com\/wp-content\/uploads\/sites\/7\/2019\/07\/LogoFIM-CMYK.png","width":2608,"height":1833,"caption":"FIM - F\u00e9d\u00e9ration Internationale de Motocyclisme"},"image":{"@id":"https:\/\/2022.fim-6days.com\/fr\/#\/schema\/logo\/image\/"},"sameAs":["https:\/\/www.facebook.com\/FIMISDE\/","https:\/\/x.com\/fimisde","https:\/\/www.instagram.com\/fim_isde\/"]},{"@type":"Person","@id":"https:\/\/2022.fim-6days.com\/fr\/#\/schema\/person\/b768593eefad52cbe5520ff1c35ba2f5","name":"adrienl","image":{"@type":"ImageObject","inLanguage":"fr-FR","@id":"https:\/\/2022.fim-6days.com\/fr\/#\/schema\/person\/image\/","url":"https:\/\/secure.gravatar.com\/avatar\/e771ef29e1334370187be9d045c63ba9afdb5565bd0da2d089bb69909a828994?s=96&d=mm&r=g","contentUrl":"https:\/\/secure.gravatar.com\/avatar\/e771ef29e1334370187be9d045c63ba9afdb5565bd0da2d089bb69909a828994?s=96&d=mm&r=g","caption":"adrienl"},"url":"https:\/\/2022.fim-6days.com\/fr\/author\/adrienl\/"}]}},"_links":{"self":[{"href":"https:\/\/2022.fim-6days.com\/fr\/wp-json\/wp\/v2\/posts\/39106","targetHints":{"allow":["GET"]}}],"collection":[{"href":"https:\/\/2022.fim-6days.com\/fr\/wp-json\/wp\/v2\/posts"}],"about":[{"href":"https:\/\/2022.fim-6days.com\/fr\/wp-json\/wp\/v2\/types\/post"}],"author":[{"embeddable":true,"href":"https:\/\/2022.fim-6days.com\/fr\/wp-json\/wp\/v2\/users\/5"}],"replies":[{"embeddable":true,"href":"https:\/\/2022.fim-6days.com\/fr\/wp-json\/wp\/v2\/comments?post=39106"}],"version-history":[{"count":5,"href":"https:\/\/2022.fim-6days.com\/fr\/wp-json\/wp\/v2\/posts\/39106\/revisions"}],"predecessor-version":[{"id":39114,"href":"https:\/\/2022.fim-6days.com\/fr\/wp-json\/wp\/v2\/posts\/39106\/revisions\/39114"}],"wp:featuredmedia":[{"embeddable":true,"href":"https:\/\/2022.fim-6days.com\/fr\/wp-json\/wp\/v2\/media\/39110"}],"wp:attachment":[{"href":"https:\/\/2022.fim-6days.com\/fr\/wp-json\/wp\/v2\/media?parent=39106"}],"wp:term":[{"taxonomy":"category","embeddable":true,"href":"https:\/\/2022.fim-6days.com\/fr\/wp-json\/wp\/v2\/categories?post=39106"},{"taxonomy":"post_tag","embeddable":true,"href":"https:\/\/2022.fim-6days.com\/fr\/wp-json\/wp\/v2\/tags?post=39106"}],"curies":[{"name":"wp","href":"https:\/\/api.w.org\/{rel}","templated":true}]}}