{"id":39074,"date":"2022-05-25T15:11:18","date_gmt":"2022-05-25T13:11:18","guid":{"rendered":"https:\/\/2022.fim-6days.com\/?p=39074"},"modified":"2022-05-25T15:34:49","modified_gmt":"2022-05-25T13:34:49","slug":"les-membres-de-lequipe-australienne-des-isde-2022-annonces","status":"publish","type":"post","link":"https:\/\/2022.fim-6days.com\/fr\/les-membres-de-lequipe-australienne-des-isde-2022-annonces\/","title":{"rendered":"Les membres de l&rsquo;\u00e9quipe australienne des ISDE 2022 annonc\u00e9s"},"content":{"rendered":"<div class=\"fusion-fullwidth fullwidth-box fusion-builder-row-1 fusion-flex-container nonhundred-percent-fullwidth non-hundred-percent-height-scrolling\" style=\"--awb-border-radius-top-left:0px;--awb-border-radius-top-right:0px;--awb-border-radius-bottom-right:0px;--awb-border-radius-bottom-left:0px;--awb-padding-top:0px;--awb-padding-bottom:0px;--awb-flex-wrap:wrap;\" ><div class=\"fusion-builder-row fusion-row fusion-flex-align-items-flex-start fusion-flex-content-wrap\" style=\"max-width:1248px;margin-left: calc(-4% \/ 2 );margin-right: calc(-4% \/ 2 );\"><div class=\"fusion-layout-column fusion_builder_column fusion-builder-column-0 fusion_builder_column_1_1 1_1 fusion-flex-column\" style=\"--awb-padding-top:0px;--awb-padding-bottom:0px;--awb-bg-size:cover;--awb-width-large:100%;--awb-margin-top-large:0px;--awb-spacing-right-large:1.92%;--awb-margin-bottom-large:0px;--awb-spacing-left-large:1.92%;--awb-width-medium:100%;--awb-order-medium:0;--awb-spacing-right-medium:1.92%;--awb-spacing-left-medium:1.92%;--awb-width-small:100%;--awb-order-small:0;--awb-spacing-right-small:1.92%;--awb-spacing-left-small:1.92%;\"><div class=\"fusion-column-wrapper fusion-column-has-shadow fusion-flex-justify-content-flex-start fusion-content-layout-column\"><div class=\"fusion-text fusion-text-1\" style=\"--awb-text-transform:none;\"><p><strong>Motorcycling Australia est heureux d&rsquo;annoncer les membres de l&rsquo;\u00e9quipe australienne de l&rsquo;International Six Day Enduro (ISDE) 2022 et le retour de l&rsquo;Australie \u00e0 l&rsquo;\u00e9v\u00e9nement ISDE.<\/strong><\/p>\n<p>Consid\u00e9r\u00e9s \u00e0 juste titre comme le plus grand \u00e9v\u00e9nement mondial d&rsquo;enduro, mais \u00e9galement comme l&rsquo;un des plus difficiles, les ISDE se tiendront en 2022 au Puy-en-Velay, en France, du 29 ao\u00fbt au 3 septembre 2022.<\/p>\n<p>L&rsquo;\u00e9quipe australienne a particip\u00e9 pour la derni\u00e8re fois aux ISDE \u00e0 Portim\u00e3o (Portugal) en 2019 et a obtenu des r\u00e9sultats exceptionnels avec une deuxi\u00e8me place au classement du Troph\u00e9e mondial masculin, une premi\u00e8re place au classement du Troph\u00e9e mondial junior et une huiti\u00e8me place au classement du Troph\u00e9e mondial f\u00e9minin.<\/p>\n<p>En 2022, Daniel Sanders (GASGAS) revient dans l&rsquo;\u00e9quipe australienne en tant que champion ISDE depuis 2019. Sanders a termin\u00e9 quatri\u00e8me du Dakar plus t\u00f4t cette ann\u00e9e et poss\u00e8de une longue liste de victoires dans les ISDE et l&rsquo;AORC.<\/p>\n<p>Aux c\u00f4t\u00e9s de Sanders, Daniel Milner (Fantic) sera pr\u00e9sent en qualit\u00e9 de champion ISDE 2018. En 2022, Milner a particip\u00e9 au c\u00e9l\u00e8bre championnat italien d&rsquo;enduro.<\/p>\n<p>Daniels Sanders et Milner seront rejoints par le champion italien d&rsquo;enduro 2021, r\u00e9cent vainqueur de la manche portugaise du championnat du monde d&rsquo;enduroGP et actuel leader du championnat du monde d&rsquo;enduroGP, Wil Ruprecht (TM).<\/p>\n<p>Le v\u00e9t\u00e9ran des ISDE, Joshua Green (Yamaha), revient dans le Team Australia pour 2022, apportant son exp\u00e9rience et ses grandes capacit\u00e9s en comp\u00e9tition. Joshua a remport\u00e9 un Troph\u00e9e mondial en 2015 et a \u00e9galement remport\u00e9 la victoire dans la cat\u00e9gorie 450 (E2) lors du r\u00e9cent Australian Four Day Enduro (A4DE).<\/p>\n<\/div><div class=\"fusion-image-element \" style=\"--awb-caption-title-font-family:var(--h2_typography-font-family);--awb-caption-title-font-weight:var(--h2_typography-font-weight);--awb-caption-title-font-style:var(--h2_typography-font-style);--awb-caption-title-size:var(--h2_typography-font-size);--awb-caption-title-transform:var(--h2_typography-text-transform);--awb-caption-title-line-height:var(--h2_typography-line-height);--awb-caption-title-letter-spacing:var(--h2_typography-letter-spacing);\"><span class=\" fusion-imageframe imageframe-none imageframe-1 hover-type-none\"><img decoding=\"async\" width=\"1920\" height=\"1280\" title=\"_DSC5348\" src=\"https:\/\/2022.fim-6days.com\/wp-content\/uploads\/sites\/7\/2022\/05\/DSC5348.jpg\" alt class=\"img-responsive wp-image-39093\" srcset=\"https:\/\/2022.fim-6days.com\/wp-content\/uploads\/sites\/7\/2022\/05\/DSC5348-200x133.jpg 200w, https:\/\/2022.fim-6days.com\/wp-content\/uploads\/sites\/7\/2022\/05\/DSC5348-400x267.jpg 400w, https:\/\/2022.fim-6days.com\/wp-content\/uploads\/sites\/7\/2022\/05\/DSC5348-600x400.jpg 600w, https:\/\/2022.fim-6days.com\/wp-content\/uploads\/sites\/7\/2022\/05\/DSC5348-800x533.jpg 800w, https:\/\/2022.fim-6days.com\/wp-content\/uploads\/sites\/7\/2022\/05\/DSC5348-1200x800.jpg 1200w, https:\/\/2022.fim-6days.com\/wp-content\/uploads\/sites\/7\/2022\/05\/DSC5348.jpg 1920w\" sizes=\"(max-width: 1024px) 100vw, (max-width: 640px) 100vw, 1200px\" \/><\/span><\/div><div class=\"fusion-separator fusion-full-width-sep\" style=\"align-self: center;margin-left: auto;margin-right: auto;margin-bottom:20px;width:100%;\"><\/div>\n<div class=\"fusion-text fusion-text-2\" style=\"--awb-text-transform:none;\"><p>Dans la cat\u00e9gorie f\u00e9minine, Jessica Gardiner (Yamaha) cherchera \u00e0 confirmer son top 5 de 2019 et prendra le d\u00e9part de ses 10e ISDE, tandis que la championne GNCC, NEPG et ISDE Tayla Jones (Husqvarna) sera \u00e9galement en France pour les ISDE apr\u00e8s avoir gagn\u00e9 \u00e0 ses d\u00e9buts en 2013.<\/p>\n<p>Apr\u00e8s un r\u00e9cent podium \u00e0 l&rsquo;A4DE, la \u00ab\u00a0plus Australienne des Su\u00e9doises\u00a0\u00bb Emelie Karlsson (KTM) fera ses d\u00e9buts sous les couleurs australiennes.<\/p>\n<p>Chez les juniors, la sensation de Tasmanie Kyron Bacon (Yamaha) fera ses d\u00e9buts aux ISDE apr\u00e8s une saison 2022 exceptionnelle jusqu&rsquo;\u00e0 pr\u00e9sent. Invaincu dans la cat\u00e9gorie 250 (E1) en AORC jusqu&rsquo;\u00e0 pr\u00e9sent, Bacon a \u00e9galement remport\u00e9 une victoire en 250 et au g\u00e9n\u00e9ral en A4DE pour assurer sa place dans l&rsquo;\u00e9quipe.<\/p>\n<p>Deuxi\u00e8me en E1 dans l&rsquo;AORC \u00e0 ce jour, Korey McMahon (GASGAS) rejoindra Bacon en France aux c\u00f4t\u00e9s de Blake Hollis (Yamaha), actuellement troisi\u00e8me dans la classe 250 (E1) de l&rsquo;AORC et troisi\u00e8me dans la m\u00eame classe lors de l&rsquo;A4DE 2022.<\/p>\n<p><strong>Peter Doyle, PDG de Motorcycling Australia (MA)<\/strong> soul\u00e8ve que si l&rsquo;Australie \u00e9tait absente en 2021 et que les ISDE ont \u00e9t\u00e9 annul\u00e9s en 2020, le retour de Team Australia s&rsquo;annonce bien :<\/p>\n<p><em>\u00ab\u00a0C&rsquo;est l&rsquo;une des meilleures \u00e9quipes que nous ayons jamais envoy\u00e9es \u00e0 l&rsquo;\u00e9tranger pour les ISDE\u00a0\u00bb.<\/em><\/p>\n<p><em>\u00ab\u00a0Notre \u00e9quipe senior masculine est non seulement extr\u00eamement talentueuse, mais les quatre coureurs ont montr\u00e9 une forme gagnante aux ISDE en 2022. Alors que nous aimerions avoir le statut d&rsquo;outsider, sur la forme, nous partirons comme l&rsquo;un des favoris.<\/em><\/p>\n<p><em>\u00ab\u00a0Chez les femmes, les trois pilotes ont montr\u00e9 qu&rsquo;elles m\u00e9ritaient non seulement d&rsquo;\u00eatre s\u00e9lectionn\u00e9es pour les ISDE, mais qu&rsquo;elles \u00e9taient \u00e9galement en bonne position pour monter sur le podium.<\/em><\/p>\n<p><em>\u00ab\u00a0En ce qui concerne les Juniors, nos attentes sont \u00e9lev\u00e9es, mais nous voulons les voir montrer ce qu&rsquo;ils peuvent faire sur la sc\u00e8ne mondiale et voir ce que la feuille de r\u00e9sultats montre \u00e0 la fin.\u00a0\u00bb<\/em><\/p>\n<\/div><div class=\"fusion-title title fusion-title-1 sep-underline sep-solid fusion-title-text fusion-title-size-four\" style=\"--awb-text-color:var(--awb-color4);\"><h4 class=\"fusion-title-heading title-heading-left fusion-responsive-typography-calculated\" style=\"margin:0;--fontSize:21;line-height:1.2;\">\u00c9quipe australienne du Troph\u00e9e mondial 2022 :<\/h4><\/div><div class=\"fusion-text fusion-text-3\"><p>Daniel Sanders (E3) \u2013\u00a0<a href=\"https:\/\/www.instagram.com\/danielsanders_11\/\">https:\/\/www.instagram.com\/danielsanders_11\/<\/a><br \/>\nWil Ruprecht \u00a0(E2) \u2013\u00a0<a href=\"https:\/\/www.instagram.com\/wilruprecht17\/\">https:\/\/www.instagram.com\/wilruprecht17\/<\/a><br \/>\nDaniel Milner (E2) \u2013\u00a0<a href=\"https:\/\/www.instagram.com\/milner_31\/\">https:\/\/www.instagram.com\/milner_31\/<\/a><br \/>\nJoshua Green (E1) \u2013\u00a0<a href=\"https:\/\/www.instagram.com\/joshgreen99\/\">https:\/\/www.instagram.com\/joshgreen99\/<\/a><\/p>\n<\/div><div class=\"fusion-title title fusion-title-2 sep-underline sep-solid fusion-title-text fusion-title-size-four\" style=\"--awb-text-color:var(--awb-color4);\"><h4 class=\"fusion-title-heading title-heading-left fusion-responsive-typography-calculated\" style=\"margin:0;--fontSize:21;line-height:1.2;\">Equipe f\u00e9minine australienne du Troph\u00e9e mondial 2022 :<\/h4><\/div><div class=\"fusion-text fusion-text-4\"><p>Jessica Gardiner \u2013\u00a0<a href=\"https:\/\/www.instagram.com\/missjessgardiner\/\">https:\/\/www.instagram.com\/missjessgardiner\/<\/a><br \/>\nTayla Jones \u2013\u00a0<a href=\"https:\/\/www.instagram.com\/taylajones713\/\">https:\/\/www.instagram.com\/taylajones713\/<\/a><br \/>\nEmelie Karlsson \u2013\u00a0<a href=\"https:\/\/www.instagram.com\/emeliekarlsson788\/\">https:\/\/www.instagram.com\/emeliekarlsson788\/<\/a><\/p>\n<\/div><div class=\"fusion-title title fusion-title-3 sep-underline sep-solid fusion-title-text fusion-title-size-four\" style=\"--awb-text-color:var(--awb-color4);\"><h4 class=\"fusion-title-heading title-heading-left fusion-responsive-typography-calculated\" style=\"margin:0;--fontSize:21;line-height:1.2;\">\u00c9quipe australienne du Troph\u00e9e mondial junior 2022 :<\/h4><\/div><div class=\"fusion-text fusion-text-5\"><p>Kyron Bacon (E1) \u2013\u00a0<a href=\"https:\/\/www.instagram.com\/kyronbacon_228\/\">https:\/\/www.instagram.com\/kyronbacon_228\/<\/a><br \/>\nBlake Hollis (E1) \u2013\u00a0<a href=\"https:\/\/www.instagram.com\/blakehollis16\/\">https:\/\/www.instagram.com\/blakehollis16\/<\/a><br \/>\nKorey McMahon (E2) \u2013\u00a0<a href=\"https:\/\/www.instagram.com\/korey_mcmahon153\/\">https:\/\/www.instagram.com\/korey_mcmahon153\/<\/a><\/p>\n<\/div><div class=\"fusion-slider-sc\"><div class=\"fusion-flexslider-loading flexslider flexslider-hover-type-none\" data-slideshow_autoplay=\"1\" data-slideshow_smooth_height=\"0\" data-slideshow_speed=\"7000\" style=\"max-width:100%;height:100%;\"><ul class=\"slides\"><li class=\"image\"><span class=\"fusion-image-hover-element hover-type-none\"><img decoding=\"async\" src=\"https:\/\/2022.fim-6days.com\/wp-content\/uploads\/sites\/7\/2022\/05\/Day6_FIM_ISDE_2019_Portimao_033.jpg\" width=\"1920\" height=\"1280\" class=\"wp-image-39090\" srcset=\"https:\/\/2022.fim-6days.com\/wp-content\/uploads\/sites\/7\/2022\/05\/Day6_FIM_ISDE_2019_Portimao_033-200x133.jpg 200w, https:\/\/2022.fim-6days.com\/wp-content\/uploads\/sites\/7\/2022\/05\/Day6_FIM_ISDE_2019_Portimao_033-400x267.jpg 400w, https:\/\/2022.fim-6days.com\/wp-content\/uploads\/sites\/7\/2022\/05\/Day6_FIM_ISDE_2019_Portimao_033-600x400.jpg 600w, https:\/\/2022.fim-6days.com\/wp-content\/uploads\/sites\/7\/2022\/05\/Day6_FIM_ISDE_2019_Portimao_033-800x533.jpg 800w, https:\/\/2022.fim-6days.com\/wp-content\/uploads\/sites\/7\/2022\/05\/Day6_FIM_ISDE_2019_Portimao_033-1200x800.jpg 1200w, https:\/\/2022.fim-6days.com\/wp-content\/uploads\/sites\/7\/2022\/05\/Day6_FIM_ISDE_2019_Portimao_033.jpg 1920w\" sizes=\"(max-width: 1024px) 100vw, (max-width: 640px) 100vw, 1200px\" \/><\/span><\/li><li class=\"image\"><span class=\"fusion-image-hover-element hover-type-none\"><img decoding=\"async\" src=\"https:\/\/2022.fim-6days.com\/wp-content\/uploads\/sites\/7\/2022\/05\/DSC5348.jpg\" width=\"1920\" height=\"1280\" class=\"wp-image-39092\" srcset=\"https:\/\/2022.fim-6days.com\/wp-content\/uploads\/sites\/7\/2022\/05\/DSC5348-200x133.jpg 200w, https:\/\/2022.fim-6days.com\/wp-content\/uploads\/sites\/7\/2022\/05\/DSC5348-400x267.jpg 400w, https:\/\/2022.fim-6days.com\/wp-content\/uploads\/sites\/7\/2022\/05\/DSC5348-600x400.jpg 600w, https:\/\/2022.fim-6days.com\/wp-content\/uploads\/sites\/7\/2022\/05\/DSC5348-800x533.jpg 800w, https:\/\/2022.fim-6days.com\/wp-content\/uploads\/sites\/7\/2022\/05\/DSC5348-1200x800.jpg 1200w, https:\/\/2022.fim-6days.com\/wp-content\/uploads\/sites\/7\/2022\/05\/DSC5348.jpg 1920w\" sizes=\"(max-width: 1024px) 100vw, (max-width: 640px) 100vw, 1200px\" \/><\/span><\/li><li class=\"image\"><span class=\"fusion-image-hover-element hover-type-none\"><img decoding=\"async\" src=\"https:\/\/2022.fim-6days.com\/wp-content\/uploads\/sites\/7\/2022\/05\/Day1_FIM_ISDE_2019_Portimao_026.jpg\" width=\"1920\" height=\"1280\" class=\"wp-image-39087\" srcset=\"https:\/\/2022.fim-6days.com\/wp-content\/uploads\/sites\/7\/2022\/05\/Day1_FIM_ISDE_2019_Portimao_026-200x133.jpg 200w, https:\/\/2022.fim-6days.com\/wp-content\/uploads\/sites\/7\/2022\/05\/Day1_FIM_ISDE_2019_Portimao_026-400x267.jpg 400w, https:\/\/2022.fim-6days.com\/wp-content\/uploads\/sites\/7\/2022\/05\/Day1_FIM_ISDE_2019_Portimao_026-600x400.jpg 600w, https:\/\/2022.fim-6days.com\/wp-content\/uploads\/sites\/7\/2022\/05\/Day1_FIM_ISDE_2019_Portimao_026-800x533.jpg 800w, https:\/\/2022.fim-6days.com\/wp-content\/uploads\/sites\/7\/2022\/05\/Day1_FIM_ISDE_2019_Portimao_026-1200x800.jpg 1200w, https:\/\/2022.fim-6days.com\/wp-content\/uploads\/sites\/7\/2022\/05\/Day1_FIM_ISDE_2019_Portimao_026.jpg 1920w\" sizes=\"(max-width: 1024px) 100vw, (max-width: 640px) 100vw, 1200px\" \/><\/span><\/li><li class=\"image\"><span class=\"fusion-image-hover-element hover-type-none\"><img decoding=\"async\" src=\"https:\/\/2022.fim-6days.com\/wp-content\/uploads\/sites\/7\/2022\/05\/1T9A0191-1024x594-1.jpg\" width=\"1024\" height=\"594\" class=\"wp-image-39081\" srcset=\"https:\/\/2022.fim-6days.com\/wp-content\/uploads\/sites\/7\/2022\/05\/1T9A0191-1024x594-1-200x116.jpg 200w, https:\/\/2022.fim-6days.com\/wp-content\/uploads\/sites\/7\/2022\/05\/1T9A0191-1024x594-1-400x232.jpg 400w, https:\/\/2022.fim-6days.com\/wp-content\/uploads\/sites\/7\/2022\/05\/1T9A0191-1024x594-1-600x348.jpg 600w, https:\/\/2022.fim-6days.com\/wp-content\/uploads\/sites\/7\/2022\/05\/1T9A0191-1024x594-1-800x464.jpg 800w, https:\/\/2022.fim-6days.com\/wp-content\/uploads\/sites\/7\/2022\/05\/1T9A0191-1024x594-1.jpg 1024w\" sizes=\"(max-width: 1024px) 100vw, (max-width: 640px) 100vw, 1024px\" \/><\/span><\/li><li class=\"image\"><span class=\"fusion-image-hover-element hover-type-none\"><img decoding=\"async\" src=\"https:\/\/2022.fim-6days.com\/wp-content\/uploads\/sites\/7\/2022\/05\/1T9A0200-1024x680-1.jpg\" width=\"1024\" height=\"680\" class=\"wp-image-39079\" srcset=\"https:\/\/2022.fim-6days.com\/wp-content\/uploads\/sites\/7\/2022\/05\/1T9A0200-1024x680-1-200x133.jpg 200w, https:\/\/2022.fim-6days.com\/wp-content\/uploads\/sites\/7\/2022\/05\/1T9A0200-1024x680-1-400x266.jpg 400w, https:\/\/2022.fim-6days.com\/wp-content\/uploads\/sites\/7\/2022\/05\/1T9A0200-1024x680-1-600x398.jpg 600w, https:\/\/2022.fim-6days.com\/wp-content\/uploads\/sites\/7\/2022\/05\/1T9A0200-1024x680-1-800x531.jpg 800w, https:\/\/2022.fim-6days.com\/wp-content\/uploads\/sites\/7\/2022\/05\/1T9A0200-1024x680-1.jpg 1024w\" sizes=\"(max-width: 1024px) 100vw, (max-width: 640px) 100vw, 1024px\" \/><\/span><\/li><\/ul><\/div><\/div><div class=\"fusion-text fusion-text-6\"><p>\u00a9 Motorcycling Australia<\/p>\n<\/div><\/div><\/div><\/div><\/div>\n","protected":false},"excerpt":{"rendered":"","protected":false},"author":5,"featured_media":39088,"comment_status":"closed","ping_status":"closed","sticky":false,"template":"","format":"standard","meta":{"inline_featured_image":false,"footnotes":""},"categories":[75,95],"tags":[],"class_list":["post-39074","post","type-post","status-publish","format-standard","has-post-thumbnail","hentry","category-articles","category-avant-isde2022"],"yoast_head":"<!-- This site is optimized with the Yoast SEO plugin v25.6 - https:\/\/yoast.com\/wordpress\/plugins\/seo\/ -->\n<title>Les membres de l&#039;\u00e9quipe australienne des ISDE 2022 annonc\u00e9s - FIM ISDE 2022<\/title>\n<meta name=\"description\" content=\"Il ne fait aucun doute que les FIM International Six Days of Enduro (ISDE) constituent un v\u00e9ritable d\u00e9fi \u00e0 de nombreux niveaux. La pr\u00e9paration et l&#039;entretien de votre moto sont l&#039;une des parties les plus importantes des ISDE. Comme lors des \u00e9ditions pr\u00e9c\u00e9dentes, les concurrents de l&#039;ISDE pourront \u00e0 nouveau profiter d&#039;une vaste gamme de services d&#039;assistance et de location fournis par les principaux constructeurs lors de l&#039;\u00e9v\u00e9nement de cette ann\u00e9e au Puy-en-Velay, en France, du lundi 29 ao\u00fbt au samedi 3 septembre.\" \/>\n<meta name=\"robots\" content=\"index, follow, max-snippet:-1, max-image-preview:large, max-video-preview:-1\" \/>\n<link rel=\"canonical\" href=\"https:\/\/2022.fim-6days.com\/fr\/les-membres-de-lequipe-australienne-des-isde-2022-annonces\/\" \/>\n<meta property=\"og:locale\" content=\"fr_FR\" \/>\n<meta property=\"og:type\" content=\"article\" \/>\n<meta property=\"og:title\" content=\"Les membres de l&#039;\u00e9quipe australienne des ISDE 2022 annonc\u00e9s - FIM ISDE 2022\" \/>\n<meta property=\"og:description\" content=\"Il ne fait aucun doute que les FIM International Six Days of Enduro (ISDE) constituent un v\u00e9ritable d\u00e9fi \u00e0 de nombreux niveaux. La pr\u00e9paration et l&#039;entretien de votre moto sont l&#039;une des parties les plus importantes des ISDE. Comme lors des \u00e9ditions pr\u00e9c\u00e9dentes, les concurrents de l&#039;ISDE pourront \u00e0 nouveau profiter d&#039;une vaste gamme de services d&#039;assistance et de location fournis par les principaux constructeurs lors de l&#039;\u00e9v\u00e9nement de cette ann\u00e9e au Puy-en-Velay, en France, du lundi 29 ao\u00fbt au samedi 3 septembre.\" \/>\n<meta property=\"og:url\" content=\"https:\/\/2022.fim-6days.com\/fr\/les-membres-de-lequipe-australienne-des-isde-2022-annonces\/\" \/>\n<meta property=\"og:site_name\" content=\"FIM ISDE 2022\" \/>\n<meta property=\"article:publisher\" content=\"https:\/\/www.facebook.com\/FIMISDE\/\" \/>\n<meta property=\"article:published_time\" content=\"2022-05-25T13:11:18+00:00\" \/>\n<meta property=\"article:modified_time\" content=\"2022-05-25T13:34:49+00:00\" \/>\n<meta property=\"og:image\" content=\"https:\/\/2022.fim-6days.com\/wp-content\/uploads\/sites\/7\/2022\/05\/Day1_FIM_ISDE_2019_Portimao_026.jpg\" \/>\n\t<meta property=\"og:image:width\" content=\"1920\" \/>\n\t<meta property=\"og:image:height\" content=\"1280\" \/>\n\t<meta property=\"og:image:type\" content=\"image\/jpeg\" \/>\n<meta name=\"author\" content=\"adrienl\" \/>\n<meta name=\"twitter:card\" content=\"summary_large_image\" \/>\n<meta name=\"twitter:creator\" content=\"@fimisde\" \/>\n<meta name=\"twitter:site\" content=\"@fimisde\" \/>\n<meta name=\"twitter:label1\" content=\"\u00c9crit par\" \/>\n\t<meta name=\"twitter:data1\" content=\"adrienl\" \/>\n\t<meta name=\"twitter:label2\" content=\"Dur\u00e9e de lecture estim\u00e9e\" \/>\n\t<meta name=\"twitter:data2\" content=\"3 minutes\" \/>\n<script type=\"application\/ld+json\" class=\"yoast-schema-graph\">{\"@context\":\"https:\/\/schema.org\",\"@graph\":[{\"@type\":\"Article\",\"@id\":\"https:\/\/2022.fim-6days.com\/fr\/les-membres-de-lequipe-australienne-des-isde-2022-annonces\/#article\",\"isPartOf\":{\"@id\":\"https:\/\/2022.fim-6days.com\/fr\/les-membres-de-lequipe-australienne-des-isde-2022-annonces\/\"},\"author\":{\"name\":\"adrienl\",\"@id\":\"https:\/\/2022.fim-6days.com\/fr\/#\/schema\/person\/b768593eefad52cbe5520ff1c35ba2f5\"},\"headline\":\"Les membres de l&rsquo;\u00e9quipe australienne des ISDE 2022 annonc\u00e9s\",\"datePublished\":\"2022-05-25T13:11:18+00:00\",\"dateModified\":\"2022-05-25T13:34:49+00:00\",\"mainEntityOfPage\":{\"@id\":\"https:\/\/2022.fim-6days.com\/fr\/les-membres-de-lequipe-australienne-des-isde-2022-annonces\/\"},\"wordCount\":2804,\"publisher\":{\"@id\":\"https:\/\/2022.fim-6days.com\/fr\/#organization\"},\"image\":{\"@id\":\"https:\/\/2022.fim-6days.com\/fr\/les-membres-de-lequipe-australienne-des-isde-2022-annonces\/#primaryimage\"},\"thumbnailUrl\":\"https:\/\/2022.fim-6days.com\/wp-content\/uploads\/sites\/7\/2022\/05\/Day1_FIM_ISDE_2019_Portimao_026.jpg\",\"articleSection\":[\"Articles\",\"Avant ISDE2022\"],\"inLanguage\":\"fr-FR\"},{\"@type\":\"WebPage\",\"@id\":\"https:\/\/2022.fim-6days.com\/fr\/les-membres-de-lequipe-australienne-des-isde-2022-annonces\/\",\"url\":\"https:\/\/2022.fim-6days.com\/fr\/les-membres-de-lequipe-australienne-des-isde-2022-annonces\/\",\"name\":\"Les membres de l'\u00e9quipe australienne des ISDE 2022 annonc\u00e9s - FIM ISDE 2022\",\"isPartOf\":{\"@id\":\"https:\/\/2022.fim-6days.com\/fr\/#website\"},\"primaryImageOfPage\":{\"@id\":\"https:\/\/2022.fim-6days.com\/fr\/les-membres-de-lequipe-australienne-des-isde-2022-annonces\/#primaryimage\"},\"image\":{\"@id\":\"https:\/\/2022.fim-6days.com\/fr\/les-membres-de-lequipe-australienne-des-isde-2022-annonces\/#primaryimage\"},\"thumbnailUrl\":\"https:\/\/2022.fim-6days.com\/wp-content\/uploads\/sites\/7\/2022\/05\/Day1_FIM_ISDE_2019_Portimao_026.jpg\",\"datePublished\":\"2022-05-25T13:11:18+00:00\",\"dateModified\":\"2022-05-25T13:34:49+00:00\",\"description\":\"Il ne fait aucun doute que les FIM International Six Days of Enduro (ISDE) constituent un v\u00e9ritable d\u00e9fi \u00e0 de nombreux niveaux. La pr\u00e9paration et l'entretien de votre moto sont l'une des parties les plus importantes des ISDE. Comme lors des \u00e9ditions pr\u00e9c\u00e9dentes, les concurrents de l'ISDE pourront \u00e0 nouveau profiter d'une vaste gamme de services d'assistance et de location fournis par les principaux constructeurs lors de l'\u00e9v\u00e9nement de cette ann\u00e9e au Puy-en-Velay, en France, du lundi 29 ao\u00fbt au samedi 3 septembre.\",\"breadcrumb\":{\"@id\":\"https:\/\/2022.fim-6days.com\/fr\/les-membres-de-lequipe-australienne-des-isde-2022-annonces\/#breadcrumb\"},\"inLanguage\":\"fr-FR\",\"potentialAction\":[{\"@type\":\"ReadAction\",\"target\":[\"https:\/\/2022.fim-6days.com\/fr\/les-membres-de-lequipe-australienne-des-isde-2022-annonces\/\"]}]},{\"@type\":\"ImageObject\",\"inLanguage\":\"fr-FR\",\"@id\":\"https:\/\/2022.fim-6days.com\/fr\/les-membres-de-lequipe-australienne-des-isde-2022-annonces\/#primaryimage\",\"url\":\"https:\/\/2022.fim-6days.com\/wp-content\/uploads\/sites\/7\/2022\/05\/Day1_FIM_ISDE_2019_Portimao_026.jpg\",\"contentUrl\":\"https:\/\/2022.fim-6days.com\/wp-content\/uploads\/sites\/7\/2022\/05\/Day1_FIM_ISDE_2019_Portimao_026.jpg\",\"width\":1920,\"height\":1280},{\"@type\":\"BreadcrumbList\",\"@id\":\"https:\/\/2022.fim-6days.com\/fr\/les-membres-de-lequipe-australienne-des-isde-2022-annonces\/#breadcrumb\",\"itemListElement\":[{\"@type\":\"ListItem\",\"position\":1,\"name\":\"Home\",\"item\":\"https:\/\/2022.fim-6days.com\/fr\/\"},{\"@type\":\"ListItem\",\"position\":2,\"name\":\"Les membres de l&rsquo;\u00e9quipe australienne des ISDE 2022 annonc\u00e9s\"}]},{\"@type\":\"WebSite\",\"@id\":\"https:\/\/2022.fim-6days.com\/fr\/#website\",\"url\":\"https:\/\/2022.fim-6days.com\/fr\/\",\"name\":\"FIM ISDE 2021\",\"description\":\"FIM ISDE Official website\",\"publisher\":{\"@id\":\"https:\/\/2022.fim-6days.com\/fr\/#organization\"},\"potentialAction\":[{\"@type\":\"SearchAction\",\"target\":{\"@type\":\"EntryPoint\",\"urlTemplate\":\"https:\/\/2022.fim-6days.com\/fr\/?s={search_term_string}\"},\"query-input\":{\"@type\":\"PropertyValueSpecification\",\"valueRequired\":true,\"valueName\":\"search_term_string\"}}],\"inLanguage\":\"fr-FR\"},{\"@type\":\"Organization\",\"@id\":\"https:\/\/2022.fim-6days.com\/fr\/#organization\",\"name\":\"FIM - F\u00e9d\u00e9ration Internationale de Motocyclisme\",\"url\":\"https:\/\/2022.fim-6days.com\/fr\/\",\"logo\":{\"@type\":\"ImageObject\",\"inLanguage\":\"fr-FR\",\"@id\":\"https:\/\/2022.fim-6days.com\/fr\/#\/schema\/logo\/image\/\",\"url\":\"https:\/\/2022.fim-6days.com\/wp-content\/uploads\/sites\/7\/2019\/07\/LogoFIM-CMYK.png\",\"contentUrl\":\"https:\/\/2022.fim-6days.com\/wp-content\/uploads\/sites\/7\/2019\/07\/LogoFIM-CMYK.png\",\"width\":2608,\"height\":1833,\"caption\":\"FIM - F\u00e9d\u00e9ration Internationale de Motocyclisme\"},\"image\":{\"@id\":\"https:\/\/2022.fim-6days.com\/fr\/#\/schema\/logo\/image\/\"},\"sameAs\":[\"https:\/\/www.facebook.com\/FIMISDE\/\",\"https:\/\/x.com\/fimisde\",\"https:\/\/www.instagram.com\/fim_isde\/\"]},{\"@type\":\"Person\",\"@id\":\"https:\/\/2022.fim-6days.com\/fr\/#\/schema\/person\/b768593eefad52cbe5520ff1c35ba2f5\",\"name\":\"adrienl\",\"image\":{\"@type\":\"ImageObject\",\"inLanguage\":\"fr-FR\",\"@id\":\"https:\/\/2022.fim-6days.com\/fr\/#\/schema\/person\/image\/\",\"url\":\"https:\/\/secure.gravatar.com\/avatar\/e771ef29e1334370187be9d045c63ba9afdb5565bd0da2d089bb69909a828994?s=96&d=mm&r=g\",\"contentUrl\":\"https:\/\/secure.gravatar.com\/avatar\/e771ef29e1334370187be9d045c63ba9afdb5565bd0da2d089bb69909a828994?s=96&d=mm&r=g\",\"caption\":\"adrienl\"},\"url\":\"https:\/\/2022.fim-6days.com\/fr\/author\/adrienl\/\"}]}<\/script>\n<!-- \/ Yoast SEO plugin. -->","yoast_head_json":{"title":"Les membres de l'\u00e9quipe australienne des ISDE 2022 annonc\u00e9s - FIM ISDE 2022","description":"Il ne fait aucun doute que les FIM International Six Days of Enduro (ISDE) constituent un v\u00e9ritable d\u00e9fi \u00e0 de nombreux niveaux. La pr\u00e9paration et l'entretien de votre moto sont l'une des parties les plus importantes des ISDE. Comme lors des \u00e9ditions pr\u00e9c\u00e9dentes, les concurrents de l'ISDE pourront \u00e0 nouveau profiter d'une vaste gamme de services d'assistance et de location fournis par les principaux constructeurs lors de l'\u00e9v\u00e9nement de cette ann\u00e9e au Puy-en-Velay, en France, du lundi 29 ao\u00fbt au samedi 3 septembre.","robots":{"index":"index","follow":"follow","max-snippet":"max-snippet:-1","max-image-preview":"max-image-preview:large","max-video-preview":"max-video-preview:-1"},"canonical":"https:\/\/2022.fim-6days.com\/fr\/les-membres-de-lequipe-australienne-des-isde-2022-annonces\/","og_locale":"fr_FR","og_type":"article","og_title":"Les membres de l'\u00e9quipe australienne des ISDE 2022 annonc\u00e9s - FIM ISDE 2022","og_description":"Il ne fait aucun doute que les FIM International Six Days of Enduro (ISDE) constituent un v\u00e9ritable d\u00e9fi \u00e0 de nombreux niveaux. La pr\u00e9paration et l'entretien de votre moto sont l'une des parties les plus importantes des ISDE. Comme lors des \u00e9ditions pr\u00e9c\u00e9dentes, les concurrents de l'ISDE pourront \u00e0 nouveau profiter d'une vaste gamme de services d'assistance et de location fournis par les principaux constructeurs lors de l'\u00e9v\u00e9nement de cette ann\u00e9e au Puy-en-Velay, en France, du lundi 29 ao\u00fbt au samedi 3 septembre.","og_url":"https:\/\/2022.fim-6days.com\/fr\/les-membres-de-lequipe-australienne-des-isde-2022-annonces\/","og_site_name":"FIM ISDE 2022","article_publisher":"https:\/\/www.facebook.com\/FIMISDE\/","article_published_time":"2022-05-25T13:11:18+00:00","article_modified_time":"2022-05-25T13:34:49+00:00","og_image":[{"width":1920,"height":1280,"url":"https:\/\/2022.fim-6days.com\/wp-content\/uploads\/sites\/7\/2022\/05\/Day1_FIM_ISDE_2019_Portimao_026.jpg","type":"image\/jpeg"}],"author":"adrienl","twitter_card":"summary_large_image","twitter_creator":"@fimisde","twitter_site":"@fimisde","twitter_misc":{"\u00c9crit par":"adrienl","Dur\u00e9e de lecture estim\u00e9e":"3 minutes"},"schema":{"@context":"https:\/\/schema.org","@graph":[{"@type":"Article","@id":"https:\/\/2022.fim-6days.com\/fr\/les-membres-de-lequipe-australienne-des-isde-2022-annonces\/#article","isPartOf":{"@id":"https:\/\/2022.fim-6days.com\/fr\/les-membres-de-lequipe-australienne-des-isde-2022-annonces\/"},"author":{"name":"adrienl","@id":"https:\/\/2022.fim-6days.com\/fr\/#\/schema\/person\/b768593eefad52cbe5520ff1c35ba2f5"},"headline":"Les membres de l&rsquo;\u00e9quipe australienne des ISDE 2022 annonc\u00e9s","datePublished":"2022-05-25T13:11:18+00:00","dateModified":"2022-05-25T13:34:49+00:00","mainEntityOfPage":{"@id":"https:\/\/2022.fim-6days.com\/fr\/les-membres-de-lequipe-australienne-des-isde-2022-annonces\/"},"wordCount":2804,"publisher":{"@id":"https:\/\/2022.fim-6days.com\/fr\/#organization"},"image":{"@id":"https:\/\/2022.fim-6days.com\/fr\/les-membres-de-lequipe-australienne-des-isde-2022-annonces\/#primaryimage"},"thumbnailUrl":"https:\/\/2022.fim-6days.com\/wp-content\/uploads\/sites\/7\/2022\/05\/Day1_FIM_ISDE_2019_Portimao_026.jpg","articleSection":["Articles","Avant ISDE2022"],"inLanguage":"fr-FR"},{"@type":"WebPage","@id":"https:\/\/2022.fim-6days.com\/fr\/les-membres-de-lequipe-australienne-des-isde-2022-annonces\/","url":"https:\/\/2022.fim-6days.com\/fr\/les-membres-de-lequipe-australienne-des-isde-2022-annonces\/","name":"Les membres de l'\u00e9quipe australienne des ISDE 2022 annonc\u00e9s - FIM ISDE 2022","isPartOf":{"@id":"https:\/\/2022.fim-6days.com\/fr\/#website"},"primaryImageOfPage":{"@id":"https:\/\/2022.fim-6days.com\/fr\/les-membres-de-lequipe-australienne-des-isde-2022-annonces\/#primaryimage"},"image":{"@id":"https:\/\/2022.fim-6days.com\/fr\/les-membres-de-lequipe-australienne-des-isde-2022-annonces\/#primaryimage"},"thumbnailUrl":"https:\/\/2022.fim-6days.com\/wp-content\/uploads\/sites\/7\/2022\/05\/Day1_FIM_ISDE_2019_Portimao_026.jpg","datePublished":"2022-05-25T13:11:18+00:00","dateModified":"2022-05-25T13:34:49+00:00","description":"Il ne fait aucun doute que les FIM International Six Days of Enduro (ISDE) constituent un v\u00e9ritable d\u00e9fi \u00e0 de nombreux niveaux. La pr\u00e9paration et l'entretien de votre moto sont l'une des parties les plus importantes des ISDE. Comme lors des \u00e9ditions pr\u00e9c\u00e9dentes, les concurrents de l'ISDE pourront \u00e0 nouveau profiter d'une vaste gamme de services d'assistance et de location fournis par les principaux constructeurs lors de l'\u00e9v\u00e9nement de cette ann\u00e9e au Puy-en-Velay, en France, du lundi 29 ao\u00fbt au samedi 3 septembre.","breadcrumb":{"@id":"https:\/\/2022.fim-6days.com\/fr\/les-membres-de-lequipe-australienne-des-isde-2022-annonces\/#breadcrumb"},"inLanguage":"fr-FR","potentialAction":[{"@type":"ReadAction","target":["https:\/\/2022.fim-6days.com\/fr\/les-membres-de-lequipe-australienne-des-isde-2022-annonces\/"]}]},{"@type":"ImageObject","inLanguage":"fr-FR","@id":"https:\/\/2022.fim-6days.com\/fr\/les-membres-de-lequipe-australienne-des-isde-2022-annonces\/#primaryimage","url":"https:\/\/2022.fim-6days.com\/wp-content\/uploads\/sites\/7\/2022\/05\/Day1_FIM_ISDE_2019_Portimao_026.jpg","contentUrl":"https:\/\/2022.fim-6days.com\/wp-content\/uploads\/sites\/7\/2022\/05\/Day1_FIM_ISDE_2019_Portimao_026.jpg","width":1920,"height":1280},{"@type":"BreadcrumbList","@id":"https:\/\/2022.fim-6days.com\/fr\/les-membres-de-lequipe-australienne-des-isde-2022-annonces\/#breadcrumb","itemListElement":[{"@type":"ListItem","position":1,"name":"Home","item":"https:\/\/2022.fim-6days.com\/fr\/"},{"@type":"ListItem","position":2,"name":"Les membres de l&rsquo;\u00e9quipe australienne des ISDE 2022 annonc\u00e9s"}]},{"@type":"WebSite","@id":"https:\/\/2022.fim-6days.com\/fr\/#website","url":"https:\/\/2022.fim-6days.com\/fr\/","name":"FIM ISDE 2021","description":"FIM ISDE Official website","publisher":{"@id":"https:\/\/2022.fim-6days.com\/fr\/#organization"},"potentialAction":[{"@type":"SearchAction","target":{"@type":"EntryPoint","urlTemplate":"https:\/\/2022.fim-6days.com\/fr\/?s={search_term_string}"},"query-input":{"@type":"PropertyValueSpecification","valueRequired":true,"valueName":"search_term_string"}}],"inLanguage":"fr-FR"},{"@type":"Organization","@id":"https:\/\/2022.fim-6days.com\/fr\/#organization","name":"FIM - F\u00e9d\u00e9ration Internationale de Motocyclisme","url":"https:\/\/2022.fim-6days.com\/fr\/","logo":{"@type":"ImageObject","inLanguage":"fr-FR","@id":"https:\/\/2022.fim-6days.com\/fr\/#\/schema\/logo\/image\/","url":"https:\/\/2022.fim-6days.com\/wp-content\/uploads\/sites\/7\/2019\/07\/LogoFIM-CMYK.png","contentUrl":"https:\/\/2022.fim-6days.com\/wp-content\/uploads\/sites\/7\/2019\/07\/LogoFIM-CMYK.png","width":2608,"height":1833,"caption":"FIM - F\u00e9d\u00e9ration Internationale de Motocyclisme"},"image":{"@id":"https:\/\/2022.fim-6days.com\/fr\/#\/schema\/logo\/image\/"},"sameAs":["https:\/\/www.facebook.com\/FIMISDE\/","https:\/\/x.com\/fimisde","https:\/\/www.instagram.com\/fim_isde\/"]},{"@type":"Person","@id":"https:\/\/2022.fim-6days.com\/fr\/#\/schema\/person\/b768593eefad52cbe5520ff1c35ba2f5","name":"adrienl","image":{"@type":"ImageObject","inLanguage":"fr-FR","@id":"https:\/\/2022.fim-6days.com\/fr\/#\/schema\/person\/image\/","url":"https:\/\/secure.gravatar.com\/avatar\/e771ef29e1334370187be9d045c63ba9afdb5565bd0da2d089bb69909a828994?s=96&d=mm&r=g","contentUrl":"https:\/\/secure.gravatar.com\/avatar\/e771ef29e1334370187be9d045c63ba9afdb5565bd0da2d089bb69909a828994?s=96&d=mm&r=g","caption":"adrienl"},"url":"https:\/\/2022.fim-6days.com\/fr\/author\/adrienl\/"}]}},"_links":{"self":[{"href":"https:\/\/2022.fim-6days.com\/fr\/wp-json\/wp\/v2\/posts\/39074","targetHints":{"allow":["GET"]}}],"collection":[{"href":"https:\/\/2022.fim-6days.com\/fr\/wp-json\/wp\/v2\/posts"}],"about":[{"href":"https:\/\/2022.fim-6days.com\/fr\/wp-json\/wp\/v2\/types\/post"}],"author":[{"embeddable":true,"href":"https:\/\/2022.fim-6days.com\/fr\/wp-json\/wp\/v2\/users\/5"}],"replies":[{"embeddable":true,"href":"https:\/\/2022.fim-6days.com\/fr\/wp-json\/wp\/v2\/comments?post=39074"}],"version-history":[{"count":5,"href":"https:\/\/2022.fim-6days.com\/fr\/wp-json\/wp\/v2\/posts\/39074\/revisions"}],"predecessor-version":[{"id":39098,"href":"https:\/\/2022.fim-6days.com\/fr\/wp-json\/wp\/v2\/posts\/39074\/revisions\/39098"}],"wp:featuredmedia":[{"embeddable":true,"href":"https:\/\/2022.fim-6days.com\/fr\/wp-json\/wp\/v2\/media\/39088"}],"wp:attachment":[{"href":"https:\/\/2022.fim-6days.com\/fr\/wp-json\/wp\/v2\/media?parent=39074"}],"wp:term":[{"taxonomy":"category","embeddable":true,"href":"https:\/\/2022.fim-6days.com\/fr\/wp-json\/wp\/v2\/categories?post=39074"},{"taxonomy":"post_tag","embeddable":true,"href":"https:\/\/2022.fim-6days.com\/fr\/wp-json\/wp\/v2\/tags?post=39074"}],"curies":[{"name":"wp","href":"https:\/\/api.w.org\/{rel}","templated":true}]}}