{"id":38889,"date":"2022-05-05T09:38:27","date_gmt":"2022-05-05T07:38:27","guid":{"rendered":"https:\/\/2022.fim-6days.com\/?p=38889"},"modified":"2022-05-13T20:07:55","modified_gmt":"2022-05-13T18:07:55","slug":"les-pre-inscriptions-aux-isde-se-terminent-dans-10-jours","status":"publish","type":"post","link":"https:\/\/2022.fim-6days.com\/fr\/les-pre-inscriptions-aux-isde-se-terminent-dans-10-jours\/","title":{"rendered":"Les pr\u00e9-inscriptions aux ISDE se terminent dans 10 jours !"},"content":{"rendered":"<div class=\"fusion-fullwidth fullwidth-box fusion-builder-row-1 fusion-flex-container nonhundred-percent-fullwidth non-hundred-percent-height-scrolling\" style=\"--awb-border-radius-top-left:0px;--awb-border-radius-top-right:0px;--awb-border-radius-bottom-right:0px;--awb-border-radius-bottom-left:0px;--awb-padding-top:0px;--awb-padding-bottom:0px;--awb-flex-wrap:wrap;\" ><div class=\"fusion-builder-row fusion-row fusion-flex-align-items-flex-start fusion-flex-content-wrap\" style=\"max-width:1248px;margin-left: calc(-4% \/ 2 );margin-right: calc(-4% \/ 2 );\"><div class=\"fusion-layout-column fusion_builder_column fusion-builder-column-0 fusion_builder_column_1_1 1_1 fusion-flex-column\" style=\"--awb-padding-top:0px;--awb-padding-bottom:0px;--awb-bg-size:cover;--awb-width-large:100%;--awb-margin-top-large:0px;--awb-spacing-right-large:1.92%;--awb-margin-bottom-large:0px;--awb-spacing-left-large:1.92%;--awb-width-medium:100%;--awb-order-medium:0;--awb-spacing-right-medium:1.92%;--awb-spacing-left-medium:1.92%;--awb-width-small:100%;--awb-order-small:0;--awb-spacing-right-small:1.92%;--awb-spacing-left-small:1.92%;\"><div class=\"fusion-column-wrapper fusion-column-has-shadow fusion-flex-justify-content-flex-start fusion-content-layout-column\"><div class=\"fusion-text fusion-text-1\" style=\"--awb-text-transform:none;\"><p><strong>Les pilotes n&rsquo;ont plus que dix jours pour se pr\u00e9-inscrire aux Six Jours d&rsquo;Enduro FIM (ISDE) de cette ann\u00e9e, la cl\u00f4ture de la proc\u00e9dure \u00e9tant pr\u00e9vue le 15 mai 2022.<\/strong><\/p>\n<p>Au cas o\u00f9 vous auriez besoin d&rsquo;une piq\u00fbre de rappel, voici les dix raisons principales pour lesquelles vous devez \u00eatre pr\u00e9sent aux ISDE 2022 au Puy-en-Velay, en France, du lundi 29 ao\u00fbt au samedi 3 septembre.<\/p>\n<ul>\n<li>6 jours cons\u00e9cutifs de courses incroyables et difficiles<\/li>\n<li>La r\u00e9gion h\u00f4te est le lieu de naissance de l&rsquo;Enduro en France.<\/li>\n<li>Les ISDE restent la plus ancienne comp\u00e9tition tout-terrain de la FIM.<\/li>\n<li>Seulement 7 des 96 \u00e9ditions de l&rsquo;ISDE ont eu lieu en France.<\/li>\n<li>Une occasion unique de rouler aux c\u00f4t\u00e9s des meilleurs pilotes d&rsquo;enduro du monde.<\/li>\n<li>Rejoignez toutes les nations principales et les plus comp\u00e9titives<\/li>\n<li>Attire les pilotes \u00e9trangers d&rsquo;Am\u00e9rique, d&rsquo;Australie et d&rsquo;Asie.<\/li>\n<li>Profitez des services de course de tous les grands fabricants<\/li>\n<li>Le solde des frais d&rsquo;inscription n&rsquo;est pas d\u00fb avant la fin du mois de juin.<\/li>\n<li>La chance de devenir un finisher ISDE<\/li>\n<\/ul>\n<p>Les parties int\u00e9ress\u00e9es &#8211; coureurs et \u00e9quipes &#8211; doivent prendre contact au plus vite avec leurs f\u00e9d\u00e9rations nationales respectives. Le d\u00e9lai pour le paiement du solde des droits d&rsquo;inscription a \u00e9t\u00e9 prolong\u00e9 jusqu&rsquo;au 30 juin.<\/p>\n<p>Cliquez <a href=\"https:\/\/2022.fim-6days.com\/pre-registration-are-open\/\">ici<\/a> pour acc\u00e9der \u00e0 toutes les informations pertinentes et importantes, y compris les coordonn\u00e9es des f\u00e9d\u00e9rations nationales.<\/p>\n<p>De plus amples informations concernant les pilotes et les \u00e9quipes seront r\u00e9v\u00e9l\u00e9es \u00e0 la fin du mois de mai, une fois le processus de pr\u00e9-inscription termin\u00e9.<\/p>\n<p>La FIM, la FFM et le comit\u00e9 d&rsquo;organisation se r\u00e9jouissent de vous accueillir \u00e0 l&rsquo;ISDE et vous souhaitent d&rsquo;ici-l\u00e0 une excellente saison d&rsquo;enduro.<\/p>\n<p>Pour tout savoir sur les ISDE 2022, consultez le site <a href=\"http:\/\/www.fim-isde.com\/2022-france\">www.fim-isde.com\/2022-france<\/a>.<\/p>\n<\/div><div class=\"fusion-separator fusion-full-width-sep\" style=\"align-self: center;margin-left: auto;margin-right: auto;margin-bottom:20px;width:100%;\"><\/div>\n<\/div><\/div><\/div><\/div>\n","protected":false},"excerpt":{"rendered":"","protected":false},"author":4,"featured_media":38891,"comment_status":"closed","ping_status":"closed","sticky":false,"template":"","format":"standard","meta":{"inline_featured_image":false,"footnotes":""},"categories":[75,95],"tags":[],"class_list":["post-38889","post","type-post","status-publish","format-standard","has-post-thumbnail","hentry","category-articles","category-avant-isde2022"],"yoast_head":"<!-- This site is optimized with the Yoast SEO plugin v25.6 - https:\/\/yoast.com\/wordpress\/plugins\/seo\/ -->\n<title>Les pr\u00e9-inscriptions aux ISDE se terminent dans 10 jours ! - FIM ISDE 2022<\/title>\n<meta name=\"description\" content=\"Les pilotes n&#039;ont plus que dix jours pour se pr\u00e9-inscrire aux Six jours internationaux d&#039;Enduro de la FIM (ISDE) de cette ann\u00e9e, la proc\u00e9dure fermant le 15 mai 2022.\" \/>\n<meta name=\"robots\" content=\"index, follow, max-snippet:-1, max-image-preview:large, max-video-preview:-1\" \/>\n<link rel=\"canonical\" href=\"https:\/\/2022.fim-6days.com\/fr\/les-pre-inscriptions-aux-isde-se-terminent-dans-10-jours\/\" \/>\n<meta property=\"og:locale\" content=\"fr_FR\" \/>\n<meta property=\"og:type\" content=\"article\" \/>\n<meta property=\"og:title\" content=\"Les pr\u00e9-inscriptions aux ISDE se terminent dans 10 jours ! - FIM ISDE 2022\" \/>\n<meta property=\"og:description\" content=\"Les pilotes n&#039;ont plus que dix jours pour se pr\u00e9-inscrire aux Six jours internationaux d&#039;Enduro de la FIM (ISDE) de cette ann\u00e9e, la proc\u00e9dure fermant le 15 mai 2022.\" \/>\n<meta property=\"og:url\" content=\"https:\/\/2022.fim-6days.com\/fr\/les-pre-inscriptions-aux-isde-se-terminent-dans-10-jours\/\" \/>\n<meta property=\"og:site_name\" content=\"FIM ISDE 2022\" \/>\n<meta property=\"article:publisher\" content=\"https:\/\/www.facebook.com\/FIMISDE\/\" \/>\n<meta property=\"article:published_time\" content=\"2022-05-05T07:38:27+00:00\" \/>\n<meta property=\"article:modified_time\" content=\"2022-05-13T18:07:55+00:00\" \/>\n<meta property=\"og:image\" content=\"https:\/\/2022.fim-6days.com\/wp-content\/uploads\/sites\/7\/2022\/05\/Pic1-theo-espinasse.jpg\" \/>\n\t<meta property=\"og:image:width\" content=\"1200\" \/>\n\t<meta property=\"og:image:height\" content=\"1004\" \/>\n\t<meta property=\"og:image:type\" content=\"image\/jpeg\" \/>\n<meta name=\"author\" content=\"karinea\" \/>\n<meta name=\"twitter:card\" content=\"summary_large_image\" \/>\n<meta name=\"twitter:creator\" content=\"@fimisde\" \/>\n<meta name=\"twitter:site\" content=\"@fimisde\" \/>\n<meta name=\"twitter:label1\" content=\"\u00c9crit par\" \/>\n\t<meta name=\"twitter:data1\" content=\"karinea\" \/>\n\t<meta name=\"twitter:label2\" content=\"Dur\u00e9e de lecture estim\u00e9e\" \/>\n\t<meta name=\"twitter:data2\" content=\"3 minutes\" \/>\n<script type=\"application\/ld+json\" class=\"yoast-schema-graph\">{\"@context\":\"https:\/\/schema.org\",\"@graph\":[{\"@type\":\"Article\",\"@id\":\"https:\/\/2022.fim-6days.com\/fr\/les-pre-inscriptions-aux-isde-se-terminent-dans-10-jours\/#article\",\"isPartOf\":{\"@id\":\"https:\/\/2022.fim-6days.com\/fr\/les-pre-inscriptions-aux-isde-se-terminent-dans-10-jours\/\"},\"author\":{\"name\":\"karinea\",\"@id\":\"https:\/\/2022.fim-6days.com\/fr\/#\/schema\/person\/bcf4ff642b8d622c689a6eb754f673d3\"},\"headline\":\"Les pr\u00e9-inscriptions aux ISDE se terminent dans 10 jours !\",\"datePublished\":\"2022-05-05T07:38:27+00:00\",\"dateModified\":\"2022-05-13T18:07:55+00:00\",\"mainEntityOfPage\":{\"@id\":\"https:\/\/2022.fim-6days.com\/fr\/les-pre-inscriptions-aux-isde-se-terminent-dans-10-jours\/\"},\"wordCount\":1000,\"publisher\":{\"@id\":\"https:\/\/2022.fim-6days.com\/fr\/#organization\"},\"image\":{\"@id\":\"https:\/\/2022.fim-6days.com\/fr\/les-pre-inscriptions-aux-isde-se-terminent-dans-10-jours\/#primaryimage\"},\"thumbnailUrl\":\"https:\/\/2022.fim-6days.com\/wp-content\/uploads\/sites\/7\/2022\/05\/Pic1-theo-espinasse.jpg\",\"articleSection\":[\"Articles\",\"Avant ISDE2022\"],\"inLanguage\":\"fr-FR\"},{\"@type\":\"WebPage\",\"@id\":\"https:\/\/2022.fim-6days.com\/fr\/les-pre-inscriptions-aux-isde-se-terminent-dans-10-jours\/\",\"url\":\"https:\/\/2022.fim-6days.com\/fr\/les-pre-inscriptions-aux-isde-se-terminent-dans-10-jours\/\",\"name\":\"Les pr\u00e9-inscriptions aux ISDE se terminent dans 10 jours ! - FIM ISDE 2022\",\"isPartOf\":{\"@id\":\"https:\/\/2022.fim-6days.com\/fr\/#website\"},\"primaryImageOfPage\":{\"@id\":\"https:\/\/2022.fim-6days.com\/fr\/les-pre-inscriptions-aux-isde-se-terminent-dans-10-jours\/#primaryimage\"},\"image\":{\"@id\":\"https:\/\/2022.fim-6days.com\/fr\/les-pre-inscriptions-aux-isde-se-terminent-dans-10-jours\/#primaryimage\"},\"thumbnailUrl\":\"https:\/\/2022.fim-6days.com\/wp-content\/uploads\/sites\/7\/2022\/05\/Pic1-theo-espinasse.jpg\",\"datePublished\":\"2022-05-05T07:38:27+00:00\",\"dateModified\":\"2022-05-13T18:07:55+00:00\",\"description\":\"Les pilotes n'ont plus que dix jours pour se pr\u00e9-inscrire aux Six jours internationaux d'Enduro de la FIM (ISDE) de cette ann\u00e9e, la proc\u00e9dure fermant le 15 mai 2022.\",\"breadcrumb\":{\"@id\":\"https:\/\/2022.fim-6days.com\/fr\/les-pre-inscriptions-aux-isde-se-terminent-dans-10-jours\/#breadcrumb\"},\"inLanguage\":\"fr-FR\",\"potentialAction\":[{\"@type\":\"ReadAction\",\"target\":[\"https:\/\/2022.fim-6days.com\/fr\/les-pre-inscriptions-aux-isde-se-terminent-dans-10-jours\/\"]}]},{\"@type\":\"ImageObject\",\"inLanguage\":\"fr-FR\",\"@id\":\"https:\/\/2022.fim-6days.com\/fr\/les-pre-inscriptions-aux-isde-se-terminent-dans-10-jours\/#primaryimage\",\"url\":\"https:\/\/2022.fim-6days.com\/wp-content\/uploads\/sites\/7\/2022\/05\/Pic1-theo-espinasse.jpg\",\"contentUrl\":\"https:\/\/2022.fim-6days.com\/wp-content\/uploads\/sites\/7\/2022\/05\/Pic1-theo-espinasse.jpg\",\"width\":1920,\"height\":1607,\"caption\":\"FIM - Theo Espinasse\"},{\"@type\":\"BreadcrumbList\",\"@id\":\"https:\/\/2022.fim-6days.com\/fr\/les-pre-inscriptions-aux-isde-se-terminent-dans-10-jours\/#breadcrumb\",\"itemListElement\":[{\"@type\":\"ListItem\",\"position\":1,\"name\":\"Home\",\"item\":\"https:\/\/2022.fim-6days.com\/fr\/\"},{\"@type\":\"ListItem\",\"position\":2,\"name\":\"Les pr\u00e9-inscriptions aux ISDE se terminent dans 10 jours !\"}]},{\"@type\":\"WebSite\",\"@id\":\"https:\/\/2022.fim-6days.com\/fr\/#website\",\"url\":\"https:\/\/2022.fim-6days.com\/fr\/\",\"name\":\"FIM ISDE 2021\",\"description\":\"FIM ISDE Official website\",\"publisher\":{\"@id\":\"https:\/\/2022.fim-6days.com\/fr\/#organization\"},\"potentialAction\":[{\"@type\":\"SearchAction\",\"target\":{\"@type\":\"EntryPoint\",\"urlTemplate\":\"https:\/\/2022.fim-6days.com\/fr\/?s={search_term_string}\"},\"query-input\":{\"@type\":\"PropertyValueSpecification\",\"valueRequired\":true,\"valueName\":\"search_term_string\"}}],\"inLanguage\":\"fr-FR\"},{\"@type\":\"Organization\",\"@id\":\"https:\/\/2022.fim-6days.com\/fr\/#organization\",\"name\":\"FIM - F\u00e9d\u00e9ration Internationale de Motocyclisme\",\"url\":\"https:\/\/2022.fim-6days.com\/fr\/\",\"logo\":{\"@type\":\"ImageObject\",\"inLanguage\":\"fr-FR\",\"@id\":\"https:\/\/2022.fim-6days.com\/fr\/#\/schema\/logo\/image\/\",\"url\":\"https:\/\/2022.fim-6days.com\/wp-content\/uploads\/sites\/7\/2019\/07\/LogoFIM-CMYK.png\",\"contentUrl\":\"https:\/\/2022.fim-6days.com\/wp-content\/uploads\/sites\/7\/2019\/07\/LogoFIM-CMYK.png\",\"width\":2608,\"height\":1833,\"caption\":\"FIM - F\u00e9d\u00e9ration Internationale de Motocyclisme\"},\"image\":{\"@id\":\"https:\/\/2022.fim-6days.com\/fr\/#\/schema\/logo\/image\/\"},\"sameAs\":[\"https:\/\/www.facebook.com\/FIMISDE\/\",\"https:\/\/x.com\/fimisde\",\"https:\/\/www.instagram.com\/fim_isde\/\"]},{\"@type\":\"Person\",\"@id\":\"https:\/\/2022.fim-6days.com\/fr\/#\/schema\/person\/bcf4ff642b8d622c689a6eb754f673d3\",\"name\":\"karinea\",\"image\":{\"@type\":\"ImageObject\",\"inLanguage\":\"fr-FR\",\"@id\":\"https:\/\/2022.fim-6days.com\/fr\/#\/schema\/person\/image\/\",\"url\":\"https:\/\/secure.gravatar.com\/avatar\/2f99c39cea2cbbb4f521dcc577a5b8981ed563188abba9c20bd62c0d2bd4abca?s=96&d=mm&r=g\",\"contentUrl\":\"https:\/\/secure.gravatar.com\/avatar\/2f99c39cea2cbbb4f521dcc577a5b8981ed563188abba9c20bd62c0d2bd4abca?s=96&d=mm&r=g\",\"caption\":\"karinea\"},\"url\":\"https:\/\/2022.fim-6days.com\/fr\/author\/karinea\/\"}]}<\/script>\n<!-- \/ Yoast SEO plugin. -->","yoast_head_json":{"title":"Les pr\u00e9-inscriptions aux ISDE se terminent dans 10 jours ! - FIM ISDE 2022","description":"Les pilotes n'ont plus que dix jours pour se pr\u00e9-inscrire aux Six jours internationaux d'Enduro de la FIM (ISDE) de cette ann\u00e9e, la proc\u00e9dure fermant le 15 mai 2022.","robots":{"index":"index","follow":"follow","max-snippet":"max-snippet:-1","max-image-preview":"max-image-preview:large","max-video-preview":"max-video-preview:-1"},"canonical":"https:\/\/2022.fim-6days.com\/fr\/les-pre-inscriptions-aux-isde-se-terminent-dans-10-jours\/","og_locale":"fr_FR","og_type":"article","og_title":"Les pr\u00e9-inscriptions aux ISDE se terminent dans 10 jours ! - FIM ISDE 2022","og_description":"Les pilotes n'ont plus que dix jours pour se pr\u00e9-inscrire aux Six jours internationaux d'Enduro de la FIM (ISDE) de cette ann\u00e9e, la proc\u00e9dure fermant le 15 mai 2022.","og_url":"https:\/\/2022.fim-6days.com\/fr\/les-pre-inscriptions-aux-isde-se-terminent-dans-10-jours\/","og_site_name":"FIM ISDE 2022","article_publisher":"https:\/\/www.facebook.com\/FIMISDE\/","article_published_time":"2022-05-05T07:38:27+00:00","article_modified_time":"2022-05-13T18:07:55+00:00","og_image":[{"url":"https:\/\/2022.fim-6days.com\/wp-content\/uploads\/sites\/7\/2022\/05\/Pic1-theo-espinasse.jpg","width":1200,"height":1004,"type":"image\/jpeg"}],"author":"karinea","twitter_card":"summary_large_image","twitter_creator":"@fimisde","twitter_site":"@fimisde","twitter_misc":{"\u00c9crit par":"karinea","Dur\u00e9e de lecture estim\u00e9e":"3 minutes"},"schema":{"@context":"https:\/\/schema.org","@graph":[{"@type":"Article","@id":"https:\/\/2022.fim-6days.com\/fr\/les-pre-inscriptions-aux-isde-se-terminent-dans-10-jours\/#article","isPartOf":{"@id":"https:\/\/2022.fim-6days.com\/fr\/les-pre-inscriptions-aux-isde-se-terminent-dans-10-jours\/"},"author":{"name":"karinea","@id":"https:\/\/2022.fim-6days.com\/fr\/#\/schema\/person\/bcf4ff642b8d622c689a6eb754f673d3"},"headline":"Les pr\u00e9-inscriptions aux ISDE se terminent dans 10 jours !","datePublished":"2022-05-05T07:38:27+00:00","dateModified":"2022-05-13T18:07:55+00:00","mainEntityOfPage":{"@id":"https:\/\/2022.fim-6days.com\/fr\/les-pre-inscriptions-aux-isde-se-terminent-dans-10-jours\/"},"wordCount":1000,"publisher":{"@id":"https:\/\/2022.fim-6days.com\/fr\/#organization"},"image":{"@id":"https:\/\/2022.fim-6days.com\/fr\/les-pre-inscriptions-aux-isde-se-terminent-dans-10-jours\/#primaryimage"},"thumbnailUrl":"https:\/\/2022.fim-6days.com\/wp-content\/uploads\/sites\/7\/2022\/05\/Pic1-theo-espinasse.jpg","articleSection":["Articles","Avant ISDE2022"],"inLanguage":"fr-FR"},{"@type":"WebPage","@id":"https:\/\/2022.fim-6days.com\/fr\/les-pre-inscriptions-aux-isde-se-terminent-dans-10-jours\/","url":"https:\/\/2022.fim-6days.com\/fr\/les-pre-inscriptions-aux-isde-se-terminent-dans-10-jours\/","name":"Les pr\u00e9-inscriptions aux ISDE se terminent dans 10 jours ! - FIM ISDE 2022","isPartOf":{"@id":"https:\/\/2022.fim-6days.com\/fr\/#website"},"primaryImageOfPage":{"@id":"https:\/\/2022.fim-6days.com\/fr\/les-pre-inscriptions-aux-isde-se-terminent-dans-10-jours\/#primaryimage"},"image":{"@id":"https:\/\/2022.fim-6days.com\/fr\/les-pre-inscriptions-aux-isde-se-terminent-dans-10-jours\/#primaryimage"},"thumbnailUrl":"https:\/\/2022.fim-6days.com\/wp-content\/uploads\/sites\/7\/2022\/05\/Pic1-theo-espinasse.jpg","datePublished":"2022-05-05T07:38:27+00:00","dateModified":"2022-05-13T18:07:55+00:00","description":"Les pilotes n'ont plus que dix jours pour se pr\u00e9-inscrire aux Six jours internationaux d'Enduro de la FIM (ISDE) de cette ann\u00e9e, la proc\u00e9dure fermant le 15 mai 2022.","breadcrumb":{"@id":"https:\/\/2022.fim-6days.com\/fr\/les-pre-inscriptions-aux-isde-se-terminent-dans-10-jours\/#breadcrumb"},"inLanguage":"fr-FR","potentialAction":[{"@type":"ReadAction","target":["https:\/\/2022.fim-6days.com\/fr\/les-pre-inscriptions-aux-isde-se-terminent-dans-10-jours\/"]}]},{"@type":"ImageObject","inLanguage":"fr-FR","@id":"https:\/\/2022.fim-6days.com\/fr\/les-pre-inscriptions-aux-isde-se-terminent-dans-10-jours\/#primaryimage","url":"https:\/\/2022.fim-6days.com\/wp-content\/uploads\/sites\/7\/2022\/05\/Pic1-theo-espinasse.jpg","contentUrl":"https:\/\/2022.fim-6days.com\/wp-content\/uploads\/sites\/7\/2022\/05\/Pic1-theo-espinasse.jpg","width":1920,"height":1607,"caption":"FIM - Theo Espinasse"},{"@type":"BreadcrumbList","@id":"https:\/\/2022.fim-6days.com\/fr\/les-pre-inscriptions-aux-isde-se-terminent-dans-10-jours\/#breadcrumb","itemListElement":[{"@type":"ListItem","position":1,"name":"Home","item":"https:\/\/2022.fim-6days.com\/fr\/"},{"@type":"ListItem","position":2,"name":"Les pr\u00e9-inscriptions aux ISDE se terminent dans 10 jours !"}]},{"@type":"WebSite","@id":"https:\/\/2022.fim-6days.com\/fr\/#website","url":"https:\/\/2022.fim-6days.com\/fr\/","name":"FIM ISDE 2021","description":"FIM ISDE Official website","publisher":{"@id":"https:\/\/2022.fim-6days.com\/fr\/#organization"},"potentialAction":[{"@type":"SearchAction","target":{"@type":"EntryPoint","urlTemplate":"https:\/\/2022.fim-6days.com\/fr\/?s={search_term_string}"},"query-input":{"@type":"PropertyValueSpecification","valueRequired":true,"valueName":"search_term_string"}}],"inLanguage":"fr-FR"},{"@type":"Organization","@id":"https:\/\/2022.fim-6days.com\/fr\/#organization","name":"FIM - F\u00e9d\u00e9ration Internationale de Motocyclisme","url":"https:\/\/2022.fim-6days.com\/fr\/","logo":{"@type":"ImageObject","inLanguage":"fr-FR","@id":"https:\/\/2022.fim-6days.com\/fr\/#\/schema\/logo\/image\/","url":"https:\/\/2022.fim-6days.com\/wp-content\/uploads\/sites\/7\/2019\/07\/LogoFIM-CMYK.png","contentUrl":"https:\/\/2022.fim-6days.com\/wp-content\/uploads\/sites\/7\/2019\/07\/LogoFIM-CMYK.png","width":2608,"height":1833,"caption":"FIM - F\u00e9d\u00e9ration Internationale de Motocyclisme"},"image":{"@id":"https:\/\/2022.fim-6days.com\/fr\/#\/schema\/logo\/image\/"},"sameAs":["https:\/\/www.facebook.com\/FIMISDE\/","https:\/\/x.com\/fimisde","https:\/\/www.instagram.com\/fim_isde\/"]},{"@type":"Person","@id":"https:\/\/2022.fim-6days.com\/fr\/#\/schema\/person\/bcf4ff642b8d622c689a6eb754f673d3","name":"karinea","image":{"@type":"ImageObject","inLanguage":"fr-FR","@id":"https:\/\/2022.fim-6days.com\/fr\/#\/schema\/person\/image\/","url":"https:\/\/secure.gravatar.com\/avatar\/2f99c39cea2cbbb4f521dcc577a5b8981ed563188abba9c20bd62c0d2bd4abca?s=96&d=mm&r=g","contentUrl":"https:\/\/secure.gravatar.com\/avatar\/2f99c39cea2cbbb4f521dcc577a5b8981ed563188abba9c20bd62c0d2bd4abca?s=96&d=mm&r=g","caption":"karinea"},"url":"https:\/\/2022.fim-6days.com\/fr\/author\/karinea\/"}]}},"_links":{"self":[{"href":"https:\/\/2022.fim-6days.com\/fr\/wp-json\/wp\/v2\/posts\/38889","targetHints":{"allow":["GET"]}}],"collection":[{"href":"https:\/\/2022.fim-6days.com\/fr\/wp-json\/wp\/v2\/posts"}],"about":[{"href":"https:\/\/2022.fim-6days.com\/fr\/wp-json\/wp\/v2\/types\/post"}],"author":[{"embeddable":true,"href":"https:\/\/2022.fim-6days.com\/fr\/wp-json\/wp\/v2\/users\/4"}],"replies":[{"embeddable":true,"href":"https:\/\/2022.fim-6days.com\/fr\/wp-json\/wp\/v2\/comments?post=38889"}],"version-history":[{"count":6,"href":"https:\/\/2022.fim-6days.com\/fr\/wp-json\/wp\/v2\/posts\/38889\/revisions"}],"predecessor-version":[{"id":38903,"href":"https:\/\/2022.fim-6days.com\/fr\/wp-json\/wp\/v2\/posts\/38889\/revisions\/38903"}],"wp:featuredmedia":[{"embeddable":true,"href":"https:\/\/2022.fim-6days.com\/fr\/wp-json\/wp\/v2\/media\/38891"}],"wp:attachment":[{"href":"https:\/\/2022.fim-6days.com\/fr\/wp-json\/wp\/v2\/media?parent=38889"}],"wp:term":[{"taxonomy":"category","embeddable":true,"href":"https:\/\/2022.fim-6days.com\/fr\/wp-json\/wp\/v2\/categories?post=38889"},{"taxonomy":"post_tag","embeddable":true,"href":"https:\/\/2022.fim-6days.com\/fr\/wp-json\/wp\/v2\/tags?post=38889"}],"curies":[{"name":"wp","href":"https:\/\/api.w.org\/{rel}","templated":true}]}}