{"id":38187,"date":"2022-03-23T10:29:43","date_gmt":"2022-03-23T09:29:43","guid":{"rendered":"https:\/\/2022.fim-6days.com\/?p=38187"},"modified":"2022-05-13T20:02:33","modified_gmt":"2022-05-13T18:02:33","slug":"periode-de-preinscription-prolongee-jusqua-la-mi-mai","status":"publish","type":"post","link":"https:\/\/2022.fim-6days.com\/fr\/periode-de-preinscription-prolongee-jusqua-la-mi-mai\/","title":{"rendered":"P\u00e9riode de pr\u00e9inscription prolong\u00e9e jusqu&rsquo;\u00e0 la mi-mai"},"content":{"rendered":"<div class=\"fusion-fullwidth fullwidth-box fusion-builder-row-1 fusion-flex-container nonhundred-percent-fullwidth non-hundred-percent-height-scrolling\" style=\"--awb-border-radius-top-left:0px;--awb-border-radius-top-right:0px;--awb-border-radius-bottom-right:0px;--awb-border-radius-bottom-left:0px;--awb-flex-wrap:wrap;\" ><div class=\"fusion-builder-row fusion-row fusion-flex-align-items-flex-start fusion-flex-content-wrap\" style=\"max-width:1248px;margin-left: calc(-4% \/ 2 );margin-right: calc(-4% \/ 2 );\"><div class=\"fusion-layout-column fusion_builder_column fusion-builder-column-0 fusion_builder_column_1_1 1_1 fusion-flex-column\" style=\"--awb-bg-size:cover;--awb-width-large:100%;--awb-margin-top-large:0px;--awb-spacing-right-large:1.92%;--awb-margin-bottom-large:0px;--awb-spacing-left-large:1.92%;--awb-width-medium:100%;--awb-spacing-right-medium:1.92%;--awb-spacing-left-medium:1.92%;--awb-width-small:100%;--awb-spacing-right-small:1.92%;--awb-spacing-left-small:1.92%;\"><div class=\"fusion-column-wrapper fusion-flex-justify-content-flex-start fusion-content-layout-column\"><div class=\"fusion-text fusion-text-1\" style=\"--awb-text-transform:none;\"><p>En raison de la date d&rsquo;ouverture retard\u00e9e du processus, la FIM, la FFM et le Comit\u00e9 d&rsquo;Organisation ont conjointement convenu de prolonger la p\u00e9riode de pr\u00e9-inscription jusqu&rsquo;au <strong>15 mai<\/strong> pour les ISDE 2022. L&rsquo;ISDE de cette ann\u00e9e se tiendra \u00e0 Le Puy en Velay, en France, du lundi 29 ao\u00fbt au samedi 3 septembre.<\/p>\n<p>Les parties int\u00e9ress\u00e9es &#8211; coureurs et \u00e9quipes &#8211; doivent contacter imm\u00e9diatement leurs f\u00e9d\u00e9rations nationales respectives qui sont seules responsables de la pr\u00e9-inscription dans tous les cas. La date limite de paiement du solde des droits d&rsquo;inscription a \u00e9t\u00e9 repouss\u00e9e au 30 juin.<\/p>\n<p><a href=\"https:\/\/2022.fim-6days.com\/fr\/pre-inscription-fim-isde\/\">Cliquez ici<\/a> pour acc\u00e9der \u00e0 toutes les informations pertinentes et importantes, y compris les coordonn\u00e9es des f\u00e9d\u00e9rations nationales.<\/p>\n<p>Plus de six cent cinquante coureurs de plus de trente pays devraient arriver en France cette ann\u00e9e pour la quatre-vingt-seizi\u00e8me \u00e9dition de l&rsquo;ISDE, le pays d&rsquo;origine s&rsquo;attendant \u00e0 \u00eatre rejoint par les favoris comme l&rsquo;Australie, la Grande-Bretagne, L&rsquo;Italie, l&rsquo;Espagne et les \u00c9tats-Unis, pour n&rsquo;en citer que quelques-uns.<\/p>\n<p>Plus d&rsquo;informations concernant les coureurs et les \u00e9quipes seront r\u00e9v\u00e9l\u00e9es fin mai une fois le processus de pr\u00e9-inscription termin\u00e9.<\/p>\n<p>La FIM, la FFM et le Comit\u00e9 Organisateur se r\u00e9jouissent de vous accueillir aux ISDE et souhaitent \u00e0 tous une excellente saison d&rsquo;Enduro d&rsquo;ici l\u00e0.<\/p>\n<\/div><\/div><\/div><\/div><\/div>\n","protected":false},"excerpt":{"rendered":"","protected":false},"author":4,"featured_media":37765,"comment_status":"closed","ping_status":"closed","sticky":false,"template":"","format":"image","meta":{"inline_featured_image":false,"footnotes":""},"categories":[95],"tags":[],"class_list":["post-38187","post","type-post","status-publish","format-image","has-post-thumbnail","hentry","category-avant-isde2022","post_format-post-format-image"],"yoast_head":"<!-- This site is optimized with the Yoast SEO plugin v25.6 - https:\/\/yoast.com\/wordpress\/plugins\/seo\/ -->\n<title>P\u00e9riode de pr\u00e9inscription prolong\u00e9e jusqu&#039;\u00e0 la mi-mai - FIM ISDE 2022<\/title>\n<meta name=\"robots\" content=\"index, follow, max-snippet:-1, max-image-preview:large, max-video-preview:-1\" \/>\n<link rel=\"canonical\" href=\"https:\/\/2022.fim-6days.com\/fr\/periode-de-preinscription-prolongee-jusqua-la-mi-mai\/\" \/>\n<meta property=\"og:locale\" content=\"fr_FR\" \/>\n<meta property=\"og:type\" content=\"article\" \/>\n<meta property=\"og:title\" content=\"P\u00e9riode de pr\u00e9inscription prolong\u00e9e jusqu&#039;\u00e0 la mi-mai - FIM ISDE 2022\" \/>\n<meta property=\"og:url\" content=\"https:\/\/2022.fim-6days.com\/fr\/periode-de-preinscription-prolongee-jusqua-la-mi-mai\/\" \/>\n<meta property=\"og:site_name\" content=\"FIM ISDE 2022\" \/>\n<meta property=\"article:publisher\" content=\"https:\/\/www.facebook.com\/FIMISDE\/\" \/>\n<meta property=\"article:published_time\" content=\"2022-03-23T09:29:43+00:00\" \/>\n<meta property=\"article:modified_time\" content=\"2022-05-13T18:02:33+00:00\" \/>\n<meta property=\"og:image\" content=\"https:\/\/2022.fim-6days.com\/wp-content\/uploads\/sites\/7\/2022\/02\/pic-paddock-scaled.jpg\" \/>\n\t<meta property=\"og:image:width\" content=\"2560\" \/>\n\t<meta property=\"og:image:height\" content=\"1707\" \/>\n\t<meta property=\"og:image:type\" content=\"image\/jpeg\" \/>\n<meta name=\"author\" content=\"karinea\" \/>\n<meta name=\"twitter:card\" content=\"summary_large_image\" \/>\n<meta name=\"twitter:creator\" content=\"@fimisde\" \/>\n<meta name=\"twitter:site\" content=\"@fimisde\" \/>\n<meta name=\"twitter:label1\" content=\"\u00c9crit par\" \/>\n\t<meta name=\"twitter:data1\" content=\"karinea\" \/>\n\t<meta name=\"twitter:label2\" content=\"Dur\u00e9e de lecture estim\u00e9e\" \/>\n\t<meta name=\"twitter:data2\" content=\"2 minutes\" \/>\n<script type=\"application\/ld+json\" class=\"yoast-schema-graph\">{\"@context\":\"https:\/\/schema.org\",\"@graph\":[{\"@type\":\"Article\",\"@id\":\"https:\/\/2022.fim-6days.com\/fr\/periode-de-preinscription-prolongee-jusqua-la-mi-mai\/#article\",\"isPartOf\":{\"@id\":\"https:\/\/2022.fim-6days.com\/fr\/periode-de-preinscription-prolongee-jusqua-la-mi-mai\/\"},\"author\":{\"name\":\"karinea\",\"@id\":\"https:\/\/2022.fim-6days.com\/fr\/#\/schema\/person\/bcf4ff642b8d622c689a6eb754f673d3\"},\"headline\":\"P\u00e9riode de pr\u00e9inscription prolong\u00e9e jusqu&rsquo;\u00e0 la mi-mai\",\"datePublished\":\"2022-03-23T09:29:43+00:00\",\"dateModified\":\"2022-05-13T18:02:33+00:00\",\"mainEntityOfPage\":{\"@id\":\"https:\/\/2022.fim-6days.com\/fr\/periode-de-preinscription-prolongee-jusqua-la-mi-mai\/\"},\"wordCount\":475,\"publisher\":{\"@id\":\"https:\/\/2022.fim-6days.com\/fr\/#organization\"},\"image\":{\"@id\":\"https:\/\/2022.fim-6days.com\/fr\/periode-de-preinscription-prolongee-jusqua-la-mi-mai\/#primaryimage\"},\"thumbnailUrl\":\"https:\/\/2022.fim-6days.com\/wp-content\/uploads\/sites\/7\/2022\/02\/pic-paddock-scaled.jpg\",\"articleSection\":[\"Avant ISDE2022\"],\"inLanguage\":\"fr-FR\"},{\"@type\":\"WebPage\",\"@id\":\"https:\/\/2022.fim-6days.com\/fr\/periode-de-preinscription-prolongee-jusqua-la-mi-mai\/\",\"url\":\"https:\/\/2022.fim-6days.com\/fr\/periode-de-preinscription-prolongee-jusqua-la-mi-mai\/\",\"name\":\"P\u00e9riode de pr\u00e9inscription prolong\u00e9e jusqu'\u00e0 la mi-mai - FIM ISDE 2022\",\"isPartOf\":{\"@id\":\"https:\/\/2022.fim-6days.com\/fr\/#website\"},\"primaryImageOfPage\":{\"@id\":\"https:\/\/2022.fim-6days.com\/fr\/periode-de-preinscription-prolongee-jusqua-la-mi-mai\/#primaryimage\"},\"image\":{\"@id\":\"https:\/\/2022.fim-6days.com\/fr\/periode-de-preinscription-prolongee-jusqua-la-mi-mai\/#primaryimage\"},\"thumbnailUrl\":\"https:\/\/2022.fim-6days.com\/wp-content\/uploads\/sites\/7\/2022\/02\/pic-paddock-scaled.jpg\",\"datePublished\":\"2022-03-23T09:29:43+00:00\",\"dateModified\":\"2022-05-13T18:02:33+00:00\",\"breadcrumb\":{\"@id\":\"https:\/\/2022.fim-6days.com\/fr\/periode-de-preinscription-prolongee-jusqua-la-mi-mai\/#breadcrumb\"},\"inLanguage\":\"fr-FR\",\"potentialAction\":[{\"@type\":\"ReadAction\",\"target\":[\"https:\/\/2022.fim-6days.com\/fr\/periode-de-preinscription-prolongee-jusqua-la-mi-mai\/\"]}]},{\"@type\":\"ImageObject\",\"inLanguage\":\"fr-FR\",\"@id\":\"https:\/\/2022.fim-6days.com\/fr\/periode-de-preinscription-prolongee-jusqua-la-mi-mai\/#primaryimage\",\"url\":\"https:\/\/2022.fim-6days.com\/wp-content\/uploads\/sites\/7\/2022\/02\/pic-paddock-scaled.jpg\",\"contentUrl\":\"https:\/\/2022.fim-6days.com\/wp-content\/uploads\/sites\/7\/2022\/02\/pic-paddock-scaled.jpg\",\"width\":2560,\"height\":1707},{\"@type\":\"BreadcrumbList\",\"@id\":\"https:\/\/2022.fim-6days.com\/fr\/periode-de-preinscription-prolongee-jusqua-la-mi-mai\/#breadcrumb\",\"itemListElement\":[{\"@type\":\"ListItem\",\"position\":1,\"name\":\"Home\",\"item\":\"https:\/\/2022.fim-6days.com\/fr\/\"},{\"@type\":\"ListItem\",\"position\":2,\"name\":\"P\u00e9riode de pr\u00e9inscription prolong\u00e9e jusqu&rsquo;\u00e0 la mi-mai\"}]},{\"@type\":\"WebSite\",\"@id\":\"https:\/\/2022.fim-6days.com\/fr\/#website\",\"url\":\"https:\/\/2022.fim-6days.com\/fr\/\",\"name\":\"FIM ISDE 2021\",\"description\":\"FIM ISDE Official website\",\"publisher\":{\"@id\":\"https:\/\/2022.fim-6days.com\/fr\/#organization\"},\"potentialAction\":[{\"@type\":\"SearchAction\",\"target\":{\"@type\":\"EntryPoint\",\"urlTemplate\":\"https:\/\/2022.fim-6days.com\/fr\/?s={search_term_string}\"},\"query-input\":{\"@type\":\"PropertyValueSpecification\",\"valueRequired\":true,\"valueName\":\"search_term_string\"}}],\"inLanguage\":\"fr-FR\"},{\"@type\":\"Organization\",\"@id\":\"https:\/\/2022.fim-6days.com\/fr\/#organization\",\"name\":\"FIM - F\u00e9d\u00e9ration Internationale de Motocyclisme\",\"url\":\"https:\/\/2022.fim-6days.com\/fr\/\",\"logo\":{\"@type\":\"ImageObject\",\"inLanguage\":\"fr-FR\",\"@id\":\"https:\/\/2022.fim-6days.com\/fr\/#\/schema\/logo\/image\/\",\"url\":\"https:\/\/2022.fim-6days.com\/wp-content\/uploads\/sites\/7\/2019\/07\/LogoFIM-CMYK.png\",\"contentUrl\":\"https:\/\/2022.fim-6days.com\/wp-content\/uploads\/sites\/7\/2019\/07\/LogoFIM-CMYK.png\",\"width\":2608,\"height\":1833,\"caption\":\"FIM - F\u00e9d\u00e9ration Internationale de Motocyclisme\"},\"image\":{\"@id\":\"https:\/\/2022.fim-6days.com\/fr\/#\/schema\/logo\/image\/\"},\"sameAs\":[\"https:\/\/www.facebook.com\/FIMISDE\/\",\"https:\/\/x.com\/fimisde\",\"https:\/\/www.instagram.com\/fim_isde\/\"]},{\"@type\":\"Person\",\"@id\":\"https:\/\/2022.fim-6days.com\/fr\/#\/schema\/person\/bcf4ff642b8d622c689a6eb754f673d3\",\"name\":\"karinea\",\"image\":{\"@type\":\"ImageObject\",\"inLanguage\":\"fr-FR\",\"@id\":\"https:\/\/2022.fim-6days.com\/fr\/#\/schema\/person\/image\/\",\"url\":\"https:\/\/secure.gravatar.com\/avatar\/2f99c39cea2cbbb4f521dcc577a5b8981ed563188abba9c20bd62c0d2bd4abca?s=96&d=mm&r=g\",\"contentUrl\":\"https:\/\/secure.gravatar.com\/avatar\/2f99c39cea2cbbb4f521dcc577a5b8981ed563188abba9c20bd62c0d2bd4abca?s=96&d=mm&r=g\",\"caption\":\"karinea\"},\"url\":\"https:\/\/2022.fim-6days.com\/fr\/author\/karinea\/\"}]}<\/script>\n<!-- \/ Yoast SEO plugin. -->","yoast_head_json":{"title":"P\u00e9riode de pr\u00e9inscription prolong\u00e9e jusqu'\u00e0 la mi-mai - FIM ISDE 2022","robots":{"index":"index","follow":"follow","max-snippet":"max-snippet:-1","max-image-preview":"max-image-preview:large","max-video-preview":"max-video-preview:-1"},"canonical":"https:\/\/2022.fim-6days.com\/fr\/periode-de-preinscription-prolongee-jusqua-la-mi-mai\/","og_locale":"fr_FR","og_type":"article","og_title":"P\u00e9riode de pr\u00e9inscription prolong\u00e9e jusqu'\u00e0 la mi-mai - FIM ISDE 2022","og_url":"https:\/\/2022.fim-6days.com\/fr\/periode-de-preinscription-prolongee-jusqua-la-mi-mai\/","og_site_name":"FIM ISDE 2022","article_publisher":"https:\/\/www.facebook.com\/FIMISDE\/","article_published_time":"2022-03-23T09:29:43+00:00","article_modified_time":"2022-05-13T18:02:33+00:00","og_image":[{"width":2560,"height":1707,"url":"https:\/\/2022.fim-6days.com\/wp-content\/uploads\/sites\/7\/2022\/02\/pic-paddock-scaled.jpg","type":"image\/jpeg"}],"author":"karinea","twitter_card":"summary_large_image","twitter_creator":"@fimisde","twitter_site":"@fimisde","twitter_misc":{"\u00c9crit par":"karinea","Dur\u00e9e de lecture estim\u00e9e":"2 minutes"},"schema":{"@context":"https:\/\/schema.org","@graph":[{"@type":"Article","@id":"https:\/\/2022.fim-6days.com\/fr\/periode-de-preinscription-prolongee-jusqua-la-mi-mai\/#article","isPartOf":{"@id":"https:\/\/2022.fim-6days.com\/fr\/periode-de-preinscription-prolongee-jusqua-la-mi-mai\/"},"author":{"name":"karinea","@id":"https:\/\/2022.fim-6days.com\/fr\/#\/schema\/person\/bcf4ff642b8d622c689a6eb754f673d3"},"headline":"P\u00e9riode de pr\u00e9inscription prolong\u00e9e jusqu&rsquo;\u00e0 la mi-mai","datePublished":"2022-03-23T09:29:43+00:00","dateModified":"2022-05-13T18:02:33+00:00","mainEntityOfPage":{"@id":"https:\/\/2022.fim-6days.com\/fr\/periode-de-preinscription-prolongee-jusqua-la-mi-mai\/"},"wordCount":475,"publisher":{"@id":"https:\/\/2022.fim-6days.com\/fr\/#organization"},"image":{"@id":"https:\/\/2022.fim-6days.com\/fr\/periode-de-preinscription-prolongee-jusqua-la-mi-mai\/#primaryimage"},"thumbnailUrl":"https:\/\/2022.fim-6days.com\/wp-content\/uploads\/sites\/7\/2022\/02\/pic-paddock-scaled.jpg","articleSection":["Avant ISDE2022"],"inLanguage":"fr-FR"},{"@type":"WebPage","@id":"https:\/\/2022.fim-6days.com\/fr\/periode-de-preinscription-prolongee-jusqua-la-mi-mai\/","url":"https:\/\/2022.fim-6days.com\/fr\/periode-de-preinscription-prolongee-jusqua-la-mi-mai\/","name":"P\u00e9riode de pr\u00e9inscription prolong\u00e9e jusqu'\u00e0 la mi-mai - FIM ISDE 2022","isPartOf":{"@id":"https:\/\/2022.fim-6days.com\/fr\/#website"},"primaryImageOfPage":{"@id":"https:\/\/2022.fim-6days.com\/fr\/periode-de-preinscription-prolongee-jusqua-la-mi-mai\/#primaryimage"},"image":{"@id":"https:\/\/2022.fim-6days.com\/fr\/periode-de-preinscription-prolongee-jusqua-la-mi-mai\/#primaryimage"},"thumbnailUrl":"https:\/\/2022.fim-6days.com\/wp-content\/uploads\/sites\/7\/2022\/02\/pic-paddock-scaled.jpg","datePublished":"2022-03-23T09:29:43+00:00","dateModified":"2022-05-13T18:02:33+00:00","breadcrumb":{"@id":"https:\/\/2022.fim-6days.com\/fr\/periode-de-preinscription-prolongee-jusqua-la-mi-mai\/#breadcrumb"},"inLanguage":"fr-FR","potentialAction":[{"@type":"ReadAction","target":["https:\/\/2022.fim-6days.com\/fr\/periode-de-preinscription-prolongee-jusqua-la-mi-mai\/"]}]},{"@type":"ImageObject","inLanguage":"fr-FR","@id":"https:\/\/2022.fim-6days.com\/fr\/periode-de-preinscription-prolongee-jusqua-la-mi-mai\/#primaryimage","url":"https:\/\/2022.fim-6days.com\/wp-content\/uploads\/sites\/7\/2022\/02\/pic-paddock-scaled.jpg","contentUrl":"https:\/\/2022.fim-6days.com\/wp-content\/uploads\/sites\/7\/2022\/02\/pic-paddock-scaled.jpg","width":2560,"height":1707},{"@type":"BreadcrumbList","@id":"https:\/\/2022.fim-6days.com\/fr\/periode-de-preinscription-prolongee-jusqua-la-mi-mai\/#breadcrumb","itemListElement":[{"@type":"ListItem","position":1,"name":"Home","item":"https:\/\/2022.fim-6days.com\/fr\/"},{"@type":"ListItem","position":2,"name":"P\u00e9riode de pr\u00e9inscription prolong\u00e9e jusqu&rsquo;\u00e0 la mi-mai"}]},{"@type":"WebSite","@id":"https:\/\/2022.fim-6days.com\/fr\/#website","url":"https:\/\/2022.fim-6days.com\/fr\/","name":"FIM ISDE 2021","description":"FIM ISDE Official website","publisher":{"@id":"https:\/\/2022.fim-6days.com\/fr\/#organization"},"potentialAction":[{"@type":"SearchAction","target":{"@type":"EntryPoint","urlTemplate":"https:\/\/2022.fim-6days.com\/fr\/?s={search_term_string}"},"query-input":{"@type":"PropertyValueSpecification","valueRequired":true,"valueName":"search_term_string"}}],"inLanguage":"fr-FR"},{"@type":"Organization","@id":"https:\/\/2022.fim-6days.com\/fr\/#organization","name":"FIM - F\u00e9d\u00e9ration Internationale de Motocyclisme","url":"https:\/\/2022.fim-6days.com\/fr\/","logo":{"@type":"ImageObject","inLanguage":"fr-FR","@id":"https:\/\/2022.fim-6days.com\/fr\/#\/schema\/logo\/image\/","url":"https:\/\/2022.fim-6days.com\/wp-content\/uploads\/sites\/7\/2019\/07\/LogoFIM-CMYK.png","contentUrl":"https:\/\/2022.fim-6days.com\/wp-content\/uploads\/sites\/7\/2019\/07\/LogoFIM-CMYK.png","width":2608,"height":1833,"caption":"FIM - F\u00e9d\u00e9ration Internationale de Motocyclisme"},"image":{"@id":"https:\/\/2022.fim-6days.com\/fr\/#\/schema\/logo\/image\/"},"sameAs":["https:\/\/www.facebook.com\/FIMISDE\/","https:\/\/x.com\/fimisde","https:\/\/www.instagram.com\/fim_isde\/"]},{"@type":"Person","@id":"https:\/\/2022.fim-6days.com\/fr\/#\/schema\/person\/bcf4ff642b8d622c689a6eb754f673d3","name":"karinea","image":{"@type":"ImageObject","inLanguage":"fr-FR","@id":"https:\/\/2022.fim-6days.com\/fr\/#\/schema\/person\/image\/","url":"https:\/\/secure.gravatar.com\/avatar\/2f99c39cea2cbbb4f521dcc577a5b8981ed563188abba9c20bd62c0d2bd4abca?s=96&d=mm&r=g","contentUrl":"https:\/\/secure.gravatar.com\/avatar\/2f99c39cea2cbbb4f521dcc577a5b8981ed563188abba9c20bd62c0d2bd4abca?s=96&d=mm&r=g","caption":"karinea"},"url":"https:\/\/2022.fim-6days.com\/fr\/author\/karinea\/"}]}},"_links":{"self":[{"href":"https:\/\/2022.fim-6days.com\/fr\/wp-json\/wp\/v2\/posts\/38187","targetHints":{"allow":["GET"]}}],"collection":[{"href":"https:\/\/2022.fim-6days.com\/fr\/wp-json\/wp\/v2\/posts"}],"about":[{"href":"https:\/\/2022.fim-6days.com\/fr\/wp-json\/wp\/v2\/types\/post"}],"author":[{"embeddable":true,"href":"https:\/\/2022.fim-6days.com\/fr\/wp-json\/wp\/v2\/users\/4"}],"replies":[{"embeddable":true,"href":"https:\/\/2022.fim-6days.com\/fr\/wp-json\/wp\/v2\/comments?post=38187"}],"version-history":[{"count":6,"href":"https:\/\/2022.fim-6days.com\/fr\/wp-json\/wp\/v2\/posts\/38187\/revisions"}],"predecessor-version":[{"id":38197,"href":"https:\/\/2022.fim-6days.com\/fr\/wp-json\/wp\/v2\/posts\/38187\/revisions\/38197"}],"wp:featuredmedia":[{"embeddable":true,"href":"https:\/\/2022.fim-6days.com\/fr\/wp-json\/wp\/v2\/media\/37765"}],"wp:attachment":[{"href":"https:\/\/2022.fim-6days.com\/fr\/wp-json\/wp\/v2\/media?parent=38187"}],"wp:term":[{"taxonomy":"category","embeddable":true,"href":"https:\/\/2022.fim-6days.com\/fr\/wp-json\/wp\/v2\/categories?post=38187"},{"taxonomy":"post_tag","embeddable":true,"href":"https:\/\/2022.fim-6days.com\/fr\/wp-json\/wp\/v2\/tags?post=38187"}],"curies":[{"name":"wp","href":"https:\/\/api.w.org\/{rel}","templated":true}]}}