{"id":37819,"date":"2022-03-03T13:18:05","date_gmt":"2022-03-03T12:18:05","guid":{"rendered":"https:\/\/2022.fim-6days.com\/la-96eme-edition-des-fim-isde-2022-se-tiendra-au-puy-en-velay-france\/"},"modified":"2022-05-13T20:02:38","modified_gmt":"2022-05-13T18:02:38","slug":"la-96eme-edition-des-fim-isde-2022-se-tiendra-au-puy-en-velay-france","status":"publish","type":"post","link":"https:\/\/2022.fim-6days.com\/fr\/la-96eme-edition-des-fim-isde-2022-se-tiendra-au-puy-en-velay-france\/","title":{"rendered":"La 96\u00e8me \u00e9dition des FIM ISDE 2022 se tiendra au Puy en Velay &#8211; France"},"content":{"rendered":"<div class=\"fusion-fullwidth fullwidth-box fusion-builder-row-1 fusion-flex-container nonhundred-percent-fullwidth non-hundred-percent-height-scrolling\" style=\"--awb-border-radius-top-left:0px;--awb-border-radius-top-right:0px;--awb-border-radius-bottom-right:0px;--awb-border-radius-bottom-left:0px;--awb-flex-wrap:wrap;\" ><div class=\"fusion-builder-row fusion-row fusion-flex-align-items-flex-start fusion-flex-content-wrap\" style=\"max-width:1248px;margin-left: calc(-4% \/ 2 );margin-right: calc(-4% \/ 2 );\"><div class=\"fusion-layout-column fusion_builder_column fusion-builder-column-0 fusion_builder_column_1_1 1_1 fusion-flex-column\" style=\"--awb-bg-size:cover;--awb-width-large:100%;--awb-margin-top-large:0px;--awb-spacing-right-large:1.92%;--awb-margin-bottom-large:0px;--awb-spacing-left-large:1.92%;--awb-width-medium:100%;--awb-spacing-right-medium:1.92%;--awb-spacing-left-medium:1.92%;--awb-width-small:100%;--awb-spacing-right-small:1.92%;--awb-spacing-left-small:1.92%;\"><div class=\"fusion-column-wrapper fusion-flex-justify-content-flex-start fusion-content-layout-column\"><div class=\"fusion-text fusion-text-1\" style=\"--awb-text-transform:none;\"><h6><em>L&rsquo;environnement du Puy en Velay, ville h\u00f4te de l&rsquo;\u00e9v\u00e9nement \u00a9 Office du Tourisme Le Puy-en-Velay<\/em><\/h6>\n<\/div><div class=\"fusion-text fusion-text-2\" style=\"--awb-text-transform:none;\"><p><strong>La 96e \u00e9dition des Six Jours (ISDE en anglais) de la FIM se d\u00e9roulera au Puy-en-Velay &#8211; France, chef-lieu du d\u00e9partement de la Haute-Loire au c\u0153ur de la r\u00e9gion Auvergne-Rh\u00f4ne-Alpes, du lundi 29 ao\u00fbt au samedi 3 septembre 2022.<\/strong><\/p>\n<p>La premi\u00e8re \u00e9dition des ISDE en France remonte \u00e0 1920 \u00e0 Grenoble, dans la m\u00eame r\u00e9gion. L&rsquo;\u00e9v\u00e9nement s&rsquo;appelait alors \u00a0\u00bb ISDT \u00a0\u00bb pour \u00a0\u00bb International 6 Days of Trial \u00ab\u00a0, l&rsquo;enduro n&rsquo;existant pas encore. 60 ans plus tard, en 1980 et pour la troisi\u00e8me fois de son histoire, la France a accueilli les ISDE en Haute-Loire \u00e0 Brioude, r\u00e9gion o\u00f9 la premi\u00e8re comp\u00e9tition d&rsquo;enduro du pays avait \u00e9t\u00e9 organis\u00e9e 8 ans plus t\u00f4t. Plus r\u00e9cemment, la derni\u00e8re \u00e9dition fran\u00e7aise des FIM ISDE avait \u00e9t\u00e9 organis\u00e9e en 2017 \u00e0 Brive.<\/p>\n<\/div><div class=\"fusion-image-element \" style=\"--awb-caption-title-font-family:var(--h2_typography-font-family);--awb-caption-title-font-weight:var(--h2_typography-font-weight);--awb-caption-title-font-style:var(--h2_typography-font-style);--awb-caption-title-size:var(--h2_typography-font-size);--awb-caption-title-transform:var(--h2_typography-text-transform);--awb-caption-title-line-height:var(--h2_typography-line-height);--awb-caption-title-letter-spacing:var(--h2_typography-letter-spacing);\"><span class=\" fusion-imageframe imageframe-none imageframe-1 hover-type-none\"><img decoding=\"async\" width=\"1920\" height=\"1276\" title=\"fimisde22-cp1-photo-2-2017-brive\" src=\"https:\/\/2022.fim-6days.com\/wp-content\/uploads\/sites\/7\/2021\/12\/fimisde22-cp1-photo-2-2017-brive.jpg\" alt class=\"img-responsive wp-image-36971\" srcset=\"https:\/\/2022.fim-6days.com\/wp-content\/uploads\/sites\/7\/2021\/12\/fimisde22-cp1-photo-2-2017-brive-200x133.jpg 200w, https:\/\/2022.fim-6days.com\/wp-content\/uploads\/sites\/7\/2021\/12\/fimisde22-cp1-photo-2-2017-brive-400x266.jpg 400w, https:\/\/2022.fim-6days.com\/wp-content\/uploads\/sites\/7\/2021\/12\/fimisde22-cp1-photo-2-2017-brive-600x399.jpg 600w, https:\/\/2022.fim-6days.com\/wp-content\/uploads\/sites\/7\/2021\/12\/fimisde22-cp1-photo-2-2017-brive-800x532.jpg 800w, https:\/\/2022.fim-6days.com\/wp-content\/uploads\/sites\/7\/2021\/12\/fimisde22-cp1-photo-2-2017-brive-1200x798.jpg 1200w, https:\/\/2022.fim-6days.com\/wp-content\/uploads\/sites\/7\/2021\/12\/fimisde22-cp1-photo-2-2017-brive.jpg 1920w\" sizes=\"(max-width: 1024px) 100vw, (max-width: 640px) 100vw, 1200px\" \/><\/span><\/div><div class=\"fusion-text fusion-text-3\"><h6><em>2017 FIM ISDE Brive \u2013 France \u00a9 FIM<\/em><\/h6>\n<\/div><div class=\"fusion-separator fusion-full-width-sep\" style=\"align-self: center;margin-left: auto;margin-right: auto;width:100%;\"><\/div><div class=\"fusion-text fusion-text-4\" style=\"--awb-text-transform:none;\"><p>En confiant l&rsquo;organisation de l&rsquo;\u00e9v\u00e9nement \u00e0 la FFM et au comit\u00e9 d&rsquo;organisation, la FIM permet un retour aux sources de l&rsquo;\u00e9v\u00e9nement en France. Plus r\u00e9cemment, cette m\u00eame r\u00e9gion a accueilli la derni\u00e8re manche du Championnat du Monde Borilli FIM d&rsquo;Enduro GP 2021 \u00e0 Langeac (\u00e0 seulement quarante kilom\u00e8tres du Puy en Velay) et \u00e0 Ambert en 2019 (soixante-dix kilom\u00e8tres du Puy-en-Velay). Ces deux Grands Prix ont connu un vif succ\u00e8s notamment du point de vue de la foule et de l&rsquo;enthousiasme qu&rsquo;elle a apport\u00e9 \u00e0 l&rsquo;\u00e9v\u00e9nement.<\/p>\n<p>Le Comit\u00e9 d&rsquo;Organisation (COISDE-2022) est compos\u00e9 de trois moto-clubs sp\u00e9cialis\u00e9s dans la discipline\u00a0: le Moto Club du Puy en Velay, le Moto Club de Saugues et le Moto Club Moto Verte Haute Loz\u00e8re, qui b\u00e9n\u00e9ficiera du soutien total de la FFM et des acteurs r\u00e9gionaux.<\/p>\n<p>Le COISDE-2022 travaille depuis plus de six mois sur la cr\u00e9ation du parcours en se concentrant sur deux points principaux : proposer un parcours comme les pilotes les aiment, vari\u00e9, avec des paysages \u00e0 couper le souffle, et un certain niveau technique propre \u00e0 l&rsquo;ADN des ISDE.<\/p>\n<p>Le parcours sera organis\u00e9 autour de trois boucles compl\u00e8tement diff\u00e9rentes d&rsquo;environ deux cents kilom\u00e8tres chacune, qui feront voyager les concurrents au c\u0153ur de la r\u00e9gion et au-del\u00e0, avec pas moins de treize \u00e9preuves sp\u00e9ciales diff\u00e9rentes et cinq \u00e9preuves chronom\u00e9tr\u00e9es par jour, 5 contr\u00f4les de temps de service par jour, dont 2 doubles, donc seulement 3 spots s\u00e9par\u00e9s afin de limiter la logistique pour les \u00e9quipes :<\/p>\n<p>Jours 1 et 2 &#8211; Boucle 1 : Haute Loire &#8211; Haut Allier &#8211; G\u00e9vaudan<\/p>\n<p>Jours 3 et 4 &#8211; Boucle 2 : Haute Loire &#8211; Loz\u00e8re &#8211; Langogne<\/p>\n<p>Jour 5 &#8211; Boucle 3 : Haute Loire &#8211; Puy en Velay &#8211; Emblavez<\/p>\n<p>Jour 6 : Epreuve transversale finale Haute Loire &#8211; Puy en Velay, \u00e0 proximit\u00e9 imm\u00e9diate du Paddock.<\/p>\n<\/div><div class=\"fusion-image-element \" style=\"--awb-caption-title-font-family:var(--h2_typography-font-family);--awb-caption-title-font-weight:var(--h2_typography-font-weight);--awb-caption-title-font-style:var(--h2_typography-font-style);--awb-caption-title-size:var(--h2_typography-font-size);--awb-caption-title-transform:var(--h2_typography-text-transform);--awb-caption-title-line-height:var(--h2_typography-line-height);--awb-caption-title-letter-spacing:var(--h2_typography-letter-spacing);\"><span class=\" fusion-imageframe imageframe-none imageframe-2 hover-type-none\"><img decoding=\"async\" width=\"1028\" height=\"254\" title=\"fimisde22-cp1-photo-3-reco-CO\" src=\"https:\/\/2022.fim-6days.com\/wp-content\/uploads\/sites\/7\/2021\/12\/fimisde22-cp1-photo-3-reco-CO.jpg\" alt class=\"img-responsive wp-image-36972\" srcset=\"https:\/\/2022.fim-6days.com\/wp-content\/uploads\/sites\/7\/2021\/12\/fimisde22-cp1-photo-3-reco-CO-200x49.jpg 200w, https:\/\/2022.fim-6days.com\/wp-content\/uploads\/sites\/7\/2021\/12\/fimisde22-cp1-photo-3-reco-CO-400x99.jpg 400w, https:\/\/2022.fim-6days.com\/wp-content\/uploads\/sites\/7\/2021\/12\/fimisde22-cp1-photo-3-reco-CO-600x148.jpg 600w, https:\/\/2022.fim-6days.com\/wp-content\/uploads\/sites\/7\/2021\/12\/fimisde22-cp1-photo-3-reco-CO-800x198.jpg 800w, https:\/\/2022.fim-6days.com\/wp-content\/uploads\/sites\/7\/2021\/12\/fimisde22-cp1-photo-3-reco-CO.jpg 1028w\" sizes=\"(max-width: 1024px) 100vw, (max-width: 640px) 100vw, 1028px\" \/><\/span><\/div><div class=\"fusion-text fusion-text-5\" style=\"--awb-text-transform:none;\"><h6><em>Quelques vues de la boucle 2 lors de la reconnaissance avec au guidon les trois pr\u00e9sidents des motos clubs fondateurs \u00a9 COISDE-2022<\/em><\/h6>\n<\/div><div class=\"fusion-separator fusion-full-width-sep\" style=\"align-self: center;margin-left: auto;margin-right: auto;width:100%;\"><\/div><div class=\"fusion-text fusion-text-6\" style=\"--awb-text-transform:none;\"><p>Toujours dans le but de r\u00e9duire les co\u00fbts pour tous les teams, pro et amateurs, la FIM a souhait\u00e9 r\u00e9duire la dur\u00e9e du s\u00e9jour d&rsquo;une journ\u00e9e en supprimant la journ\u00e9e entre le dernier jour des v\u00e9rifications et le premier jour de course. Ainsi, le calendrier de l&rsquo;\u00e9v\u00e9nement sera le suivant :<\/p>\n<p><strong>Mardi 23 ao\u00fbt<\/strong> : Ouverture du Paddock<br \/>\n<strong>Du vendredi 26 ao\u00fbt au dimanche 28 ao\u00fbt en fin de matin\u00e9e<\/strong> : Contr\u00f4les administratifs et techniques<br \/>\n<strong>Samedi 27 ao\u00fbt &#8211; Soir\u00e9e<\/strong> : C\u00e9r\u00e9monie d&rsquo;ouverture au Puy-en-Velay, \u00e0 dix kilom\u00e8tres du paddock<br \/>\n<strong>Du lundi 29 ao\u00fbt au samedi 3 septembre<\/strong> : La course<br \/>\n<strong>Dimanche 4 septembre<\/strong> : Fermeture du paddock<\/p>\n<\/div><div class=\"fusion-image-element \" style=\"--awb-caption-title-font-family:var(--h2_typography-font-family);--awb-caption-title-font-weight:var(--h2_typography-font-weight);--awb-caption-title-font-style:var(--h2_typography-font-style);--awb-caption-title-size:var(--h2_typography-font-size);--awb-caption-title-transform:var(--h2_typography-text-transform);--awb-caption-title-line-height:var(--h2_typography-line-height);--awb-caption-title-letter-spacing:var(--h2_typography-letter-spacing);\"><span class=\" fusion-imageframe imageframe-none imageframe-3 hover-type-none\"><img decoding=\"async\" width=\"1920\" height=\"644\" title=\"fimisde22-cp1-photo-4-le-puy-day-night\" src=\"https:\/\/2022.fim-6days.com\/wp-content\/uploads\/sites\/7\/2021\/12\/fimisde22-cp1-photo-4-le-puy-day-night.jpg\" alt class=\"img-responsive wp-image-36970\" srcset=\"https:\/\/2022.fim-6days.com\/wp-content\/uploads\/sites\/7\/2021\/12\/fimisde22-cp1-photo-4-le-puy-day-night-200x67.jpg 200w, https:\/\/2022.fim-6days.com\/wp-content\/uploads\/sites\/7\/2021\/12\/fimisde22-cp1-photo-4-le-puy-day-night-400x134.jpg 400w, https:\/\/2022.fim-6days.com\/wp-content\/uploads\/sites\/7\/2021\/12\/fimisde22-cp1-photo-4-le-puy-day-night-600x201.jpg 600w, https:\/\/2022.fim-6days.com\/wp-content\/uploads\/sites\/7\/2021\/12\/fimisde22-cp1-photo-4-le-puy-day-night-800x268.jpg 800w, https:\/\/2022.fim-6days.com\/wp-content\/uploads\/sites\/7\/2021\/12\/fimisde22-cp1-photo-4-le-puy-day-night-1200x403.jpg 1200w, https:\/\/2022.fim-6days.com\/wp-content\/uploads\/sites\/7\/2021\/12\/fimisde22-cp1-photo-4-le-puy-day-night.jpg 1920w\" sizes=\"(max-width: 1024px) 100vw, (max-width: 640px) 100vw, 1200px\" \/><\/span><\/div><div class=\"fusion-text fusion-text-7\"><h6>Le Puy en Velay de nuit &#8211; L&rsquo;histoire de la ville remonte \u00e0 l&rsquo;Antiquit\u00e9, fond\u00e9e par les tribus gauloises Vellaves et Avernes (\u00e0 l&rsquo;origine du nom du territoire auvergnat). Aujourd&rsquo;hui, le Puy en Velay est inscrit au patrimoine mondial de l&rsquo;UNESCO et reconnu comme la capitale europ\u00e9enne du p\u00e8lerinage de Saint Jacques de Compostelle \u00a9 Office du Tourisme Le Puy en Velay<\/h6>\n<\/div><div class=\"fusion-separator fusion-full-width-sep\" style=\"align-self: center;margin-left: auto;margin-right: auto;width:100%;\"><\/div><div class=\"fusion-text fusion-text-8\"><p><strong>L&rsquo;ouverture des pr\u00e9-inscriptions est pr\u00e9vue en janvier 2022.<\/strong><\/p>\n<p>Nous vous invitons dans les prochaines semaines \u00e0 d\u00e9couvrir la vid\u00e9o de pr\u00e9sentation de l&rsquo;\u00c9v\u00e9nement sur le compte Facebook officiel FIM ISDE : <a href=\"https:\/\/www.facebook.com\/FIMISDE\">https:\/\/www.facebook.com\/FIMISDE<\/a> et toutes les informations pratiques sur le site officiel <a href=\"http:\/\/www.fim-isde.com\/2022-france\">www.fim-isde.com\/2022-france<\/a>.<\/p>\n<\/div><\/div><\/div><\/div><\/div>\n","protected":false},"excerpt":{"rendered":"","protected":false},"author":4,"featured_media":37820,"comment_status":"closed","ping_status":"closed","sticky":false,"template":"","format":"gallery","meta":{"inline_featured_image":false,"footnotes":""},"categories":[75],"tags":[],"class_list":["post-37819","post","type-post","status-publish","format-gallery","has-post-thumbnail","hentry","category-articles","post_format-post-format-gallery"],"yoast_head":"<!-- This site is optimized with the Yoast SEO plugin v25.6 - https:\/\/yoast.com\/wordpress\/plugins\/seo\/ -->\n<title>La 96\u00e8me \u00e9dition des FIM ISDE 2022 se tiendra au Puy en Velay - France - FIM ISDE 2022<\/title>\n<meta name=\"robots\" content=\"index, follow, max-snippet:-1, max-image-preview:large, max-video-preview:-1\" \/>\n<link rel=\"canonical\" href=\"https:\/\/2022.fim-6days.com\/fr\/la-96eme-edition-des-fim-isde-2022-se-tiendra-au-puy-en-velay-france\/\" \/>\n<meta property=\"og:locale\" content=\"fr_FR\" \/>\n<meta property=\"og:type\" content=\"article\" \/>\n<meta property=\"og:title\" content=\"La 96\u00e8me \u00e9dition des FIM ISDE 2022 se tiendra au Puy en Velay - France - FIM ISDE 2022\" \/>\n<meta property=\"og:url\" content=\"https:\/\/2022.fim-6days.com\/fr\/la-96eme-edition-des-fim-isde-2022-se-tiendra-au-puy-en-velay-france\/\" \/>\n<meta property=\"og:site_name\" content=\"FIM ISDE 2022\" \/>\n<meta property=\"article:publisher\" content=\"https:\/\/www.facebook.com\/FIMISDE\/\" \/>\n<meta property=\"article:published_time\" content=\"2022-03-03T12:18:05+00:00\" \/>\n<meta property=\"article:modified_time\" content=\"2022-05-13T18:02:38+00:00\" \/>\n<meta property=\"og:image\" content=\"https:\/\/2022.fim-6days.com\/wp-content\/uploads\/sites\/7\/2021\/12\/fimisde22-cp1-photo-1-env-le-puy.jpg\" \/>\n\t<meta property=\"og:image:width\" content=\"1920\" \/>\n\t<meta property=\"og:image:height\" content=\"1275\" \/>\n\t<meta property=\"og:image:type\" content=\"image\/jpeg\" \/>\n<meta name=\"author\" content=\"karinea\" \/>\n<meta name=\"twitter:card\" content=\"summary_large_image\" \/>\n<meta name=\"twitter:creator\" content=\"@fimisde\" \/>\n<meta name=\"twitter:site\" content=\"@fimisde\" \/>\n<meta name=\"twitter:label1\" content=\"\u00c9crit par\" \/>\n\t<meta name=\"twitter:data1\" content=\"karinea\" \/>\n\t<meta name=\"twitter:label2\" content=\"Dur\u00e9e de lecture estim\u00e9e\" \/>\n\t<meta name=\"twitter:data2\" content=\"10 minutes\" \/>\n<script type=\"application\/ld+json\" class=\"yoast-schema-graph\">{\"@context\":\"https:\/\/schema.org\",\"@graph\":[{\"@type\":\"Article\",\"@id\":\"https:\/\/2022.fim-6days.com\/fr\/la-96eme-edition-des-fim-isde-2022-se-tiendra-au-puy-en-velay-france\/#article\",\"isPartOf\":{\"@id\":\"https:\/\/2022.fim-6days.com\/fr\/la-96eme-edition-des-fim-isde-2022-se-tiendra-au-puy-en-velay-france\/\"},\"author\":{\"name\":\"karinea\",\"@id\":\"https:\/\/2022.fim-6days.com\/fr\/#\/schema\/person\/bcf4ff642b8d622c689a6eb754f673d3\"},\"headline\":\"La 96\u00e8me \u00e9dition des FIM ISDE 2022 se tiendra au Puy en Velay &#8211; France\",\"datePublished\":\"2022-03-03T12:18:05+00:00\",\"dateModified\":\"2022-05-13T18:02:38+00:00\",\"mainEntityOfPage\":{\"@id\":\"https:\/\/2022.fim-6days.com\/fr\/la-96eme-edition-des-fim-isde-2022-se-tiendra-au-puy-en-velay-france\/\"},\"wordCount\":1990,\"publisher\":{\"@id\":\"https:\/\/2022.fim-6days.com\/fr\/#organization\"},\"image\":{\"@id\":\"https:\/\/2022.fim-6days.com\/fr\/la-96eme-edition-des-fim-isde-2022-se-tiendra-au-puy-en-velay-france\/#primaryimage\"},\"thumbnailUrl\":\"https:\/\/2022.fim-6days.com\/wp-content\/uploads\/sites\/7\/2021\/12\/fimisde22-cp1-photo-1-env-le-puy.jpg\",\"articleSection\":[\"Articles\"],\"inLanguage\":\"fr-FR\"},{\"@type\":\"WebPage\",\"@id\":\"https:\/\/2022.fim-6days.com\/fr\/la-96eme-edition-des-fim-isde-2022-se-tiendra-au-puy-en-velay-france\/\",\"url\":\"https:\/\/2022.fim-6days.com\/fr\/la-96eme-edition-des-fim-isde-2022-se-tiendra-au-puy-en-velay-france\/\",\"name\":\"La 96\u00e8me \u00e9dition des FIM ISDE 2022 se tiendra au Puy en Velay - France - FIM ISDE 2022\",\"isPartOf\":{\"@id\":\"https:\/\/2022.fim-6days.com\/fr\/#website\"},\"primaryImageOfPage\":{\"@id\":\"https:\/\/2022.fim-6days.com\/fr\/la-96eme-edition-des-fim-isde-2022-se-tiendra-au-puy-en-velay-france\/#primaryimage\"},\"image\":{\"@id\":\"https:\/\/2022.fim-6days.com\/fr\/la-96eme-edition-des-fim-isde-2022-se-tiendra-au-puy-en-velay-france\/#primaryimage\"},\"thumbnailUrl\":\"https:\/\/2022.fim-6days.com\/wp-content\/uploads\/sites\/7\/2021\/12\/fimisde22-cp1-photo-1-env-le-puy.jpg\",\"datePublished\":\"2022-03-03T12:18:05+00:00\",\"dateModified\":\"2022-05-13T18:02:38+00:00\",\"breadcrumb\":{\"@id\":\"https:\/\/2022.fim-6days.com\/fr\/la-96eme-edition-des-fim-isde-2022-se-tiendra-au-puy-en-velay-france\/#breadcrumb\"},\"inLanguage\":\"fr-FR\",\"potentialAction\":[{\"@type\":\"ReadAction\",\"target\":[\"https:\/\/2022.fim-6days.com\/fr\/la-96eme-edition-des-fim-isde-2022-se-tiendra-au-puy-en-velay-france\/\"]}]},{\"@type\":\"ImageObject\",\"inLanguage\":\"fr-FR\",\"@id\":\"https:\/\/2022.fim-6days.com\/fr\/la-96eme-edition-des-fim-isde-2022-se-tiendra-au-puy-en-velay-france\/#primaryimage\",\"url\":\"https:\/\/2022.fim-6days.com\/wp-content\/uploads\/sites\/7\/2021\/12\/fimisde22-cp1-photo-1-env-le-puy.jpg\",\"contentUrl\":\"https:\/\/2022.fim-6days.com\/wp-content\/uploads\/sites\/7\/2021\/12\/fimisde22-cp1-photo-1-env-le-puy.jpg\",\"width\":1920,\"height\":1275,\"caption\":\"The environment of Puy en Velay, host city of the event.\"},{\"@type\":\"BreadcrumbList\",\"@id\":\"https:\/\/2022.fim-6days.com\/fr\/la-96eme-edition-des-fim-isde-2022-se-tiendra-au-puy-en-velay-france\/#breadcrumb\",\"itemListElement\":[{\"@type\":\"ListItem\",\"position\":1,\"name\":\"Home\",\"item\":\"https:\/\/2022.fim-6days.com\/fr\/\"},{\"@type\":\"ListItem\",\"position\":2,\"name\":\"La 96\u00e8me \u00e9dition des FIM ISDE 2022 se tiendra au Puy en Velay &#8211; France\"}]},{\"@type\":\"WebSite\",\"@id\":\"https:\/\/2022.fim-6days.com\/fr\/#website\",\"url\":\"https:\/\/2022.fim-6days.com\/fr\/\",\"name\":\"FIM ISDE 2021\",\"description\":\"FIM ISDE Official website\",\"publisher\":{\"@id\":\"https:\/\/2022.fim-6days.com\/fr\/#organization\"},\"potentialAction\":[{\"@type\":\"SearchAction\",\"target\":{\"@type\":\"EntryPoint\",\"urlTemplate\":\"https:\/\/2022.fim-6days.com\/fr\/?s={search_term_string}\"},\"query-input\":{\"@type\":\"PropertyValueSpecification\",\"valueRequired\":true,\"valueName\":\"search_term_string\"}}],\"inLanguage\":\"fr-FR\"},{\"@type\":\"Organization\",\"@id\":\"https:\/\/2022.fim-6days.com\/fr\/#organization\",\"name\":\"FIM - F\u00e9d\u00e9ration Internationale de Motocyclisme\",\"url\":\"https:\/\/2022.fim-6days.com\/fr\/\",\"logo\":{\"@type\":\"ImageObject\",\"inLanguage\":\"fr-FR\",\"@id\":\"https:\/\/2022.fim-6days.com\/fr\/#\/schema\/logo\/image\/\",\"url\":\"https:\/\/2022.fim-6days.com\/wp-content\/uploads\/sites\/7\/2019\/07\/LogoFIM-CMYK.png\",\"contentUrl\":\"https:\/\/2022.fim-6days.com\/wp-content\/uploads\/sites\/7\/2019\/07\/LogoFIM-CMYK.png\",\"width\":2608,\"height\":1833,\"caption\":\"FIM - F\u00e9d\u00e9ration Internationale de Motocyclisme\"},\"image\":{\"@id\":\"https:\/\/2022.fim-6days.com\/fr\/#\/schema\/logo\/image\/\"},\"sameAs\":[\"https:\/\/www.facebook.com\/FIMISDE\/\",\"https:\/\/x.com\/fimisde\",\"https:\/\/www.instagram.com\/fim_isde\/\"]},{\"@type\":\"Person\",\"@id\":\"https:\/\/2022.fim-6days.com\/fr\/#\/schema\/person\/bcf4ff642b8d622c689a6eb754f673d3\",\"name\":\"karinea\",\"image\":{\"@type\":\"ImageObject\",\"inLanguage\":\"fr-FR\",\"@id\":\"https:\/\/2022.fim-6days.com\/fr\/#\/schema\/person\/image\/\",\"url\":\"https:\/\/secure.gravatar.com\/avatar\/2f99c39cea2cbbb4f521dcc577a5b8981ed563188abba9c20bd62c0d2bd4abca?s=96&d=mm&r=g\",\"contentUrl\":\"https:\/\/secure.gravatar.com\/avatar\/2f99c39cea2cbbb4f521dcc577a5b8981ed563188abba9c20bd62c0d2bd4abca?s=96&d=mm&r=g\",\"caption\":\"karinea\"},\"url\":\"https:\/\/2022.fim-6days.com\/fr\/author\/karinea\/\"}]}<\/script>\n<!-- \/ Yoast SEO plugin. -->","yoast_head_json":{"title":"La 96\u00e8me \u00e9dition des FIM ISDE 2022 se tiendra au Puy en Velay - France - FIM ISDE 2022","robots":{"index":"index","follow":"follow","max-snippet":"max-snippet:-1","max-image-preview":"max-image-preview:large","max-video-preview":"max-video-preview:-1"},"canonical":"https:\/\/2022.fim-6days.com\/fr\/la-96eme-edition-des-fim-isde-2022-se-tiendra-au-puy-en-velay-france\/","og_locale":"fr_FR","og_type":"article","og_title":"La 96\u00e8me \u00e9dition des FIM ISDE 2022 se tiendra au Puy en Velay - France - FIM ISDE 2022","og_url":"https:\/\/2022.fim-6days.com\/fr\/la-96eme-edition-des-fim-isde-2022-se-tiendra-au-puy-en-velay-france\/","og_site_name":"FIM ISDE 2022","article_publisher":"https:\/\/www.facebook.com\/FIMISDE\/","article_published_time":"2022-03-03T12:18:05+00:00","article_modified_time":"2022-05-13T18:02:38+00:00","og_image":[{"width":1920,"height":1275,"url":"https:\/\/2022.fim-6days.com\/wp-content\/uploads\/sites\/7\/2021\/12\/fimisde22-cp1-photo-1-env-le-puy.jpg","type":"image\/jpeg"}],"author":"karinea","twitter_card":"summary_large_image","twitter_creator":"@fimisde","twitter_site":"@fimisde","twitter_misc":{"\u00c9crit par":"karinea","Dur\u00e9e de lecture estim\u00e9e":"10 minutes"},"schema":{"@context":"https:\/\/schema.org","@graph":[{"@type":"Article","@id":"https:\/\/2022.fim-6days.com\/fr\/la-96eme-edition-des-fim-isde-2022-se-tiendra-au-puy-en-velay-france\/#article","isPartOf":{"@id":"https:\/\/2022.fim-6days.com\/fr\/la-96eme-edition-des-fim-isde-2022-se-tiendra-au-puy-en-velay-france\/"},"author":{"name":"karinea","@id":"https:\/\/2022.fim-6days.com\/fr\/#\/schema\/person\/bcf4ff642b8d622c689a6eb754f673d3"},"headline":"La 96\u00e8me \u00e9dition des FIM ISDE 2022 se tiendra au Puy en Velay &#8211; France","datePublished":"2022-03-03T12:18:05+00:00","dateModified":"2022-05-13T18:02:38+00:00","mainEntityOfPage":{"@id":"https:\/\/2022.fim-6days.com\/fr\/la-96eme-edition-des-fim-isde-2022-se-tiendra-au-puy-en-velay-france\/"},"wordCount":1990,"publisher":{"@id":"https:\/\/2022.fim-6days.com\/fr\/#organization"},"image":{"@id":"https:\/\/2022.fim-6days.com\/fr\/la-96eme-edition-des-fim-isde-2022-se-tiendra-au-puy-en-velay-france\/#primaryimage"},"thumbnailUrl":"https:\/\/2022.fim-6days.com\/wp-content\/uploads\/sites\/7\/2021\/12\/fimisde22-cp1-photo-1-env-le-puy.jpg","articleSection":["Articles"],"inLanguage":"fr-FR"},{"@type":"WebPage","@id":"https:\/\/2022.fim-6days.com\/fr\/la-96eme-edition-des-fim-isde-2022-se-tiendra-au-puy-en-velay-france\/","url":"https:\/\/2022.fim-6days.com\/fr\/la-96eme-edition-des-fim-isde-2022-se-tiendra-au-puy-en-velay-france\/","name":"La 96\u00e8me \u00e9dition des FIM ISDE 2022 se tiendra au Puy en Velay - France - FIM ISDE 2022","isPartOf":{"@id":"https:\/\/2022.fim-6days.com\/fr\/#website"},"primaryImageOfPage":{"@id":"https:\/\/2022.fim-6days.com\/fr\/la-96eme-edition-des-fim-isde-2022-se-tiendra-au-puy-en-velay-france\/#primaryimage"},"image":{"@id":"https:\/\/2022.fim-6days.com\/fr\/la-96eme-edition-des-fim-isde-2022-se-tiendra-au-puy-en-velay-france\/#primaryimage"},"thumbnailUrl":"https:\/\/2022.fim-6days.com\/wp-content\/uploads\/sites\/7\/2021\/12\/fimisde22-cp1-photo-1-env-le-puy.jpg","datePublished":"2022-03-03T12:18:05+00:00","dateModified":"2022-05-13T18:02:38+00:00","breadcrumb":{"@id":"https:\/\/2022.fim-6days.com\/fr\/la-96eme-edition-des-fim-isde-2022-se-tiendra-au-puy-en-velay-france\/#breadcrumb"},"inLanguage":"fr-FR","potentialAction":[{"@type":"ReadAction","target":["https:\/\/2022.fim-6days.com\/fr\/la-96eme-edition-des-fim-isde-2022-se-tiendra-au-puy-en-velay-france\/"]}]},{"@type":"ImageObject","inLanguage":"fr-FR","@id":"https:\/\/2022.fim-6days.com\/fr\/la-96eme-edition-des-fim-isde-2022-se-tiendra-au-puy-en-velay-france\/#primaryimage","url":"https:\/\/2022.fim-6days.com\/wp-content\/uploads\/sites\/7\/2021\/12\/fimisde22-cp1-photo-1-env-le-puy.jpg","contentUrl":"https:\/\/2022.fim-6days.com\/wp-content\/uploads\/sites\/7\/2021\/12\/fimisde22-cp1-photo-1-env-le-puy.jpg","width":1920,"height":1275,"caption":"The environment of Puy en Velay, host city of the event."},{"@type":"BreadcrumbList","@id":"https:\/\/2022.fim-6days.com\/fr\/la-96eme-edition-des-fim-isde-2022-se-tiendra-au-puy-en-velay-france\/#breadcrumb","itemListElement":[{"@type":"ListItem","position":1,"name":"Home","item":"https:\/\/2022.fim-6days.com\/fr\/"},{"@type":"ListItem","position":2,"name":"La 96\u00e8me \u00e9dition des FIM ISDE 2022 se tiendra au Puy en Velay &#8211; France"}]},{"@type":"WebSite","@id":"https:\/\/2022.fim-6days.com\/fr\/#website","url":"https:\/\/2022.fim-6days.com\/fr\/","name":"FIM ISDE 2021","description":"FIM ISDE Official website","publisher":{"@id":"https:\/\/2022.fim-6days.com\/fr\/#organization"},"potentialAction":[{"@type":"SearchAction","target":{"@type":"EntryPoint","urlTemplate":"https:\/\/2022.fim-6days.com\/fr\/?s={search_term_string}"},"query-input":{"@type":"PropertyValueSpecification","valueRequired":true,"valueName":"search_term_string"}}],"inLanguage":"fr-FR"},{"@type":"Organization","@id":"https:\/\/2022.fim-6days.com\/fr\/#organization","name":"FIM - F\u00e9d\u00e9ration Internationale de Motocyclisme","url":"https:\/\/2022.fim-6days.com\/fr\/","logo":{"@type":"ImageObject","inLanguage":"fr-FR","@id":"https:\/\/2022.fim-6days.com\/fr\/#\/schema\/logo\/image\/","url":"https:\/\/2022.fim-6days.com\/wp-content\/uploads\/sites\/7\/2019\/07\/LogoFIM-CMYK.png","contentUrl":"https:\/\/2022.fim-6days.com\/wp-content\/uploads\/sites\/7\/2019\/07\/LogoFIM-CMYK.png","width":2608,"height":1833,"caption":"FIM - F\u00e9d\u00e9ration Internationale de Motocyclisme"},"image":{"@id":"https:\/\/2022.fim-6days.com\/fr\/#\/schema\/logo\/image\/"},"sameAs":["https:\/\/www.facebook.com\/FIMISDE\/","https:\/\/x.com\/fimisde","https:\/\/www.instagram.com\/fim_isde\/"]},{"@type":"Person","@id":"https:\/\/2022.fim-6days.com\/fr\/#\/schema\/person\/bcf4ff642b8d622c689a6eb754f673d3","name":"karinea","image":{"@type":"ImageObject","inLanguage":"fr-FR","@id":"https:\/\/2022.fim-6days.com\/fr\/#\/schema\/person\/image\/","url":"https:\/\/secure.gravatar.com\/avatar\/2f99c39cea2cbbb4f521dcc577a5b8981ed563188abba9c20bd62c0d2bd4abca?s=96&d=mm&r=g","contentUrl":"https:\/\/secure.gravatar.com\/avatar\/2f99c39cea2cbbb4f521dcc577a5b8981ed563188abba9c20bd62c0d2bd4abca?s=96&d=mm&r=g","caption":"karinea"},"url":"https:\/\/2022.fim-6days.com\/fr\/author\/karinea\/"}]}},"_links":{"self":[{"href":"https:\/\/2022.fim-6days.com\/fr\/wp-json\/wp\/v2\/posts\/37819","targetHints":{"allow":["GET"]}}],"collection":[{"href":"https:\/\/2022.fim-6days.com\/fr\/wp-json\/wp\/v2\/posts"}],"about":[{"href":"https:\/\/2022.fim-6days.com\/fr\/wp-json\/wp\/v2\/types\/post"}],"author":[{"embeddable":true,"href":"https:\/\/2022.fim-6days.com\/fr\/wp-json\/wp\/v2\/users\/4"}],"replies":[{"embeddable":true,"href":"https:\/\/2022.fim-6days.com\/fr\/wp-json\/wp\/v2\/comments?post=37819"}],"version-history":[{"count":2,"href":"https:\/\/2022.fim-6days.com\/fr\/wp-json\/wp\/v2\/posts\/37819\/revisions"}],"predecessor-version":[{"id":37822,"href":"https:\/\/2022.fim-6days.com\/fr\/wp-json\/wp\/v2\/posts\/37819\/revisions\/37822"}],"wp:featuredmedia":[{"embeddable":true,"href":"https:\/\/2022.fim-6days.com\/fr\/wp-json\/wp\/v2\/media\/37820"}],"wp:attachment":[{"href":"https:\/\/2022.fim-6days.com\/fr\/wp-json\/wp\/v2\/media?parent=37819"}],"wp:term":[{"taxonomy":"category","embeddable":true,"href":"https:\/\/2022.fim-6days.com\/fr\/wp-json\/wp\/v2\/categories?post=37819"},{"taxonomy":"post_tag","embeddable":true,"href":"https:\/\/2022.fim-6days.com\/fr\/wp-json\/wp\/v2\/tags?post=37819"}],"curies":[{"name":"wp","href":"https:\/\/api.w.org\/{rel}","templated":true}]}}