{"id":37815,"date":"2022-03-03T13:15:27","date_gmt":"2022-03-03T12:15:27","guid":{"rendered":"https:\/\/2022.fim-6days.com\/les-autorites-locales-confirment-leur-soutien-aux-fim-isde-2022\/"},"modified":"2022-05-13T20:02:44","modified_gmt":"2022-05-13T18:02:44","slug":"les-autorites-locales-confirment-leur-soutien-aux-fim-isde-2022","status":"publish","type":"post","link":"https:\/\/2022.fim-6days.com\/fr\/les-autorites-locales-confirment-leur-soutien-aux-fim-isde-2022\/","title":{"rendered":"Les autorit\u00e9s locales confirment leur soutien aux FIM ISDE 2022"},"content":{"rendered":"<div class=\"fusion-fullwidth fullwidth-box fusion-builder-row-1 fusion-flex-container nonhundred-percent-fullwidth non-hundred-percent-height-scrolling\" style=\"--awb-border-radius-top-left:0px;--awb-border-radius-top-right:0px;--awb-border-radius-bottom-right:0px;--awb-border-radius-bottom-left:0px;--awb-flex-wrap:wrap;\" ><div class=\"fusion-builder-row fusion-row fusion-flex-align-items-flex-start fusion-flex-content-wrap\" style=\"max-width:1248px;margin-left: calc(-4% \/ 2 );margin-right: calc(-4% \/ 2 );\"><div class=\"fusion-layout-column fusion_builder_column fusion-builder-column-0 fusion_builder_column_1_1 1_1 fusion-flex-column\" style=\"--awb-bg-size:cover;--awb-width-large:100%;--awb-margin-top-large:0px;--awb-spacing-right-large:1.92%;--awb-margin-bottom-large:0px;--awb-spacing-left-large:1.92%;--awb-width-medium:100%;--awb-spacing-right-medium:1.92%;--awb-spacing-left-medium:1.92%;--awb-width-small:100%;--awb-spacing-right-small:1.92%;--awb-spacing-left-small:1.92%;\"><div class=\"fusion-column-wrapper fusion-flex-justify-content-flex-start fusion-content-layout-column\"><div class=\"fusion-text fusion-text-1\" style=\"--awb-text-transform:none;\"><p>Avant l&rsquo;annonce prochaine de l&rsquo;ouverture des inscriptions pour les FIM International Six Days of Enduro (ISDE) 2022 qui se tiendront au Puy en Velay, en France, du lundi 29 ao\u00fbt au samedi 3 septembre, le comit\u00e9 d&rsquo;organisation et des repr\u00e9sentants de la FIM ont r\u00e9cemment rencontr\u00e9 les \u00e9lus des collectivit\u00e9s locales de la R\u00e9gion Auvergne-Rh\u00f4ne-Alpes, du D\u00e9partement de la Haute-Loire, de l&rsquo;Agglom\u00e9ration et de la Ville du Puy en Velay et de son Office de Tourisme.<\/p>\n<p>Ce dernier, l&rsquo;Office de Tourisme de la Ville du Puy en Velay, est un partenaire important des ISDE et g\u00e9rera le service de r\u00e9servation d&rsquo;h\u00e9bergement pour le compte du comit\u00e9 d&rsquo;organisation.<\/p>\n<p>Devant les m\u00e9dias locaux r\u00e9unis, les \u00e9lus ont confirm\u00e9 et renforc\u00e9 leur soutien \u00e0 la 96\u00e8me \u00e9dition des ISDE, et l&rsquo;importance de l&rsquo;\u00e9v\u00e9nement pour la r\u00e9gion, notamment au regard des consid\u00e9rations suivantes :<\/p>\n<p>La visibilit\u00e9 et la cr\u00e9dibilit\u00e9 de l&rsquo;accueil d&rsquo;une comp\u00e9tition internationale avec 650 participants et plus de 3000 personnes impliqu\u00e9es provenant de plus de 30 nations diff\u00e9rentes.<\/p>\n<p>L&rsquo;impact \u00e9conomique local direct et positif g\u00e9n\u00e9r\u00e9 par l&rsquo;\u00e9v\u00e9nement, qui est estim\u00e9 \u00e0 plus de 3,5 millions d&rsquo;euros, sans compter l&rsquo;impact financier des spectateurs visiteurs.<\/p>\n<p>L&rsquo;\u00e9l\u00e9ment durable de l&rsquo;\u00e9v\u00e9nement, en particulier sa compatibilit\u00e9 environnementale qui verra l&rsquo;organisation entretenir et restaurer &#8211; apr\u00e8s l&rsquo;\u00e9v\u00e9nement si n\u00e9cessaire &#8211; plus de 600 km de sentiers tout en assurant la protection des zones sensibles \u00e0 proximit\u00e9.<\/p>\n<p>Les initiatives environnementales plus larges qui seront incluses dans le cadre de l&rsquo;\u00e9v\u00e9nement, et qui seront communiqu\u00e9es plus en d\u00e9tail en temps voulu.<\/p>\n<p>C&rsquo;est une r\u00e9gion historique pour l&rsquo;Enduro en France, convaincue de l&rsquo;impact positif de la comp\u00e9tition sportive et de l&rsquo;ampleur de l&rsquo;\u00e9v\u00e9nement qui s&rsquo;appr\u00eate \u00e0 accueillir tous les participants.<\/p>\n<p>La FIM, la FFM et le Comit\u00e9 d&rsquo;Organisation tiennent \u00e0 remercier chaleureusement les autorit\u00e9s locales pour leur engagement et leur soutien, sans lesquels il ne serait tout simplement pas possible d&rsquo;organiser la 96\u00e8me \u00e9dition des ISDE en France, au Puy en Velay, une premi\u00e8re pour la Ville et l&rsquo;Agglom\u00e9ration d&rsquo;accueil.<\/p>\n<p>Les concurrents et les \u00e9quipes pourront bient\u00f4t s&rsquo;inscrire via le site officiel <a href=\"http:\/\/www.fim-isde.com\/2022-france\">www.fim-isde.com\/2022-france<\/a>.<\/p>\n<p>Ils peuvent d\u00e9j\u00e0 r\u00e9server leur h\u00e9bergement en ligne sur www.isde2022-lepuyenvelay.com\/ ou contacter directement l&rsquo;\u00e9quipe de l&rsquo;Office de Tourisme : <a href=\"mailto:contact@isde2022-lepuyenvelay.com\">contact@isde2022-lepuyenvelay.com<\/a>.<\/p>\n<\/div><\/div><\/div><\/div><\/div>\n","protected":false},"excerpt":{"rendered":"","protected":false},"author":4,"featured_media":37816,"comment_status":"closed","ping_status":"closed","sticky":false,"template":"","format":"image","meta":{"inline_featured_image":false,"footnotes":""},"categories":[75],"tags":[],"class_list":["post-37815","post","type-post","status-publish","format-image","has-post-thumbnail","hentry","category-articles","post_format-post-format-image"],"yoast_head":"<!-- This site is optimized with the Yoast SEO plugin v25.6 - https:\/\/yoast.com\/wordpress\/plugins\/seo\/ -->\n<title>Les autorit\u00e9s locales confirment leur soutien aux FIM ISDE 2022 - FIM ISDE 2022<\/title>\n<meta name=\"robots\" content=\"index, follow, max-snippet:-1, max-image-preview:large, max-video-preview:-1\" \/>\n<link rel=\"canonical\" href=\"https:\/\/2022.fim-6days.com\/fr\/les-autorites-locales-confirment-leur-soutien-aux-fim-isde-2022\/\" \/>\n<meta property=\"og:locale\" content=\"fr_FR\" \/>\n<meta property=\"og:type\" content=\"article\" \/>\n<meta property=\"og:title\" content=\"Les autorit\u00e9s locales confirment leur soutien aux FIM ISDE 2022 - FIM ISDE 2022\" \/>\n<meta property=\"og:url\" content=\"https:\/\/2022.fim-6days.com\/fr\/les-autorites-locales-confirment-leur-soutien-aux-fim-isde-2022\/\" \/>\n<meta property=\"og:site_name\" content=\"FIM ISDE 2022\" \/>\n<meta property=\"article:publisher\" content=\"https:\/\/www.facebook.com\/FIMISDE\/\" \/>\n<meta property=\"article:published_time\" content=\"2022-03-03T12:15:27+00:00\" \/>\n<meta property=\"article:modified_time\" content=\"2022-05-13T18:02:44+00:00\" \/>\n<meta property=\"og:image\" content=\"https:\/\/2022.fim-6days.com\/wp-content\/uploads\/sites\/7\/2022\/01\/COISDE-Meeting-with-FIM-and-local-authorities-Le-Puy-en-Velay.jpg\" \/>\n\t<meta property=\"og:image:width\" content=\"2401\" \/>\n\t<meta property=\"og:image:height\" content=\"1577\" \/>\n\t<meta property=\"og:image:type\" content=\"image\/jpeg\" \/>\n<meta name=\"author\" content=\"karinea\" \/>\n<meta name=\"twitter:card\" content=\"summary_large_image\" \/>\n<meta name=\"twitter:creator\" content=\"@fimisde\" \/>\n<meta name=\"twitter:site\" content=\"@fimisde\" \/>\n<meta name=\"twitter:label1\" content=\"\u00c9crit par\" \/>\n\t<meta name=\"twitter:data1\" content=\"karinea\" \/>\n\t<meta name=\"twitter:label2\" content=\"Dur\u00e9e de lecture estim\u00e9e\" \/>\n\t<meta name=\"twitter:data2\" content=\"3 minutes\" \/>\n<script type=\"application\/ld+json\" class=\"yoast-schema-graph\">{\"@context\":\"https:\/\/schema.org\",\"@graph\":[{\"@type\":\"Article\",\"@id\":\"https:\/\/2022.fim-6days.com\/fr\/les-autorites-locales-confirment-leur-soutien-aux-fim-isde-2022\/#article\",\"isPartOf\":{\"@id\":\"https:\/\/2022.fim-6days.com\/fr\/les-autorites-locales-confirment-leur-soutien-aux-fim-isde-2022\/\"},\"author\":{\"name\":\"karinea\",\"@id\":\"https:\/\/2022.fim-6days.com\/fr\/#\/schema\/person\/bcf4ff642b8d622c689a6eb754f673d3\"},\"headline\":\"Les autorit\u00e9s locales confirment leur soutien aux FIM ISDE 2022\",\"datePublished\":\"2022-03-03T12:15:27+00:00\",\"dateModified\":\"2022-05-13T18:02:44+00:00\",\"mainEntityOfPage\":{\"@id\":\"https:\/\/2022.fim-6days.com\/fr\/les-autorites-locales-confirment-leur-soutien-aux-fim-isde-2022\/\"},\"wordCount\":662,\"publisher\":{\"@id\":\"https:\/\/2022.fim-6days.com\/fr\/#organization\"},\"image\":{\"@id\":\"https:\/\/2022.fim-6days.com\/fr\/les-autorites-locales-confirment-leur-soutien-aux-fim-isde-2022\/#primaryimage\"},\"thumbnailUrl\":\"https:\/\/2022.fim-6days.com\/wp-content\/uploads\/sites\/7\/2022\/01\/COISDE-Meeting-with-FIM-and-local-authorities-Le-Puy-en-Velay.jpg\",\"articleSection\":[\"Articles\"],\"inLanguage\":\"fr-FR\"},{\"@type\":\"WebPage\",\"@id\":\"https:\/\/2022.fim-6days.com\/fr\/les-autorites-locales-confirment-leur-soutien-aux-fim-isde-2022\/\",\"url\":\"https:\/\/2022.fim-6days.com\/fr\/les-autorites-locales-confirment-leur-soutien-aux-fim-isde-2022\/\",\"name\":\"Les autorit\u00e9s locales confirment leur soutien aux FIM ISDE 2022 - FIM ISDE 2022\",\"isPartOf\":{\"@id\":\"https:\/\/2022.fim-6days.com\/fr\/#website\"},\"primaryImageOfPage\":{\"@id\":\"https:\/\/2022.fim-6days.com\/fr\/les-autorites-locales-confirment-leur-soutien-aux-fim-isde-2022\/#primaryimage\"},\"image\":{\"@id\":\"https:\/\/2022.fim-6days.com\/fr\/les-autorites-locales-confirment-leur-soutien-aux-fim-isde-2022\/#primaryimage\"},\"thumbnailUrl\":\"https:\/\/2022.fim-6days.com\/wp-content\/uploads\/sites\/7\/2022\/01\/COISDE-Meeting-with-FIM-and-local-authorities-Le-Puy-en-Velay.jpg\",\"datePublished\":\"2022-03-03T12:15:27+00:00\",\"dateModified\":\"2022-05-13T18:02:44+00:00\",\"breadcrumb\":{\"@id\":\"https:\/\/2022.fim-6days.com\/fr\/les-autorites-locales-confirment-leur-soutien-aux-fim-isde-2022\/#breadcrumb\"},\"inLanguage\":\"fr-FR\",\"potentialAction\":[{\"@type\":\"ReadAction\",\"target\":[\"https:\/\/2022.fim-6days.com\/fr\/les-autorites-locales-confirment-leur-soutien-aux-fim-isde-2022\/\"]}]},{\"@type\":\"ImageObject\",\"inLanguage\":\"fr-FR\",\"@id\":\"https:\/\/2022.fim-6days.com\/fr\/les-autorites-locales-confirment-leur-soutien-aux-fim-isde-2022\/#primaryimage\",\"url\":\"https:\/\/2022.fim-6days.com\/wp-content\/uploads\/sites\/7\/2022\/01\/COISDE-Meeting-with-FIM-and-local-authorities-Le-Puy-en-Velay.jpg\",\"contentUrl\":\"https:\/\/2022.fim-6days.com\/wp-content\/uploads\/sites\/7\/2022\/01\/COISDE-Meeting-with-FIM-and-local-authorities-Le-Puy-en-Velay.jpg\",\"width\":2401,\"height\":1577,\"caption\":\"A close-knit collective: local elected officials, Tourist Office, Organising Committee, FFM and FIM. \u00a9 Lucas Jacquet - Centre France 1st row, from left to right: Marie-Agn\u00e8s Petit (President of the Haute-Loire Departmental Council), Roland Lonjon (Vice President of the Agglomeration of Le Puy en Velay in charge of Finance), Corinne Goncalves (Vice President of the Agglomeration of Le Puy en Velay in charge of tourism and events), Jean- Pierre Vigier (Deputy and Regional Councilor Auvergne-Rh\u00f4ne-Alpes) 2nd row, from left to right: Karine Wassner (Deputy Director of Le Puy en Velay Tourist Office), Fabio Muner (FIM Marketing and Digital Director), Adrien Lerousseau (FIM Marketing Coordinator), Dominique Gauthier (Vice President of the ISDE Organising Committee and President of the Moto Club du Puy en Velay), Alain Borde (Treasurer of the ISDE Organising Committee and President of the Moto Club de Saugues) 3rd row, from left to right: Jean-Paul Grimaud (Director of Le Puy en Velay Tourist Office), Emmanuel Boyer (Advisor to the President of the Auvergne-Rh\u00f4ne-Alpes Region &amp; Agglomeration of Le Puy en Velay), Laurent Courtal (Marketing \u2013 Communication Coordinator - ISDE Organising Committee), Daniel Lhermet (Secretary General of the ISDE Organising Committee and President of the Moto Club Moto Verte Haute Loz\u00e8re), Gregory Ricci (FIM Enduro Commission Coordinator), Vincent Rigaudias (Vice-President of the FFM, President of the Auvergne-Rh\u00f4ne-Alpes Regional Motorcycle League).\"},{\"@type\":\"BreadcrumbList\",\"@id\":\"https:\/\/2022.fim-6days.com\/fr\/les-autorites-locales-confirment-leur-soutien-aux-fim-isde-2022\/#breadcrumb\",\"itemListElement\":[{\"@type\":\"ListItem\",\"position\":1,\"name\":\"Home\",\"item\":\"https:\/\/2022.fim-6days.com\/fr\/\"},{\"@type\":\"ListItem\",\"position\":2,\"name\":\"Les autorit\u00e9s locales confirment leur soutien aux FIM ISDE 2022\"}]},{\"@type\":\"WebSite\",\"@id\":\"https:\/\/2022.fim-6days.com\/fr\/#website\",\"url\":\"https:\/\/2022.fim-6days.com\/fr\/\",\"name\":\"FIM ISDE 2021\",\"description\":\"FIM ISDE Official website\",\"publisher\":{\"@id\":\"https:\/\/2022.fim-6days.com\/fr\/#organization\"},\"potentialAction\":[{\"@type\":\"SearchAction\",\"target\":{\"@type\":\"EntryPoint\",\"urlTemplate\":\"https:\/\/2022.fim-6days.com\/fr\/?s={search_term_string}\"},\"query-input\":{\"@type\":\"PropertyValueSpecification\",\"valueRequired\":true,\"valueName\":\"search_term_string\"}}],\"inLanguage\":\"fr-FR\"},{\"@type\":\"Organization\",\"@id\":\"https:\/\/2022.fim-6days.com\/fr\/#organization\",\"name\":\"FIM - F\u00e9d\u00e9ration Internationale de Motocyclisme\",\"url\":\"https:\/\/2022.fim-6days.com\/fr\/\",\"logo\":{\"@type\":\"ImageObject\",\"inLanguage\":\"fr-FR\",\"@id\":\"https:\/\/2022.fim-6days.com\/fr\/#\/schema\/logo\/image\/\",\"url\":\"https:\/\/2022.fim-6days.com\/wp-content\/uploads\/sites\/7\/2019\/07\/LogoFIM-CMYK.png\",\"contentUrl\":\"https:\/\/2022.fim-6days.com\/wp-content\/uploads\/sites\/7\/2019\/07\/LogoFIM-CMYK.png\",\"width\":2608,\"height\":1833,\"caption\":\"FIM - F\u00e9d\u00e9ration Internationale de Motocyclisme\"},\"image\":{\"@id\":\"https:\/\/2022.fim-6days.com\/fr\/#\/schema\/logo\/image\/\"},\"sameAs\":[\"https:\/\/www.facebook.com\/FIMISDE\/\",\"https:\/\/x.com\/fimisde\",\"https:\/\/www.instagram.com\/fim_isde\/\"]},{\"@type\":\"Person\",\"@id\":\"https:\/\/2022.fim-6days.com\/fr\/#\/schema\/person\/bcf4ff642b8d622c689a6eb754f673d3\",\"name\":\"karinea\",\"image\":{\"@type\":\"ImageObject\",\"inLanguage\":\"fr-FR\",\"@id\":\"https:\/\/2022.fim-6days.com\/fr\/#\/schema\/person\/image\/\",\"url\":\"https:\/\/secure.gravatar.com\/avatar\/2f99c39cea2cbbb4f521dcc577a5b8981ed563188abba9c20bd62c0d2bd4abca?s=96&d=mm&r=g\",\"contentUrl\":\"https:\/\/secure.gravatar.com\/avatar\/2f99c39cea2cbbb4f521dcc577a5b8981ed563188abba9c20bd62c0d2bd4abca?s=96&d=mm&r=g\",\"caption\":\"karinea\"},\"url\":\"https:\/\/2022.fim-6days.com\/fr\/author\/karinea\/\"}]}<\/script>\n<!-- \/ Yoast SEO plugin. -->","yoast_head_json":{"title":"Les autorit\u00e9s locales confirment leur soutien aux FIM ISDE 2022 - FIM ISDE 2022","robots":{"index":"index","follow":"follow","max-snippet":"max-snippet:-1","max-image-preview":"max-image-preview:large","max-video-preview":"max-video-preview:-1"},"canonical":"https:\/\/2022.fim-6days.com\/fr\/les-autorites-locales-confirment-leur-soutien-aux-fim-isde-2022\/","og_locale":"fr_FR","og_type":"article","og_title":"Les autorit\u00e9s locales confirment leur soutien aux FIM ISDE 2022 - FIM ISDE 2022","og_url":"https:\/\/2022.fim-6days.com\/fr\/les-autorites-locales-confirment-leur-soutien-aux-fim-isde-2022\/","og_site_name":"FIM ISDE 2022","article_publisher":"https:\/\/www.facebook.com\/FIMISDE\/","article_published_time":"2022-03-03T12:15:27+00:00","article_modified_time":"2022-05-13T18:02:44+00:00","og_image":[{"width":2401,"height":1577,"url":"https:\/\/2022.fim-6days.com\/wp-content\/uploads\/sites\/7\/2022\/01\/COISDE-Meeting-with-FIM-and-local-authorities-Le-Puy-en-Velay.jpg","type":"image\/jpeg"}],"author":"karinea","twitter_card":"summary_large_image","twitter_creator":"@fimisde","twitter_site":"@fimisde","twitter_misc":{"\u00c9crit par":"karinea","Dur\u00e9e de lecture estim\u00e9e":"3 minutes"},"schema":{"@context":"https:\/\/schema.org","@graph":[{"@type":"Article","@id":"https:\/\/2022.fim-6days.com\/fr\/les-autorites-locales-confirment-leur-soutien-aux-fim-isde-2022\/#article","isPartOf":{"@id":"https:\/\/2022.fim-6days.com\/fr\/les-autorites-locales-confirment-leur-soutien-aux-fim-isde-2022\/"},"author":{"name":"karinea","@id":"https:\/\/2022.fim-6days.com\/fr\/#\/schema\/person\/bcf4ff642b8d622c689a6eb754f673d3"},"headline":"Les autorit\u00e9s locales confirment leur soutien aux FIM ISDE 2022","datePublished":"2022-03-03T12:15:27+00:00","dateModified":"2022-05-13T18:02:44+00:00","mainEntityOfPage":{"@id":"https:\/\/2022.fim-6days.com\/fr\/les-autorites-locales-confirment-leur-soutien-aux-fim-isde-2022\/"},"wordCount":662,"publisher":{"@id":"https:\/\/2022.fim-6days.com\/fr\/#organization"},"image":{"@id":"https:\/\/2022.fim-6days.com\/fr\/les-autorites-locales-confirment-leur-soutien-aux-fim-isde-2022\/#primaryimage"},"thumbnailUrl":"https:\/\/2022.fim-6days.com\/wp-content\/uploads\/sites\/7\/2022\/01\/COISDE-Meeting-with-FIM-and-local-authorities-Le-Puy-en-Velay.jpg","articleSection":["Articles"],"inLanguage":"fr-FR"},{"@type":"WebPage","@id":"https:\/\/2022.fim-6days.com\/fr\/les-autorites-locales-confirment-leur-soutien-aux-fim-isde-2022\/","url":"https:\/\/2022.fim-6days.com\/fr\/les-autorites-locales-confirment-leur-soutien-aux-fim-isde-2022\/","name":"Les autorit\u00e9s locales confirment leur soutien aux FIM ISDE 2022 - FIM ISDE 2022","isPartOf":{"@id":"https:\/\/2022.fim-6days.com\/fr\/#website"},"primaryImageOfPage":{"@id":"https:\/\/2022.fim-6days.com\/fr\/les-autorites-locales-confirment-leur-soutien-aux-fim-isde-2022\/#primaryimage"},"image":{"@id":"https:\/\/2022.fim-6days.com\/fr\/les-autorites-locales-confirment-leur-soutien-aux-fim-isde-2022\/#primaryimage"},"thumbnailUrl":"https:\/\/2022.fim-6days.com\/wp-content\/uploads\/sites\/7\/2022\/01\/COISDE-Meeting-with-FIM-and-local-authorities-Le-Puy-en-Velay.jpg","datePublished":"2022-03-03T12:15:27+00:00","dateModified":"2022-05-13T18:02:44+00:00","breadcrumb":{"@id":"https:\/\/2022.fim-6days.com\/fr\/les-autorites-locales-confirment-leur-soutien-aux-fim-isde-2022\/#breadcrumb"},"inLanguage":"fr-FR","potentialAction":[{"@type":"ReadAction","target":["https:\/\/2022.fim-6days.com\/fr\/les-autorites-locales-confirment-leur-soutien-aux-fim-isde-2022\/"]}]},{"@type":"ImageObject","inLanguage":"fr-FR","@id":"https:\/\/2022.fim-6days.com\/fr\/les-autorites-locales-confirment-leur-soutien-aux-fim-isde-2022\/#primaryimage","url":"https:\/\/2022.fim-6days.com\/wp-content\/uploads\/sites\/7\/2022\/01\/COISDE-Meeting-with-FIM-and-local-authorities-Le-Puy-en-Velay.jpg","contentUrl":"https:\/\/2022.fim-6days.com\/wp-content\/uploads\/sites\/7\/2022\/01\/COISDE-Meeting-with-FIM-and-local-authorities-Le-Puy-en-Velay.jpg","width":2401,"height":1577,"caption":"A close-knit collective: local elected officials, Tourist Office, Organising Committee, FFM and FIM. \u00a9 Lucas Jacquet - Centre France 1st row, from left to right: Marie-Agn\u00e8s Petit (President of the Haute-Loire Departmental Council), Roland Lonjon (Vice President of the Agglomeration of Le Puy en Velay in charge of Finance), Corinne Goncalves (Vice President of the Agglomeration of Le Puy en Velay in charge of tourism and events), Jean- Pierre Vigier (Deputy and Regional Councilor Auvergne-Rh\u00f4ne-Alpes) 2nd row, from left to right: Karine Wassner (Deputy Director of Le Puy en Velay Tourist Office), Fabio Muner (FIM Marketing and Digital Director), Adrien Lerousseau (FIM Marketing Coordinator), Dominique Gauthier (Vice President of the ISDE Organising Committee and President of the Moto Club du Puy en Velay), Alain Borde (Treasurer of the ISDE Organising Committee and President of the Moto Club de Saugues) 3rd row, from left to right: Jean-Paul Grimaud (Director of Le Puy en Velay Tourist Office), Emmanuel Boyer (Advisor to the President of the Auvergne-Rh\u00f4ne-Alpes Region &amp; Agglomeration of Le Puy en Velay), Laurent Courtal (Marketing \u2013 Communication Coordinator - ISDE Organising Committee), Daniel Lhermet (Secretary General of the ISDE Organising Committee and President of the Moto Club Moto Verte Haute Loz\u00e8re), Gregory Ricci (FIM Enduro Commission Coordinator), Vincent Rigaudias (Vice-President of the FFM, President of the Auvergne-Rh\u00f4ne-Alpes Regional Motorcycle League)."},{"@type":"BreadcrumbList","@id":"https:\/\/2022.fim-6days.com\/fr\/les-autorites-locales-confirment-leur-soutien-aux-fim-isde-2022\/#breadcrumb","itemListElement":[{"@type":"ListItem","position":1,"name":"Home","item":"https:\/\/2022.fim-6days.com\/fr\/"},{"@type":"ListItem","position":2,"name":"Les autorit\u00e9s locales confirment leur soutien aux FIM ISDE 2022"}]},{"@type":"WebSite","@id":"https:\/\/2022.fim-6days.com\/fr\/#website","url":"https:\/\/2022.fim-6days.com\/fr\/","name":"FIM ISDE 2021","description":"FIM ISDE Official website","publisher":{"@id":"https:\/\/2022.fim-6days.com\/fr\/#organization"},"potentialAction":[{"@type":"SearchAction","target":{"@type":"EntryPoint","urlTemplate":"https:\/\/2022.fim-6days.com\/fr\/?s={search_term_string}"},"query-input":{"@type":"PropertyValueSpecification","valueRequired":true,"valueName":"search_term_string"}}],"inLanguage":"fr-FR"},{"@type":"Organization","@id":"https:\/\/2022.fim-6days.com\/fr\/#organization","name":"FIM - F\u00e9d\u00e9ration Internationale de Motocyclisme","url":"https:\/\/2022.fim-6days.com\/fr\/","logo":{"@type":"ImageObject","inLanguage":"fr-FR","@id":"https:\/\/2022.fim-6days.com\/fr\/#\/schema\/logo\/image\/","url":"https:\/\/2022.fim-6days.com\/wp-content\/uploads\/sites\/7\/2019\/07\/LogoFIM-CMYK.png","contentUrl":"https:\/\/2022.fim-6days.com\/wp-content\/uploads\/sites\/7\/2019\/07\/LogoFIM-CMYK.png","width":2608,"height":1833,"caption":"FIM - F\u00e9d\u00e9ration Internationale de Motocyclisme"},"image":{"@id":"https:\/\/2022.fim-6days.com\/fr\/#\/schema\/logo\/image\/"},"sameAs":["https:\/\/www.facebook.com\/FIMISDE\/","https:\/\/x.com\/fimisde","https:\/\/www.instagram.com\/fim_isde\/"]},{"@type":"Person","@id":"https:\/\/2022.fim-6days.com\/fr\/#\/schema\/person\/bcf4ff642b8d622c689a6eb754f673d3","name":"karinea","image":{"@type":"ImageObject","inLanguage":"fr-FR","@id":"https:\/\/2022.fim-6days.com\/fr\/#\/schema\/person\/image\/","url":"https:\/\/secure.gravatar.com\/avatar\/2f99c39cea2cbbb4f521dcc577a5b8981ed563188abba9c20bd62c0d2bd4abca?s=96&d=mm&r=g","contentUrl":"https:\/\/secure.gravatar.com\/avatar\/2f99c39cea2cbbb4f521dcc577a5b8981ed563188abba9c20bd62c0d2bd4abca?s=96&d=mm&r=g","caption":"karinea"},"url":"https:\/\/2022.fim-6days.com\/fr\/author\/karinea\/"}]}},"_links":{"self":[{"href":"https:\/\/2022.fim-6days.com\/fr\/wp-json\/wp\/v2\/posts\/37815","targetHints":{"allow":["GET"]}}],"collection":[{"href":"https:\/\/2022.fim-6days.com\/fr\/wp-json\/wp\/v2\/posts"}],"about":[{"href":"https:\/\/2022.fim-6days.com\/fr\/wp-json\/wp\/v2\/types\/post"}],"author":[{"embeddable":true,"href":"https:\/\/2022.fim-6days.com\/fr\/wp-json\/wp\/v2\/users\/4"}],"replies":[{"embeddable":true,"href":"https:\/\/2022.fim-6days.com\/fr\/wp-json\/wp\/v2\/comments?post=37815"}],"version-history":[{"count":2,"href":"https:\/\/2022.fim-6days.com\/fr\/wp-json\/wp\/v2\/posts\/37815\/revisions"}],"predecessor-version":[{"id":37818,"href":"https:\/\/2022.fim-6days.com\/fr\/wp-json\/wp\/v2\/posts\/37815\/revisions\/37818"}],"wp:featuredmedia":[{"embeddable":true,"href":"https:\/\/2022.fim-6days.com\/fr\/wp-json\/wp\/v2\/media\/37816"}],"wp:attachment":[{"href":"https:\/\/2022.fim-6days.com\/fr\/wp-json\/wp\/v2\/media?parent=37815"}],"wp:term":[{"taxonomy":"category","embeddable":true,"href":"https:\/\/2022.fim-6days.com\/fr\/wp-json\/wp\/v2\/categories?post=37815"},{"taxonomy":"post_tag","embeddable":true,"href":"https:\/\/2022.fim-6days.com\/fr\/wp-json\/wp\/v2\/tags?post=37815"}],"curies":[{"name":"wp","href":"https:\/\/api.w.org\/{rel}","templated":true}]}}