{"id":37570,"date":"2022-03-01T11:50:26","date_gmt":"2022-03-01T10:50:26","guid":{"rendered":"https:\/\/2022.fim-6days.com\/infos-generales\/"},"modified":"2022-03-03T13:24:29","modified_gmt":"2022-03-03T12:24:29","slug":"infos-generales","status":"publish","type":"post","link":"https:\/\/2022.fim-6days.com\/fr\/infos-generales\/","title":{"rendered":"INFOS GENERALES"},"content":{"rendered":"<p><div class=\"fusion-fullwidth fullwidth-box fusion-builder-row-1 nonhundred-percent-fullwidth non-hundred-percent-height-scrolling\" style=\"--awb-border-radius-top-left:0px;--awb-border-radius-top-right:0px;--awb-border-radius-bottom-right:0px;--awb-border-radius-bottom-left:0px;--awb-padding-top:0px;--awb-margin-top:0px;--awb-flex-wrap:wrap;\" ><div class=\"fusion-builder-row fusion-row\"><div class=\"fusion-layout-column fusion_builder_column fusion-builder-column-0 fusion_builder_column_1_1 1_1 fusion-one-full fusion-column-first fusion-column-last\" style=\"--awb-bg-size:cover;--awb-margin-bottom:0px;\"><div class=\"fusion-column-wrapper fusion-flex-column-wrapper-legacy\"><div class=\"fusion-title title fusion-title-1 sep-underline sep-solid fusion-title-text fusion-title-size-five\" style=\"--awb-text-color:#24226a;\"><h5 class=\"fusion-title-heading title-heading-left fusion-responsive-typography-calculated\" style=\"margin:0;--fontSize:28;line-height:1.1;\"><p><strong>MADE IN AUVERGNE,<br \/>\nLA TERRE NATALE DE L\u2019ENDURO EN FRANCE<br \/>\n<\/strong>ISDE 2022 &#8211; France &#8211; Le Puy-En-Velay<\/p><\/h5><\/div><div class=\"fusion-text fusion-text-1\" style=\"--awb-text-transform:none;\"><p>Les FIM International Six Days of Enduro, les 6 JOURS, reviennent sur le territoire qui a vu na\u00eetre l\u2019enduro en France, le d\u00e9partement de la Haute-Loire, au c\u0153ur de la R\u00e9gion Auvergne-Rh\u00f4ne-Alpes, 42 ans apr\u00e8s l\u2019\u00e9dition de 1980 \u00e0 Brioude.<\/p>\n<p>La course, dans la plus pure tradition de l\u2019enduro \u00e0 la fran\u00e7aise, se d\u00e9roulera \u00e0 l\u2019ouest, au sud et au nord de la Haute-Loire, jusqu\u2019\u00e0 la moiti\u00e9 nord de la Loz\u00e8re dans la r\u00e9gion voisine l\u2019Occitanie.<\/p>\n<p>Avec une altitude moyenne de 1 000 m et des points culminant \u00e0 1 400 m, c\u2019est un parcours de liaison technique qui attend les concurrents de cette 96\u00e8me \u00e9dition avec une difficult\u00e9 croissante au fil des jours.<\/p>\n<p>L\u2019occasion pour les fans d\u2019enduro comme et pour les autres spectateurs de d\u00e9couvrir des paysages vari\u00e9s \u00e0 couper le souffle et de profiter de l\u2019authenticit\u00e9 de ces territoires entre 2 sp\u00e9ciales et de d\u00e9couvrir leur richesse patrimoniale et historique.<\/p>\n<\/div><div class=\"fusion-clearfix\"><\/div><\/div><\/div><div class=\"fusion-layout-column fusion_builder_column fusion-builder-column-1 fusion_builder_column_1_1 1_1 fusion-one-full fusion-column-first fusion-column-last\" style=\"--awb-bg-size:cover;\"><div class=\"fusion-column-wrapper fusion-column-has-shadow fusion-flex-column-wrapper-legacy\"><div class=\"fusion-builder-row fusion-builder-row-inner fusion-row\"><div class=\"fusion-layout-column fusion_builder_column_inner fusion-builder-nested-column-0 fusion_builder_column_inner_1_1 1_1 fusion-one-full fusion-column-first fusion-column-last\" style=\"--awb-bg-size:cover;\"><div class=\"fusion-column-wrapper fusion-column-has-shadow fusion-flex-column-wrapper-legacy\"><div class=\"fusion-clearfix\"><\/div><\/div><\/div><div class=\"fusion-layout-column fusion_builder_column_inner fusion-builder-nested-column-1 fusion_builder_column_inner_2_3 2_3 fusion-two-third fusion-column-first\" style=\"--awb-bg-size:cover;width:66.666666666667%;width:calc(66.666666666667% - ( ( 4% ) * 0.66666666666667 ) );margin-right: 4%;\"><div class=\"fusion-column-wrapper fusion-column-has-shadow fusion-flex-column-wrapper-legacy\"><div class=\"fusion-image-element in-legacy-container\" style=\"--awb-caption-title-font-family:var(--h2_typography-font-family);--awb-caption-title-font-weight:var(--h2_typography-font-weight);--awb-caption-title-font-style:var(--h2_typography-font-style);--awb-caption-title-size:var(--h2_typography-font-size);--awb-caption-title-transform:var(--h2_typography-text-transform);--awb-caption-title-line-height:var(--h2_typography-line-height);--awb-caption-title-letter-spacing:var(--h2_typography-letter-spacing);\"><span class=\" fusion-imageframe imageframe-none imageframe-1 hover-type-none\"><img decoding=\"async\" width=\"960\" height=\"714\" title=\"map AURA\" src=\"https:\/\/2022.fim-6days.com\/wp-content\/uploads\/sites\/7\/2022\/02\/map-AURA.png\" alt class=\"img-responsive wp-image-37100\" srcset=\"https:\/\/2022.fim-6days.com\/wp-content\/uploads\/sites\/7\/2022\/02\/map-AURA-200x149.png 200w, https:\/\/2022.fim-6days.com\/wp-content\/uploads\/sites\/7\/2022\/02\/map-AURA-400x298.png 400w, https:\/\/2022.fim-6days.com\/wp-content\/uploads\/sites\/7\/2022\/02\/map-AURA-600x446.png 600w, https:\/\/2022.fim-6days.com\/wp-content\/uploads\/sites\/7\/2022\/02\/map-AURA-800x595.png 800w, https:\/\/2022.fim-6days.com\/wp-content\/uploads\/sites\/7\/2022\/02\/map-AURA.png 960w\" sizes=\"(max-width: 900px) 100vw, 800px\" \/><\/span><\/div><div class=\"fusion-clearfix\"><\/div><\/div><\/div><div class=\"fusion-layout-column fusion_builder_column_inner fusion-builder-nested-column-2 fusion_builder_column_inner_1_3 1_3 fusion-one-third fusion-column-last\" style=\"--awb-bg-size:cover;width:33.333333333333%;width:calc(33.333333333333% - ( ( 4% ) * 0.33333333333333 ) );\"><div class=\"fusion-column-wrapper fusion-column-has-shadow fusion-flex-column-wrapper-legacy\"><div class=\"fusion-text fusion-text-2\" style=\"--awb-text-transform:none;\"><p><strong>AEROPORTS:<\/strong><br \/>\nLYON 160 KM<br \/>\nSAINT-ETIENNE 87 KM<br \/>\nCLERMONT-FERRAND 114 KM<\/p>\n<p><strong>PORT :<\/strong><br \/>\nMARSEILLE = 294 KM<\/p>\n<p>PARIS 530 km<br \/>\nBARCELONE 564 km<br \/>\nMILAN 573 km<br \/>\nROME 1 119 km<br \/>\nMADRID 1 197 km<br \/>\nBERLIN 1 373 km<\/p>\n<p><a href=\"https:\/\/www.isde2022-lepuyenvelay.com\/practical-information\/\" target=\"_blank\" rel=\"noopener\">INFORMATIONS PRATIQUES<\/a><\/p>\n<\/div><div class=\"fusion-clearfix\"><\/div><\/div><\/div><\/div><div class=\"fusion-clearfix\"><\/div><\/div><\/div><div class=\"fusion-layout-column fusion_builder_column fusion-builder-column-2 fusion_builder_column_1_1 1_1 fusion-one-full fusion-column-first fusion-column-last\" style=\"--awb-bg-size:cover;\"><div class=\"fusion-column-wrapper fusion-column-has-shadow fusion-flex-column-wrapper-legacy\"><div class=\"fusion-title title fusion-title-2 sep-underline sep-solid fusion-title-text fusion-title-size-five\" style=\"--awb-text-color:#24226a;\"><h5 class=\"fusion-title-heading title-heading-left fusion-responsive-typography-calculated\" style=\"margin:0;--fontSize:28;line-height:1.1;\"><strong>Une terre charg\u00e9e d\u2019histoire<\/strong><\/h5><\/div><div class=\"fusion-text fusion-text-3\" style=\"--awb-text-transform:none;\"><p>Les 2\/3 de la course se d\u00e9roulent sur l\u2019ancienne province royale du 17\u00e8me si\u00e8cle, le G\u00e9vaudan, \u00e0 cheval entre Haute-Loire et Loz\u00e8re, rendu c\u00e9l\u00e8bre en raison de la b\u00eate du G\u00e9vaudan. \u00ab Cette b\u00eate \u00bb, un canid\u00e9 de tr\u00e8s grande taille, a fait plus d\u2019une centaine de victimes entre 1764 et 1767. L\u2019histoire fait grand bruit dans tout le royaume de France et au-del\u00e0, jusqu\u2019\u00e0 des articles parus dans des journaux britanniques et allemands. Le 19 juin 1767, la b\u00eate est abattue. Si la b\u00eate du G\u00e9vaudan a bel et bien exist\u00e9, encore aujourd\u2019hui sa v\u00e9ritable nature demeure un myst\u00e8re.<\/p>\n<p>Une partie du parcours des 2 premiers jours, la boucle 1, passe par le pays de La Fayette, le territoire de naissance du G\u00e9n\u00e9ral de La Fayette, encore c\u00e9l\u00e9br\u00e9 outre-Atlantique pour son implication d\u00e9cisive dans la guerre d\u2019ind\u00e9pendance des Etats Unis d\u2019Am\u00e9rique.<\/p>\n<p>En remontant encore dans le temps, l\u2019histoire de l\u2019Agglom\u00e9ration du Puy en Velay remonte au 1er si\u00e8cle avant J\u00e9sus-Christ. C\u2019\u00e9tait le territoire des Vellaves, \u00e0 la racine du nom Velay, un peuple gaulois appartenant \u00e0 la conf\u00e9d\u00e9ration des Arvernes, \u00e0 l\u2019origine du nom Auvergne.<\/p>\n<p>C\u2019est un pays charg\u00e9 d\u2019histoire : Saint-Paulien site d\u2019un oppidum (place fortifi\u00e9e) Vellaves sur lequel vivent des hommes depuis le commencement des \u00e2ges, renomm\u00e9 Ruessio apr\u00e8s la conqu\u00eate de la Gaulle alors la ville principale \u00e0 l\u2019\u00e9poque gallo-romaine, aux monuments du Puy en Velay comme sa cath\u00e9drale du 12\u00e8me si\u00e8cle, un chef d\u2019\u0153uvre de l\u2019art roman aux influences byzantines b\u00e2tie sur le site d\u2019un ancien dolmen \u00e9rig\u00e9 des mill\u00e9naires auparavant. Inscrite au patrimoine mondial de l\u2019Unesco, \u00e9lue 2\u00e8me monument pr\u00e9f\u00e9r\u00e9 des fran\u00e7ais en 2015, c\u2019est une \u00e9tape incontournable du p\u00e8lerinage de Saint-Jacques de Compostelle, dont Le Puy en Velay est la capitale europ\u00e9enne.<\/p>\n<\/div><div class=\"fusion-image-carousel fusion-image-carousel-auto fusion-image-carousel-1 fusion-carousel-border\"><div class=\"awb-carousel awb-swiper awb-swiper-carousel awb-swiper-dots-position-bottom awb-carousel--carousel\" data-layout=\"carousel\" data-autoplay=\"no\" data-autoplayspeed=\"4500\" data-autoplaypause=\"no\" data-columns=\"1\" data-itemmargin=\"0\" data-itemwidth=\"180\" data-touchscroll=\"no\" data-freemode=\"no\" data-imagesize=\"auto\" data-scrollitems=\"0\" data-centeredslides=\"no\" data-rotationangle=\"50\" data-depth=\"100\" data-speed=\"500\" data-shadow=\"no\" style=\"--awb-columns:1;--awb-column-spacing:0px;--awb-border-width:1px;--awb-border-color:#e9eaee;\"><div class=\"swiper-wrapper awb-image-carousel-wrapper fusion-flex-align-items-center\"><div class=\"swiper-slide\"><div class=\"fusion-carousel-item-wrapper\"><div class=\"fusion-image-wrapper hover-type-none\"><img decoding=\"async\" width=\"1524\" height=\"1074\" src=\"https:\/\/2022.fim-6days.com\/wp-content\/uploads\/sites\/7\/2022\/02\/pic-1-la-bete-du-gevaudan.jpg\" class=\"attachment-full size-full\" alt=\"\" srcset=\"https:\/\/2022.fim-6days.com\/wp-content\/uploads\/sites\/7\/2022\/02\/pic-1-la-bete-du-gevaudan-200x141.jpg 200w, https:\/\/2022.fim-6days.com\/wp-content\/uploads\/sites\/7\/2022\/02\/pic-1-la-bete-du-gevaudan-300x211.jpg 300w, https:\/\/2022.fim-6days.com\/wp-content\/uploads\/sites\/7\/2022\/02\/pic-1-la-bete-du-gevaudan-400x282.jpg 400w, https:\/\/2022.fim-6days.com\/wp-content\/uploads\/sites\/7\/2022\/02\/pic-1-la-bete-du-gevaudan-600x423.jpg 600w, https:\/\/2022.fim-6days.com\/wp-content\/uploads\/sites\/7\/2022\/02\/pic-1-la-bete-du-gevaudan-768x541.jpg 768w, https:\/\/2022.fim-6days.com\/wp-content\/uploads\/sites\/7\/2022\/02\/pic-1-la-bete-du-gevaudan-800x564.jpg 800w, https:\/\/2022.fim-6days.com\/wp-content\/uploads\/sites\/7\/2022\/02\/pic-1-la-bete-du-gevaudan-1024x722.jpg 1024w, https:\/\/2022.fim-6days.com\/wp-content\/uploads\/sites\/7\/2022\/02\/pic-1-la-bete-du-gevaudan-1200x846.jpg 1200w, https:\/\/2022.fim-6days.com\/wp-content\/uploads\/sites\/7\/2022\/02\/pic-1-la-bete-du-gevaudan.jpg 1524w\" sizes=\"(max-width: 1524px) 100vw, 1524px\" \/><\/div><\/div><\/div><div class=\"swiper-slide\"><div class=\"fusion-carousel-item-wrapper\"><div class=\"fusion-image-wrapper hover-type-none\"><img decoding=\"async\" width=\"1920\" height=\"1281\" src=\"https:\/\/2022.fim-6days.com\/wp-content\/uploads\/sites\/7\/2022\/02\/pic-2-chavaniac-lafayette.jpg\" class=\"attachment-full size-full\" alt=\"\" srcset=\"https:\/\/2022.fim-6days.com\/wp-content\/uploads\/sites\/7\/2022\/02\/pic-2-chavaniac-lafayette-200x133.jpg 200w, https:\/\/2022.fim-6days.com\/wp-content\/uploads\/sites\/7\/2022\/02\/pic-2-chavaniac-lafayette-300x200.jpg 300w, https:\/\/2022.fim-6days.com\/wp-content\/uploads\/sites\/7\/2022\/02\/pic-2-chavaniac-lafayette-400x267.jpg 400w, https:\/\/2022.fim-6days.com\/wp-content\/uploads\/sites\/7\/2022\/02\/pic-2-chavaniac-lafayette-600x400.jpg 600w, https:\/\/2022.fim-6days.com\/wp-content\/uploads\/sites\/7\/2022\/02\/pic-2-chavaniac-lafayette-768x512.jpg 768w, https:\/\/2022.fim-6days.com\/wp-content\/uploads\/sites\/7\/2022\/02\/pic-2-chavaniac-lafayette-800x534.jpg 800w, https:\/\/2022.fim-6days.com\/wp-content\/uploads\/sites\/7\/2022\/02\/pic-2-chavaniac-lafayette-1024x683.jpg 1024w, https:\/\/2022.fim-6days.com\/wp-content\/uploads\/sites\/7\/2022\/02\/pic-2-chavaniac-lafayette-1200x801.jpg 1200w, https:\/\/2022.fim-6days.com\/wp-content\/uploads\/sites\/7\/2022\/02\/pic-2-chavaniac-lafayette-1536x1025.jpg 1536w, https:\/\/2022.fim-6days.com\/wp-content\/uploads\/sites\/7\/2022\/02\/pic-2-chavaniac-lafayette.jpg 1920w\" sizes=\"(max-width: 1920px) 100vw, 1920px\" \/><\/div><\/div><\/div><div class=\"swiper-slide\"><div class=\"fusion-carousel-item-wrapper\"><div class=\"fusion-image-wrapper hover-type-none\"><img decoding=\"async\" width=\"840\" height=\"630\" src=\"https:\/\/2022.fim-6days.com\/wp-content\/uploads\/sites\/7\/2022\/02\/pic-3-site-opidum-vellaves-saint-Paulien.jpg\" class=\"attachment-full size-full\" alt=\"\" srcset=\"https:\/\/2022.fim-6days.com\/wp-content\/uploads\/sites\/7\/2022\/02\/pic-3-site-opidum-vellaves-saint-Paulien-200x150.jpg 200w, https:\/\/2022.fim-6days.com\/wp-content\/uploads\/sites\/7\/2022\/02\/pic-3-site-opidum-vellaves-saint-Paulien-300x225.jpg 300w, https:\/\/2022.fim-6days.com\/wp-content\/uploads\/sites\/7\/2022\/02\/pic-3-site-opidum-vellaves-saint-Paulien-400x300.jpg 400w, https:\/\/2022.fim-6days.com\/wp-content\/uploads\/sites\/7\/2022\/02\/pic-3-site-opidum-vellaves-saint-Paulien-600x450.jpg 600w, https:\/\/2022.fim-6days.com\/wp-content\/uploads\/sites\/7\/2022\/02\/pic-3-site-opidum-vellaves-saint-Paulien-768x576.jpg 768w, https:\/\/2022.fim-6days.com\/wp-content\/uploads\/sites\/7\/2022\/02\/pic-3-site-opidum-vellaves-saint-Paulien-800x600.jpg 800w, https:\/\/2022.fim-6days.com\/wp-content\/uploads\/sites\/7\/2022\/02\/pic-3-site-opidum-vellaves-saint-Paulien.jpg 840w\" sizes=\"(max-width: 840px) 100vw, 840px\" \/><\/div><\/div><\/div><div class=\"swiper-slide\"><div class=\"fusion-carousel-item-wrapper\"><div class=\"fusion-image-wrapper hover-type-none\"><img decoding=\"async\" width=\"1920\" height=\"1348\" src=\"https:\/\/2022.fim-6days.com\/wp-content\/uploads\/sites\/7\/2022\/02\/pic-4-le-puy-en-velay-cathedrale-de-nuit.jpg\" class=\"attachment-full size-full\" alt=\"\" srcset=\"https:\/\/2022.fim-6days.com\/wp-content\/uploads\/sites\/7\/2022\/02\/pic-4-le-puy-en-velay-cathedrale-de-nuit-200x140.jpg 200w, https:\/\/2022.fim-6days.com\/wp-content\/uploads\/sites\/7\/2022\/02\/pic-4-le-puy-en-velay-cathedrale-de-nuit-300x211.jpg 300w, https:\/\/2022.fim-6days.com\/wp-content\/uploads\/sites\/7\/2022\/02\/pic-4-le-puy-en-velay-cathedrale-de-nuit-400x281.jpg 400w, https:\/\/2022.fim-6days.com\/wp-content\/uploads\/sites\/7\/2022\/02\/pic-4-le-puy-en-velay-cathedrale-de-nuit-600x421.jpg 600w, https:\/\/2022.fim-6days.com\/wp-content\/uploads\/sites\/7\/2022\/02\/pic-4-le-puy-en-velay-cathedrale-de-nuit-768x539.jpg 768w, https:\/\/2022.fim-6days.com\/wp-content\/uploads\/sites\/7\/2022\/02\/pic-4-le-puy-en-velay-cathedrale-de-nuit-800x562.jpg 800w, https:\/\/2022.fim-6days.com\/wp-content\/uploads\/sites\/7\/2022\/02\/pic-4-le-puy-en-velay-cathedrale-de-nuit-1024x719.jpg 1024w, https:\/\/2022.fim-6days.com\/wp-content\/uploads\/sites\/7\/2022\/02\/pic-4-le-puy-en-velay-cathedrale-de-nuit-1200x843.jpg 1200w, https:\/\/2022.fim-6days.com\/wp-content\/uploads\/sites\/7\/2022\/02\/pic-4-le-puy-en-velay-cathedrale-de-nuit-1536x1078.jpg 1536w, https:\/\/2022.fim-6days.com\/wp-content\/uploads\/sites\/7\/2022\/02\/pic-4-le-puy-en-velay-cathedrale-de-nuit.jpg 1920w\" sizes=\"(max-width: 1920px) 100vw, 1920px\" \/><\/div><\/div><\/div><div class=\"swiper-slide\"><div class=\"fusion-carousel-item-wrapper\"><div class=\"fusion-image-wrapper hover-type-none\"><img decoding=\"async\" width=\"1920\" height=\"1242\" src=\"https:\/\/2022.fim-6days.com\/wp-content\/uploads\/sites\/7\/2022\/02\/pic-5-le-puy-en-velay-monuments-.jpg\" class=\"attachment-full size-full\" alt=\"\" srcset=\"https:\/\/2022.fim-6days.com\/wp-content\/uploads\/sites\/7\/2022\/02\/pic-5-le-puy-en-velay-monuments--200x129.jpg 200w, https:\/\/2022.fim-6days.com\/wp-content\/uploads\/sites\/7\/2022\/02\/pic-5-le-puy-en-velay-monuments--300x194.jpg 300w, https:\/\/2022.fim-6days.com\/wp-content\/uploads\/sites\/7\/2022\/02\/pic-5-le-puy-en-velay-monuments--400x259.jpg 400w, https:\/\/2022.fim-6days.com\/wp-content\/uploads\/sites\/7\/2022\/02\/pic-5-le-puy-en-velay-monuments--600x388.jpg 600w, https:\/\/2022.fim-6days.com\/wp-content\/uploads\/sites\/7\/2022\/02\/pic-5-le-puy-en-velay-monuments--768x497.jpg 768w, https:\/\/2022.fim-6days.com\/wp-content\/uploads\/sites\/7\/2022\/02\/pic-5-le-puy-en-velay-monuments--800x518.jpg 800w, https:\/\/2022.fim-6days.com\/wp-content\/uploads\/sites\/7\/2022\/02\/pic-5-le-puy-en-velay-monuments--1024x662.jpg 1024w, https:\/\/2022.fim-6days.com\/wp-content\/uploads\/sites\/7\/2022\/02\/pic-5-le-puy-en-velay-monuments--1200x776.jpg 1200w, https:\/\/2022.fim-6days.com\/wp-content\/uploads\/sites\/7\/2022\/02\/pic-5-le-puy-en-velay-monuments--1536x994.jpg 1536w, https:\/\/2022.fim-6days.com\/wp-content\/uploads\/sites\/7\/2022\/02\/pic-5-le-puy-en-velay-monuments-.jpg 1920w\" sizes=\"(max-width: 1920px) 100vw, 1920px\" \/><\/div><\/div><\/div><div class=\"swiper-slide\"><div class=\"fusion-carousel-item-wrapper\"><div class=\"fusion-image-wrapper hover-type-none\"><img decoding=\"async\" width=\"1920\" height=\"1080\" src=\"https:\/\/2022.fim-6days.com\/wp-content\/uploads\/sites\/7\/2022\/02\/pic-6-aiguilhe-rocher-et-chapelle-saint-michel-c.jpg\" class=\"attachment-full size-full\" alt=\"\" srcset=\"https:\/\/2022.fim-6days.com\/wp-content\/uploads\/sites\/7\/2022\/02\/pic-6-aiguilhe-rocher-et-chapelle-saint-michel-c-200x113.jpg 200w, https:\/\/2022.fim-6days.com\/wp-content\/uploads\/sites\/7\/2022\/02\/pic-6-aiguilhe-rocher-et-chapelle-saint-michel-c-300x169.jpg 300w, https:\/\/2022.fim-6days.com\/wp-content\/uploads\/sites\/7\/2022\/02\/pic-6-aiguilhe-rocher-et-chapelle-saint-michel-c-400x225.jpg 400w, https:\/\/2022.fim-6days.com\/wp-content\/uploads\/sites\/7\/2022\/02\/pic-6-aiguilhe-rocher-et-chapelle-saint-michel-c-600x338.jpg 600w, https:\/\/2022.fim-6days.com\/wp-content\/uploads\/sites\/7\/2022\/02\/pic-6-aiguilhe-rocher-et-chapelle-saint-michel-c-768x432.jpg 768w, https:\/\/2022.fim-6days.com\/wp-content\/uploads\/sites\/7\/2022\/02\/pic-6-aiguilhe-rocher-et-chapelle-saint-michel-c-800x450.jpg 800w, https:\/\/2022.fim-6days.com\/wp-content\/uploads\/sites\/7\/2022\/02\/pic-6-aiguilhe-rocher-et-chapelle-saint-michel-c-1024x576.jpg 1024w, https:\/\/2022.fim-6days.com\/wp-content\/uploads\/sites\/7\/2022\/02\/pic-6-aiguilhe-rocher-et-chapelle-saint-michel-c-1200x675.jpg 1200w, https:\/\/2022.fim-6days.com\/wp-content\/uploads\/sites\/7\/2022\/02\/pic-6-aiguilhe-rocher-et-chapelle-saint-michel-c-1536x864.jpg 1536w, https:\/\/2022.fim-6days.com\/wp-content\/uploads\/sites\/7\/2022\/02\/pic-6-aiguilhe-rocher-et-chapelle-saint-michel-c.jpg 1920w\" sizes=\"(max-width: 1920px) 100vw, 1920px\" \/><\/div><\/div><\/div><\/div><div class=\"awb-swiper-button awb-swiper-button-prev\"><i class=\"awb-icon-angle-left\" aria-hidden=\"true\"><\/i><\/div><div class=\"awb-swiper-button awb-swiper-button-next\"><i class=\"awb-icon-angle-right\" aria-hidden=\"true\"><\/i><\/div><\/div><\/div><div class=\"fusion-title title fusion-title-3 sep-underline sep-solid fusion-title-text fusion-title-size-five\" style=\"--awb-text-color:#24226a;\"><h5 class=\"fusion-title-heading title-heading-left fusion-responsive-typography-calculated\" style=\"margin:0;--fontSize:28;line-height:1.1;\"><strong>Un territoire \u00e0 d\u00e9couvrir !<\/strong><\/h5><\/div><div class=\"fusion-text fusion-text-4\" style=\"--awb-text-transform:none;\"><p>Entre Enduro et patrimoines historiques, culturels et naturels, la 96\u00e8me \u00e9dition des 6 Jours propose de multiples attraits pour ravir les passionn\u00e9s de la discipline comme un public plus large et familial, de la Haute-Loire \u00e0 La Loz\u00e8re, Langogne et le Lac de Naussac situ\u00e9s \u00e0 40 minutes du Paddock.<\/p>\n<p><strong>D\u00e9couvrez le Top 10 des activit\u00e9s \u00e0 ne pas manquer sur la Haute-Loire et le Puy en Velay<\/strong> <a href=\"https:\/\/www.isde2022-lepuyenvelay.com\/the-destination\/\" target=\"_blank\" rel=\"noopener\">HERE<\/a><\/p>\n<\/div><div class=\"fusion-sep-clear\"><\/div><div class=\"fusion-separator fusion-full-width-sep\" style=\"margin-left: auto;margin-right: auto;margin-bottom:20px;width:100%;\"><\/div><div class=\"fusion-sep-clear\"><\/div>\n<div class=\"fusion-title title fusion-title-4 sep-underline sep-solid fusion-title-text fusion-title-size-five\" style=\"--awb-text-color:#24226a;\"><h5 class=\"fusion-title-heading title-heading-left fusion-responsive-typography-calculated\" style=\"margin:0;--fontSize:28;line-height:1.1;\"><strong>Pour tout savoir sur le programme des 6 Jours. cliquez sur la photo<\/strong><\/h5><\/div><div class=\"fusion-image-element in-legacy-container\" style=\"--awb-caption-title-font-family:var(--h2_typography-font-family);--awb-caption-title-font-weight:var(--h2_typography-font-weight);--awb-caption-title-font-style:var(--h2_typography-font-style);--awb-caption-title-size:var(--h2_typography-font-size);--awb-caption-title-transform:var(--h2_typography-text-transform);--awb-caption-title-line-height:var(--h2_typography-line-height);--awb-caption-title-letter-spacing:var(--h2_typography-letter-spacing);\"><span class=\" fusion-imageframe imageframe-none imageframe-2 hover-type-none\"><a class=\"fusion-no-lightbox\" href=\"https:\/\/2022.fim-6days.com\/race-info-2022\/\" target=\"_self\" aria-label=\"20211 FIM International Six Days of Enduro, Rivanazzano Terme, Italy\"><img decoding=\"async\" width=\"2560\" height=\"1707\" src=\"https:\/\/2022.fim-6days.com\/wp-content\/uploads\/sites\/7\/2022\/02\/pic-programme-6-jours-scaled.jpg\" alt class=\"img-responsive wp-image-37119\" srcset=\"https:\/\/2022.fim-6days.com\/wp-content\/uploads\/sites\/7\/2022\/02\/pic-programme-6-jours-200x133.jpg 200w, https:\/\/2022.fim-6days.com\/wp-content\/uploads\/sites\/7\/2022\/02\/pic-programme-6-jours-400x267.jpg 400w, https:\/\/2022.fim-6days.com\/wp-content\/uploads\/sites\/7\/2022\/02\/pic-programme-6-jours-600x400.jpg 600w, https:\/\/2022.fim-6days.com\/wp-content\/uploads\/sites\/7\/2022\/02\/pic-programme-6-jours-800x533.jpg 800w, https:\/\/2022.fim-6days.com\/wp-content\/uploads\/sites\/7\/2022\/02\/pic-programme-6-jours-1200x800.jpg 1200w, https:\/\/2022.fim-6days.com\/wp-content\/uploads\/sites\/7\/2022\/02\/pic-programme-6-jours-scaled.jpg 2560w\" sizes=\"(max-width: 900px) 100vw, 2560px\" \/><\/a><\/span><\/div><div class=\"fusion-sep-clear\"><\/div><div class=\"fusion-separator fusion-full-width-sep\" style=\"margin-left: auto;margin-right: auto;margin-bottom:20px;width:100%;\"><\/div><div class=\"fusion-sep-clear\"><\/div>\n<div class=\"fusion-title title fusion-title-5 sep-underline sep-solid fusion-title-text fusion-title-size-five\" style=\"--awb-text-color:#24226a;\"><h5 class=\"fusion-title-heading title-heading-left fusion-responsive-typography-calculated\" style=\"margin:0;--fontSize:28;line-height:1.1;\"><p><strong>TOUR OPERATEUR OFFICIEL<br \/>\nORGANISEZ VOTRE SEJOUR<br \/>\n<\/strong><\/p><\/h5><\/div><div class=\"fusion-text fusion-text-5\" style=\"--awb-text-transform:none;\"><p>L\u2019Office du Tourisme du Puy en Velay est le Tour Op\u00e9rateur officiel mandat\u00e9 par le Comit\u00e9 d\u2019Organisation des 96\u00e8me FIM International 6 Days of Enduro (COISDE-2022).<\/p>\n<p>L\u2019Office du Tourisme est l\u2019organisme qui g\u00e8re les h\u00e9bergements des \u00e9v\u00e9nements phares du territoire, comme le Tour de France 2017 ou encore le du Roi de l\u2019Oiseau, f\u00eates historiques de la p\u00e9riode de la Renaissance, qui r\u00e9unit chaque ann\u00e9e plus de 100 000 personnes, qui se d\u00e9roulera en 2022 du 14 au 18 septembre.<\/p>\n<p><a href=\"https:\/\/www.isde2022-lepuyenvelay.com\/\" target=\"_blank\" rel=\"noopener\">Visitez le site d\u00e9di\u00e9 \u00e0 l\u2019\u00e9v\u00e9nement FIM ISDE 2022 \u2013 France \u2013 Le Puy en Velay <\/a><\/p>\n<\/div><div class=\"fusion-image-element in-legacy-container\" style=\"--awb-caption-title-font-family:var(--h2_typography-font-family);--awb-caption-title-font-weight:var(--h2_typography-font-weight);--awb-caption-title-font-style:var(--h2_typography-font-style);--awb-caption-title-size:var(--h2_typography-font-size);--awb-caption-title-transform:var(--h2_typography-text-transform);--awb-caption-title-line-height:var(--h2_typography-line-height);--awb-caption-title-letter-spacing:var(--h2_typography-letter-spacing);\"><span class=\" fusion-imageframe imageframe-none imageframe-3 hover-type-none\"><a class=\"fusion-no-lightbox\" href=\"https:\/\/www.isde2022-lepuyenvelay.com\/\" target=\"_blank\" aria-label=\"site-OT-VUK\" rel=\"noopener noreferrer\"><img decoding=\"async\" width=\"960\" height=\"398\" src=\"https:\/\/2022.fim-6days.com\/wp-content\/uploads\/sites\/7\/2022\/02\/site-OT-VUK.jpg\" alt class=\"img-responsive wp-image-37122\" srcset=\"https:\/\/2022.fim-6days.com\/wp-content\/uploads\/sites\/7\/2022\/02\/site-OT-VUK-200x83.jpg 200w, https:\/\/2022.fim-6days.com\/wp-content\/uploads\/sites\/7\/2022\/02\/site-OT-VUK-400x166.jpg 400w, https:\/\/2022.fim-6days.com\/wp-content\/uploads\/sites\/7\/2022\/02\/site-OT-VUK-600x249.jpg 600w, https:\/\/2022.fim-6days.com\/wp-content\/uploads\/sites\/7\/2022\/02\/site-OT-VUK-800x332.jpg 800w, https:\/\/2022.fim-6days.com\/wp-content\/uploads\/sites\/7\/2022\/02\/site-OT-VUK.jpg 960w\" sizes=\"(max-width: 900px) 100vw, 960px\" \/><\/a><\/span><\/div><div class=\"fusion-clearfix\"><\/div><\/div><\/div><\/div><\/div><div class=\"fusion-fullwidth fullwidth-box fusion-builder-row-2 nonhundred-percent-fullwidth non-hundred-percent-height-scrolling\" style=\"--awb-border-radius-top-left:0px;--awb-border-radius-top-right:0px;--awb-border-radius-bottom-right:0px;--awb-border-radius-bottom-left:0px;--awb-flex-wrap:wrap;\" ><div class=\"fusion-builder-row fusion-row\"><div class=\"fusion-layout-column fusion_builder_column fusion-builder-column-3 fusion_builder_column_4_5 4_5 fusion-four-fifth fusion-column-first\" style=\"--awb-bg-size:cover;width:80%;width:calc(80% - ( ( 4% ) * 0.8 ) );margin-right: 4%;\"><div class=\"fusion-column-wrapper fusion-column-has-shadow fusion-flex-column-wrapper-legacy\"><div class=\"fusion-clearfix\"><\/div><\/div><\/div><div class=\"fusion-layout-column fusion_builder_column fusion-builder-column-4 fusion_builder_column_1_5 1_5 fusion-one-fifth fusion-column-last\" style=\"--awb-bg-size:cover;width:20%;width:calc(20% - ( ( 4% ) * 0.2 ) );\"><div class=\"fusion-column-wrapper fusion-column-has-shadow fusion-flex-column-wrapper-legacy\"><div class=\"fusion-clearfix\"><\/div><\/div><\/div><\/div><\/div><\/p>\n","protected":false},"excerpt":{"rendered":"","protected":false},"author":4,"featured_media":0,"comment_status":"open","ping_status":"open","sticky":false,"template":"","format":"standard","meta":{"inline_featured_image":false,"footnotes":""},"categories":[79],"tags":[],"class_list":["post-37570","post","type-post","status-publish","format-standard","hentry","category-location-fr"],"yoast_head":"<!-- This site is optimized with the Yoast SEO plugin v25.6 - https:\/\/yoast.com\/wordpress\/plugins\/seo\/ -->\n<title>INFOS GENERALES - FIM ISDE 2022<\/title>\n<meta name=\"description\" content=\"Les FIM International Six Days of Enduro, les 6 JOURS, reviennent sur le territoire qui a vu na\u00eetre l\u2019enduro en France, le d\u00e9partement de la Haute-Loire, au c\u0153ur de la R\u00e9gion Auvergne-Rh\u00f4ne-Alpes, 42 ans apr\u00e8s l\u2019\u00e9dition de 1980 \u00e0 Brioude.\" \/>\n<meta name=\"robots\" content=\"index, follow, max-snippet:-1, max-image-preview:large, max-video-preview:-1\" \/>\n<link rel=\"canonical\" href=\"https:\/\/2022.fim-6days.com\/fr\/infos-generales\/\" \/>\n<meta property=\"og:locale\" content=\"fr_FR\" \/>\n<meta property=\"og:type\" content=\"article\" \/>\n<meta property=\"og:title\" content=\"INFOS GENERALES - FIM ISDE 2022\" \/>\n<meta property=\"og:description\" content=\"Les FIM International Six Days of Enduro, les 6 JOURS, reviennent sur le territoire qui a vu na\u00eetre l\u2019enduro en France, le d\u00e9partement de la Haute-Loire, au c\u0153ur de la R\u00e9gion Auvergne-Rh\u00f4ne-Alpes, 42 ans apr\u00e8s l\u2019\u00e9dition de 1980 \u00e0 Brioude.\" \/>\n<meta property=\"og:url\" content=\"https:\/\/2022.fim-6days.com\/fr\/infos-generales\/\" \/>\n<meta property=\"og:site_name\" content=\"FIM ISDE 2022\" \/>\n<meta property=\"article:publisher\" content=\"https:\/\/www.facebook.com\/FIMISDE\/\" \/>\n<meta property=\"article:published_time\" content=\"2022-03-01T10:50:26+00:00\" \/>\n<meta property=\"article:modified_time\" content=\"2022-03-03T12:24:29+00:00\" \/>\n<meta name=\"author\" content=\"karinea\" \/>\n<meta name=\"twitter:card\" content=\"summary_large_image\" \/>\n<meta name=\"twitter:creator\" content=\"@fimisde\" \/>\n<meta name=\"twitter:site\" content=\"@fimisde\" \/>\n<meta name=\"twitter:label1\" content=\"\u00c9crit par\" \/>\n\t<meta name=\"twitter:data1\" content=\"karinea\" \/>\n\t<meta name=\"twitter:label2\" content=\"Dur\u00e9e de lecture estim\u00e9e\" \/>\n\t<meta name=\"twitter:data2\" content=\"25 minutes\" \/>\n<script type=\"application\/ld+json\" class=\"yoast-schema-graph\">{\"@context\":\"https:\/\/schema.org\",\"@graph\":[{\"@type\":\"Article\",\"@id\":\"https:\/\/2022.fim-6days.com\/fr\/infos-generales\/#article\",\"isPartOf\":{\"@id\":\"https:\/\/2022.fim-6days.com\/fr\/infos-generales\/\"},\"author\":{\"name\":\"karinea\",\"@id\":\"https:\/\/2022.fim-6days.com\/fr\/#\/schema\/person\/bcf4ff642b8d622c689a6eb754f673d3\"},\"headline\":\"INFOS GENERALES\",\"datePublished\":\"2022-03-01T10:50:26+00:00\",\"dateModified\":\"2022-03-03T12:24:29+00:00\",\"mainEntityOfPage\":{\"@id\":\"https:\/\/2022.fim-6days.com\/fr\/infos-generales\/\"},\"wordCount\":4984,\"commentCount\":0,\"publisher\":{\"@id\":\"https:\/\/2022.fim-6days.com\/fr\/#organization\"},\"articleSection\":[\"Location\"],\"inLanguage\":\"fr-FR\",\"potentialAction\":[{\"@type\":\"CommentAction\",\"name\":\"Comment\",\"target\":[\"https:\/\/2022.fim-6days.com\/fr\/infos-generales\/#respond\"]}]},{\"@type\":\"WebPage\",\"@id\":\"https:\/\/2022.fim-6days.com\/fr\/infos-generales\/\",\"url\":\"https:\/\/2022.fim-6days.com\/fr\/infos-generales\/\",\"name\":\"INFOS GENERALES - FIM ISDE 2022\",\"isPartOf\":{\"@id\":\"https:\/\/2022.fim-6days.com\/fr\/#website\"},\"datePublished\":\"2022-03-01T10:50:26+00:00\",\"dateModified\":\"2022-03-03T12:24:29+00:00\",\"description\":\"Les FIM International Six Days of Enduro, les 6 JOURS, reviennent sur le territoire qui a vu na\u00eetre l\u2019enduro en France, le d\u00e9partement de la Haute-Loire, au c\u0153ur de la R\u00e9gion Auvergne-Rh\u00f4ne-Alpes, 42 ans apr\u00e8s l\u2019\u00e9dition de 1980 \u00e0 Brioude.\",\"breadcrumb\":{\"@id\":\"https:\/\/2022.fim-6days.com\/fr\/infos-generales\/#breadcrumb\"},\"inLanguage\":\"fr-FR\",\"potentialAction\":[{\"@type\":\"ReadAction\",\"target\":[\"https:\/\/2022.fim-6days.com\/fr\/infos-generales\/\"]}]},{\"@type\":\"BreadcrumbList\",\"@id\":\"https:\/\/2022.fim-6days.com\/fr\/infos-generales\/#breadcrumb\",\"itemListElement\":[{\"@type\":\"ListItem\",\"position\":1,\"name\":\"Home\",\"item\":\"https:\/\/2022.fim-6days.com\/fr\/\"},{\"@type\":\"ListItem\",\"position\":2,\"name\":\"INFOS GENERALES\"}]},{\"@type\":\"WebSite\",\"@id\":\"https:\/\/2022.fim-6days.com\/fr\/#website\",\"url\":\"https:\/\/2022.fim-6days.com\/fr\/\",\"name\":\"FIM ISDE 2021\",\"description\":\"FIM ISDE Official website\",\"publisher\":{\"@id\":\"https:\/\/2022.fim-6days.com\/fr\/#organization\"},\"potentialAction\":[{\"@type\":\"SearchAction\",\"target\":{\"@type\":\"EntryPoint\",\"urlTemplate\":\"https:\/\/2022.fim-6days.com\/fr\/?s={search_term_string}\"},\"query-input\":{\"@type\":\"PropertyValueSpecification\",\"valueRequired\":true,\"valueName\":\"search_term_string\"}}],\"inLanguage\":\"fr-FR\"},{\"@type\":\"Organization\",\"@id\":\"https:\/\/2022.fim-6days.com\/fr\/#organization\",\"name\":\"FIM - F\u00e9d\u00e9ration Internationale de Motocyclisme\",\"url\":\"https:\/\/2022.fim-6days.com\/fr\/\",\"logo\":{\"@type\":\"ImageObject\",\"inLanguage\":\"fr-FR\",\"@id\":\"https:\/\/2022.fim-6days.com\/fr\/#\/schema\/logo\/image\/\",\"url\":\"https:\/\/2022.fim-6days.com\/wp-content\/uploads\/sites\/7\/2019\/07\/LogoFIM-CMYK.png\",\"contentUrl\":\"https:\/\/2022.fim-6days.com\/wp-content\/uploads\/sites\/7\/2019\/07\/LogoFIM-CMYK.png\",\"width\":2608,\"height\":1833,\"caption\":\"FIM - F\u00e9d\u00e9ration Internationale de Motocyclisme\"},\"image\":{\"@id\":\"https:\/\/2022.fim-6days.com\/fr\/#\/schema\/logo\/image\/\"},\"sameAs\":[\"https:\/\/www.facebook.com\/FIMISDE\/\",\"https:\/\/x.com\/fimisde\",\"https:\/\/www.instagram.com\/fim_isde\/\"]},{\"@type\":\"Person\",\"@id\":\"https:\/\/2022.fim-6days.com\/fr\/#\/schema\/person\/bcf4ff642b8d622c689a6eb754f673d3\",\"name\":\"karinea\",\"image\":{\"@type\":\"ImageObject\",\"inLanguage\":\"fr-FR\",\"@id\":\"https:\/\/2022.fim-6days.com\/fr\/#\/schema\/person\/image\/\",\"url\":\"https:\/\/secure.gravatar.com\/avatar\/2f99c39cea2cbbb4f521dcc577a5b8981ed563188abba9c20bd62c0d2bd4abca?s=96&d=mm&r=g\",\"contentUrl\":\"https:\/\/secure.gravatar.com\/avatar\/2f99c39cea2cbbb4f521dcc577a5b8981ed563188abba9c20bd62c0d2bd4abca?s=96&d=mm&r=g\",\"caption\":\"karinea\"},\"url\":\"https:\/\/2022.fim-6days.com\/fr\/author\/karinea\/\"}]}<\/script>\n<!-- \/ Yoast SEO plugin. -->","yoast_head_json":{"title":"INFOS GENERALES - FIM ISDE 2022","description":"Les FIM International Six Days of Enduro, les 6 JOURS, reviennent sur le territoire qui a vu na\u00eetre l\u2019enduro en France, le d\u00e9partement de la Haute-Loire, au c\u0153ur de la R\u00e9gion Auvergne-Rh\u00f4ne-Alpes, 42 ans apr\u00e8s l\u2019\u00e9dition de 1980 \u00e0 Brioude.","robots":{"index":"index","follow":"follow","max-snippet":"max-snippet:-1","max-image-preview":"max-image-preview:large","max-video-preview":"max-video-preview:-1"},"canonical":"https:\/\/2022.fim-6days.com\/fr\/infos-generales\/","og_locale":"fr_FR","og_type":"article","og_title":"INFOS GENERALES - FIM ISDE 2022","og_description":"Les FIM International Six Days of Enduro, les 6 JOURS, reviennent sur le territoire qui a vu na\u00eetre l\u2019enduro en France, le d\u00e9partement de la Haute-Loire, au c\u0153ur de la R\u00e9gion Auvergne-Rh\u00f4ne-Alpes, 42 ans apr\u00e8s l\u2019\u00e9dition de 1980 \u00e0 Brioude.","og_url":"https:\/\/2022.fim-6days.com\/fr\/infos-generales\/","og_site_name":"FIM ISDE 2022","article_publisher":"https:\/\/www.facebook.com\/FIMISDE\/","article_published_time":"2022-03-01T10:50:26+00:00","article_modified_time":"2022-03-03T12:24:29+00:00","author":"karinea","twitter_card":"summary_large_image","twitter_creator":"@fimisde","twitter_site":"@fimisde","twitter_misc":{"\u00c9crit par":"karinea","Dur\u00e9e de lecture estim\u00e9e":"25 minutes"},"schema":{"@context":"https:\/\/schema.org","@graph":[{"@type":"Article","@id":"https:\/\/2022.fim-6days.com\/fr\/infos-generales\/#article","isPartOf":{"@id":"https:\/\/2022.fim-6days.com\/fr\/infos-generales\/"},"author":{"name":"karinea","@id":"https:\/\/2022.fim-6days.com\/fr\/#\/schema\/person\/bcf4ff642b8d622c689a6eb754f673d3"},"headline":"INFOS GENERALES","datePublished":"2022-03-01T10:50:26+00:00","dateModified":"2022-03-03T12:24:29+00:00","mainEntityOfPage":{"@id":"https:\/\/2022.fim-6days.com\/fr\/infos-generales\/"},"wordCount":4984,"commentCount":0,"publisher":{"@id":"https:\/\/2022.fim-6days.com\/fr\/#organization"},"articleSection":["Location"],"inLanguage":"fr-FR","potentialAction":[{"@type":"CommentAction","name":"Comment","target":["https:\/\/2022.fim-6days.com\/fr\/infos-generales\/#respond"]}]},{"@type":"WebPage","@id":"https:\/\/2022.fim-6days.com\/fr\/infos-generales\/","url":"https:\/\/2022.fim-6days.com\/fr\/infos-generales\/","name":"INFOS GENERALES - FIM ISDE 2022","isPartOf":{"@id":"https:\/\/2022.fim-6days.com\/fr\/#website"},"datePublished":"2022-03-01T10:50:26+00:00","dateModified":"2022-03-03T12:24:29+00:00","description":"Les FIM International Six Days of Enduro, les 6 JOURS, reviennent sur le territoire qui a vu na\u00eetre l\u2019enduro en France, le d\u00e9partement de la Haute-Loire, au c\u0153ur de la R\u00e9gion Auvergne-Rh\u00f4ne-Alpes, 42 ans apr\u00e8s l\u2019\u00e9dition de 1980 \u00e0 Brioude.","breadcrumb":{"@id":"https:\/\/2022.fim-6days.com\/fr\/infos-generales\/#breadcrumb"},"inLanguage":"fr-FR","potentialAction":[{"@type":"ReadAction","target":["https:\/\/2022.fim-6days.com\/fr\/infos-generales\/"]}]},{"@type":"BreadcrumbList","@id":"https:\/\/2022.fim-6days.com\/fr\/infos-generales\/#breadcrumb","itemListElement":[{"@type":"ListItem","position":1,"name":"Home","item":"https:\/\/2022.fim-6days.com\/fr\/"},{"@type":"ListItem","position":2,"name":"INFOS GENERALES"}]},{"@type":"WebSite","@id":"https:\/\/2022.fim-6days.com\/fr\/#website","url":"https:\/\/2022.fim-6days.com\/fr\/","name":"FIM ISDE 2021","description":"FIM ISDE Official website","publisher":{"@id":"https:\/\/2022.fim-6days.com\/fr\/#organization"},"potentialAction":[{"@type":"SearchAction","target":{"@type":"EntryPoint","urlTemplate":"https:\/\/2022.fim-6days.com\/fr\/?s={search_term_string}"},"query-input":{"@type":"PropertyValueSpecification","valueRequired":true,"valueName":"search_term_string"}}],"inLanguage":"fr-FR"},{"@type":"Organization","@id":"https:\/\/2022.fim-6days.com\/fr\/#organization","name":"FIM - F\u00e9d\u00e9ration Internationale de Motocyclisme","url":"https:\/\/2022.fim-6days.com\/fr\/","logo":{"@type":"ImageObject","inLanguage":"fr-FR","@id":"https:\/\/2022.fim-6days.com\/fr\/#\/schema\/logo\/image\/","url":"https:\/\/2022.fim-6days.com\/wp-content\/uploads\/sites\/7\/2019\/07\/LogoFIM-CMYK.png","contentUrl":"https:\/\/2022.fim-6days.com\/wp-content\/uploads\/sites\/7\/2019\/07\/LogoFIM-CMYK.png","width":2608,"height":1833,"caption":"FIM - F\u00e9d\u00e9ration Internationale de Motocyclisme"},"image":{"@id":"https:\/\/2022.fim-6days.com\/fr\/#\/schema\/logo\/image\/"},"sameAs":["https:\/\/www.facebook.com\/FIMISDE\/","https:\/\/x.com\/fimisde","https:\/\/www.instagram.com\/fim_isde\/"]},{"@type":"Person","@id":"https:\/\/2022.fim-6days.com\/fr\/#\/schema\/person\/bcf4ff642b8d622c689a6eb754f673d3","name":"karinea","image":{"@type":"ImageObject","inLanguage":"fr-FR","@id":"https:\/\/2022.fim-6days.com\/fr\/#\/schema\/person\/image\/","url":"https:\/\/secure.gravatar.com\/avatar\/2f99c39cea2cbbb4f521dcc577a5b8981ed563188abba9c20bd62c0d2bd4abca?s=96&d=mm&r=g","contentUrl":"https:\/\/secure.gravatar.com\/avatar\/2f99c39cea2cbbb4f521dcc577a5b8981ed563188abba9c20bd62c0d2bd4abca?s=96&d=mm&r=g","caption":"karinea"},"url":"https:\/\/2022.fim-6days.com\/fr\/author\/karinea\/"}]}},"_links":{"self":[{"href":"https:\/\/2022.fim-6days.com\/fr\/wp-json\/wp\/v2\/posts\/37570","targetHints":{"allow":["GET"]}}],"collection":[{"href":"https:\/\/2022.fim-6days.com\/fr\/wp-json\/wp\/v2\/posts"}],"about":[{"href":"https:\/\/2022.fim-6days.com\/fr\/wp-json\/wp\/v2\/types\/post"}],"author":[{"embeddable":true,"href":"https:\/\/2022.fim-6days.com\/fr\/wp-json\/wp\/v2\/users\/4"}],"replies":[{"embeddable":true,"href":"https:\/\/2022.fim-6days.com\/fr\/wp-json\/wp\/v2\/comments?post=37570"}],"version-history":[{"count":12,"href":"https:\/\/2022.fim-6days.com\/fr\/wp-json\/wp\/v2\/posts\/37570\/revisions"}],"predecessor-version":[{"id":37824,"href":"https:\/\/2022.fim-6days.com\/fr\/wp-json\/wp\/v2\/posts\/37570\/revisions\/37824"}],"wp:attachment":[{"href":"https:\/\/2022.fim-6days.com\/fr\/wp-json\/wp\/v2\/media?parent=37570"}],"wp:term":[{"taxonomy":"category","embeddable":true,"href":"https:\/\/2022.fim-6days.com\/fr\/wp-json\/wp\/v2\/categories?post=37570"},{"taxonomy":"post_tag","embeddable":true,"href":"https:\/\/2022.fim-6days.com\/fr\/wp-json\/wp\/v2\/tags?post=37570"}],"curies":[{"name":"wp","href":"https:\/\/api.w.org\/{rel}","templated":true}]}}